{"id":12177,"date":"2022-12-03T12:28:00","date_gmt":"2022-12-03T11:28:00","guid":{"rendered":"https:\/\/www.poesiegalerie.at\/wordpress\/?p=12177"},"modified":"2023-10-20T15:20:04","modified_gmt":"2023-10-20T13:20:04","slug":"trondle-besprechung-die-nuss-in-allen-dingen","status":"publish","type":"post","link":"https:\/\/www.poesiegalerie.at\/wordpress\/2022\/12\/03\/trondle-besprechung-die-nuss-in-allen-dingen\/","title":{"rendered":"Die Nuss in allen Dingen"},"content":{"rendered":"\n<p class=\"has-medium-font-size\"><strong><a href=\"https:\/\/www.poesiegalerie.at\/wordpress\/autor%e2%80%91innen\/troendle-johannes\/\">Johannes Tr\u00f6ndle<\/a> liest <a href=\"https:\/\/www.poesiegalerie.at\/wordpress\/autor%e2%80%91innen-alte-seite\/hubinger-sandra\/\">Sandra Hubingers<\/a> <em>Von Kr\u00e4hen und N\u00fcssen<\/em><\/strong><\/p>\n\n\n\n<hr class=\"wp-block-separator has-css-opacity\"\/>\n\n\n\n<div class=\"wp-block-media-text alignwide has-media-on-the-right is-stacked-on-mobile\" style=\"grid-template-columns:auto 38%\"><div class=\"wp-block-media-text__content\">\n<p class=\"has-drop-cap has-normal-font-size\">Essbare Tulpen, err\u00f6tende B\u00e4ume oder eine Drossel mit Doktortitel in Philosophie und Physik: Lakonischer Witz und die Lust am Absurden durchziehen diesen Band. In einem der Prosast\u00fccke begegnet der Ich-Erz\u00e4hlerin ein Panzernashorn im eigenen Garten; zumal ein sprechendes und eines auf Weibchensuche. Nachdem sich das Tier vom flugs pr\u00e4sentierten (allerdings \u201efalschen\u201c, wie wir erfahren) Ehering unbeeindruckt zeigt, zieht die Erz\u00e4hlerin ihr Ass aus dem \u00c4rmel: \u201eIch schreibe an einem Roman, setzte ich noch eins drauf. Das hatte gesessen. Das Panzernashorn machte kehrt und trabte davon\u201c.<\/p>\n\n\n\n<p><\/p>\n\n\n\n<p class=\"has-text-align-right\">Cover \u00a9 Edition Keiper<\/p>\n<\/div><figure class=\"wp-block-media-text__media\"><img decoding=\"async\" loading=\"lazy\" width=\"616\" height=\"1024\" src=\"data:image\/gif;base64,R0lGODlhAQABAAAAACH5BAEKAAEALAAAAAABAAEAAAICTAEAOw==\" data-src=\"https:\/\/www.poesiegalerie.at\/wordpress\/wp-content\/uploads\/2022\/11\/Cover_Hubinger_Kraehen_Nuesse_Hubinger_Sandra_edition_keiper.jpg\" alt=\"Cover_Hubinger_Kraehen_Nuesse_Hubinger_Sandra_edition_keiper\" class=\"wp-image-12178 size-full lazyload\" data-sizes=\"auto\" data-srcset=\"https:\/\/www.poesiegalerie.at\/wordpress\/wp-content\/uploads\/2022\/11\/Cover_Hubinger_Kraehen_Nuesse_Hubinger_Sandra_edition_keiper.jpg 616w, https:\/\/www.poesiegalerie.at\/wordpress\/wp-content\/uploads\/2022\/11\/Cover_Hubinger_Kraehen_Nuesse_Hubinger_Sandra_edition_keiper-180x300.jpg 180w, https:\/\/www.poesiegalerie.at\/wordpress\/wp-content\/uploads\/2022\/11\/Cover_Hubinger_Kraehen_Nuesse_Hubinger_Sandra_edition_keiper-90x150.jpg 90w, https:\/\/www.poesiegalerie.at\/wordpress\/wp-content\/uploads\/2022\/11\/Cover_Hubinger_Kraehen_Nuesse_Hubinger_Sandra_edition_keiper-370x615.jpg 370w, https:\/\/www.poesiegalerie.at\/wordpress\/wp-content\/uploads\/2022\/11\/Cover_Hubinger_Kraehen_Nuesse_Hubinger_Sandra_edition_keiper-185x308.jpg 185w, https:\/\/www.poesiegalerie.at\/wordpress\/wp-content\/uploads\/2022\/11\/Cover_Hubinger_Kraehen_Nuesse_Hubinger_Sandra_edition_keiper-20x33.jpg 20w, https:\/\/www.poesiegalerie.at\/wordpress\/wp-content\/uploads\/2022\/11\/Cover_Hubinger_Kraehen_Nuesse_Hubinger_Sandra_edition_keiper-400x665.jpg 400w, https:\/\/www.poesiegalerie.at\/wordpress\/wp-content\/uploads\/2022\/11\/Cover_Hubinger_Kraehen_Nuesse_Hubinger_Sandra_edition_keiper-29x48.jpg 29w\" sizes=\"(max-width: 616px) 100vw, 616px\" \/><\/figure><\/div>\n\n\n\n<p>Roman hat Sandra Hubinger noch keinen ver\u00f6ffentlicht. Daf\u00fcr die beiden Gedichtb\u00e4nde \u201eKaum Gewicht und R\u00fcckenwind\u201c (2016) bzw. \u201ewir gehen\u201c (2019). <em>Von Kr\u00e4hen und N\u00fcssen <\/em>besteht aus rund einhundert poetischen Prosast\u00fccken verschiedener L\u00e4nge, vom Eins\u00e4tzer bis zum Vierseiter; die meisten dabei ziemlich kurz \u2013 das Panzernashorn etwa ist bereits nach einer halben Seite in die Flucht geschlagen. Die Texte sind allesamt titellos, und der Band kommt ohne Kapitel oder sonstige Unterteilungen aus, es folgt einfach ein Text auf den n\u00e4chsten. Das erschwert beim ersten Mal Lesen durchaus die Orientierung, sorgt andererseits aber daf\u00fcr, dass man sich wunderbar in dieser Sammlung verlieren kann, der \u00fcberhaupt eine sympathische Zwanglosigkeit eignet, ein spielerischer Gestus, Leichtigkeit.<br>Statt auf \u00dcber- st\u00f6\u00dft man gelegentlich auf Untertitel mit Bezeichnungen wie \u201e(Traum)\u201c, \u201e(wahre Geschichte)\u201c oder auch \u201e(Gesellschaftst\u00e4nze)\u201c. Doch auch diese Kategorisierungen scheinen ganz undogmatisch gesetzt \u2013 keineswegs alle traumartigen Texte sind als solche bezeichnet, wie auch umgekehrt der \u201eWahrheitsgehalt\u201c der \u201e(wahren Geschichten)\u201c wohl getrost angezweifelt werden darf.<\/p>\n\n\n\n<h4 class=\"wp-block-heading\">Motive, Serien und Variationen<\/h4>\n\n\n\n<p>Stehen die Prosast\u00fccke also anfangs f\u00fcr sich \u2013 \u201eIch brachte Gegenst\u00e4nde zusammen, die sich noch nie zuvor begegnet waren\u201c, hei\u00dft es einmal am Beginn eines Textes \u2013, so entwickelt sich in Folge ein unsichtbares oder nicht ausgewiesenes Netz von Bez\u00fcgen. Es finden sich gemeinsame Motive, wortidente Formulierungen (z.B. ist mehrfach von der \u201eWarntracht der Gelben Tigermotte\u201c die Rede), wortidente Anfangss\u00e4tze von St\u00fccken, die dann variiert werden und kleine Serien bilden: \u201eIch legte meine Sch\u00fctzlinge in eine ausgeh\u00f6hlte trockene Frucht\u201c, beginnt ein Text, und ein anderer: \u201eIch legte meine Sch\u00fctzlinge in meine gew\u00f6lbte Hand.\u201c<br><\/p>\n\n\n\n<p>Eine zweite Serie \u2013 und vielleicht Kern dieser Texte, da hier die beiden Titelmotive miteinander verkn\u00fcpft werden \u2013 gruppiert sich rund um eine Kr\u00e4he, die von der Ich-Erz\u00e4hlerin mit, wie es hei\u00dft, \u201eBio-Erdn\u00fcssen\u201c gef\u00fcttert wird und auf geheimnisvolle Weise mit ihr zu interagieren beginnt. Hier zeigt sich auch, was neben dem eingangs erw\u00e4hnten Witz gleicherma\u00dfen f\u00fcr diese Prosast\u00fccke pr\u00e4gend ist: ihr poetischer Grundcharakter, das Unaufgel\u00f6ste, R\u00e4tselhafte von Texten, die nicht alles preisgeben wollen. Wer oder was genau etwa mit den oben erw\u00e4hnten \u201eSch\u00fctzlingen\u201c gemeint ist, bleibt in der Schwebe. Doch statt sich in Lyrismen zu verlieren, kippt die Beschreibung h\u00e4ufig ins Abstrakte, ist von \u201eDingen\u201c, \u201eGegenst\u00e4nden\u201c, \u201eK\u00f6rpern\u201c, \u201eEinzelteilen\u201c die Rede, die Eigendynamik entwickeln:<br>\u201eKonkretisier dich, sagte ich zu dem Ding. Es schien mich zwar zu h\u00f6ren, tat aber, was es wollte, hatte mich bald in der Hand, f\u00fchrte mich am G\u00e4ngelband und fing an, mich zu beherrschen.\u201c<\/p>\n\n\n\n<h4 class=\"wp-block-heading\">Dialektik von Abstraktion und Konkretion<\/h4>\n\n\n\n<p>Die Dialektik von Abstraktion und Konkretion oder auch jene von Form und Inhalt wird in zahlreichen Varianten durchgespielt, wobei der Inhalt h\u00e4ufig \u2013 und am Beginn des folgenden, listenartigen Textes geradezu vors\u00e4tzlich \u2013 unbestimmt bleibt:<\/p>\n\n\n\n<pre class=\"wp-block-verse\">Ich kratzte den Inhalt aus den T\u00f6pfen. Ich sch\u00fcttete den Inhalt aus dem Glas.\nIch sch\u00fcttelte den Inhalt aus der Verpackung. Ich kippte den Inhalt aus dem \nPaket. Ich zog den Inhalt aus der H\u00fclle. Ich bohrte den Inhalt aus der Nase.<\/pre>\n\n\n\n<p>Auch in einem der l\u00e4ngeren, schon beinahe Kurzgeschichtencharakter tragenden Prosast\u00fccke bleibt der eigentliche \u201eInhalt\u201c Leerstelle: Die Erz\u00e4hlerin bekommt ein gro\u00dfes Paket in die Wohnung geliefert, und nachdem sie es, ratlos, ausgepackt hat, steigt sie kurzerhand selbst hinein, verpackt sich und erkundigt sich bei der Post nach dem passenden Tarif.<br>Form und Inhalt finden au\u00dferdem auch ganz bildhaft Entsprechung in \u2013 Stichwort Nuss \u2013 Schale und Kern, die auch metaphorisch in den Texten pr\u00e4sent sind:<\/p>\n\n\n\n<pre class=\"wp-block-verse\">In den guten Haselnussjahren knackte ich das R\u00e4tsel deiner Existenz. Im Kern hatte\nich es schon erahnt. Es schmeckte mir. Dennoch hob ich die Schalen auf, um von Zeit \nzu Zeit das Geheimnis wieder zu verbergen.<\/pre>\n\n\n\n<p>Die Nuss, schlie\u00dflich, versteckt sich in diesem originellen und abwechslungsreichen Band auch an ganz unerwarteten Stellen, verbirgt sich in Worten, in denen man sie gar nicht vermutet:<\/p>\n\n\n\n<pre class=\"wp-block-verse\">\u201eWir schlossen die Augen, lauschten den Meereswellen und f\u00fchrten das H\u00f6ren mit\n dem Genuss zum H\u00f6rgenuss zusammen. Da war sie wieder, die Nuss in allen Dingen.<\/pre>\n\n\n\n<hr class=\"wp-block-separator has-css-opacity\"\/>\n\n\n\n<p class=\"has-medium-font-size\"><strong><a href=\"https:\/\/www.poesiegalerie.at\/wordpress\/autor%e2%80%91innen-alte-seite\/hubinger-sandra\/\">Sandra Hubinger<\/a>: <em><a href=\"https:\/\/www.editionkeiper.at\/shop\/produkt\/von-kraehen-und-nuessen\/\" target=\"_blank\" rel=\"noreferrer noopener\">Von Kr\u00e4hen<\/a><\/em><a href=\"https:\/\/www.editionkeiper.at\/shop\/produkt\/von-kraehen-und-nuessen\/\" target=\"_blank\" rel=\"noreferrer noopener\"> und N\u00fcssen<\/a>. Kurzprosa. edition keiper, Graz, 2022. 135 Seiten. Euro 20,-<\/strong><\/p>\n","protected":false},"excerpt":{"rendered":"<p>Johannes Tr\u00f6ndle liest Sandra Hubingers \u201eVon Kr\u00e4hen und N\u00fcssen\u201c erschienen in der Edition Keiper f\u00fcr die Peosiegalerie <\/p>\n","protected":false},"author":9,"featured_media":12179,"comment_status":"closed","ping_status":"closed","sticky":false,"template":"","format":"standard","meta":[],"categories":[107],"tags":[247,433,318],"thb-sponsors":[],"yoast_head":"<!-- This site is optimized with the Yoast SEO plugin v20.6 - https:\/\/yoast.com\/wordpress\/plugins\/seo\/ -->\n<title>Die Nuss in allen Dingen - Poesiegalerie<\/title>\n<meta name=\"description\" content=\"Johannes Tr\u00f6ndle liest Sandra Hubingers \u201eVon Kr\u00e4hen und N\u00fcssen\u201c erschienen in der Edition Keiper f\u00fcr die Peosiegalerie\" \/>\n<meta name=\"robots\" content=\"index, follow, max-snippet:-1, max-image-preview:large, max-video-preview:-1\" \/>\n<link rel=\"canonical\" href=\"https:\/\/www.poesiegalerie.at\/wordpress\/2022\/12\/03\/trondle-besprechung-die-nuss-in-allen-dingen\/\" \/>\n<meta property=\"og:locale\" content=\"de_DE\" \/>\n<meta property=\"og:type\" content=\"article\" \/>\n<meta property=\"og:title\" content=\"Die Nuss in allen Dingen - Poesiegalerie\" \/>\n<meta property=\"og:description\" content=\"Johannes Tr\u00f6ndle liest Sandra Hubingers \u201eVon Kr\u00e4hen und N\u00fcssen\u201c erschienen in der Edition Keiper f\u00fcr die Peosiegalerie\" \/>\n<meta property=\"og:url\" content=\"https:\/\/www.poesiegalerie.at\/wordpress\/2022\/12\/03\/trondle-besprechung-die-nuss-in-allen-dingen\/\" \/>\n<meta property=\"og:site_name\" content=\"Poesiegalerie\" \/>\n<meta property=\"article:publisher\" content=\"https:\/\/facebook.com\/poesiegalerie\" \/>\n<meta property=\"article:published_time\" content=\"2022-12-03T11:28:00+00:00\" \/>\n<meta property=\"article:modified_time\" content=\"2023-10-20T13:20:04+00:00\" \/>\n<meta property=\"og:image\" content=\"https:\/\/www.poesiegalerie.at\/wordpress\/wp-content\/uploads\/2022\/11\/Cover_Hubinger_Kraehen_Nuesse_Hubinger_Sandra_edition_keiper-klein.jpg\" \/>\n\t<meta property=\"og:image:width\" content=\"601\" \/>\n\t<meta property=\"og:image:height\" content=\"675\" \/>\n\t<meta property=\"og:image:type\" content=\"image\/jpeg\" \/>\n<meta name=\"author\" content=\"Carina Schlager\" \/>\n<meta name=\"twitter:card\" content=\"summary_large_image\" \/>\n<meta name=\"twitter:creator\" content=\"@poesiegalerie\" \/>\n<meta name=\"twitter:site\" content=\"@poesiegalerie\" \/>\n<meta name=\"twitter:label1\" content=\"Verfasst von\" \/>\n\t<meta name=\"twitter:data1\" content=\"Carina Schlager\" \/>\n\t<meta name=\"twitter:label2\" content=\"Gesch\u00e4tzte Lesezeit\" \/>\n\t<meta name=\"twitter:data2\" content=\"5 Minuten\" \/>\n<script type=\"application\/ld+json\" class=\"yoast-schema-graph\">{\"@context\":\"https:\/\/schema.org\",\"@graph\":[{\"@type\":\"Article\",\"@id\":\"https:\/\/www.poesiegalerie.at\/wordpress\/2022\/12\/03\/trondle-besprechung-die-nuss-in-allen-dingen\/#article\",\"isPartOf\":{\"@id\":\"https:\/\/www.poesiegalerie.at\/wordpress\/2022\/12\/03\/trondle-besprechung-die-nuss-in-allen-dingen\/\"},\"author\":{\"name\":\"Carina Schlager\",\"@id\":\"https:\/\/www.poesiegalerie.at\/wordpress\/#\/schema\/person\/e19e23249ea62e58948fe82f26d61e8b\"},\"headline\":\"Die Nuss in allen Dingen\",\"datePublished\":\"2022-12-03T11:28:00+00:00\",\"dateModified\":\"2023-10-20T13:20:04+00:00\",\"mainEntityOfPage\":{\"@id\":\"https:\/\/www.poesiegalerie.at\/wordpress\/2022\/12\/03\/trondle-besprechung-die-nuss-in-allen-dingen\/\"},\"wordCount\":711,\"publisher\":{\"@id\":\"https:\/\/www.poesiegalerie.at\/wordpress\/#organization\"},\"keywords\":[\"Besprechung\",\"Johannes Tr\u00f6ndle\",\"Sandra Hubinger\"],\"articleSection\":[\"BESPRECHUNGEN\"],\"inLanguage\":\"de-DE\"},{\"@type\":\"WebPage\",\"@id\":\"https:\/\/www.poesiegalerie.at\/wordpress\/2022\/12\/03\/trondle-besprechung-die-nuss-in-allen-dingen\/\",\"url\":\"https:\/\/www.poesiegalerie.at\/wordpress\/2022\/12\/03\/trondle-besprechung-die-nuss-in-allen-dingen\/\",\"name\":\"Die Nuss in allen Dingen - Poesiegalerie\",\"isPartOf\":{\"@id\":\"https:\/\/www.poesiegalerie.at\/wordpress\/#website\"},\"datePublished\":\"2022-12-03T11:28:00+00:00\",\"dateModified\":\"2023-10-20T13:20:04+00:00\",\"description\":\"Johannes Tr\u00f6ndle liest Sandra Hubingers \u201eVon Kr\u00e4hen und N\u00fcssen\u201c erschienen in der Edition Keiper f\u00fcr die Peosiegalerie\",\"breadcrumb\":{\"@id\":\"https:\/\/www.poesiegalerie.at\/wordpress\/2022\/12\/03\/trondle-besprechung-die-nuss-in-allen-dingen\/#breadcrumb\"},\"inLanguage\":\"de-DE\",\"potentialAction\":[{\"@type\":\"ReadAction\",\"target\":[\"https:\/\/www.poesiegalerie.at\/wordpress\/2022\/12\/03\/trondle-besprechung-die-nuss-in-allen-dingen\/\"]}]},{\"@type\":\"BreadcrumbList\",\"@id\":\"https:\/\/www.poesiegalerie.at\/wordpress\/2022\/12\/03\/trondle-besprechung-die-nuss-in-allen-dingen\/#breadcrumb\",\"itemListElement\":[{\"@type\":\"ListItem\",\"position\":1,\"name\":\"Startseite\",\"item\":\"https:\/\/www.poesiegalerie.at\/wordpress\/\"},{\"@type\":\"ListItem\",\"position\":2,\"name\":\"Die Nuss in allen Dingen\"}]},{\"@type\":\"WebSite\",\"@id\":\"https:\/\/www.poesiegalerie.at\/wordpress\/#website\",\"url\":\"https:\/\/www.poesiegalerie.at\/wordpress\/\",\"name\":\"Poesiegalerie\",\"description\":\"\",\"publisher\":{\"@id\":\"https:\/\/www.poesiegalerie.at\/wordpress\/#organization\"},\"potentialAction\":[{\"@type\":\"SearchAction\",\"target\":{\"@type\":\"EntryPoint\",\"urlTemplate\":\"https:\/\/www.poesiegalerie.at\/wordpress\/?s={search_term_string}\"},\"query-input\":\"required name=search_term_string\"}],\"inLanguage\":\"de-DE\"},{\"@type\":\"Organization\",\"@id\":\"https:\/\/www.poesiegalerie.at\/wordpress\/#organization\",\"name\":\"Poesiegalerie\",\"url\":\"https:\/\/www.poesiegalerie.at\/wordpress\/\",\"logo\":{\"@type\":\"ImageObject\",\"inLanguage\":\"de-DE\",\"@id\":\"https:\/\/www.poesiegalerie.at\/wordpress\/#\/schema\/logo\/image\/\",\"url\":\"https:\/\/www.poesiegalerie.at\/wordpress\/wp-content\/uploads\/2021\/01\/Logoquadrat-PG-1.png\",\"contentUrl\":\"https:\/\/www.poesiegalerie.at\/wordpress\/wp-content\/uploads\/2021\/01\/Logoquadrat-PG-1.png\",\"width\":512,\"height\":512,\"caption\":\"Poesiegalerie\"},\"image\":{\"@id\":\"https:\/\/www.poesiegalerie.at\/wordpress\/#\/schema\/logo\/image\/\"},\"sameAs\":[\"https:\/\/facebook.com\/poesiegalerie\",\"https:\/\/twitter.com\/poesiegalerie\",\"https:\/\/instagram.com\/poesiegalerie\",\"https:\/\/youtube.com\/channel\/UChHTsNTzMPzZpU8TfKP3dNQ\"]},{\"@type\":\"Person\",\"@id\":\"https:\/\/www.poesiegalerie.at\/wordpress\/#\/schema\/person\/e19e23249ea62e58948fe82f26d61e8b\",\"name\":\"Carina Schlager\",\"image\":{\"@type\":\"ImageObject\",\"inLanguage\":\"de-DE\",\"@id\":\"https:\/\/www.poesiegalerie.at\/wordpress\/#\/schema\/person\/image\/\",\"url\":\"https:\/\/secure.gravatar.com\/avatar\/4a71cc0347a93a0f41d93d86ce4a52fb?s=96&d=mm&r=g\",\"contentUrl\":\"https:\/\/secure.gravatar.com\/avatar\/4a71cc0347a93a0f41d93d86ce4a52fb?s=96&d=mm&r=g\",\"caption\":\"Carina Schlager\"},\"url\":\"https:\/\/www.poesiegalerie.at\/wordpress\/author\/carina\/\"}]}<\/script>\n<!-- \/ Yoast SEO plugin. -->","yoast_head_json":{"title":"Die Nuss in allen Dingen - Poesiegalerie","description":"Johannes Tr\u00f6ndle liest Sandra Hubingers \u201eVon Kr\u00e4hen und N\u00fcssen\u201c erschienen in der Edition Keiper f\u00fcr die Peosiegalerie","robots":{"index":"index","follow":"follow","max-snippet":"max-snippet:-1","max-image-preview":"max-image-preview:large","max-video-preview":"max-video-preview:-1"},"canonical":"https:\/\/www.poesiegalerie.at\/wordpress\/2022\/12\/03\/trondle-besprechung-die-nuss-in-allen-dingen\/","og_locale":"de_DE","og_type":"article","og_title":"Die Nuss in allen Dingen - Poesiegalerie","og_description":"Johannes Tr\u00f6ndle liest Sandra Hubingers \u201eVon Kr\u00e4hen und N\u00fcssen\u201c erschienen in der Edition Keiper f\u00fcr die Peosiegalerie","og_url":"https:\/\/www.poesiegalerie.at\/wordpress\/2022\/12\/03\/trondle-besprechung-die-nuss-in-allen-dingen\/","og_site_name":"Poesiegalerie","article_publisher":"https:\/\/facebook.com\/poesiegalerie","article_published_time":"2022-12-03T11:28:00+00:00","article_modified_time":"2023-10-20T13:20:04+00:00","og_image":[{"width":601,"height":675,"url":"https:\/\/www.poesiegalerie.at\/wordpress\/wp-content\/uploads\/2022\/11\/Cover_Hubinger_Kraehen_Nuesse_Hubinger_Sandra_edition_keiper-klein.jpg","type":"image\/jpeg"}],"author":"Carina Schlager","twitter_card":"summary_large_image","twitter_creator":"@poesiegalerie","twitter_site":"@poesiegalerie","twitter_misc":{"Verfasst von":"Carina Schlager","Gesch\u00e4tzte Lesezeit":"5 Minuten"},"schema":{"@context":"https:\/\/schema.org","@graph":[{"@type":"Article","@id":"https:\/\/www.poesiegalerie.at\/wordpress\/2022\/12\/03\/trondle-besprechung-die-nuss-in-allen-dingen\/#article","isPartOf":{"@id":"https:\/\/www.poesiegalerie.at\/wordpress\/2022\/12\/03\/trondle-besprechung-die-nuss-in-allen-dingen\/"},"author":{"name":"Carina Schlager","@id":"https:\/\/www.poesiegalerie.at\/wordpress\/#\/schema\/person\/e19e23249ea62e58948fe82f26d61e8b"},"headline":"Die Nuss in allen Dingen","datePublished":"2022-12-03T11:28:00+00:00","dateModified":"2023-10-20T13:20:04+00:00","mainEntityOfPage":{"@id":"https:\/\/www.poesiegalerie.at\/wordpress\/2022\/12\/03\/trondle-besprechung-die-nuss-in-allen-dingen\/"},"wordCount":711,"publisher":{"@id":"https:\/\/www.poesiegalerie.at\/wordpress\/#organization"},"keywords":["Besprechung","Johannes Tr\u00f6ndle","Sandra Hubinger"],"articleSection":["BESPRECHUNGEN"],"inLanguage":"de-DE"},{"@type":"WebPage","@id":"https:\/\/www.poesiegalerie.at\/wordpress\/2022\/12\/03\/trondle-besprechung-die-nuss-in-allen-dingen\/","url":"https:\/\/www.poesiegalerie.at\/wordpress\/2022\/12\/03\/trondle-besprechung-die-nuss-in-allen-dingen\/","name":"Die Nuss in allen Dingen - Poesiegalerie","isPartOf":{"@id":"https:\/\/www.poesiegalerie.at\/wordpress\/#website"},"datePublished":"2022-12-03T11:28:00+00:00","dateModified":"2023-10-20T13:20:04+00:00","description":"Johannes Tr\u00f6ndle liest Sandra Hubingers \u201eVon Kr\u00e4hen und N\u00fcssen\u201c erschienen in der Edition Keiper f\u00fcr die Peosiegalerie","breadcrumb":{"@id":"https:\/\/www.poesiegalerie.at\/wordpress\/2022\/12\/03\/trondle-besprechung-die-nuss-in-allen-dingen\/#breadcrumb"},"inLanguage":"de-DE","potentialAction":[{"@type":"ReadAction","target":["https:\/\/www.poesiegalerie.at\/wordpress\/2022\/12\/03\/trondle-besprechung-die-nuss-in-allen-dingen\/"]}]},{"@type":"BreadcrumbList","@id":"https:\/\/www.poesiegalerie.at\/wordpress\/2022\/12\/03\/trondle-besprechung-die-nuss-in-allen-dingen\/#breadcrumb","itemListElement":[{"@type":"ListItem","position":1,"name":"Startseite","item":"https:\/\/www.poesiegalerie.at\/wordpress\/"},{"@type":"ListItem","position":2,"name":"Die Nuss in allen Dingen"}]},{"@type":"WebSite","@id":"https:\/\/www.poesiegalerie.at\/wordpress\/#website","url":"https:\/\/www.poesiegalerie.at\/wordpress\/","name":"Poesiegalerie","description":"","publisher":{"@id":"https:\/\/www.poesiegalerie.at\/wordpress\/#organization"},"potentialAction":[{"@type":"SearchAction","target":{"@type":"EntryPoint","urlTemplate":"https:\/\/www.poesiegalerie.at\/wordpress\/?s={search_term_string}"},"query-input":"required name=search_term_string"}],"inLanguage":"de-DE"},{"@type":"Organization","@id":"https:\/\/www.poesiegalerie.at\/wordpress\/#organization","name":"Poesiegalerie","url":"https:\/\/www.poesiegalerie.at\/wordpress\/","logo":{"@type":"ImageObject","inLanguage":"de-DE","@id":"https:\/\/www.poesiegalerie.at\/wordpress\/#\/schema\/logo\/image\/","url":"https:\/\/www.poesiegalerie.at\/wordpress\/wp-content\/uploads\/2021\/01\/Logoquadrat-PG-1.png","contentUrl":"https:\/\/www.poesiegalerie.at\/wordpress\/wp-content\/uploads\/2021\/01\/Logoquadrat-PG-1.png","width":512,"height":512,"caption":"Poesiegalerie"},"image":{"@id":"https:\/\/www.poesiegalerie.at\/wordpress\/#\/schema\/logo\/image\/"},"sameAs":["https:\/\/facebook.com\/poesiegalerie","https:\/\/twitter.com\/poesiegalerie","https:\/\/instagram.com\/poesiegalerie","https:\/\/youtube.com\/channel\/UChHTsNTzMPzZpU8TfKP3dNQ"]},{"@type":"Person","@id":"https:\/\/www.poesiegalerie.at\/wordpress\/#\/schema\/person\/e19e23249ea62e58948fe82f26d61e8b","name":"Carina Schlager","image":{"@type":"ImageObject","inLanguage":"de-DE","@id":"https:\/\/www.poesiegalerie.at\/wordpress\/#\/schema\/person\/image\/","url":"https:\/\/secure.gravatar.com\/avatar\/4a71cc0347a93a0f41d93d86ce4a52fb?s=96&d=mm&r=g","contentUrl":"https:\/\/secure.gravatar.com\/avatar\/4a71cc0347a93a0f41d93d86ce4a52fb?s=96&d=mm&r=g","caption":"Carina Schlager"},"url":"https:\/\/www.poesiegalerie.at\/wordpress\/author\/carina\/"}]}},"_links":{"self":[{"href":"https:\/\/www.poesiegalerie.at\/wordpress\/wp-json\/wp\/v2\/posts\/12177"}],"collection":[{"href":"https:\/\/www.poesiegalerie.at\/wordpress\/wp-json\/wp\/v2\/posts"}],"about":[{"href":"https:\/\/www.poesiegalerie.at\/wordpress\/wp-json\/wp\/v2\/types\/post"}],"author":[{"embeddable":true,"href":"https:\/\/www.poesiegalerie.at\/wordpress\/wp-json\/wp\/v2\/users\/9"}],"replies":[{"embeddable":true,"href":"https:\/\/www.poesiegalerie.at\/wordpress\/wp-json\/wp\/v2\/comments?post=12177"}],"version-history":[{"count":10,"href":"https:\/\/www.poesiegalerie.at\/wordpress\/wp-json\/wp\/v2\/posts\/12177\/revisions"}],"predecessor-version":[{"id":15776,"href":"https:\/\/www.poesiegalerie.at\/wordpress\/wp-json\/wp\/v2\/posts\/12177\/revisions\/15776"}],"wp:featuredmedia":[{"embeddable":true,"href":"https:\/\/www.poesiegalerie.at\/wordpress\/wp-json\/wp\/v2\/media\/12179"}],"wp:attachment":[{"href":"https:\/\/www.poesiegalerie.at\/wordpress\/wp-json\/wp\/v2\/media?parent=12177"}],"wp:term":[{"taxonomy":"category","embeddable":true,"href":"https:\/\/www.poesiegalerie.at\/wordpress\/wp-json\/wp\/v2\/categories?post=12177"},{"taxonomy":"post_tag","embeddable":true,"href":"https:\/\/www.poesiegalerie.at\/wordpress\/wp-json\/wp\/v2\/tags?post=12177"},{"taxonomy":"thb-sponsors","embeddable":true,"href":"https:\/\/www.poesiegalerie.at\/wordpress\/wp-json\/wp\/v2\/thb-sponsors?post=12177"}],"curies":[{"name":"wp","href":"https:\/\/api.w.org\/{rel}","templated":true}]}}