{"id":12710,"date":"2023-01-11T10:30:00","date_gmt":"2023-01-11T09:30:00","guid":{"rendered":"https:\/\/www.poesiegalerie.at\/wordpress\/?p=12710"},"modified":"2023-02-08T00:32:56","modified_gmt":"2023-02-07T23:32:56","slug":"ebner-besprechung-intelligenz-auf-dem-prufstand","status":"publish","type":"post","link":"https:\/\/www.poesiegalerie.at\/wordpress\/2023\/01\/11\/ebner-besprechung-intelligenz-auf-dem-prufstand\/","title":{"rendered":"Intelligenz auf dem Pr\u00fcfstand"},"content":{"rendered":"\n<p class=\"has-medium-font-size\"><strong><a href=\"https:\/\/www.poesiegalerie.at\/wordpress\/autor%e2%80%91innen\/ebner-klaus\/\">Klaus Ebner<\/a> liest <a href=\"https:\/\/www.poesiegalerie.at\/wordpress\/autor%e2%80%91innen-alte-seite\/piringer-joerg\/\">J\u00f6rg Piringers <\/a><em>g\u00fcnstige intelligenz<\/em><\/strong><\/p>\n\n\n\n<hr class=\"wp-block-separator has-css-opacity\"\/>\n\n\n\n<p class=\"has-drop-cap\">Der Titel ein Wortspiel: von der \u201ek\u00fcnstlichen Intelligenz\u201c zur \u201eg\u00fcnstigen Intelligenz\u201c. J\u00f6rg Piringer, geb. 1974 in Wien, seines Zeichens nicht nur Schriftsteller und Aktionsk\u00fcnstler, sondern auch Informatiker, befasst sich mit den M\u00f6glichkeiten, Lyrik \u00fcber K\u00fcnstliche Intelligenz (KI, oder englisch AI\/Artificial Intelligence) zu erzeugen. Dabei handelt es sich um Software, die inzwischen menschliche Sprache verstehen und erzeugen kann. KI-Systeme greifen auf Unmengen von Daten zu und werden f\u00fcr den Einsatz \u201etrainiert\u201c, damit sie m\u00f6glichst zielsicher auf Eingaben reagieren k\u00f6nnen.<\/p>\n\n\n\n<div class=\"wp-block-media-text alignwide has-media-on-the-right is-stacked-on-mobile\" style=\"grid-template-columns:auto 28%\"><div class=\"wp-block-media-text__content\">\n<p class=\"has-normal-font-size\">Piringer verwendete ein \u00f6ffentlich zug\u00e4ngliches KI-System, das bereits vortrainiert ist und daher \u201eout of the box\u201c, wie IT-Affine sagen, verwendet werden kann. Dabei behielt er als Autor die F\u00e4den in der Hand. Er definierte die Aufgabenstellung und setzte die Maschinenintelligenz darauf an, Antworten bzw. Ergebnisse zu produzieren. Diese hat Piringer gepr\u00fcft und eine Menge davon verworfen; doch was ihm zusagte, \u00fcbernahm er, wie er schreibt, unver\u00e4ndert.<\/p>\n\n\n\n<p><\/p>\n\n\n\n<p><\/p>\n\n\n\n<p><\/p>\n\n\n\n<p><\/p>\n\n\n\n<p class=\"has-text-align-right\">Cover \u00a9 Ritter Literatur<\/p>\n<\/div><figure class=\"wp-block-media-text__media\"><img decoding=\"async\" loading=\"lazy\" width=\"673\" height=\"1000\" src=\"data:image\/gif;base64,R0lGODlhAQABAAAAACH5BAEKAAEALAAAAAABAAEAAAICTAEAOw==\" data-src=\"https:\/\/www.poesiegalerie.at\/wordpress\/wp-content\/uploads\/2022\/12\/Cover_Piringer_Guenstige_Intelligenz.jpg\" alt=\"Cover_Piringer_G\u00fcnstige_Intelligenz\" class=\"wp-image-12427 size-full lazyload\" data-sizes=\"auto\" data-srcset=\"https:\/\/www.poesiegalerie.at\/wordpress\/wp-content\/uploads\/2022\/12\/Cover_Piringer_Guenstige_Intelligenz.jpg 673w, https:\/\/www.poesiegalerie.at\/wordpress\/wp-content\/uploads\/2022\/12\/Cover_Piringer_Guenstige_Intelligenz-202x300.jpg 202w, https:\/\/www.poesiegalerie.at\/wordpress\/wp-content\/uploads\/2022\/12\/Cover_Piringer_Guenstige_Intelligenz-101x150.jpg 101w, https:\/\/www.poesiegalerie.at\/wordpress\/wp-content\/uploads\/2022\/12\/Cover_Piringer_Guenstige_Intelligenz-370x550.jpg 370w, https:\/\/www.poesiegalerie.at\/wordpress\/wp-content\/uploads\/2022\/12\/Cover_Piringer_Guenstige_Intelligenz-185x275.jpg 185w, https:\/\/www.poesiegalerie.at\/wordpress\/wp-content\/uploads\/2022\/12\/Cover_Piringer_Guenstige_Intelligenz-20x30.jpg 20w, https:\/\/www.poesiegalerie.at\/wordpress\/wp-content\/uploads\/2022\/12\/Cover_Piringer_Guenstige_Intelligenz-400x594.jpg 400w, https:\/\/www.poesiegalerie.at\/wordpress\/wp-content\/uploads\/2022\/12\/Cover_Piringer_Guenstige_Intelligenz-32x48.jpg 32w\" sizes=\"(max-width: 673px) 100vw, 673px\" \/><\/figure><\/div>\n\n\n\n<p>Herausgekommen sind dabei Texte, die wie Gedichte aussehen und es in gewisser Weise auch sind. Dabei handelt es sich zumeist um ungew\u00f6hnliche, um nicht zu sagen: schr\u00e4ge Texte, die in der Regel zwar syntaktisch v\u00f6llig korrekt sind, aber ob ihrer Semantik immer wieder zumindest \u00fcberraschen. So etwa lautet eine der Strophen, die das Computerprogramm ausspuckte:<\/p>\n\n\n\n<pre class=\"wp-block-verse\">du hast mir die h\u00f6rengr\u00fcn-erweiterten augen,\nasynchron geschlossene augenlider,\nzur\u00fcckgebracht.\nunsere behandschuhten k\u00f6rper streicheln\neinander.\nmit der seidenen roten zungenspitze leckst du\ndie lippen in der stillsten nacht. <\/pre>\n\n\n\n<p>Als ich das Buch nach dem Lesen des Klappentextes zum ersten Mal \u00f6ffnete, dachte ich, es best\u00fcnde in seiner Gesamtheit aus maschinell gefertigten Texten. Das ist jedoch nicht der Fall. J\u00f6rg Piringer schrieb in diesem Band auch eine ganze Menge selbst, es sind wohl an die zwei Drittel. Folglich tauchen wir mehr in die kritische Gedankenwelt des Autors Piringer ein als in die Gedanken der Computersoftware, sofern Letztere \u00fcberhaupt solche sind.<\/p>\n\n\n\n<h4 class=\"wp-block-heading\">K\u00fcnstliche Intelligenz einordnen<\/h4>\n\n\n\n<p>Alle Texte Piringers verwenden durchgehend Kleinschreibung, bei jenen der KI-Software gibt es auch Standard-Gro\u00dfschreibung. Manche enthalten eine vollst\u00e4nde Zeichensetzung, andere verzichten darauf. Was die beiden unterscheiden, ist, dass J\u00f6rg Piringer \u00fcber seine Arbeit mit der KI reflektiert und den Leser*innen darlegt, was er tut und wie er verf\u00e4hrt. Es sind Erkl\u00e4rungen zu den Maschinentexten, seine \u00dcberlegungen, Beobachtungen und Kommentare. All das notabene ebenfalls in Gedichtform. Dass der Informatiker-Schriftsteller \u00fcber ein fundiertes Fachwissen verf\u00fcgt und philosophische \u00dcberlegungen anstellt, tr\u00e4gt nicht nur zum Verst\u00e4ndnis, sondern auch zum Genuss der Lekt\u00fcre bei.<\/p>\n\n\n\n<p>Mit dem Abwechseln von \u201eerkl\u00e4renden\u201c Texten und den k\u00fcnstlich erzeugten leitet uns Piringer durch das Buch. F\u00fcr Lesende gibt es keinen Zweifel, was vom Autor selbst stammt und was von der Maschine bzw. der KI-Software. Zudem werden die beiden Textsorten mit unterschiedlichen Schriften kenntlich gemacht.<\/p>\n\n\n\n<p>In gewisser Weise stellt sich bei k\u00fcnstlich erzeugten Texten die Frage, inwieweit Autor*innen dann \u00fcberhaupt noch als Autor*innen firmieren d\u00fcrfen \u2013 denn ob Befehlseingaben, Mausklicks und die zugegebenerma\u00dfen kritische Auswahl der ausgeworfenen Texte dazu reichen, ist fraglich. J\u00f6rg Piringer stellt aber genau diese Frage:<\/p>\n\n\n\n<pre class=\"wp-block-verse\">ist dieser text mein text\ndarf ich ruhigen gewissens meinen namen darunterschreiben\ndar\u00fcbersetzen\nj\u00f6rg piringer ist der autor dieses textes\ner klickte so lange mit der maus\nbis es ihm gefiel\nkann man das autorschaft nennen\noder sollte nicht eher\nmausklicker: j\u00f6rg piringer\ndort stehen\noder kurator\nselector\nausw\u00e4hlender\ndiskriminator\nkritiker von maschinentexten<\/pre>\n\n\n\n<p>Irgendwann stellt sich die Frage, was denn Intelligenz \u00fcberhaupt sei. Denn obwohl wir alle eine bestimmte Vorstellung davon haben, gibt es keine absolute Definition, weil diese erstens immer in einen kulturellen und gesellschaftlichen Kontext eingebettet ist und sich zweitens im Laufe der Geschichte mehrmals ge\u00e4ndert hat und wohl auch in der Zukunft \u00e4ndern wird.<\/p>\n\n\n\n<p>Ein Beispiel gef\u00e4llig? Vor hundert Jahren dachte man, ausschlie\u00dflich Menschen w\u00e4ren zu Intelligenz f\u00e4hig. Heute billigt die Wissenschaft nach zahlreichen Versuchen auch einer Reihe von Tieren intelligentes Verhalten und abstraktes Denken zu. Piringer spricht diese Problematik direkt an, und es scheint klar, dass wir uns angesichts der M\u00f6glichkeiten, die neuronale Netzwerke schon heute bieten, auch in Zukunft mit dieser Frage auseinandersetzen m\u00fcssen.<\/p>\n\n\n\n<pre class=\"wp-block-verse\">wie also\nk\u00f6nnten menschen feststellen\nob eine maschine intelligent\nwirklich intelligent\nist\ndass ein reines analysieren des programmcodes\noder der verarbeiteten daten\noder der kombination aus daten und code\nh\u00f6chstwahrscheinlich keinen aufschluss dar\u00fcber gibt\nscheint klar\naber wie k\u00f6nnte ein solcher test sonst aussehen<\/pre>\n\n\n\n<p>Die Frage nach der Intelligenz kann nicht abschlie\u00dfend beantwortet werden, und das ist Piringer bewusst. Aber, und darum geht es ihm, sie darf auch nicht ignoriert werden.<\/p>\n\n\n\n<h4 class=\"wp-block-heading\">M\u00f6glichkeiten ausloten<\/h4>\n\n\n\n<p>Dass Computerprogramme heute in der Lage sind, Texte von einer Sprache in eine andere zu \u00fcbersetzen, ist sp\u00e4testens seit Google Translate weithin bekannt. Insbesondere bei Gebrauchs- und Fachtexten erzielen solche Systeme bereits eine \u00fcberraschend hohe Qualit\u00e4t.<\/p>\n\n\n\n<p>J\u00f6rg Piringer erprobte auch diese F\u00e4higkeit und begab sich damit auf ein weites und doppelb\u00f6diges Feld. Besonders Lyriker*innen arbeiten oft mit hoher Abstraktion und Bildhaftigkeit; zudem muss dem Nicht-Gesagten mitunter ebenso viel Bedeutung wie dem Gesagten zugemessen werden. Das stellt \u00dcbersetzungsprogramme vor immense Schwierigkeiten und zeitigt h\u00e4ufig \u00dcbertragungen, die zum Lachen reizen. Piringer ist indes bewusst, dass auch menschliche \u00dcbersetzer*innen keineswegs perfekt sind, wenn er eine maschinelle \u00dcbersetzung und R\u00fcck\u00fcbersetzung ins und aus dem Esperanto kommentiert:<\/p>\n\n\n\n<pre class=\"wp-block-verse\">das ergebnis hat viele \u00e4hnlichkeiten mit dem original\nselbstverst\u00e4ndlich entspricht er [=der Text] dem ausgangstext nicht exakt\ndas w\u00e4re wohl bei keiner r\u00fcck\u00fcbersetzung eines gedichts der fall<\/pre>\n\n\n\n<p>Der Autor stellt viele Fragen. Er fordert und hinterfragt die Maschine und die \u2013 derzeitige \u2013 F\u00e4higkeit der KI-Software. Ob das, was KI mit der \u00e4u\u00dferen Form eines Gedichtes schreibt, tats\u00e4chlich als Literatur gelten kann, ist eine Frage von vielen. Und ob wir \u2013 Menschen \u2013 das auch wollen, eine andere.<\/p>\n\n\n\n<p>Derweil dichtet die Maschine auf Basis von Piringers Aufgabenstellung munter vor sich hin:<\/p>\n\n\n\n<pre class=\"wp-block-verse\">Niedriges Daidonnng!\nhimmelm\u00f6we, seit die Inzwischen \u00fcberall.\nmutige V\u00f6gel bombardieren uns!\nHier ist ein ruhiges Pl\u00e4tzchen \u2013 der Frick?<\/pre>\n\n\n\n<hr class=\"wp-block-separator has-css-opacity\"\/>\n\n\n\n<p class=\"has-medium-font-size\"><strong><a href=\"https:\/\/www.poesiegalerie.at\/wordpress\/autor%e2%80%91innen-alte-seite\/piringer-joerg\/\">J\u00f6rg Piringer: <\/a><em><a href=\"https:\/\/www.ritterbooks.com\/produkt\/guenstige-intelligenz-hybride-poetik-und-poetologie\/\" target=\"_blank\" rel=\"noreferrer noopener\">g\u00fcnstige intelligenz \u2013 hybride poetik und poetologie.<\/a> <\/em>Ritter Literatur, Klagenfurt, Graz und Wien, 2022. 208 Seiten. Euro 27,00<\/strong><\/p>\n\n\n\n<p class=\"has-medium-font-size\"><strong>Hinweis:<\/strong> <a href=\"https:\/\/alte-schmiede.at\/programm\/recital\/joerg-piringer-natalie-deewan\" target=\"_blank\" rel=\"noreferrer noopener\">Di, 07.02.2023, 19.00 Uhr, Alte Schmiede<\/a>: <br>Poesie der Netzwerke: J\u00f6rg Piringer, g\u00fcnstige intelligenz (Ritter Verlag) &amp; Natalie Deewan, Lucida Console \u2013 ein Translatorium Maximum (Klever Verlag). Moderation: Annalena Stabauer<\/p>\n\n\n\n<p class=\"has-medium-font-size\">Ein <strong>Interview<\/strong> von <a href=\"https:\/\/www.poesiegalerie.at\/wordpress\/autor%e2%80%91innen-alte-seite\/vallaster-guenter\/\">G\u00fcnter Vallaster<\/a> mit <a href=\"https:\/\/www.poesiegalerie.at\/wordpress\/autor%e2%80%91innen-alte-seite\/piringer-joerg\/\">J\u00f6rg Piringer<\/a> zum Buch <strong><em><a href=\"https:\/\/www.ritterbooks.com\/produkt\/guenstige-intelligenz-hybride-poetik-und-poetologie\/\" target=\"_blank\" rel=\"noreferrer noopener\">g\u00fcnstige intelligenz \u2013 hybride poetik und poetologie<\/a><\/em><\/strong> k\u00f6nnen Sie <a href=\"https:\/\/www.poesiegalerie.at\/wordpress\/2022\/12\/20\/guenstige-intelligenz-poesie-und-ki\/\">hier<\/a> lesen. <\/p>\n\n\n\n<p><\/p>\n","protected":false},"excerpt":{"rendered":"<p>Besprechung: Klaus Ebner liest J\u00f6rg Piringers &#8222;g\u00fcnstige intelligenz. hybride poetik und poetologie&#8220; f\u00fcr die Poesiegalerie <\/p>\n","protected":false},"author":9,"featured_media":12427,"comment_status":"closed","ping_status":"closed","sticky":false,"template":"","format":"standard","meta":[],"categories":[107],"tags":[247,205,506],"thb-sponsors":[],"yoast_head":"<!-- This site is optimized with the Yoast SEO plugin v20.6 - https:\/\/yoast.com\/wordpress\/plugins\/seo\/ -->\n<title>Intelligenz auf dem Pr\u00fcfstand - Poesiegalerie<\/title>\n<meta name=\"description\" content=\"Besprechung: Klaus Ebner liest J\u00f6rg Piringers &quot;g\u00fcnstige intelligenz. hybride poetik und poetologie.&quot; f\u00fcr die Poesiegalerie\" \/>\n<meta name=\"robots\" content=\"index, follow, max-snippet:-1, max-image-preview:large, max-video-preview:-1\" \/>\n<link rel=\"canonical\" href=\"https:\/\/www.poesiegalerie.at\/wordpress\/2023\/01\/11\/ebner-besprechung-intelligenz-auf-dem-prufstand\/\" \/>\n<meta property=\"og:locale\" content=\"de_DE\" \/>\n<meta property=\"og:type\" content=\"article\" \/>\n<meta property=\"og:title\" content=\"Intelligenz auf dem Pr\u00fcfstand - Poesiegalerie\" \/>\n<meta property=\"og:description\" content=\"Besprechung: Klaus Ebner liest J\u00f6rg Piringers &quot;g\u00fcnstige intelligenz. hybride poetik und poetologie.&quot; f\u00fcr die Poesiegalerie\" \/>\n<meta property=\"og:url\" content=\"https:\/\/www.poesiegalerie.at\/wordpress\/2023\/01\/11\/ebner-besprechung-intelligenz-auf-dem-prufstand\/\" \/>\n<meta property=\"og:site_name\" content=\"Poesiegalerie\" \/>\n<meta property=\"article:publisher\" content=\"https:\/\/facebook.com\/poesiegalerie\" \/>\n<meta property=\"article:published_time\" content=\"2023-01-11T09:30:00+00:00\" \/>\n<meta property=\"article:modified_time\" content=\"2023-02-07T23:32:56+00:00\" \/>\n<meta property=\"og:image\" content=\"https:\/\/www.poesiegalerie.at\/wordpress\/wp-content\/uploads\/2022\/12\/Cover_Piringer_Guenstige_Intelligenz.jpg\" \/>\n\t<meta property=\"og:image:width\" content=\"673\" \/>\n\t<meta property=\"og:image:height\" content=\"1000\" \/>\n\t<meta property=\"og:image:type\" content=\"image\/jpeg\" \/>\n<meta name=\"author\" content=\"Carina Schlager\" \/>\n<meta name=\"twitter:card\" content=\"summary_large_image\" \/>\n<meta name=\"twitter:creator\" content=\"@poesiegalerie\" \/>\n<meta name=\"twitter:site\" content=\"@poesiegalerie\" \/>\n<meta name=\"twitter:label1\" content=\"Verfasst von\" \/>\n\t<meta name=\"twitter:data1\" content=\"Carina Schlager\" \/>\n\t<meta name=\"twitter:label2\" content=\"Gesch\u00e4tzte Lesezeit\" \/>\n\t<meta name=\"twitter:data2\" content=\"6 Minuten\" \/>\n<script type=\"application\/ld+json\" class=\"yoast-schema-graph\">{\"@context\":\"https:\/\/schema.org\",\"@graph\":[{\"@type\":\"Article\",\"@id\":\"https:\/\/www.poesiegalerie.at\/wordpress\/2023\/01\/11\/ebner-besprechung-intelligenz-auf-dem-prufstand\/#article\",\"isPartOf\":{\"@id\":\"https:\/\/www.poesiegalerie.at\/wordpress\/2023\/01\/11\/ebner-besprechung-intelligenz-auf-dem-prufstand\/\"},\"author\":{\"name\":\"Carina Schlager\",\"@id\":\"https:\/\/www.poesiegalerie.at\/wordpress\/#\/schema\/person\/e19e23249ea62e58948fe82f26d61e8b\"},\"headline\":\"Intelligenz auf dem Pr\u00fcfstand\",\"datePublished\":\"2023-01-11T09:30:00+00:00\",\"dateModified\":\"2023-02-07T23:32:56+00:00\",\"mainEntityOfPage\":{\"@id\":\"https:\/\/www.poesiegalerie.at\/wordpress\/2023\/01\/11\/ebner-besprechung-intelligenz-auf-dem-prufstand\/\"},\"wordCount\":915,\"publisher\":{\"@id\":\"https:\/\/www.poesiegalerie.at\/wordpress\/#organization\"},\"keywords\":[\"Besprechung\",\"J\u00f6rg Piringer\",\"Klaus Ebner\"],\"articleSection\":[\"BESPRECHUNGEN\"],\"inLanguage\":\"de-DE\"},{\"@type\":\"WebPage\",\"@id\":\"https:\/\/www.poesiegalerie.at\/wordpress\/2023\/01\/11\/ebner-besprechung-intelligenz-auf-dem-prufstand\/\",\"url\":\"https:\/\/www.poesiegalerie.at\/wordpress\/2023\/01\/11\/ebner-besprechung-intelligenz-auf-dem-prufstand\/\",\"name\":\"Intelligenz auf dem Pr\u00fcfstand - Poesiegalerie\",\"isPartOf\":{\"@id\":\"https:\/\/www.poesiegalerie.at\/wordpress\/#website\"},\"datePublished\":\"2023-01-11T09:30:00+00:00\",\"dateModified\":\"2023-02-07T23:32:56+00:00\",\"description\":\"Besprechung: Klaus Ebner liest J\u00f6rg Piringers \\\"g\u00fcnstige intelligenz. hybride poetik und poetologie.\\\" f\u00fcr die Poesiegalerie\",\"breadcrumb\":{\"@id\":\"https:\/\/www.poesiegalerie.at\/wordpress\/2023\/01\/11\/ebner-besprechung-intelligenz-auf-dem-prufstand\/#breadcrumb\"},\"inLanguage\":\"de-DE\",\"potentialAction\":[{\"@type\":\"ReadAction\",\"target\":[\"https:\/\/www.poesiegalerie.at\/wordpress\/2023\/01\/11\/ebner-besprechung-intelligenz-auf-dem-prufstand\/\"]}]},{\"@type\":\"BreadcrumbList\",\"@id\":\"https:\/\/www.poesiegalerie.at\/wordpress\/2023\/01\/11\/ebner-besprechung-intelligenz-auf-dem-prufstand\/#breadcrumb\",\"itemListElement\":[{\"@type\":\"ListItem\",\"position\":1,\"name\":\"Startseite\",\"item\":\"https:\/\/www.poesiegalerie.at\/wordpress\/\"},{\"@type\":\"ListItem\",\"position\":2,\"name\":\"Intelligenz auf dem Pr\u00fcfstand\"}]},{\"@type\":\"WebSite\",\"@id\":\"https:\/\/www.poesiegalerie.at\/wordpress\/#website\",\"url\":\"https:\/\/www.poesiegalerie.at\/wordpress\/\",\"name\":\"Poesiegalerie\",\"description\":\"\",\"publisher\":{\"@id\":\"https:\/\/www.poesiegalerie.at\/wordpress\/#organization\"},\"potentialAction\":[{\"@type\":\"SearchAction\",\"target\":{\"@type\":\"EntryPoint\",\"urlTemplate\":\"https:\/\/www.poesiegalerie.at\/wordpress\/?s={search_term_string}\"},\"query-input\":\"required name=search_term_string\"}],\"inLanguage\":\"de-DE\"},{\"@type\":\"Organization\",\"@id\":\"https:\/\/www.poesiegalerie.at\/wordpress\/#organization\",\"name\":\"Poesiegalerie\",\"url\":\"https:\/\/www.poesiegalerie.at\/wordpress\/\",\"logo\":{\"@type\":\"ImageObject\",\"inLanguage\":\"de-DE\",\"@id\":\"https:\/\/www.poesiegalerie.at\/wordpress\/#\/schema\/logo\/image\/\",\"url\":\"https:\/\/www.poesiegalerie.at\/wordpress\/wp-content\/uploads\/2021\/01\/Logoquadrat-PG-1.png\",\"contentUrl\":\"https:\/\/www.poesiegalerie.at\/wordpress\/wp-content\/uploads\/2021\/01\/Logoquadrat-PG-1.png\",\"width\":512,\"height\":512,\"caption\":\"Poesiegalerie\"},\"image\":{\"@id\":\"https:\/\/www.poesiegalerie.at\/wordpress\/#\/schema\/logo\/image\/\"},\"sameAs\":[\"https:\/\/facebook.com\/poesiegalerie\",\"https:\/\/twitter.com\/poesiegalerie\",\"https:\/\/instagram.com\/poesiegalerie\",\"https:\/\/youtube.com\/channel\/UChHTsNTzMPzZpU8TfKP3dNQ\"]},{\"@type\":\"Person\",\"@id\":\"https:\/\/www.poesiegalerie.at\/wordpress\/#\/schema\/person\/e19e23249ea62e58948fe82f26d61e8b\",\"name\":\"Carina Schlager\",\"image\":{\"@type\":\"ImageObject\",\"inLanguage\":\"de-DE\",\"@id\":\"https:\/\/www.poesiegalerie.at\/wordpress\/#\/schema\/person\/image\/\",\"url\":\"https:\/\/secure.gravatar.com\/avatar\/4a71cc0347a93a0f41d93d86ce4a52fb?s=96&d=mm&r=g\",\"contentUrl\":\"https:\/\/secure.gravatar.com\/avatar\/4a71cc0347a93a0f41d93d86ce4a52fb?s=96&d=mm&r=g\",\"caption\":\"Carina Schlager\"},\"url\":\"https:\/\/www.poesiegalerie.at\/wordpress\/author\/carina\/\"}]}<\/script>\n<!-- \/ Yoast SEO plugin. -->","yoast_head_json":{"title":"Intelligenz auf dem Pr\u00fcfstand - Poesiegalerie","description":"Besprechung: Klaus Ebner liest J\u00f6rg Piringers \"g\u00fcnstige intelligenz. hybride poetik und poetologie.\" f\u00fcr die Poesiegalerie","robots":{"index":"index","follow":"follow","max-snippet":"max-snippet:-1","max-image-preview":"max-image-preview:large","max-video-preview":"max-video-preview:-1"},"canonical":"https:\/\/www.poesiegalerie.at\/wordpress\/2023\/01\/11\/ebner-besprechung-intelligenz-auf-dem-prufstand\/","og_locale":"de_DE","og_type":"article","og_title":"Intelligenz auf dem Pr\u00fcfstand - Poesiegalerie","og_description":"Besprechung: Klaus Ebner liest J\u00f6rg Piringers \"g\u00fcnstige intelligenz. hybride poetik und poetologie.\" f\u00fcr die Poesiegalerie","og_url":"https:\/\/www.poesiegalerie.at\/wordpress\/2023\/01\/11\/ebner-besprechung-intelligenz-auf-dem-prufstand\/","og_site_name":"Poesiegalerie","article_publisher":"https:\/\/facebook.com\/poesiegalerie","article_published_time":"2023-01-11T09:30:00+00:00","article_modified_time":"2023-02-07T23:32:56+00:00","og_image":[{"width":673,"height":1000,"url":"https:\/\/www.poesiegalerie.at\/wordpress\/wp-content\/uploads\/2022\/12\/Cover_Piringer_Guenstige_Intelligenz.jpg","type":"image\/jpeg"}],"author":"Carina Schlager","twitter_card":"summary_large_image","twitter_creator":"@poesiegalerie","twitter_site":"@poesiegalerie","twitter_misc":{"Verfasst von":"Carina Schlager","Gesch\u00e4tzte Lesezeit":"6 Minuten"},"schema":{"@context":"https:\/\/schema.org","@graph":[{"@type":"Article","@id":"https:\/\/www.poesiegalerie.at\/wordpress\/2023\/01\/11\/ebner-besprechung-intelligenz-auf-dem-prufstand\/#article","isPartOf":{"@id":"https:\/\/www.poesiegalerie.at\/wordpress\/2023\/01\/11\/ebner-besprechung-intelligenz-auf-dem-prufstand\/"},"author":{"name":"Carina Schlager","@id":"https:\/\/www.poesiegalerie.at\/wordpress\/#\/schema\/person\/e19e23249ea62e58948fe82f26d61e8b"},"headline":"Intelligenz auf dem Pr\u00fcfstand","datePublished":"2023-01-11T09:30:00+00:00","dateModified":"2023-02-07T23:32:56+00:00","mainEntityOfPage":{"@id":"https:\/\/www.poesiegalerie.at\/wordpress\/2023\/01\/11\/ebner-besprechung-intelligenz-auf-dem-prufstand\/"},"wordCount":915,"publisher":{"@id":"https:\/\/www.poesiegalerie.at\/wordpress\/#organization"},"keywords":["Besprechung","J\u00f6rg Piringer","Klaus Ebner"],"articleSection":["BESPRECHUNGEN"],"inLanguage":"de-DE"},{"@type":"WebPage","@id":"https:\/\/www.poesiegalerie.at\/wordpress\/2023\/01\/11\/ebner-besprechung-intelligenz-auf-dem-prufstand\/","url":"https:\/\/www.poesiegalerie.at\/wordpress\/2023\/01\/11\/ebner-besprechung-intelligenz-auf-dem-prufstand\/","name":"Intelligenz auf dem Pr\u00fcfstand - Poesiegalerie","isPartOf":{"@id":"https:\/\/www.poesiegalerie.at\/wordpress\/#website"},"datePublished":"2023-01-11T09:30:00+00:00","dateModified":"2023-02-07T23:32:56+00:00","description":"Besprechung: Klaus Ebner liest J\u00f6rg Piringers \"g\u00fcnstige intelligenz. hybride poetik und poetologie.\" f\u00fcr die Poesiegalerie","breadcrumb":{"@id":"https:\/\/www.poesiegalerie.at\/wordpress\/2023\/01\/11\/ebner-besprechung-intelligenz-auf-dem-prufstand\/#breadcrumb"},"inLanguage":"de-DE","potentialAction":[{"@type":"ReadAction","target":["https:\/\/www.poesiegalerie.at\/wordpress\/2023\/01\/11\/ebner-besprechung-intelligenz-auf-dem-prufstand\/"]}]},{"@type":"BreadcrumbList","@id":"https:\/\/www.poesiegalerie.at\/wordpress\/2023\/01\/11\/ebner-besprechung-intelligenz-auf-dem-prufstand\/#breadcrumb","itemListElement":[{"@type":"ListItem","position":1,"name":"Startseite","item":"https:\/\/www.poesiegalerie.at\/wordpress\/"},{"@type":"ListItem","position":2,"name":"Intelligenz auf dem Pr\u00fcfstand"}]},{"@type":"WebSite","@id":"https:\/\/www.poesiegalerie.at\/wordpress\/#website","url":"https:\/\/www.poesiegalerie.at\/wordpress\/","name":"Poesiegalerie","description":"","publisher":{"@id":"https:\/\/www.poesiegalerie.at\/wordpress\/#organization"},"potentialAction":[{"@type":"SearchAction","target":{"@type":"EntryPoint","urlTemplate":"https:\/\/www.poesiegalerie.at\/wordpress\/?s={search_term_string}"},"query-input":"required name=search_term_string"}],"inLanguage":"de-DE"},{"@type":"Organization","@id":"https:\/\/www.poesiegalerie.at\/wordpress\/#organization","name":"Poesiegalerie","url":"https:\/\/www.poesiegalerie.at\/wordpress\/","logo":{"@type":"ImageObject","inLanguage":"de-DE","@id":"https:\/\/www.poesiegalerie.at\/wordpress\/#\/schema\/logo\/image\/","url":"https:\/\/www.poesiegalerie.at\/wordpress\/wp-content\/uploads\/2021\/01\/Logoquadrat-PG-1.png","contentUrl":"https:\/\/www.poesiegalerie.at\/wordpress\/wp-content\/uploads\/2021\/01\/Logoquadrat-PG-1.png","width":512,"height":512,"caption":"Poesiegalerie"},"image":{"@id":"https:\/\/www.poesiegalerie.at\/wordpress\/#\/schema\/logo\/image\/"},"sameAs":["https:\/\/facebook.com\/poesiegalerie","https:\/\/twitter.com\/poesiegalerie","https:\/\/instagram.com\/poesiegalerie","https:\/\/youtube.com\/channel\/UChHTsNTzMPzZpU8TfKP3dNQ"]},{"@type":"Person","@id":"https:\/\/www.poesiegalerie.at\/wordpress\/#\/schema\/person\/e19e23249ea62e58948fe82f26d61e8b","name":"Carina Schlager","image":{"@type":"ImageObject","inLanguage":"de-DE","@id":"https:\/\/www.poesiegalerie.at\/wordpress\/#\/schema\/person\/image\/","url":"https:\/\/secure.gravatar.com\/avatar\/4a71cc0347a93a0f41d93d86ce4a52fb?s=96&d=mm&r=g","contentUrl":"https:\/\/secure.gravatar.com\/avatar\/4a71cc0347a93a0f41d93d86ce4a52fb?s=96&d=mm&r=g","caption":"Carina Schlager"},"url":"https:\/\/www.poesiegalerie.at\/wordpress\/author\/carina\/"}]}},"_links":{"self":[{"href":"https:\/\/www.poesiegalerie.at\/wordpress\/wp-json\/wp\/v2\/posts\/12710"}],"collection":[{"href":"https:\/\/www.poesiegalerie.at\/wordpress\/wp-json\/wp\/v2\/posts"}],"about":[{"href":"https:\/\/www.poesiegalerie.at\/wordpress\/wp-json\/wp\/v2\/types\/post"}],"author":[{"embeddable":true,"href":"https:\/\/www.poesiegalerie.at\/wordpress\/wp-json\/wp\/v2\/users\/9"}],"replies":[{"embeddable":true,"href":"https:\/\/www.poesiegalerie.at\/wordpress\/wp-json\/wp\/v2\/comments?post=12710"}],"version-history":[{"count":7,"href":"https:\/\/www.poesiegalerie.at\/wordpress\/wp-json\/wp\/v2\/posts\/12710\/revisions"}],"predecessor-version":[{"id":13119,"href":"https:\/\/www.poesiegalerie.at\/wordpress\/wp-json\/wp\/v2\/posts\/12710\/revisions\/13119"}],"wp:featuredmedia":[{"embeddable":true,"href":"https:\/\/www.poesiegalerie.at\/wordpress\/wp-json\/wp\/v2\/media\/12427"}],"wp:attachment":[{"href":"https:\/\/www.poesiegalerie.at\/wordpress\/wp-json\/wp\/v2\/media?parent=12710"}],"wp:term":[{"taxonomy":"category","embeddable":true,"href":"https:\/\/www.poesiegalerie.at\/wordpress\/wp-json\/wp\/v2\/categories?post=12710"},{"taxonomy":"post_tag","embeddable":true,"href":"https:\/\/www.poesiegalerie.at\/wordpress\/wp-json\/wp\/v2\/tags?post=12710"},{"taxonomy":"thb-sponsors","embeddable":true,"href":"https:\/\/www.poesiegalerie.at\/wordpress\/wp-json\/wp\/v2\/thb-sponsors?post=12710"}],"curies":[{"name":"wp","href":"https:\/\/api.w.org\/{rel}","templated":true}]}}