{"id":1295,"date":"2020-12-05T00:38:00","date_gmt":"2020-12-04T23:38:00","guid":{"rendered":"https:\/\/www.poesiegalerie.at\/wordpress\/?p=1295"},"modified":"2020-12-16T21:45:34","modified_gmt":"2020-12-16T20:45:34","slug":"ihr-weichen-kantigen-spitzen-kuriosen-fremden-nahen-worte-2","status":"publish","type":"post","link":"https:\/\/www.poesiegalerie.at\/wordpress\/2020\/12\/05\/ihr-weichen-kantigen-spitzen-kuriosen-fremden-nahen-worte-2\/","title":{"rendered":"ihr weichen kantigen spitzen kuriosen fremden nahen worte"},"content":{"rendered":"\n<h4 class=\"custom-small-subtitle wp-block-heading\"> <a data-type=\"page\" data-id=\"1428\" href=\"https:\/\/www.poesiegalerie.at\/wordpress\/nischkauer-astrid\/\">Astrid Nischkauer<\/a> liest <em>Atemraub<\/em> von  <a data-type=\"page\" data-id=\"1471\" href=\"https:\/\/www.poesiegalerie.at\/wordpress\/schwab-kirstin\/\">Kirstin Schwab<\/a><\/h4>\n\n\n\n<hr class=\"wp-block-separator\"\/>\n\n\n\n<div class=\"wp-block-media-text alignwide has-media-on-the-right is-stacked-on-mobile\"><figure class=\"wp-block-media-text__media\"><img decoding=\"async\" loading=\"lazy\" width=\"374\" height=\"627\" src=\"data:image\/gif;base64,R0lGODlhAQABAAAAACH5BAEKAAEALAAAAAABAAEAAAICTAEAOw==\" data-src=\"https:\/\/www.poesiegalerie.at\/wordpress\/wp-content\/uploads\/2020\/06\/Cover_Schwab_Kirstin_Atemraub_Keiper_lyrik_20.jpg\" alt=\"Cover Schwab Atemraub\" class=\"wp-image-1296 size-full lazyload\" data-sizes=\"auto\" data-srcset=\"https:\/\/www.poesiegalerie.at\/wordpress\/wp-content\/uploads\/2020\/06\/Cover_Schwab_Kirstin_Atemraub_Keiper_lyrik_20.jpg 374w, https:\/\/www.poesiegalerie.at\/wordpress\/wp-content\/uploads\/2020\/06\/Cover_Schwab_Kirstin_Atemraub_Keiper_lyrik_20-179x300.jpg 179w, https:\/\/www.poesiegalerie.at\/wordpress\/wp-content\/uploads\/2020\/06\/Cover_Schwab_Kirstin_Atemraub_Keiper_lyrik_20-370x620.jpg 370w, https:\/\/www.poesiegalerie.at\/wordpress\/wp-content\/uploads\/2020\/06\/Cover_Schwab_Kirstin_Atemraub_Keiper_lyrik_20-185x310.jpg 185w, https:\/\/www.poesiegalerie.at\/wordpress\/wp-content\/uploads\/2020\/06\/Cover_Schwab_Kirstin_Atemraub_Keiper_lyrik_20-20x34.jpg 20w, https:\/\/www.poesiegalerie.at\/wordpress\/wp-content\/uploads\/2020\/06\/Cover_Schwab_Kirstin_Atemraub_Keiper_lyrik_20-29x48.jpg 29w\" sizes=\"(max-width: 374px) 100vw, 374px\" \/><\/figure><div class=\"wp-block-media-text__content\">\n<p class=\"has-drop-cap\"><em>Atemraub<\/em>&nbsp;lautet der Titel des bei Keiper erschienenen Gedichtbandes von Kirstin Schwab. Die St\u00e4rke ihrer Dichtung liegt gerade in ihrer Dichtheit. Schreiben wird bei ihr zu einer schweren k\u00f6rperlichen Arbeit und die Dichterin wird darin zum \u201eWorthauer\u201c, der gleich einem Bildhauer aus Worten Formen herausschl\u00e4gt.&nbsp;<\/p>\n\n\n\n<pre class=\"wp-block-preformatted\">vor sich alle Worte<br>und eines noch weg<br>und noch eines und mehr<br>zuletzt ein Loch<br>ein Umriss&nbsp;<br>Umrandung mit Ausschnitt<\/pre>\n\n\n\n<p>Ziel des Ganzen ist nicht mehr oder weniger als \u201edas eigentlich nicht \/ zu Sagende\u201c zu sagen, oder sichtbar werden zu lassen.&nbsp;So konzise jedes einzelne Gedicht sprachlich um Knapp-heit und Pr\u00e4zision ringt, so kunter-bunt zusammenge-sammelt wirkt der Gedichtband inhaltlich als Ganzes. Ob man das jedoch als St\u00e4rke oder als Schw\u00e4che ansieht, liegt ganz im Auge des Betrachters, der Betrachterin.<\/p>\n<\/div><\/div>\n\n\n\n<div class=\"wp-block-group alignwide mb-30\"><div class=\"wp-block-group__inner-container is-layout-flow wp-block-group-is-layout-flow\">\n<p class=\"has-text-align-right\">\u00a9 Copyright Edition Keiper<\/p>\n<\/div><\/div>\n\n\n\n<p>Der rote Faden, der alles zusammenh\u00e4lt, ist dabei das Ich. Schreibt man sich alleine alle ersten Zeilen aus den Gedichten heraus, in denen das Wort \u201eich\u201c auftaucht, so kommt eine beachtlich lange Liste zustande. Worte wie \u201emich\u201c, \u201emir\u201c oder \u201emein\u201c, welche auch einen Ich-Bezug darstellen, sind dabei aber noch gar nicht ber\u00fccksichtigt:<\/p>\n\n\n\n<pre class=\"wp-block-preformatted\">ich will dich nicht festschreiben<br>und da sehe ich<br>m\u00f6cht ich<br>ich<br>ich kann nicht neben dir<br>ich entferne<br>traf ich<br>ich und<br>ich sitze bei der<br>ich schaue in den R\u00fcckspiegel<br>bis ich<br>heute bin ich<br>ich nehme mir<br>ich dachte immer<br>dir spende ich<br>ich habe Angst<br>gestern stand ich oben<br>ich lege<\/pre>\n\n\n\n<p>Das Ich fungiert damit als Ausgangspunkt, Dreh- und Angelpunkt f\u00fcr die Gedichte.<\/p>\n\n\n\n<p><em>Atemraub<\/em>&nbsp;lautet der Titel des Bandes und er l\u00e4sst sich zum einen auf die Verg\u00e4nglichkeit und den Tod beziehen. Die Auseinandersetzung mit der eigenen Verg\u00e4nglichkeit taucht in und zwischen den Zeilen der Gedichte immer wieder auf, besonders im letzten Kapitel,&nbsp;<em>vom Zeitfleisch<\/em>. Zum anderen kann man&nbsp;<em>Atemraub<\/em>&nbsp;aber auch auf die Liebe beziehen, die einem metaphorisch den Atem rauben kann. Der Liebe wird im Band ein ganzes Kapitel mit dem Titel&nbsp;<em>Liebesdichte<\/em> gewidmet. Liebesdichte, wohlgemerkt, und nicht Liebesgedichte, womit wir wieder bei der Dichte als zentraler Eigenschaft der Gedichte von Kirstin Schwab angelangt w\u00e4ren.&nbsp;Aber beginnen wir den Band erst einmal von vorne zu lesen. Im ersten Kapitel,&nbsp;<em>ihr weichen kantigen spitzen kuriosen fremden nahen Worte<\/em>, geht es um die Liebe zu den Worten und der Sprache. Worte sind dabei, wie bereits gesagt, zum einen Material, das vom \u201eWorthauer\u201c bearbeitet wird. Zum anderen sind Worte aber auch etwas, worin man Geborgenheit findet, beispielsweise werden die aneinandergereihten \u201eWorte dieser Welt\u201c zu einem warmen Wortschal, in den man sich einwickeln k\u00f6nnte. Der Drang zu Dichtheit und Knappheit geht einher mit einer Pointiertheit, die uns aus Aphorismus und Witz vertraut ist.&nbsp;<em>Atemraub&nbsp;<\/em>enth\u00e4lt damit auch einige Gedichte zum Schmunzeln, wie das, in dem uns ein Fisch mit Regenschirm begegnet, welcher einfach \u201eein reines Accessoire \/ der Poesie\u201c sei. Wobei mit dem Accessoire nicht allein der Regenschirm, sondern auch der Fisch mit Regenschirm gemeint sein k\u00f6nnte. Einem Gedicht \u00fcber den Dadaismus (\u201eCeci n\u2019est pas un po\u00e8me\u201c) wird eines mit Ernst Jandl-Bezug gegen\u00fcber gestellt (\u201eJandl\u2019sche Listen\u201c), was insofern gut passt, als f\u00fcr Ernst Jandl und seine Generation der Dadaismus ein wichtiger Ankn\u00fcpfungspunkt f\u00fcr das eigene Schreiben war.&nbsp;<\/p>\n\n\n\n<p>Im zweiten Kapitel,&nbsp;<em>Liebesdichte<\/em>, wird es \u201eatemnah \/ blicknah\u201c. Liebeskummer und Liebesgl\u00fcck wechseln sich in den Gedichten ab, wobei die \u201eProblematik \/ des Binnen-reims\u201c schon einmal in einem Gedicht auf eine \u201ebetonte \/ Herzmuskelschw\u00e4che\u201c treffen kann:<\/p>\n\n\n\n<pre class=\"wp-block-preformatted\">das Herz auf der Zunge<br>in deinem Ohr<br>z\u00e4hle ich&nbsp;<br>Hebungen und Senkungen<\/pre>\n\n\n\n<p>Kirstin Schwab zeigt auch in diesem Kapitel eine Vorliebe f\u00fcr sehr schlichte K\u00fcrzestgedichte, die alles mit nur sehr wenigen Worten sagen:<\/p>\n\n\n\n<pre class=\"wp-block-verse\">du bist&nbsp;\ndie H\u00e4lfte\nmeines\nLebensdialogs<\/pre>\n\n\n\n<p>In&nbsp;<em>ich lebe im wilden Eigenstand<\/em>, dem n\u00e4chsten Kapitel, geht es um den eigenen K\u00f6rper, das Theater, oder auch ums Altern. Theater ist insofern naheliegend, als Kirstin Schwab selbst Schauspielerin ist. Ein Gedicht sticht dabei f\u00fcr mich aus diesem Kapitel besonders heraus, und zwar \u201eNestroys Tod\u201c. Es geht darin um eine Preisver-leihung, bei der die beste Nachwuchsschauspielerin ausgezeichnet wird. Der Titel l\u00e4sst an den Nestroypreis, einen Wiener Theaterpreis denken. Im Gedicht nimmt ein Ich an dieser Preisverleihung teil und sitzt im Publikum, kann aber weder applau-dieren, noch aufspringen um Bravo zu rufen, weil \u2013 und das ist der Grund warum ich an diesem Gedicht h\u00e4ngen geblieben bin \u2013 in eben diesem Moment gerade eine Fliege am Revers stirbt:<\/p>\n\n\n\n<pre class=\"wp-block-verse\">ich sitze bei der\nPreisverleihung\nund an meinem Revers\nendet eine Fliege\nnein\nsie beginnt zu enden\nes ist der runde warme Kampf\ndes Todes<\/pre>\n\n\n\n<p>Warum horche ich auf, wenn es um den Tod einer Fliege geht? Weil niemand geringerer als Marguerite Duras den Tod einer Fliege als ein mehr als w\u00fcrdiges Thema f\u00fcr die Literatur erachtet hat und in&nbsp;<em>\u00c9crire<\/em>&nbsp;viele Seiten lang \u00fcber den Tod einer gew\u00f6hnlichen Fliege nachdenkt, dem sie zwanzig Jahre zuvor beigewohnt hatte: \u201eLa mort d\u2019une mouche, c\u2019est la mort.\u201c (Der Tod einer Fliege ist der Tod an sich)<\/p>\n\n\n\n<p>Das vierte und letzte Kapitel,&nbsp;<em>vom Zeitfleisch<\/em>, handelt dann von der Angst vor der eigenen Verg\u00e4nglichkeit, der Blick richtet sich aber auch auf die Mitmenschen. Zum Schluss h\u00e4ufen sich dann religi\u00f6se Motive, wenn aus Papier ein Himmel-und-H\u00f6lle-Spiel gefaltet wird, der Umriss eines Kreuzes an der Wand eines j\u00fcdischen Friedhofs bemerkt wird, Konklave um ein Herz abgehalten wird, eine an den Spiegel gelegte Hand zu D\u00fcrers betenden H\u00e4nden wird und ein Beichtstuhl s\u00fcndig im Walde steht. Am Ende hei\u00dft es dann naheliegender Weise auch: auf ins Paradies!<\/p>\n\n\n\n<pre class=\"wp-block-preformatted\"><em>ins Paradies<\/em><br><br>schnell<br>wir m\u00fcssen los<br>den langen Weg nehmen<\/pre>\n\n\n\n<p><strong>Kirstin Schwab: <em>Atemraub<\/em>. Keiper Lyrik Band 20<\/strong>, <strong>Graz: Edition Keiper, 2019.   116 Seiten.<\/strong><\/p>\n","protected":false},"excerpt":{"rendered":"<p>Astrid Nischkauer bespricht den bei Keiper erschienen Gedichtband &#8222;Atemraub&#8220; von Kirstin Schwab<\/p>\n","protected":false},"author":1,"featured_media":3538,"comment_status":"closed","ping_status":"closed","sticky":false,"template":"","format":"standard","meta":[],"categories":[107],"tags":[149,150],"thb-sponsors":[],"yoast_head":"<!-- This site is optimized with the Yoast SEO plugin v20.6 - https:\/\/yoast.com\/wordpress\/plugins\/seo\/ -->\n<title>ihr weichen kantigen spitzen kuriosen fremden nahen worte - Poesiegalerie<\/title>\n<meta name=\"robots\" content=\"index, follow, max-snippet:-1, max-image-preview:large, max-video-preview:-1\" \/>\n<link rel=\"canonical\" href=\"https:\/\/www.poesiegalerie.at\/wordpress\/2020\/12\/05\/ihr-weichen-kantigen-spitzen-kuriosen-fremden-nahen-worte-2\/\" \/>\n<meta property=\"og:locale\" content=\"de_DE\" \/>\n<meta property=\"og:type\" content=\"article\" \/>\n<meta property=\"og:title\" content=\"ihr weichen kantigen spitzen kuriosen fremden nahen worte - Poesiegalerie\" \/>\n<meta property=\"og:description\" content=\"Astrid Nischkauer bespricht den bei Keiper erschienen Gedichtband &quot;Atemraub&quot; von Kirstin Schwab\" \/>\n<meta property=\"og:url\" content=\"https:\/\/www.poesiegalerie.at\/wordpress\/2020\/12\/05\/ihr-weichen-kantigen-spitzen-kuriosen-fremden-nahen-worte-2\/\" \/>\n<meta property=\"og:site_name\" content=\"Poesiegalerie\" \/>\n<meta property=\"article:publisher\" content=\"https:\/\/facebook.com\/poesiegalerie\" \/>\n<meta property=\"article:published_time\" content=\"2020-12-04T23:38:00+00:00\" \/>\n<meta property=\"article:modified_time\" content=\"2020-12-16T20:45:34+00:00\" \/>\n<meta property=\"og:image\" content=\"https:\/\/www.poesiegalerie.at\/wordpress\/wp-content\/uploads\/2020\/07\/Kirstin-Schwab-scaled-e1594763127950.jpg\" \/>\n\t<meta property=\"og:image:width\" content=\"1433\" \/>\n\t<meta property=\"og:image:height\" content=\"1971\" \/>\n\t<meta property=\"og:image:type\" content=\"image\/jpeg\" \/>\n<meta name=\"author\" content=\"ried\" \/>\n<meta name=\"twitter:card\" content=\"summary_large_image\" \/>\n<meta name=\"twitter:image\" content=\"https:\/\/www.poesiegalerie.at\/wordpress\/wp-content\/uploads\/2020\/07\/Kirstin-Schwab-scaled-e1594763127950.jpg\" \/>\n<meta name=\"twitter:creator\" content=\"@poesiegalerie\" \/>\n<meta name=\"twitter:site\" content=\"@poesiegalerie\" \/>\n<meta name=\"twitter:label1\" content=\"Verfasst von\" \/>\n\t<meta name=\"twitter:data1\" content=\"ried\" \/>\n\t<meta name=\"twitter:label2\" content=\"Gesch\u00e4tzte Lesezeit\" \/>\n\t<meta name=\"twitter:data2\" content=\"5 Minuten\" \/>\n<script type=\"application\/ld+json\" class=\"yoast-schema-graph\">{\"@context\":\"https:\/\/schema.org\",\"@graph\":[{\"@type\":\"Article\",\"@id\":\"https:\/\/www.poesiegalerie.at\/wordpress\/2020\/12\/05\/ihr-weichen-kantigen-spitzen-kuriosen-fremden-nahen-worte-2\/#article\",\"isPartOf\":{\"@id\":\"https:\/\/www.poesiegalerie.at\/wordpress\/2020\/12\/05\/ihr-weichen-kantigen-spitzen-kuriosen-fremden-nahen-worte-2\/\"},\"author\":{\"name\":\"ried\",\"@id\":\"https:\/\/www.poesiegalerie.at\/wordpress\/#\/schema\/person\/0cc97ae77cc6a8f51d6aeb3d5836ea82\"},\"headline\":\"ihr weichen kantigen spitzen kuriosen fremden nahen worte\",\"datePublished\":\"2020-12-04T23:38:00+00:00\",\"dateModified\":\"2020-12-16T20:45:34+00:00\",\"mainEntityOfPage\":{\"@id\":\"https:\/\/www.poesiegalerie.at\/wordpress\/2020\/12\/05\/ihr-weichen-kantigen-spitzen-kuriosen-fremden-nahen-worte-2\/\"},\"wordCount\":856,\"publisher\":{\"@id\":\"https:\/\/www.poesiegalerie.at\/wordpress\/#organization\"},\"keywords\":[\"Astrid Nischkauer\",\"Kirstin Schwab\"],\"articleSection\":[\"BESPRECHUNGEN\"],\"inLanguage\":\"de-DE\"},{\"@type\":\"WebPage\",\"@id\":\"https:\/\/www.poesiegalerie.at\/wordpress\/2020\/12\/05\/ihr-weichen-kantigen-spitzen-kuriosen-fremden-nahen-worte-2\/\",\"url\":\"https:\/\/www.poesiegalerie.at\/wordpress\/2020\/12\/05\/ihr-weichen-kantigen-spitzen-kuriosen-fremden-nahen-worte-2\/\",\"name\":\"ihr weichen kantigen spitzen kuriosen fremden nahen worte - Poesiegalerie\",\"isPartOf\":{\"@id\":\"https:\/\/www.poesiegalerie.at\/wordpress\/#website\"},\"datePublished\":\"2020-12-04T23:38:00+00:00\",\"dateModified\":\"2020-12-16T20:45:34+00:00\",\"breadcrumb\":{\"@id\":\"https:\/\/www.poesiegalerie.at\/wordpress\/2020\/12\/05\/ihr-weichen-kantigen-spitzen-kuriosen-fremden-nahen-worte-2\/#breadcrumb\"},\"inLanguage\":\"de-DE\",\"potentialAction\":[{\"@type\":\"ReadAction\",\"target\":[\"https:\/\/www.poesiegalerie.at\/wordpress\/2020\/12\/05\/ihr-weichen-kantigen-spitzen-kuriosen-fremden-nahen-worte-2\/\"]}]},{\"@type\":\"BreadcrumbList\",\"@id\":\"https:\/\/www.poesiegalerie.at\/wordpress\/2020\/12\/05\/ihr-weichen-kantigen-spitzen-kuriosen-fremden-nahen-worte-2\/#breadcrumb\",\"itemListElement\":[{\"@type\":\"ListItem\",\"position\":1,\"name\":\"Startseite\",\"item\":\"https:\/\/www.poesiegalerie.at\/wordpress\/\"},{\"@type\":\"ListItem\",\"position\":2,\"name\":\"ihr weichen kantigen spitzen kuriosen fremden nahen worte\"}]},{\"@type\":\"WebSite\",\"@id\":\"https:\/\/www.poesiegalerie.at\/wordpress\/#website\",\"url\":\"https:\/\/www.poesiegalerie.at\/wordpress\/\",\"name\":\"Poesiegalerie\",\"description\":\"\",\"publisher\":{\"@id\":\"https:\/\/www.poesiegalerie.at\/wordpress\/#organization\"},\"potentialAction\":[{\"@type\":\"SearchAction\",\"target\":{\"@type\":\"EntryPoint\",\"urlTemplate\":\"https:\/\/www.poesiegalerie.at\/wordpress\/?s={search_term_string}\"},\"query-input\":\"required name=search_term_string\"}],\"inLanguage\":\"de-DE\"},{\"@type\":\"Organization\",\"@id\":\"https:\/\/www.poesiegalerie.at\/wordpress\/#organization\",\"name\":\"Poesiegalerie\",\"url\":\"https:\/\/www.poesiegalerie.at\/wordpress\/\",\"logo\":{\"@type\":\"ImageObject\",\"inLanguage\":\"de-DE\",\"@id\":\"https:\/\/www.poesiegalerie.at\/wordpress\/#\/schema\/logo\/image\/\",\"url\":\"https:\/\/www.poesiegalerie.at\/wordpress\/wp-content\/uploads\/2021\/01\/Logoquadrat-PG-1.png\",\"contentUrl\":\"https:\/\/www.poesiegalerie.at\/wordpress\/wp-content\/uploads\/2021\/01\/Logoquadrat-PG-1.png\",\"width\":512,\"height\":512,\"caption\":\"Poesiegalerie\"},\"image\":{\"@id\":\"https:\/\/www.poesiegalerie.at\/wordpress\/#\/schema\/logo\/image\/\"},\"sameAs\":[\"https:\/\/facebook.com\/poesiegalerie\",\"https:\/\/twitter.com\/poesiegalerie\",\"https:\/\/instagram.com\/poesiegalerie\",\"https:\/\/youtube.com\/channel\/UChHTsNTzMPzZpU8TfKP3dNQ\"]},{\"@type\":\"Person\",\"@id\":\"https:\/\/www.poesiegalerie.at\/wordpress\/#\/schema\/person\/0cc97ae77cc6a8f51d6aeb3d5836ea82\",\"name\":\"ried\",\"image\":{\"@type\":\"ImageObject\",\"inLanguage\":\"de-DE\",\"@id\":\"https:\/\/www.poesiegalerie.at\/wordpress\/#\/schema\/person\/image\/\",\"url\":\"https:\/\/secure.gravatar.com\/avatar\/fbcaf19fe4a175099f721f765e209713?s=96&d=mm&r=g\",\"contentUrl\":\"https:\/\/secure.gravatar.com\/avatar\/fbcaf19fe4a175099f721f765e209713?s=96&d=mm&r=g\",\"caption\":\"ried\"},\"url\":\"https:\/\/www.poesiegalerie.at\/wordpress\/author\/ried\/\"}]}<\/script>\n<!-- \/ Yoast SEO plugin. -->","yoast_head_json":{"title":"ihr weichen kantigen spitzen kuriosen fremden nahen worte - Poesiegalerie","robots":{"index":"index","follow":"follow","max-snippet":"max-snippet:-1","max-image-preview":"max-image-preview:large","max-video-preview":"max-video-preview:-1"},"canonical":"https:\/\/www.poesiegalerie.at\/wordpress\/2020\/12\/05\/ihr-weichen-kantigen-spitzen-kuriosen-fremden-nahen-worte-2\/","og_locale":"de_DE","og_type":"article","og_title":"ihr weichen kantigen spitzen kuriosen fremden nahen worte - Poesiegalerie","og_description":"Astrid Nischkauer bespricht den bei Keiper erschienen Gedichtband \"Atemraub\" von Kirstin Schwab","og_url":"https:\/\/www.poesiegalerie.at\/wordpress\/2020\/12\/05\/ihr-weichen-kantigen-spitzen-kuriosen-fremden-nahen-worte-2\/","og_site_name":"Poesiegalerie","article_publisher":"https:\/\/facebook.com\/poesiegalerie","article_published_time":"2020-12-04T23:38:00+00:00","article_modified_time":"2020-12-16T20:45:34+00:00","og_image":[{"width":1433,"height":1971,"url":"https:\/\/www.poesiegalerie.at\/wordpress\/wp-content\/uploads\/2020\/07\/Kirstin-Schwab-scaled-e1594763127950.jpg","type":"image\/jpeg"}],"author":"ried","twitter_card":"summary_large_image","twitter_image":"https:\/\/www.poesiegalerie.at\/wordpress\/wp-content\/uploads\/2020\/07\/Kirstin-Schwab-scaled-e1594763127950.jpg","twitter_creator":"@poesiegalerie","twitter_site":"@poesiegalerie","twitter_misc":{"Verfasst von":"ried","Gesch\u00e4tzte Lesezeit":"5 Minuten"},"schema":{"@context":"https:\/\/schema.org","@graph":[{"@type":"Article","@id":"https:\/\/www.poesiegalerie.at\/wordpress\/2020\/12\/05\/ihr-weichen-kantigen-spitzen-kuriosen-fremden-nahen-worte-2\/#article","isPartOf":{"@id":"https:\/\/www.poesiegalerie.at\/wordpress\/2020\/12\/05\/ihr-weichen-kantigen-spitzen-kuriosen-fremden-nahen-worte-2\/"},"author":{"name":"ried","@id":"https:\/\/www.poesiegalerie.at\/wordpress\/#\/schema\/person\/0cc97ae77cc6a8f51d6aeb3d5836ea82"},"headline":"ihr weichen kantigen spitzen kuriosen fremden nahen worte","datePublished":"2020-12-04T23:38:00+00:00","dateModified":"2020-12-16T20:45:34+00:00","mainEntityOfPage":{"@id":"https:\/\/www.poesiegalerie.at\/wordpress\/2020\/12\/05\/ihr-weichen-kantigen-spitzen-kuriosen-fremden-nahen-worte-2\/"},"wordCount":856,"publisher":{"@id":"https:\/\/www.poesiegalerie.at\/wordpress\/#organization"},"keywords":["Astrid Nischkauer","Kirstin Schwab"],"articleSection":["BESPRECHUNGEN"],"inLanguage":"de-DE"},{"@type":"WebPage","@id":"https:\/\/www.poesiegalerie.at\/wordpress\/2020\/12\/05\/ihr-weichen-kantigen-spitzen-kuriosen-fremden-nahen-worte-2\/","url":"https:\/\/www.poesiegalerie.at\/wordpress\/2020\/12\/05\/ihr-weichen-kantigen-spitzen-kuriosen-fremden-nahen-worte-2\/","name":"ihr weichen kantigen spitzen kuriosen fremden nahen worte - Poesiegalerie","isPartOf":{"@id":"https:\/\/www.poesiegalerie.at\/wordpress\/#website"},"datePublished":"2020-12-04T23:38:00+00:00","dateModified":"2020-12-16T20:45:34+00:00","breadcrumb":{"@id":"https:\/\/www.poesiegalerie.at\/wordpress\/2020\/12\/05\/ihr-weichen-kantigen-spitzen-kuriosen-fremden-nahen-worte-2\/#breadcrumb"},"inLanguage":"de-DE","potentialAction":[{"@type":"ReadAction","target":["https:\/\/www.poesiegalerie.at\/wordpress\/2020\/12\/05\/ihr-weichen-kantigen-spitzen-kuriosen-fremden-nahen-worte-2\/"]}]},{"@type":"BreadcrumbList","@id":"https:\/\/www.poesiegalerie.at\/wordpress\/2020\/12\/05\/ihr-weichen-kantigen-spitzen-kuriosen-fremden-nahen-worte-2\/#breadcrumb","itemListElement":[{"@type":"ListItem","position":1,"name":"Startseite","item":"https:\/\/www.poesiegalerie.at\/wordpress\/"},{"@type":"ListItem","position":2,"name":"ihr weichen kantigen spitzen kuriosen fremden nahen worte"}]},{"@type":"WebSite","@id":"https:\/\/www.poesiegalerie.at\/wordpress\/#website","url":"https:\/\/www.poesiegalerie.at\/wordpress\/","name":"Poesiegalerie","description":"","publisher":{"@id":"https:\/\/www.poesiegalerie.at\/wordpress\/#organization"},"potentialAction":[{"@type":"SearchAction","target":{"@type":"EntryPoint","urlTemplate":"https:\/\/www.poesiegalerie.at\/wordpress\/?s={search_term_string}"},"query-input":"required name=search_term_string"}],"inLanguage":"de-DE"},{"@type":"Organization","@id":"https:\/\/www.poesiegalerie.at\/wordpress\/#organization","name":"Poesiegalerie","url":"https:\/\/www.poesiegalerie.at\/wordpress\/","logo":{"@type":"ImageObject","inLanguage":"de-DE","@id":"https:\/\/www.poesiegalerie.at\/wordpress\/#\/schema\/logo\/image\/","url":"https:\/\/www.poesiegalerie.at\/wordpress\/wp-content\/uploads\/2021\/01\/Logoquadrat-PG-1.png","contentUrl":"https:\/\/www.poesiegalerie.at\/wordpress\/wp-content\/uploads\/2021\/01\/Logoquadrat-PG-1.png","width":512,"height":512,"caption":"Poesiegalerie"},"image":{"@id":"https:\/\/www.poesiegalerie.at\/wordpress\/#\/schema\/logo\/image\/"},"sameAs":["https:\/\/facebook.com\/poesiegalerie","https:\/\/twitter.com\/poesiegalerie","https:\/\/instagram.com\/poesiegalerie","https:\/\/youtube.com\/channel\/UChHTsNTzMPzZpU8TfKP3dNQ"]},{"@type":"Person","@id":"https:\/\/www.poesiegalerie.at\/wordpress\/#\/schema\/person\/0cc97ae77cc6a8f51d6aeb3d5836ea82","name":"ried","image":{"@type":"ImageObject","inLanguage":"de-DE","@id":"https:\/\/www.poesiegalerie.at\/wordpress\/#\/schema\/person\/image\/","url":"https:\/\/secure.gravatar.com\/avatar\/fbcaf19fe4a175099f721f765e209713?s=96&d=mm&r=g","contentUrl":"https:\/\/secure.gravatar.com\/avatar\/fbcaf19fe4a175099f721f765e209713?s=96&d=mm&r=g","caption":"ried"},"url":"https:\/\/www.poesiegalerie.at\/wordpress\/author\/ried\/"}]}},"_links":{"self":[{"href":"https:\/\/www.poesiegalerie.at\/wordpress\/wp-json\/wp\/v2\/posts\/1295"}],"collection":[{"href":"https:\/\/www.poesiegalerie.at\/wordpress\/wp-json\/wp\/v2\/posts"}],"about":[{"href":"https:\/\/www.poesiegalerie.at\/wordpress\/wp-json\/wp\/v2\/types\/post"}],"author":[{"embeddable":true,"href":"https:\/\/www.poesiegalerie.at\/wordpress\/wp-json\/wp\/v2\/users\/1"}],"replies":[{"embeddable":true,"href":"https:\/\/www.poesiegalerie.at\/wordpress\/wp-json\/wp\/v2\/comments?post=1295"}],"version-history":[{"count":11,"href":"https:\/\/www.poesiegalerie.at\/wordpress\/wp-json\/wp\/v2\/posts\/1295\/revisions"}],"predecessor-version":[{"id":3539,"href":"https:\/\/www.poesiegalerie.at\/wordpress\/wp-json\/wp\/v2\/posts\/1295\/revisions\/3539"}],"wp:featuredmedia":[{"embeddable":true,"href":"https:\/\/www.poesiegalerie.at\/wordpress\/wp-json\/wp\/v2\/media\/3538"}],"wp:attachment":[{"href":"https:\/\/www.poesiegalerie.at\/wordpress\/wp-json\/wp\/v2\/media?parent=1295"}],"wp:term":[{"taxonomy":"category","embeddable":true,"href":"https:\/\/www.poesiegalerie.at\/wordpress\/wp-json\/wp\/v2\/categories?post=1295"},{"taxonomy":"post_tag","embeddable":true,"href":"https:\/\/www.poesiegalerie.at\/wordpress\/wp-json\/wp\/v2\/tags?post=1295"},{"taxonomy":"thb-sponsors","embeddable":true,"href":"https:\/\/www.poesiegalerie.at\/wordpress\/wp-json\/wp\/v2\/thb-sponsors?post=1295"}],"curies":[{"name":"wp","href":"https:\/\/api.w.org\/{rel}","templated":true}]}}