{"id":13494,"date":"2023-03-30T10:00:00","date_gmt":"2023-03-30T08:00:00","guid":{"rendered":"https:\/\/www.poesiegalerie.at\/wordpress\/?p=13494"},"modified":"2023-10-16T21:39:44","modified_gmt":"2023-10-16T19:39:44","slug":"ebner-besprechung-unfrisiert-ist-unverbluemt","status":"publish","type":"post","link":"https:\/\/www.poesiegalerie.at\/wordpress\/2023\/03\/30\/ebner-besprechung-unfrisiert-ist-unverbluemt\/","title":{"rendered":"Unfrisiert ist unverbl\u00fcmt"},"content":{"rendered":"\n<p class=\"has-medium-font-size\"><a href=\"https:\/\/www.poesiegalerie.at\/wordpress\/autor%e2%80%91innen\/ebner-klaus\/\">Klaus Ebner<\/a> liest <a href=\"https:\/\/www.poesiegalerie.at\/wordpress\/autor%e2%80%91innen\/haefner-eberhard\/\">Eberhard H\u00e4fners<\/a> <em>Am unfrisierten Rand<\/em><\/p>\n\n\n\n<hr class=\"wp-block-separator has-alpha-channel-opacity\"\/>\n\n\n\n<p>Mit einem Sprung zum Virus, ironisch eingebettet in ein mathematisches Wirtshausambiente, startet der Gedichtband \u201eAm unfrisierten Rand\u201c von Eberhard H\u00e4fner:<\/p>\n\n\n\n<pre class=\"wp-block-verse\">im Wirtshaus \u201eZur Zelle\u201c schleimten die W\u00e4nde\nich, ein Eleve, total verschnupft\nmultiplizierte Viren\nzun\u00e4chst mit dem Quadrat der St\u00e4mme\ndie sich selbst potenzierten<\/pre>\n\n\n\n<p>So spa\u00dfig h\u00e4tte das wohl kein einziger Virologe w\u00e4hrend der Pandemie, die wir miterleben mussten, hingekriegt.<\/p>\n\n\n\n<p>Eberhard H\u00e4fner wurde 1941 im th\u00fcringischen Steinbach-Hallenberg geboren und wuchs in der DDR auf. Er absolvierte eine Ausbildung als Kupfer- und Silberschmied sowie Metallformgestalter. Seit vielen Jahren lebt er als freier Schriftsteller in Berlin und wurde mit einer Reihe von Literaturpreisen ausgezeichnet, darunter dem Medienpreis der RAI S\u00fcdtirol beim Lyrikpreis Meran 2018.<\/p>\n\n\n\n<div class=\"wp-block-media-text alignwide has-media-on-the-right is-stacked-on-mobile\" style=\"grid-template-columns:auto 28%\"><div class=\"wp-block-media-text__content\">\n<p>Viele Gedichte des Buches weisen ein Vokabular auf, das sich auffallend intensiv der Sprache der Naturwissenschaften bedient. Dieser Autor, dachte ich w\u00e4hrend der ersten Lekt\u00fcre, muss eine Menge von Chemie und Biologie verstehen. Dabei hat gewiss auch H\u00e4fners Ausbildung Spuren hinterlassen, und es ist faszinierend, wie er dieses Wissen in der Lyrik verarbeitet hat. In gewisser Weise erinnert es mich an Gottfried Benn, der ganz \u00c4hnliches mit den Fachbegriffen der Medizin vollbrachte.<\/p>\n\n\n\n<p>Cover \u00a9 Klever Verlag<\/p>\n<\/div><figure class=\"wp-block-media-text__media\"><img decoding=\"async\" loading=\"lazy\" width=\"668\" height=\"1024\" src=\"data:image\/gif;base64,R0lGODlhAQABAAAAACH5BAEKAAEALAAAAAABAAEAAAICTAEAOw==\" data-src=\"https:\/\/www.poesiegalerie.at\/wordpress\/wp-content\/uploads\/2023\/03\/Cover-haefner-eberhard-am-unfrisierten-rand-668x1024.jpg\" alt=\"Cover ha\u0308fner eberhard am unfrisierten rand\" class=\"wp-image-13497 size-full lazyload\" data-sizes=\"auto\" data-srcset=\"https:\/\/www.poesiegalerie.at\/wordpress\/wp-content\/uploads\/2023\/03\/Cover-haefner-eberhard-am-unfrisierten-rand-668x1024.jpg 668w, https:\/\/www.poesiegalerie.at\/wordpress\/wp-content\/uploads\/2023\/03\/Cover-haefner-eberhard-am-unfrisierten-rand-196x300.jpg 196w, https:\/\/www.poesiegalerie.at\/wordpress\/wp-content\/uploads\/2023\/03\/Cover-haefner-eberhard-am-unfrisierten-rand-98x150.jpg 98w, https:\/\/www.poesiegalerie.at\/wordpress\/wp-content\/uploads\/2023\/03\/Cover-haefner-eberhard-am-unfrisierten-rand-370x567.jpg 370w, https:\/\/www.poesiegalerie.at\/wordpress\/wp-content\/uploads\/2023\/03\/Cover-haefner-eberhard-am-unfrisierten-rand-20x31.jpg 20w, https:\/\/www.poesiegalerie.at\/wordpress\/wp-content\/uploads\/2023\/03\/Cover-haefner-eberhard-am-unfrisierten-rand-600x920.jpg 600w, https:\/\/www.poesiegalerie.at\/wordpress\/wp-content\/uploads\/2023\/03\/Cover-haefner-eberhard-am-unfrisierten-rand-31x48.jpg 31w\" sizes=\"(max-width: 668px) 100vw, 668px\" \/><\/figure><\/div>\n\n\n\n<h4 class=\"wp-block-heading\">Die Konstrukte<\/h4>\n\n\n\n<p>Der Gedichtband ist in vier ungleich lange Abschnitte unterteilt, die jeweils mit \u201eKONSTRUKT\u201c plus einem griechischen Buchstaben \u00fcbertitelt sind, also \u201eKONSTRUKT alpha\u201c (in genau dieser Schreibung) bis zu \u201eKONSTRUKT delta\u201c. Alle Gedichte tragen Titel, und in \u201ebeta\u201c gibt es einen sechsteiligen Zyklus namens \u201eH zwei O\u201c \u2013 die aussprachew\u00f6rtliche Umsetzung der chemischen Formel f\u00fcr Wasser. Darin findet sich die folgende Strophe:<\/p>\n\n\n\n<pre class=\"wp-block-verse\">gletscherdings f\u00fcr uns das Wasser s\u00fc\u00df\ntrinken den Kaffee ohne\nZucker schon im Blut, wir f\u00fchlen uns halb tot\naber halb Fisch unser Kind\nschon gro\u00df genug f\u00fcr den Klapperstorch\nder es zum Mond ausfliegt\nwenn Land unter, bleibt zur\u00fcck\ndie Bauchspeicheldr\u00fcse\ndarin die Langerhansschen Inseln<\/pre>\n\n\n\n<p>Es lohnt sich, Gedichte wie solche mehrmals zu lesen, denn Eberhard H\u00e4fner setzt uns hier ein schillerndes Amalgam aus vordergr\u00fcndig banalem Alltagsleben und wissenschaftlich-medizinischem Fachwissen vor, gew\u00fcrzt mit erstaunlichen Assoziationsketten und Wortspielen. Der Zyklus \u201eH zwei O\u201c vermengt eine Badeszenerie mit einer Schwangerschaft und den dahinterliegenden physiologischen Vorg\u00e4ngen. Der \u201ehalbe Fisch\u201c im obigen Ausschnitt ist der in der Fruchtblase schwimmende F\u00f6tus. Der Zucker im Blut hat wiederum direkt mit den Langerhansschen Inseln der Bauchspeicheldr\u00fcse zu tun, denn diese messen die Menge des Blutzuckers und produzieren Insulin. Im weiteren Verlauf schwenkt der Blick auf Umweltverschmutzung und radioaktive Verseuchung, die sich bekanntlich \u00fcber die Gew\u00e4sser besonders rasch verteilen.<\/p>\n\n\n\n<pre class=\"wp-block-verse\">bist geschwommen im See\ndas Kind in dir leicht, das Wasser schwer\nan Land ein Reaktor\nhatte abgelassen, was er angereichert\ndes Wasserstoffs b\u00f6sen Bruder\nIsotop Deuterium<\/pre>\n\n\n\n<p>Wortspiele sind ein auffallendes Merkmal dieser Lyrik. Ein Wort ergibt das andere, ein Gedankenspiel, das unterschiedliche Assoziationen hervorruft; manchmal beziehen sich diese auf ein vordergr\u00fcndiges Thema und manchmal auf eine v\u00f6llig andere und wom\u00f6glich nur indirekt in Zusammenhang stehende Begebenheit. Mit Hilfe naturwissenschaftlicher Anleihen und mit einem betont \u00f6kologischen Bewusstsein geht H\u00e4fner den Dingen auf den Grund, betrachtet sie sozusagen nicht nur von oben, sondern gleichzeitig von unten und sorgt damit f\u00fcr eine verbl\u00fcffende Transparenz. In \u201eEin Syndrom geht um\u201c hei\u00dft es:<\/p>\n\n\n\n<pre class=\"wp-block-verse\">es brennt uns der Wald\nunter den N\u00e4geln und au\u00dferdem\nbrennen auch W\u00fcnsche, kontaktieren\ndas Herz, f\u00fcr verliebte Spazierg\u00e4nger nat\u00fcrlich\nwider erwarten, das Zahme verwildert\nunter der Zuckerl\u00f6sung\n\nder gute alte Hirtenstab, total entlaubt\nmal brav aus der W\u00e4sche geschaut, aber nun\nnacktes Holz, schl\u00e4gt nicht mehr aus\nbis auf ein St\u00fcck Wald, von oben betrachtet\nnach dem wir gestartet, insofern\nwir ihm gr\u00fcn<\/pre>\n\n\n\n<h4 class=\"wp-block-heading\">Die Verse<\/h4>\n\n\n\n<p>Die Verse einer Strophe lesen sich jeweils wie ein Satz. Die Strophe beginnt kleingeschrieben, sofern sie nicht mit einem Substantiv anf\u00e4ngt, und am Ende steht kein Punkt. Innerhalb der Strophe verwendet H\u00e4fner Kommata, und das Zeilenende wirkt mal als einem Komma \u00e4hnliche Z\u00e4sur, mal leitet sie als Enjambement direkt in den n\u00e4chsten Vers \u00fcber. Im letzteren Fall erzielt diese Technik eine Hervorhebung der beiden durch den Zeilensprung getrennten Worte oder zumindest von einem. Dazu die ersten zwei Strophen aus \u201eHorch, es kommt von drau\u00dfen rein\u201c, einem Text, in dem der einzige enthaltene Satz gleich \u00fcber alle vier Strophen reicht:<\/p>\n\n\n\n<pre class=\"wp-block-verse\">du siehst einen Wald\ndaran ist nichts falsch, nur die B\u00e4ume\nganz richtig, erst ihr Laub\ndann die Geweihe abgeworfen\n\nim Revier der Hirschhornk\u00e4fer, du findest\nzwar die Amulette, w\u00e4hrend in der Backstube\ndas Ammoniumhydrogencarbonat\nLebkuchen verbraucherfreundlich macht<\/pre>\n\n\n\n<p>Eberhard H\u00e4fner zeigt in \u201eAm unfrisierten Rand\u201c insbesondere ein \u00f6kologisches Engagement. Vereinzelt finden sich literarische Anspielungen, wie \u201eNachsommer\u201c oder \u201eguter Gott von Manhattan\u201c, und neben dem naturwissenschaftlichen Vokabular auch andere eher seltene W\u00f6rter. Der Autor arbeitet \u2013 angenehmerweise \u00fcberaus sparsam \u2013 mit lateinischen Einsprengseln und Englischem. Zwei Passagen aus \u201eVom zerbrochenen Krug\u201c:<\/p>\n\n\n\n<pre class=\"wp-block-verse\">was zerbrochen, war bereits erkrankt\nals der Krug noch zum Wasser, ging auch eine Tasse\nden feinen Haarrissen hinterher\nund es stigmatisierten\nKrakel\u00fcren sie als Kulturfl\u00fcchterin\n\n(\u2026)\n\nw\u00e4hrend das Fr\u00fchjahr bedingungslos\nwie du und ich, mehr anti, als post, der erste Sturm\nwirbelte fort, was eigent\u00fcmlich\nvor allem das Privileg\nzu lesen im post scriptum<\/pre>\n\n\n\n<p>Das hart gebundene Buch enth\u00e4lt mehrere Tusche- oder schwarze Aquarellzeichnungen (die Technik ist nicht n\u00e4her bezeichnet) von Marlen Melzow, die in ihrer kafkaesk wirkenden Art ausgezeichnet zum Duktus und zum Ton von Eberhard H\u00e4fners Gedichten passen.<\/p>\n\n\n\n<hr class=\"wp-block-separator has-alpha-channel-opacity\"\/>\n\n\n\n<p class=\"has-medium-font-size\"><strong><a href=\"https:\/\/www.poesiegalerie.at\/wordpress\/autor%e2%80%91innen\/haefner-eberhard\/\">Eberhard H\u00e4fner<\/a>:<em><a href=\"https:\/\/klever-verlag.com\/buecher\/am-unfrisierten-rand-gedichte\" target=\"_blank\" rel=\"noreferrer noopener\"> Am unfrisierten Rand<\/a>.<\/em> Klever Verlag, Wien, 2023. 90 Seiten. Euro 20,\u2013<\/strong><\/p>\n","protected":false},"excerpt":{"rendered":"<p>Besprechung:<br \/>\n&#8222;Unfrisiert ist unverbl\u00fcmt&#8220;: Klaus Ebner liest Eberhard H\u00e4fners &#8222;Am unfrisierten Rand&#8220;<\/p>\n","protected":false},"author":9,"featured_media":13496,"comment_status":"closed","ping_status":"closed","sticky":false,"template":"","format":"standard","meta":[],"categories":[107],"tags":[529,506],"thb-sponsors":[],"yoast_head":"<!-- This site is optimized with the Yoast SEO plugin v20.6 - https:\/\/yoast.com\/wordpress\/plugins\/seo\/ -->\n<title>Unfrisiert ist unverbl\u00fcmt - Poesiegalerie<\/title>\n<meta name=\"description\" content=\"Besprechung: &quot;Unfrisiert ist unverbl\u00fcmt&quot;: Klaus Ebner liest Eberhard H\u00e4fners &quot;Am unfrisierten Rand&quot; f\u00fcr die Poesiegalerie\" \/>\n<meta name=\"robots\" content=\"index, follow, max-snippet:-1, max-image-preview:large, max-video-preview:-1\" \/>\n<link rel=\"canonical\" href=\"https:\/\/www.poesiegalerie.at\/wordpress\/2023\/03\/30\/ebner-besprechung-unfrisiert-ist-unverbluemt\/\" \/>\n<meta property=\"og:locale\" content=\"de_DE\" \/>\n<meta property=\"og:type\" content=\"article\" \/>\n<meta property=\"og:title\" content=\"Unfrisiert ist unverbl\u00fcmt - Poesiegalerie\" \/>\n<meta property=\"og:description\" content=\"Besprechung: &quot;Unfrisiert ist unverbl\u00fcmt&quot;: Klaus Ebner liest Eberhard H\u00e4fners &quot;Am unfrisierten Rand&quot; f\u00fcr die Poesiegalerie\" \/>\n<meta property=\"og:url\" content=\"https:\/\/www.poesiegalerie.at\/wordpress\/2023\/03\/30\/ebner-besprechung-unfrisiert-ist-unverbluemt\/\" \/>\n<meta property=\"og:site_name\" content=\"Poesiegalerie\" \/>\n<meta property=\"article:publisher\" content=\"https:\/\/facebook.com\/poesiegalerie\" \/>\n<meta property=\"article:published_time\" content=\"2023-03-30T08:00:00+00:00\" \/>\n<meta property=\"article:modified_time\" content=\"2023-10-16T19:39:44+00:00\" \/>\n<meta property=\"og:image\" content=\"https:\/\/www.poesiegalerie.at\/wordpress\/wp-content\/uploads\/2023\/03\/Cover-haefner-eberhard-am-unfrisierten-rand-klein-kopia.jpg\" \/>\n\t<meta property=\"og:image:width\" content=\"1142\" \/>\n\t<meta property=\"og:image:height\" content=\"1166\" \/>\n\t<meta property=\"og:image:type\" content=\"image\/jpeg\" \/>\n<meta name=\"author\" content=\"Carina Schlager\" \/>\n<meta name=\"twitter:card\" content=\"summary_large_image\" \/>\n<meta name=\"twitter:creator\" content=\"@poesiegalerie\" \/>\n<meta name=\"twitter:site\" content=\"@poesiegalerie\" \/>\n<meta name=\"twitter:label1\" content=\"Verfasst von\" \/>\n\t<meta name=\"twitter:data1\" content=\"Carina Schlager\" \/>\n\t<meta name=\"twitter:label2\" content=\"Gesch\u00e4tzte Lesezeit\" \/>\n\t<meta name=\"twitter:data2\" content=\"6 Minuten\" \/>\n<script type=\"application\/ld+json\" class=\"yoast-schema-graph\">{\"@context\":\"https:\/\/schema.org\",\"@graph\":[{\"@type\":\"Article\",\"@id\":\"https:\/\/www.poesiegalerie.at\/wordpress\/2023\/03\/30\/ebner-besprechung-unfrisiert-ist-unverbluemt\/#article\",\"isPartOf\":{\"@id\":\"https:\/\/www.poesiegalerie.at\/wordpress\/2023\/03\/30\/ebner-besprechung-unfrisiert-ist-unverbluemt\/\"},\"author\":{\"name\":\"Carina Schlager\",\"@id\":\"https:\/\/www.poesiegalerie.at\/wordpress\/#\/schema\/person\/e19e23249ea62e58948fe82f26d61e8b\"},\"headline\":\"Unfrisiert ist unverbl\u00fcmt\",\"datePublished\":\"2023-03-30T08:00:00+00:00\",\"dateModified\":\"2023-10-16T19:39:44+00:00\",\"mainEntityOfPage\":{\"@id\":\"https:\/\/www.poesiegalerie.at\/wordpress\/2023\/03\/30\/ebner-besprechung-unfrisiert-ist-unverbluemt\/\"},\"wordCount\":658,\"publisher\":{\"@id\":\"https:\/\/www.poesiegalerie.at\/wordpress\/#organization\"},\"keywords\":[\"Eberhard H\u00e4fner\",\"Klaus Ebner\"],\"articleSection\":[\"BESPRECHUNGEN\"],\"inLanguage\":\"de-DE\"},{\"@type\":\"WebPage\",\"@id\":\"https:\/\/www.poesiegalerie.at\/wordpress\/2023\/03\/30\/ebner-besprechung-unfrisiert-ist-unverbluemt\/\",\"url\":\"https:\/\/www.poesiegalerie.at\/wordpress\/2023\/03\/30\/ebner-besprechung-unfrisiert-ist-unverbluemt\/\",\"name\":\"Unfrisiert ist unverbl\u00fcmt - Poesiegalerie\",\"isPartOf\":{\"@id\":\"https:\/\/www.poesiegalerie.at\/wordpress\/#website\"},\"datePublished\":\"2023-03-30T08:00:00+00:00\",\"dateModified\":\"2023-10-16T19:39:44+00:00\",\"description\":\"Besprechung: \\\"Unfrisiert ist unverbl\u00fcmt\\\": Klaus Ebner liest Eberhard H\u00e4fners \\\"Am unfrisierten Rand\\\" f\u00fcr die Poesiegalerie\",\"breadcrumb\":{\"@id\":\"https:\/\/www.poesiegalerie.at\/wordpress\/2023\/03\/30\/ebner-besprechung-unfrisiert-ist-unverbluemt\/#breadcrumb\"},\"inLanguage\":\"de-DE\",\"potentialAction\":[{\"@type\":\"ReadAction\",\"target\":[\"https:\/\/www.poesiegalerie.at\/wordpress\/2023\/03\/30\/ebner-besprechung-unfrisiert-ist-unverbluemt\/\"]}]},{\"@type\":\"BreadcrumbList\",\"@id\":\"https:\/\/www.poesiegalerie.at\/wordpress\/2023\/03\/30\/ebner-besprechung-unfrisiert-ist-unverbluemt\/#breadcrumb\",\"itemListElement\":[{\"@type\":\"ListItem\",\"position\":1,\"name\":\"Startseite\",\"item\":\"https:\/\/www.poesiegalerie.at\/wordpress\/\"},{\"@type\":\"ListItem\",\"position\":2,\"name\":\"Unfrisiert ist unverbl\u00fcmt\"}]},{\"@type\":\"WebSite\",\"@id\":\"https:\/\/www.poesiegalerie.at\/wordpress\/#website\",\"url\":\"https:\/\/www.poesiegalerie.at\/wordpress\/\",\"name\":\"Poesiegalerie\",\"description\":\"\",\"publisher\":{\"@id\":\"https:\/\/www.poesiegalerie.at\/wordpress\/#organization\"},\"potentialAction\":[{\"@type\":\"SearchAction\",\"target\":{\"@type\":\"EntryPoint\",\"urlTemplate\":\"https:\/\/www.poesiegalerie.at\/wordpress\/?s={search_term_string}\"},\"query-input\":\"required name=search_term_string\"}],\"inLanguage\":\"de-DE\"},{\"@type\":\"Organization\",\"@id\":\"https:\/\/www.poesiegalerie.at\/wordpress\/#organization\",\"name\":\"Poesiegalerie\",\"url\":\"https:\/\/www.poesiegalerie.at\/wordpress\/\",\"logo\":{\"@type\":\"ImageObject\",\"inLanguage\":\"de-DE\",\"@id\":\"https:\/\/www.poesiegalerie.at\/wordpress\/#\/schema\/logo\/image\/\",\"url\":\"https:\/\/www.poesiegalerie.at\/wordpress\/wp-content\/uploads\/2021\/01\/Logoquadrat-PG-1.png\",\"contentUrl\":\"https:\/\/www.poesiegalerie.at\/wordpress\/wp-content\/uploads\/2021\/01\/Logoquadrat-PG-1.png\",\"width\":512,\"height\":512,\"caption\":\"Poesiegalerie\"},\"image\":{\"@id\":\"https:\/\/www.poesiegalerie.at\/wordpress\/#\/schema\/logo\/image\/\"},\"sameAs\":[\"https:\/\/facebook.com\/poesiegalerie\",\"https:\/\/twitter.com\/poesiegalerie\",\"https:\/\/instagram.com\/poesiegalerie\",\"https:\/\/youtube.com\/channel\/UChHTsNTzMPzZpU8TfKP3dNQ\"]},{\"@type\":\"Person\",\"@id\":\"https:\/\/www.poesiegalerie.at\/wordpress\/#\/schema\/person\/e19e23249ea62e58948fe82f26d61e8b\",\"name\":\"Carina Schlager\",\"image\":{\"@type\":\"ImageObject\",\"inLanguage\":\"de-DE\",\"@id\":\"https:\/\/www.poesiegalerie.at\/wordpress\/#\/schema\/person\/image\/\",\"url\":\"https:\/\/secure.gravatar.com\/avatar\/4a71cc0347a93a0f41d93d86ce4a52fb?s=96&d=mm&r=g\",\"contentUrl\":\"https:\/\/secure.gravatar.com\/avatar\/4a71cc0347a93a0f41d93d86ce4a52fb?s=96&d=mm&r=g\",\"caption\":\"Carina Schlager\"},\"url\":\"https:\/\/www.poesiegalerie.at\/wordpress\/author\/carina\/\"}]}<\/script>\n<!-- \/ Yoast SEO plugin. -->","yoast_head_json":{"title":"Unfrisiert ist unverbl\u00fcmt - Poesiegalerie","description":"Besprechung: \"Unfrisiert ist unverbl\u00fcmt\": Klaus Ebner liest Eberhard H\u00e4fners \"Am unfrisierten Rand\" f\u00fcr die Poesiegalerie","robots":{"index":"index","follow":"follow","max-snippet":"max-snippet:-1","max-image-preview":"max-image-preview:large","max-video-preview":"max-video-preview:-1"},"canonical":"https:\/\/www.poesiegalerie.at\/wordpress\/2023\/03\/30\/ebner-besprechung-unfrisiert-ist-unverbluemt\/","og_locale":"de_DE","og_type":"article","og_title":"Unfrisiert ist unverbl\u00fcmt - Poesiegalerie","og_description":"Besprechung: \"Unfrisiert ist unverbl\u00fcmt\": Klaus Ebner liest Eberhard H\u00e4fners \"Am unfrisierten Rand\" f\u00fcr die Poesiegalerie","og_url":"https:\/\/www.poesiegalerie.at\/wordpress\/2023\/03\/30\/ebner-besprechung-unfrisiert-ist-unverbluemt\/","og_site_name":"Poesiegalerie","article_publisher":"https:\/\/facebook.com\/poesiegalerie","article_published_time":"2023-03-30T08:00:00+00:00","article_modified_time":"2023-10-16T19:39:44+00:00","og_image":[{"width":1142,"height":1166,"url":"https:\/\/www.poesiegalerie.at\/wordpress\/wp-content\/uploads\/2023\/03\/Cover-haefner-eberhard-am-unfrisierten-rand-klein-kopia.jpg","type":"image\/jpeg"}],"author":"Carina Schlager","twitter_card":"summary_large_image","twitter_creator":"@poesiegalerie","twitter_site":"@poesiegalerie","twitter_misc":{"Verfasst von":"Carina Schlager","Gesch\u00e4tzte Lesezeit":"6 Minuten"},"schema":{"@context":"https:\/\/schema.org","@graph":[{"@type":"Article","@id":"https:\/\/www.poesiegalerie.at\/wordpress\/2023\/03\/30\/ebner-besprechung-unfrisiert-ist-unverbluemt\/#article","isPartOf":{"@id":"https:\/\/www.poesiegalerie.at\/wordpress\/2023\/03\/30\/ebner-besprechung-unfrisiert-ist-unverbluemt\/"},"author":{"name":"Carina Schlager","@id":"https:\/\/www.poesiegalerie.at\/wordpress\/#\/schema\/person\/e19e23249ea62e58948fe82f26d61e8b"},"headline":"Unfrisiert ist unverbl\u00fcmt","datePublished":"2023-03-30T08:00:00+00:00","dateModified":"2023-10-16T19:39:44+00:00","mainEntityOfPage":{"@id":"https:\/\/www.poesiegalerie.at\/wordpress\/2023\/03\/30\/ebner-besprechung-unfrisiert-ist-unverbluemt\/"},"wordCount":658,"publisher":{"@id":"https:\/\/www.poesiegalerie.at\/wordpress\/#organization"},"keywords":["Eberhard H\u00e4fner","Klaus Ebner"],"articleSection":["BESPRECHUNGEN"],"inLanguage":"de-DE"},{"@type":"WebPage","@id":"https:\/\/www.poesiegalerie.at\/wordpress\/2023\/03\/30\/ebner-besprechung-unfrisiert-ist-unverbluemt\/","url":"https:\/\/www.poesiegalerie.at\/wordpress\/2023\/03\/30\/ebner-besprechung-unfrisiert-ist-unverbluemt\/","name":"Unfrisiert ist unverbl\u00fcmt - Poesiegalerie","isPartOf":{"@id":"https:\/\/www.poesiegalerie.at\/wordpress\/#website"},"datePublished":"2023-03-30T08:00:00+00:00","dateModified":"2023-10-16T19:39:44+00:00","description":"Besprechung: \"Unfrisiert ist unverbl\u00fcmt\": Klaus Ebner liest Eberhard H\u00e4fners \"Am unfrisierten Rand\" f\u00fcr die Poesiegalerie","breadcrumb":{"@id":"https:\/\/www.poesiegalerie.at\/wordpress\/2023\/03\/30\/ebner-besprechung-unfrisiert-ist-unverbluemt\/#breadcrumb"},"inLanguage":"de-DE","potentialAction":[{"@type":"ReadAction","target":["https:\/\/www.poesiegalerie.at\/wordpress\/2023\/03\/30\/ebner-besprechung-unfrisiert-ist-unverbluemt\/"]}]},{"@type":"BreadcrumbList","@id":"https:\/\/www.poesiegalerie.at\/wordpress\/2023\/03\/30\/ebner-besprechung-unfrisiert-ist-unverbluemt\/#breadcrumb","itemListElement":[{"@type":"ListItem","position":1,"name":"Startseite","item":"https:\/\/www.poesiegalerie.at\/wordpress\/"},{"@type":"ListItem","position":2,"name":"Unfrisiert ist unverbl\u00fcmt"}]},{"@type":"WebSite","@id":"https:\/\/www.poesiegalerie.at\/wordpress\/#website","url":"https:\/\/www.poesiegalerie.at\/wordpress\/","name":"Poesiegalerie","description":"","publisher":{"@id":"https:\/\/www.poesiegalerie.at\/wordpress\/#organization"},"potentialAction":[{"@type":"SearchAction","target":{"@type":"EntryPoint","urlTemplate":"https:\/\/www.poesiegalerie.at\/wordpress\/?s={search_term_string}"},"query-input":"required name=search_term_string"}],"inLanguage":"de-DE"},{"@type":"Organization","@id":"https:\/\/www.poesiegalerie.at\/wordpress\/#organization","name":"Poesiegalerie","url":"https:\/\/www.poesiegalerie.at\/wordpress\/","logo":{"@type":"ImageObject","inLanguage":"de-DE","@id":"https:\/\/www.poesiegalerie.at\/wordpress\/#\/schema\/logo\/image\/","url":"https:\/\/www.poesiegalerie.at\/wordpress\/wp-content\/uploads\/2021\/01\/Logoquadrat-PG-1.png","contentUrl":"https:\/\/www.poesiegalerie.at\/wordpress\/wp-content\/uploads\/2021\/01\/Logoquadrat-PG-1.png","width":512,"height":512,"caption":"Poesiegalerie"},"image":{"@id":"https:\/\/www.poesiegalerie.at\/wordpress\/#\/schema\/logo\/image\/"},"sameAs":["https:\/\/facebook.com\/poesiegalerie","https:\/\/twitter.com\/poesiegalerie","https:\/\/instagram.com\/poesiegalerie","https:\/\/youtube.com\/channel\/UChHTsNTzMPzZpU8TfKP3dNQ"]},{"@type":"Person","@id":"https:\/\/www.poesiegalerie.at\/wordpress\/#\/schema\/person\/e19e23249ea62e58948fe82f26d61e8b","name":"Carina Schlager","image":{"@type":"ImageObject","inLanguage":"de-DE","@id":"https:\/\/www.poesiegalerie.at\/wordpress\/#\/schema\/person\/image\/","url":"https:\/\/secure.gravatar.com\/avatar\/4a71cc0347a93a0f41d93d86ce4a52fb?s=96&d=mm&r=g","contentUrl":"https:\/\/secure.gravatar.com\/avatar\/4a71cc0347a93a0f41d93d86ce4a52fb?s=96&d=mm&r=g","caption":"Carina Schlager"},"url":"https:\/\/www.poesiegalerie.at\/wordpress\/author\/carina\/"}]}},"_links":{"self":[{"href":"https:\/\/www.poesiegalerie.at\/wordpress\/wp-json\/wp\/v2\/posts\/13494"}],"collection":[{"href":"https:\/\/www.poesiegalerie.at\/wordpress\/wp-json\/wp\/v2\/posts"}],"about":[{"href":"https:\/\/www.poesiegalerie.at\/wordpress\/wp-json\/wp\/v2\/types\/post"}],"author":[{"embeddable":true,"href":"https:\/\/www.poesiegalerie.at\/wordpress\/wp-json\/wp\/v2\/users\/9"}],"replies":[{"embeddable":true,"href":"https:\/\/www.poesiegalerie.at\/wordpress\/wp-json\/wp\/v2\/comments?post=13494"}],"version-history":[{"count":5,"href":"https:\/\/www.poesiegalerie.at\/wordpress\/wp-json\/wp\/v2\/posts\/13494\/revisions"}],"predecessor-version":[{"id":15740,"href":"https:\/\/www.poesiegalerie.at\/wordpress\/wp-json\/wp\/v2\/posts\/13494\/revisions\/15740"}],"wp:featuredmedia":[{"embeddable":true,"href":"https:\/\/www.poesiegalerie.at\/wordpress\/wp-json\/wp\/v2\/media\/13496"}],"wp:attachment":[{"href":"https:\/\/www.poesiegalerie.at\/wordpress\/wp-json\/wp\/v2\/media?parent=13494"}],"wp:term":[{"taxonomy":"category","embeddable":true,"href":"https:\/\/www.poesiegalerie.at\/wordpress\/wp-json\/wp\/v2\/categories?post=13494"},{"taxonomy":"post_tag","embeddable":true,"href":"https:\/\/www.poesiegalerie.at\/wordpress\/wp-json\/wp\/v2\/tags?post=13494"},{"taxonomy":"thb-sponsors","embeddable":true,"href":"https:\/\/www.poesiegalerie.at\/wordpress\/wp-json\/wp\/v2\/thb-sponsors?post=13494"}],"curies":[{"name":"wp","href":"https:\/\/api.w.org\/{rel}","templated":true}]}}