{"id":14035,"date":"2023-05-09T10:07:58","date_gmt":"2023-05-09T08:07:58","guid":{"rendered":"https:\/\/www.poesiegalerie.at\/wordpress\/?p=14035"},"modified":"2023-05-02T10:13:14","modified_gmt":"2023-05-02T08:13:14","slug":"mwanza-mujila-gedicht-meine-geliebten","status":"publish","type":"post","link":"https:\/\/www.poesiegalerie.at\/wordpress\/2023\/05\/09\/mwanza-mujila-gedicht-meine-geliebten\/","title":{"rendered":"MEINE GELIEBTEN"},"content":{"rendered":"\n<h3 class=\"wp-block-heading\">Fiston Mwanza Mujila<\/h3>\n\n\n\n<p><\/p>\n\n\n\n<pre class=\"wp-block-verse\"><strong>MES AMOURS<\/strong>\nj\u2019ai trois animaux de compagnie\nle Zamb\u00e8ze, le Danube, le fleuve Za\u00efre\n\n\n<strong>MEINE GELIEBTEN<\/strong>\nich habe drei Haustiere \nden Sambesi, die Donau, den Rio Zaire\n\n\n(\u00dcbersetzung: Elisabeth M\u00fcller) \n<\/pre>\n\n\n\n<p>\u00bbDer Sambesi ist nach Nil, Kongo und Niger mit 2574 km Flie\u00dfstrecke der viertl\u00e4ngste Fluss in Afrika und der gr\u00f6\u00dfte afrikanische Strom, der in den Indischen Ozean flie\u00dft.\u00ab<\/p>\n\n\n\n<p>\u00bbDie Donau ist mit einer mittleren Wasserf\u00fchrung von rund 6855 m\u00b3\/s und einer Gesamtl\u00e4nge von 2857 Kilometern nach der Wolga der zweitgr\u00f6\u00dfte und zweitl\u00e4ngste Fluss in Europa. Der Strom entw\u00e4ssert weite Teile Mittel- und S\u00fcdosteuropas.\u00ab<\/p>\n\n\n\n<p>\u00bbDer Kongo ist ein Strom in Zentralafrika. Mit einer L\u00e4nge von 4374 km ist er der zweitl\u00e4ngste Strom Afrikas; gemessen an seiner Wasserf\u00fchrung von 41.800 m\u00b3\/s ist er der wasserreichste Fluss des Kontinents und mit 220 m Tiefe der tiefste Fluss der Welt.\u00ab<\/p>\n\n\n\n<p><\/p>\n\n\n\n<p><strong>Fiston Mwanza Mujila, <\/strong>*1981 in Lubumbashi\/DR Kongo, lebt in Graz. Gedichte, Romane, Theaterst\u00fccke, Performances, unterrichtet afrikanische Literatur. Zuletzt (u.a.): <em>Le fleuve dans le ventre \/ Der Flu\u00df im Bauch.<\/em> Gedichte (2013), <em>Tanz der Teufel. <\/em>Roman (2022).<\/p>\n\n\n\n<div style=\"height:40px\" aria-hidden=\"true\" class=\"wp-block-spacer\"><\/div>\n\n\n\n<div class=\"wp-block-media-text alignwide is-stacked-on-mobile\" style=\"grid-template-columns:52% auto\"><figure class=\"wp-block-media-text__media\"><img decoding=\"async\" loading=\"lazy\" width=\"518\" height=\"518\" src=\"data:image\/gif;base64,R0lGODlhAQABAAAAACH5BAEKAAEALAAAAAABAAEAAAICTAEAOw==\" data-src=\"https:\/\/www.poesiegalerie.at\/wordpress\/wp-content\/uploads\/2023\/04\/DL_Poesiegalerie.jpg\" alt=\"\" class=\"wp-image-13953 size-full lazyload\" data-sizes=\"auto\" data-srcset=\"https:\/\/www.poesiegalerie.at\/wordpress\/wp-content\/uploads\/2023\/04\/DL_Poesiegalerie.jpg 518w, https:\/\/www.poesiegalerie.at\/wordpress\/wp-content\/uploads\/2023\/04\/DL_Poesiegalerie-300x300.jpg 300w, https:\/\/www.poesiegalerie.at\/wordpress\/wp-content\/uploads\/2023\/04\/DL_Poesiegalerie-150x150.jpg 150w, https:\/\/www.poesiegalerie.at\/wordpress\/wp-content\/uploads\/2023\/04\/DL_Poesiegalerie-180x180.jpg 180w, https:\/\/www.poesiegalerie.at\/wordpress\/wp-content\/uploads\/2023\/04\/DL_Poesiegalerie-90x90.jpg 90w, https:\/\/www.poesiegalerie.at\/wordpress\/wp-content\/uploads\/2023\/04\/DL_Poesiegalerie-370x370.jpg 370w, https:\/\/www.poesiegalerie.at\/wordpress\/wp-content\/uploads\/2023\/04\/DL_Poesiegalerie-20x20.jpg 20w, https:\/\/www.poesiegalerie.at\/wordpress\/wp-content\/uploads\/2023\/04\/DL_Poesiegalerie-100x100.jpg 100w, https:\/\/www.poesiegalerie.at\/wordpress\/wp-content\/uploads\/2023\/04\/DL_Poesiegalerie-48x48.jpg 48w\" sizes=\"(max-width: 518px) 100vw, 518px\" \/><\/figure><div class=\"wp-block-media-text__content\">\n<p>Dieses Gedicht von <strong><a href=\"https:\/\/www.poesiegalerie.at\/wordpress\/autor%e2%80%91innen\/mwanza-mujila-fiston\/\">Fiston Mwanza Mujila<\/a> <\/strong>erschien in <em>Kasala f\u00fcr meinen Kaku und andere Gedichte \/ Kasala pour mon Kaku et autres po\u00e8mes<\/em>. Franz\u00f6sisch und Deutsch. Aus dem Franz\u00f6sischen von Elisabeth M\u00fcller. Graz\/Wien: Ritter Verlag 2022, S. 31 (frz.), 36 (dt.).<\/p>\n\n\n\n<p>Der Dichter <strong><a href=\"https:\/\/www.poesiegalerie.at\/wordpress\/autor%e2%80%91innen\/mwanza-mujila-fiston\/\">Fiston Mwanza Mujila<\/a><\/strong> liest am 11. Mai 2023 um 19:00 mit Paul-Henri Campbell beim <a href=\"https:\/\/alte-schmiede.at\/programm\" target=\"_blank\" rel=\"noreferrer noopener\">Lyrikfestival &#8222;dichterloh&#8220;<\/a>  in der Alten Schmiede.  <\/p>\n<\/div><\/div>\n","protected":false},"excerpt":{"rendered":"<p>Fiston Mwanza Mujila<br \/>\n&#8222;Kasala f\u00fcr meinen Kaku&#8220;<br \/>\nliest am 11. Mai<br \/>\nbeim Lyrikfestival &#8222;dichterloh&#8220;<br \/>\nin der Alten Schmiede, Wien<\/p>\n","protected":false},"author":9,"featured_media":13953,"comment_status":"closed","ping_status":"closed","sticky":false,"template":"","format":"standard","meta":[],"categories":[105,280],"tags":[516],"thb-sponsors":[],"yoast_head":"<!-- This site is optimized with the Yoast SEO plugin v20.6 - https:\/\/yoast.com\/wordpress\/plugins\/seo\/ -->\n<title>MEINE GELIEBTEN - Poesiegalerie<\/title>\n<meta name=\"description\" content=\"Fiston Mwanza Mujila &quot;Kasala f\u00fcr meinen Kaku&quot; liest am 11. Maibeim Lyrikfestival &quot;dichterloh&quot;in der Alten Schmiede, Wien\" \/>\n<meta name=\"robots\" content=\"index, follow, max-snippet:-1, max-image-preview:large, max-video-preview:-1\" \/>\n<link rel=\"canonical\" href=\"https:\/\/www.poesiegalerie.at\/wordpress\/2023\/05\/09\/mwanza-mujila-gedicht-meine-geliebten\/\" \/>\n<meta property=\"og:locale\" content=\"de_DE\" \/>\n<meta property=\"og:type\" content=\"article\" \/>\n<meta property=\"og:title\" content=\"MEINE GELIEBTEN - Poesiegalerie\" \/>\n<meta property=\"og:description\" content=\"Fiston Mwanza Mujila &quot;Kasala f\u00fcr meinen Kaku&quot; liest am 11. Maibeim Lyrikfestival &quot;dichterloh&quot;in der Alten Schmiede, Wien\" \/>\n<meta property=\"og:url\" content=\"https:\/\/www.poesiegalerie.at\/wordpress\/2023\/05\/09\/mwanza-mujila-gedicht-meine-geliebten\/\" \/>\n<meta property=\"og:site_name\" content=\"Poesiegalerie\" \/>\n<meta property=\"article:publisher\" content=\"https:\/\/facebook.com\/poesiegalerie\" \/>\n<meta property=\"article:published_time\" content=\"2023-05-09T08:07:58+00:00\" \/>\n<meta property=\"article:modified_time\" content=\"2023-05-02T08:13:14+00:00\" \/>\n<meta property=\"og:image\" content=\"https:\/\/www.poesiegalerie.at\/wordpress\/wp-content\/uploads\/2023\/04\/DL_Poesiegalerie.jpg\" \/>\n\t<meta property=\"og:image:width\" content=\"518\" \/>\n\t<meta property=\"og:image:height\" content=\"518\" \/>\n\t<meta property=\"og:image:type\" content=\"image\/jpeg\" \/>\n<meta name=\"author\" content=\"Carina Schlager\" \/>\n<meta name=\"twitter:card\" content=\"summary_large_image\" \/>\n<meta name=\"twitter:creator\" content=\"@poesiegalerie\" \/>\n<meta name=\"twitter:site\" content=\"@poesiegalerie\" \/>\n<meta name=\"twitter:label1\" content=\"Verfasst von\" \/>\n\t<meta name=\"twitter:data1\" content=\"Carina Schlager\" \/>\n\t<meta name=\"twitter:label2\" content=\"Gesch\u00e4tzte Lesezeit\" \/>\n\t<meta name=\"twitter:data2\" content=\"2 Minuten\" \/>\n<script type=\"application\/ld+json\" class=\"yoast-schema-graph\">{\"@context\":\"https:\/\/schema.org\",\"@graph\":[{\"@type\":\"Article\",\"@id\":\"https:\/\/www.poesiegalerie.at\/wordpress\/2023\/05\/09\/mwanza-mujila-gedicht-meine-geliebten\/#article\",\"isPartOf\":{\"@id\":\"https:\/\/www.poesiegalerie.at\/wordpress\/2023\/05\/09\/mwanza-mujila-gedicht-meine-geliebten\/\"},\"author\":{\"name\":\"Carina Schlager\",\"@id\":\"https:\/\/www.poesiegalerie.at\/wordpress\/#\/schema\/person\/e19e23249ea62e58948fe82f26d61e8b\"},\"headline\":\"MEINE GELIEBTEN\",\"datePublished\":\"2023-05-09T08:07:58+00:00\",\"dateModified\":\"2023-05-02T08:13:14+00:00\",\"mainEntityOfPage\":{\"@id\":\"https:\/\/www.poesiegalerie.at\/wordpress\/2023\/05\/09\/mwanza-mujila-gedicht-meine-geliebten\/\"},\"wordCount\":217,\"publisher\":{\"@id\":\"https:\/\/www.poesiegalerie.at\/wordpress\/#organization\"},\"keywords\":[\"Fiston Mwanza Mujila\"],\"articleSection\":[\"AUSGESTELLT\",\"Gedicht von heute\"],\"inLanguage\":\"de-DE\"},{\"@type\":\"WebPage\",\"@id\":\"https:\/\/www.poesiegalerie.at\/wordpress\/2023\/05\/09\/mwanza-mujila-gedicht-meine-geliebten\/\",\"url\":\"https:\/\/www.poesiegalerie.at\/wordpress\/2023\/05\/09\/mwanza-mujila-gedicht-meine-geliebten\/\",\"name\":\"MEINE GELIEBTEN - Poesiegalerie\",\"isPartOf\":{\"@id\":\"https:\/\/www.poesiegalerie.at\/wordpress\/#website\"},\"datePublished\":\"2023-05-09T08:07:58+00:00\",\"dateModified\":\"2023-05-02T08:13:14+00:00\",\"description\":\"Fiston Mwanza Mujila \\\"Kasala f\u00fcr meinen Kaku\\\" liest am 11. Maibeim Lyrikfestival \\\"dichterloh\\\"in der Alten Schmiede, Wien\",\"breadcrumb\":{\"@id\":\"https:\/\/www.poesiegalerie.at\/wordpress\/2023\/05\/09\/mwanza-mujila-gedicht-meine-geliebten\/#breadcrumb\"},\"inLanguage\":\"de-DE\",\"potentialAction\":[{\"@type\":\"ReadAction\",\"target\":[\"https:\/\/www.poesiegalerie.at\/wordpress\/2023\/05\/09\/mwanza-mujila-gedicht-meine-geliebten\/\"]}]},{\"@type\":\"BreadcrumbList\",\"@id\":\"https:\/\/www.poesiegalerie.at\/wordpress\/2023\/05\/09\/mwanza-mujila-gedicht-meine-geliebten\/#breadcrumb\",\"itemListElement\":[{\"@type\":\"ListItem\",\"position\":1,\"name\":\"Startseite\",\"item\":\"https:\/\/www.poesiegalerie.at\/wordpress\/\"},{\"@type\":\"ListItem\",\"position\":2,\"name\":\"MEINE GELIEBTEN\"}]},{\"@type\":\"WebSite\",\"@id\":\"https:\/\/www.poesiegalerie.at\/wordpress\/#website\",\"url\":\"https:\/\/www.poesiegalerie.at\/wordpress\/\",\"name\":\"Poesiegalerie\",\"description\":\"\",\"publisher\":{\"@id\":\"https:\/\/www.poesiegalerie.at\/wordpress\/#organization\"},\"potentialAction\":[{\"@type\":\"SearchAction\",\"target\":{\"@type\":\"EntryPoint\",\"urlTemplate\":\"https:\/\/www.poesiegalerie.at\/wordpress\/?s={search_term_string}\"},\"query-input\":\"required name=search_term_string\"}],\"inLanguage\":\"de-DE\"},{\"@type\":\"Organization\",\"@id\":\"https:\/\/www.poesiegalerie.at\/wordpress\/#organization\",\"name\":\"Poesiegalerie\",\"url\":\"https:\/\/www.poesiegalerie.at\/wordpress\/\",\"logo\":{\"@type\":\"ImageObject\",\"inLanguage\":\"de-DE\",\"@id\":\"https:\/\/www.poesiegalerie.at\/wordpress\/#\/schema\/logo\/image\/\",\"url\":\"https:\/\/www.poesiegalerie.at\/wordpress\/wp-content\/uploads\/2021\/01\/Logoquadrat-PG-1.png\",\"contentUrl\":\"https:\/\/www.poesiegalerie.at\/wordpress\/wp-content\/uploads\/2021\/01\/Logoquadrat-PG-1.png\",\"width\":512,\"height\":512,\"caption\":\"Poesiegalerie\"},\"image\":{\"@id\":\"https:\/\/www.poesiegalerie.at\/wordpress\/#\/schema\/logo\/image\/\"},\"sameAs\":[\"https:\/\/facebook.com\/poesiegalerie\",\"https:\/\/twitter.com\/poesiegalerie\",\"https:\/\/instagram.com\/poesiegalerie\",\"https:\/\/youtube.com\/channel\/UChHTsNTzMPzZpU8TfKP3dNQ\"]},{\"@type\":\"Person\",\"@id\":\"https:\/\/www.poesiegalerie.at\/wordpress\/#\/schema\/person\/e19e23249ea62e58948fe82f26d61e8b\",\"name\":\"Carina Schlager\",\"image\":{\"@type\":\"ImageObject\",\"inLanguage\":\"de-DE\",\"@id\":\"https:\/\/www.poesiegalerie.at\/wordpress\/#\/schema\/person\/image\/\",\"url\":\"https:\/\/secure.gravatar.com\/avatar\/4a71cc0347a93a0f41d93d86ce4a52fb?s=96&d=mm&r=g\",\"contentUrl\":\"https:\/\/secure.gravatar.com\/avatar\/4a71cc0347a93a0f41d93d86ce4a52fb?s=96&d=mm&r=g\",\"caption\":\"Carina Schlager\"},\"url\":\"https:\/\/www.poesiegalerie.at\/wordpress\/author\/carina\/\"}]}<\/script>\n<!-- \/ Yoast SEO plugin. -->","yoast_head_json":{"title":"MEINE GELIEBTEN - Poesiegalerie","description":"Fiston Mwanza Mujila \"Kasala f\u00fcr meinen Kaku\" liest am 11. Maibeim Lyrikfestival \"dichterloh\"in der Alten Schmiede, Wien","robots":{"index":"index","follow":"follow","max-snippet":"max-snippet:-1","max-image-preview":"max-image-preview:large","max-video-preview":"max-video-preview:-1"},"canonical":"https:\/\/www.poesiegalerie.at\/wordpress\/2023\/05\/09\/mwanza-mujila-gedicht-meine-geliebten\/","og_locale":"de_DE","og_type":"article","og_title":"MEINE GELIEBTEN - Poesiegalerie","og_description":"Fiston Mwanza Mujila \"Kasala f\u00fcr meinen Kaku\" liest am 11. Maibeim Lyrikfestival \"dichterloh\"in der Alten Schmiede, Wien","og_url":"https:\/\/www.poesiegalerie.at\/wordpress\/2023\/05\/09\/mwanza-mujila-gedicht-meine-geliebten\/","og_site_name":"Poesiegalerie","article_publisher":"https:\/\/facebook.com\/poesiegalerie","article_published_time":"2023-05-09T08:07:58+00:00","article_modified_time":"2023-05-02T08:13:14+00:00","og_image":[{"width":518,"height":518,"url":"https:\/\/www.poesiegalerie.at\/wordpress\/wp-content\/uploads\/2023\/04\/DL_Poesiegalerie.jpg","type":"image\/jpeg"}],"author":"Carina Schlager","twitter_card":"summary_large_image","twitter_creator":"@poesiegalerie","twitter_site":"@poesiegalerie","twitter_misc":{"Verfasst von":"Carina Schlager","Gesch\u00e4tzte Lesezeit":"2 Minuten"},"schema":{"@context":"https:\/\/schema.org","@graph":[{"@type":"Article","@id":"https:\/\/www.poesiegalerie.at\/wordpress\/2023\/05\/09\/mwanza-mujila-gedicht-meine-geliebten\/#article","isPartOf":{"@id":"https:\/\/www.poesiegalerie.at\/wordpress\/2023\/05\/09\/mwanza-mujila-gedicht-meine-geliebten\/"},"author":{"name":"Carina Schlager","@id":"https:\/\/www.poesiegalerie.at\/wordpress\/#\/schema\/person\/e19e23249ea62e58948fe82f26d61e8b"},"headline":"MEINE GELIEBTEN","datePublished":"2023-05-09T08:07:58+00:00","dateModified":"2023-05-02T08:13:14+00:00","mainEntityOfPage":{"@id":"https:\/\/www.poesiegalerie.at\/wordpress\/2023\/05\/09\/mwanza-mujila-gedicht-meine-geliebten\/"},"wordCount":217,"publisher":{"@id":"https:\/\/www.poesiegalerie.at\/wordpress\/#organization"},"keywords":["Fiston Mwanza Mujila"],"articleSection":["AUSGESTELLT","Gedicht von heute"],"inLanguage":"de-DE"},{"@type":"WebPage","@id":"https:\/\/www.poesiegalerie.at\/wordpress\/2023\/05\/09\/mwanza-mujila-gedicht-meine-geliebten\/","url":"https:\/\/www.poesiegalerie.at\/wordpress\/2023\/05\/09\/mwanza-mujila-gedicht-meine-geliebten\/","name":"MEINE GELIEBTEN - Poesiegalerie","isPartOf":{"@id":"https:\/\/www.poesiegalerie.at\/wordpress\/#website"},"datePublished":"2023-05-09T08:07:58+00:00","dateModified":"2023-05-02T08:13:14+00:00","description":"Fiston Mwanza Mujila \"Kasala f\u00fcr meinen Kaku\" liest am 11. Maibeim Lyrikfestival \"dichterloh\"in der Alten Schmiede, Wien","breadcrumb":{"@id":"https:\/\/www.poesiegalerie.at\/wordpress\/2023\/05\/09\/mwanza-mujila-gedicht-meine-geliebten\/#breadcrumb"},"inLanguage":"de-DE","potentialAction":[{"@type":"ReadAction","target":["https:\/\/www.poesiegalerie.at\/wordpress\/2023\/05\/09\/mwanza-mujila-gedicht-meine-geliebten\/"]}]},{"@type":"BreadcrumbList","@id":"https:\/\/www.poesiegalerie.at\/wordpress\/2023\/05\/09\/mwanza-mujila-gedicht-meine-geliebten\/#breadcrumb","itemListElement":[{"@type":"ListItem","position":1,"name":"Startseite","item":"https:\/\/www.poesiegalerie.at\/wordpress\/"},{"@type":"ListItem","position":2,"name":"MEINE GELIEBTEN"}]},{"@type":"WebSite","@id":"https:\/\/www.poesiegalerie.at\/wordpress\/#website","url":"https:\/\/www.poesiegalerie.at\/wordpress\/","name":"Poesiegalerie","description":"","publisher":{"@id":"https:\/\/www.poesiegalerie.at\/wordpress\/#organization"},"potentialAction":[{"@type":"SearchAction","target":{"@type":"EntryPoint","urlTemplate":"https:\/\/www.poesiegalerie.at\/wordpress\/?s={search_term_string}"},"query-input":"required name=search_term_string"}],"inLanguage":"de-DE"},{"@type":"Organization","@id":"https:\/\/www.poesiegalerie.at\/wordpress\/#organization","name":"Poesiegalerie","url":"https:\/\/www.poesiegalerie.at\/wordpress\/","logo":{"@type":"ImageObject","inLanguage":"de-DE","@id":"https:\/\/www.poesiegalerie.at\/wordpress\/#\/schema\/logo\/image\/","url":"https:\/\/www.poesiegalerie.at\/wordpress\/wp-content\/uploads\/2021\/01\/Logoquadrat-PG-1.png","contentUrl":"https:\/\/www.poesiegalerie.at\/wordpress\/wp-content\/uploads\/2021\/01\/Logoquadrat-PG-1.png","width":512,"height":512,"caption":"Poesiegalerie"},"image":{"@id":"https:\/\/www.poesiegalerie.at\/wordpress\/#\/schema\/logo\/image\/"},"sameAs":["https:\/\/facebook.com\/poesiegalerie","https:\/\/twitter.com\/poesiegalerie","https:\/\/instagram.com\/poesiegalerie","https:\/\/youtube.com\/channel\/UChHTsNTzMPzZpU8TfKP3dNQ"]},{"@type":"Person","@id":"https:\/\/www.poesiegalerie.at\/wordpress\/#\/schema\/person\/e19e23249ea62e58948fe82f26d61e8b","name":"Carina Schlager","image":{"@type":"ImageObject","inLanguage":"de-DE","@id":"https:\/\/www.poesiegalerie.at\/wordpress\/#\/schema\/person\/image\/","url":"https:\/\/secure.gravatar.com\/avatar\/4a71cc0347a93a0f41d93d86ce4a52fb?s=96&d=mm&r=g","contentUrl":"https:\/\/secure.gravatar.com\/avatar\/4a71cc0347a93a0f41d93d86ce4a52fb?s=96&d=mm&r=g","caption":"Carina Schlager"},"url":"https:\/\/www.poesiegalerie.at\/wordpress\/author\/carina\/"}]}},"_links":{"self":[{"href":"https:\/\/www.poesiegalerie.at\/wordpress\/wp-json\/wp\/v2\/posts\/14035"}],"collection":[{"href":"https:\/\/www.poesiegalerie.at\/wordpress\/wp-json\/wp\/v2\/posts"}],"about":[{"href":"https:\/\/www.poesiegalerie.at\/wordpress\/wp-json\/wp\/v2\/types\/post"}],"author":[{"embeddable":true,"href":"https:\/\/www.poesiegalerie.at\/wordpress\/wp-json\/wp\/v2\/users\/9"}],"replies":[{"embeddable":true,"href":"https:\/\/www.poesiegalerie.at\/wordpress\/wp-json\/wp\/v2\/comments?post=14035"}],"version-history":[{"count":4,"href":"https:\/\/www.poesiegalerie.at\/wordpress\/wp-json\/wp\/v2\/posts\/14035\/revisions"}],"predecessor-version":[{"id":14045,"href":"https:\/\/www.poesiegalerie.at\/wordpress\/wp-json\/wp\/v2\/posts\/14035\/revisions\/14045"}],"wp:featuredmedia":[{"embeddable":true,"href":"https:\/\/www.poesiegalerie.at\/wordpress\/wp-json\/wp\/v2\/media\/13953"}],"wp:attachment":[{"href":"https:\/\/www.poesiegalerie.at\/wordpress\/wp-json\/wp\/v2\/media?parent=14035"}],"wp:term":[{"taxonomy":"category","embeddable":true,"href":"https:\/\/www.poesiegalerie.at\/wordpress\/wp-json\/wp\/v2\/categories?post=14035"},{"taxonomy":"post_tag","embeddable":true,"href":"https:\/\/www.poesiegalerie.at\/wordpress\/wp-json\/wp\/v2\/tags?post=14035"},{"taxonomy":"thb-sponsors","embeddable":true,"href":"https:\/\/www.poesiegalerie.at\/wordpress\/wp-json\/wp\/v2\/thb-sponsors?post=14035"}],"curies":[{"name":"wp","href":"https:\/\/api.w.org\/{rel}","templated":true}]}}