{"id":15038,"date":"2023-08-07T10:10:58","date_gmt":"2023-08-07T08:10:58","guid":{"rendered":"https:\/\/www.poesiegalerie.at\/wordpress\/?p=15038"},"modified":"2023-08-01T12:40:59","modified_gmt":"2023-08-01T10:40:59","slug":"dabic-besprechung-eine-landschaft","status":"publish","type":"post","link":"https:\/\/www.poesiegalerie.at\/wordpress\/2023\/08\/07\/dabic-besprechung-eine-landschaft\/","title":{"rendered":"Eine Landschaft aus Naturgedichten"},"content":{"rendered":"\n<p class=\"has-medium-font-size\"><a href=\"https:\/\/www.poesiegalerie.at\/wordpress\/autor%e2%80%91innen\/dabic-jelena\/\">Jelena Dabic<\/a> liest die Anthologie des Feldkircher Lyrikpreises 2021<\/p>\n\n\n\n<hr class=\"wp-block-separator has-alpha-channel-opacity\"\/>\n\n\n\n<p>Eine gro\u00dfe Freude und eine sch\u00f6ne \u00dcberraschung ist dieses eher kleinformatige, aber keineswegs d\u00fcnne Gedichtb\u00e4ndchen: die Anthologie des Feldkircher Lyrikpreises 2021. Das Motto f\u00fcr die eingereichten Texte war \u201eein strich in der landschaft\u201c \u2013 wie immer bei diesem Preis eine Zeile aus einem Gedicht des Preistr\u00e4gers des Vorjahrs, in diesem Fall Tobias Pagel, der dann auch Mitglied der vierk\u00f6pfigen Jury wurde. <\/p>\n\n\n\n<div class=\"wp-block-media-text is-stacked-on-mobile\" style=\"grid-template-columns:37% auto\"><figure class=\"wp-block-media-text__media\"><img decoding=\"async\" loading=\"lazy\" width=\"434\" height=\"708\" src=\"data:image\/gif;base64,R0lGODlhAQABAAAAACH5BAEKAAEALAAAAAABAAEAAAICTAEAOw==\" data-src=\"https:\/\/www.poesiegalerie.at\/wordpress\/wp-content\/uploads\/2023\/07\/Cover-Feldkirch-Lyrikpreis-2021.jpg\" alt=\"\" class=\"wp-image-15039 size-full lazyload\" data-sizes=\"auto\" data-srcset=\"https:\/\/www.poesiegalerie.at\/wordpress\/wp-content\/uploads\/2023\/07\/Cover-Feldkirch-Lyrikpreis-2021.jpg 434w, https:\/\/www.poesiegalerie.at\/wordpress\/wp-content\/uploads\/2023\/07\/Cover-Feldkirch-Lyrikpreis-2021-184x300.jpg 184w, https:\/\/www.poesiegalerie.at\/wordpress\/wp-content\/uploads\/2023\/07\/Cover-Feldkirch-Lyrikpreis-2021-92x150.jpg 92w, https:\/\/www.poesiegalerie.at\/wordpress\/wp-content\/uploads\/2023\/07\/Cover-Feldkirch-Lyrikpreis-2021-370x604.jpg 370w, https:\/\/www.poesiegalerie.at\/wordpress\/wp-content\/uploads\/2023\/07\/Cover-Feldkirch-Lyrikpreis-2021-20x33.jpg 20w, https:\/\/www.poesiegalerie.at\/wordpress\/wp-content\/uploads\/2023\/07\/Cover-Feldkirch-Lyrikpreis-2021-29x48.jpg 29w\" sizes=\"(max-width: 434px) 100vw, 434px\" \/><\/figure><div class=\"wp-block-media-text__content\">\n<p>Dass mit der Vorgabe des Begriffs \u201eLandschaft\u201c unter den Gedichten der Anthologie viele Naturgedichte herausgekommen sind, \u00fcberrascht kaum. Die Lekt\u00fcre gestaltet sich f\u00fcr jeden interessierten Lyrikleser, jede Lyrikleserin sehr abwechslungsreich und interessant, nicht anders als bei der Jubil\u00e4umsausgabe, dem Band von 2022, der das 20-j\u00e4hrige Bestehen des Preises feiert.<\/p>\n\n\n\n<p>Cover \u00a9 Edition Art Science <\/p>\n<\/div><\/div>\n\n\n\n<h4 class=\"wp-block-heading\">Zeitgen\u00f6ssisch \u2026<\/h4>\n\n\n\n<p>Der erste Preis ging 2021 an Sarah Rinderer (Jg. 1994), deren Gedichte einem Studienaufenthalt in Island entstammen. Es sind leicht experimentelle, leicht elliptische, in sehr aktuell anmutendem Stil verfasste Zeilen, die die stille, kalte K\u00fcstenlandschaft aus der individuellen und einsamen Perspektive der fremden Besucherin wiedergeben. Interessant ist hier auch die Verbindung von Details des technisch hochaufger\u00fcsteten Alltags mit jenen der Mythologie und unseren Vorstellungen vom hohen Norden.<\/p>\n\n\n\n<pre class=\"wp-block-verse\">die landverbindung zur leuchturminsel\nunterbrochen\n<em>warte auf netzwerk<\/em>\nwieder und wieder<\/pre>\n\n\n\n<p>Martin Piekar (Jg. 1990), der zweite Preistr\u00e4ger, geht in seinen Gedichten st\u00e4rker auf die klangliche Seite der W\u00f6rter und Begriffe ein: Hier findet man Alliterationen, Ans\u00e4tze von Assonanzen, aber auch leitmotivische Wiederholungen und den einen oder anderen englischsprachigen Begriff. Seine eher narrativen Texte offenbaren groteske Situationen \u2013 oder sind es nur allerlei starke Metaphern f\u00fcr diverse Befindlichkeiten des zeitgen\u00f6ssischen Subjekts (Selbstverletzung, Wahrnehmungsst\u00f6rungen, innere Leere etc.)? Manchmal verselbstst\u00e4ndigen sich aber die Dinge und das Szenario hebt ins Surreale ab.<\/p>\n\n\n\n<pre class=\"wp-block-verse\">golfb\u00e4lle heulen monde an\nkotzt\u00fcten schwirren, streikende kotzt\u00fcten br\u00fcllen\nnotizen streiten \u00fcber sinn von teilchen\n&amp; antiteilchen segnen &amp; sch\u00e4nden das vakuum\neinkaufslisten fallen in ohnmacht,\n                                    kuckucksuhren im burnout<\/pre>\n\n\n\n<h4 class=\"wp-block-heading\">\u2026 und klassisch<\/h4>\n\n\n\n<p>Sehr \u00fcberraschend sind unter den durchwegs \u00fcberzeugenden weiteren Einreichungen zwei Autoren, die sich dem Reim verschrieben haben: etwas, das in der deutschsprachigen Lyrik der letzten Jahrzehnte nur als Ausnahme existiert. Der in Leipzig lebende Carl-Christian Elze (Jg. 1974) beherrscht diese Kunst wie kein anderer: In seinen metrisch perfekten Sprachgebilden mit originellen, recht verschiedenartigen Titeln verbindet er auf sehr kunstvolle Weise aktuelle Ph\u00e4nomene (Covid-Pandemie, Neo-Biedermeier, Apps am Smartphone etc.) mit dem Wohlklang und dem Rhythmus klassischer, gereimter Lyrik. Von ihm werden auf souver\u00e4ne Weise auch Themen wie der m\u00f6gliche Weltuntergang, die Verg\u00e4nglichkeit des Lebens oder Selbstzweifel in lange, metrisch vollendete Zeilen verpackt.<\/p>\n\n\n\n<p>Ein weiterer Meister des Reims ist der 1983 geborene Michael Spyra aus Halle\/Saale, dessen Gedichtzyklus \u201eDahrenstedter Dramolett\u201c Wetterph\u00e4nomene und Landschaftsbilder in den Blick nimmt. Darin bleibt der Autor der Tradition des Dinggedichts treu: Die Beschreibung einer Erscheinung oder eines Ortes bleibt mehr oder weniger frei von anderen \u00dcberlegungen oder Empfindungen des lyrischen Ichs, was nach dem zweiten oder dritten Gedicht etwas seltsam bis unfreiwillig komisch anmutet \u2013 oder aber bewusst satirisch.<\/p>\n\n\n\n<pre class=\"wp-block-verse\">Dann wird es dunkler und dann wird es tr\u00fcber.\nDann wird es k\u00fchler. Dann verdichten sich\ndie Regentropfen je zu einem Strich,\nauf ihrer Bahn. Dann l\u00e4uft die Tonne \u00fcber. <\/pre>\n\n\n\n<h4 class=\"wp-block-heading\">Huldigungen an Dichterkollegen<\/h4>\n\n\n\n<p>In Reimen \u2013 genau genommen in gereimten Sonetten \u2013 \u00fcbt sich schlie\u00dflich auch der aus Ober\u00f6sterreich stammende Robert Sch\u00f6fberger (Jg. 1955). Auch seine rhythmisierten melodischen Gedichte widmen sich der sehr bildhaften Schilderung eines Ortes (\u201eGrenzen\u201c), an dem ein einsames Ich verharrt und von wo aus er die wenig bewegte Szenerie registriert. Besonders gelungen ist das Sonett \u00fcber den Winterbeginn in und um eine namenlose Stadt, den der Verfasser mit poetologischen \u00dcberlegungen verschr\u00e4nkt.<\/p>\n\n\n\n<pre class=\"wp-block-verse\">Der Blick f\u00e4llt jetzt in eine gro\u00dfe Enge.&nbsp;\nWie alles langsam wird. Wie alles lang-\nsam leer wird und die Leere an die lee-\nre Stelle setzt. Der Wald hat sich ver\u00e4ndert.&nbsp;<\/pre>\n\n\n\n<p>Auf eine lakonische Art ansprechend sind die Gedichte der Oldenburger Lyrikerin Britta L\u00fcbbers (Jg. 1960). Als Preistr\u00e4gerin des Rolf-Bossert-Ged\u00e4chtnispreises widmet sie das erste Gedicht dem tragisch aus dem Leben geschiedenen deutsch-rum\u00e4nischen Dichter. Der Text ist neben originellen Metaphern reich an Details, die die Figur des Autors in einpr\u00e4gsame Bilder kleiden.<\/p>\n\n\n\n<pre class=\"wp-block-verse\">Du schnipptest die Asche&nbsp;\nVon den Treppen des Winds\nFielst aus dem Fenster&nbsp;\nJetzt will es keiner gewesen sein<\/pre>\n\n\n\n<p>Eines der weiteren Gedichte ist in der kargen Landschaft von Fuerteventura angesiedelt. Hier wird auch eine \u00f6kologisch sinnvolle Zukunft des Bauens entworfen, was ein wenig an das \u00f6kologische Gedicht der 1980er Jahre erinnert. Reine Impressionen von Meer, Sand und Hitze bietet hingegen das Gedicht \u201eEidechse\u201c:<\/p>\n\n\n\n<pre class=\"wp-block-verse\">Die Treppe zum Meer\nWo der Wind den Palmen\nDurch den Bastrock fegte \nVor der Wand aus Kalk<\/pre>\n\n\n\n<p>Zu erw\u00e4hnen w\u00e4ren noch die sprachexperimentellen Texte von Marcus Neuert, die balladenartigen, erz\u00e4hlenden Gedichte von Niklas Linnenbach oder die \u00dcberlegungen \u00fcber langes Zusammensein von Elke Laznia. Eine Anthologie, die durch das durchgehende Niveau der Gedichte zu \u00fcberzeugen vermag, weswegen hier eine Empfehlung an alle LeserInnen zeitgen\u00f6ssischer Lyrik ausgesprochen sei.<\/p>\n\n\n\n<hr class=\"wp-block-separator has-alpha-channel-opacity\"\/>\n\n\n\n<p class=\"has-medium-font-size\"><strong><a href=\"https:\/\/www.poesiegalerie.at\/wordpress\/autor%e2%80%91innen-alte-seite\/kronabitter-erika\/\">Erika Kronabitter <\/a><\/strong>(Hg.): <em><a href=\"https:\/\/feldkircherlyrikpreis.at\/2021-ein-strich-in-der-landschaft\" target=\"_blank\" rel=\"noreferrer noopener\">19. Feldkircher Lyrikpreis 2021. <\/a><\/em>EditionArtScience, St. Wolfgang. 143 Seiten, Euro 12,00.<\/p>\n","protected":false},"excerpt":{"rendered":"<p>Besprechung: &#8222;Eine Landschaft aus Naturgedichten&#8220; &#8211; Jelena Dabic liest die Anthologie des Feldkircher Lyrikpreises 2021<\/p>\n","protected":false},"author":9,"featured_media":15039,"comment_status":"closed","ping_status":"closed","sticky":false,"template":"","format":"standard","meta":[],"categories":[107],"tags":[202,293],"thb-sponsors":[],"yoast_head":"<!-- This site is optimized with the Yoast SEO plugin v20.6 - https:\/\/yoast.com\/wordpress\/plugins\/seo\/ -->\n<title>Eine Landschaft aus Naturgedichten - Poesiegalerie<\/title>\n<meta name=\"description\" content=\"Besprechung: &quot;Eine Landschaft aus Naturgedichten&quot; - Jelena Dabic liest die Anthologie des Feldkircher Lyrikpreises 2021\" \/>\n<meta name=\"robots\" content=\"index, follow, max-snippet:-1, max-image-preview:large, max-video-preview:-1\" \/>\n<link rel=\"canonical\" href=\"https:\/\/www.poesiegalerie.at\/wordpress\/2023\/08\/07\/dabic-besprechung-eine-landschaft\/\" \/>\n<meta property=\"og:locale\" content=\"de_DE\" \/>\n<meta property=\"og:type\" content=\"article\" \/>\n<meta property=\"og:title\" content=\"Eine Landschaft aus Naturgedichten - Poesiegalerie\" \/>\n<meta property=\"og:description\" content=\"Besprechung: &quot;Eine Landschaft aus Naturgedichten&quot; - Jelena Dabic liest die Anthologie des Feldkircher Lyrikpreises 2021\" \/>\n<meta property=\"og:url\" content=\"https:\/\/www.poesiegalerie.at\/wordpress\/2023\/08\/07\/dabic-besprechung-eine-landschaft\/\" \/>\n<meta property=\"og:site_name\" content=\"Poesiegalerie\" \/>\n<meta property=\"article:publisher\" content=\"https:\/\/facebook.com\/poesiegalerie\" \/>\n<meta property=\"article:published_time\" content=\"2023-08-07T08:10:58+00:00\" \/>\n<meta property=\"article:modified_time\" content=\"2023-08-01T10:40:59+00:00\" \/>\n<meta property=\"og:image\" content=\"https:\/\/www.poesiegalerie.at\/wordpress\/wp-content\/uploads\/2023\/07\/Cover-Feldkirch-Lyrikpreis-2021.jpg\" \/>\n\t<meta property=\"og:image:width\" content=\"434\" \/>\n\t<meta property=\"og:image:height\" content=\"708\" \/>\n\t<meta property=\"og:image:type\" content=\"image\/jpeg\" \/>\n<meta name=\"author\" content=\"Carina Schlager\" \/>\n<meta name=\"twitter:card\" content=\"summary_large_image\" \/>\n<meta name=\"twitter:creator\" content=\"@poesiegalerie\" \/>\n<meta name=\"twitter:site\" content=\"@poesiegalerie\" \/>\n<meta name=\"twitter:label1\" content=\"Verfasst von\" \/>\n\t<meta name=\"twitter:data1\" content=\"Carina Schlager\" \/>\n\t<meta name=\"twitter:label2\" content=\"Gesch\u00e4tzte Lesezeit\" \/>\n\t<meta name=\"twitter:data2\" content=\"5 Minuten\" \/>\n<script type=\"application\/ld+json\" class=\"yoast-schema-graph\">{\"@context\":\"https:\/\/schema.org\",\"@graph\":[{\"@type\":\"Article\",\"@id\":\"https:\/\/www.poesiegalerie.at\/wordpress\/2023\/08\/07\/dabic-besprechung-eine-landschaft\/#article\",\"isPartOf\":{\"@id\":\"https:\/\/www.poesiegalerie.at\/wordpress\/2023\/08\/07\/dabic-besprechung-eine-landschaft\/\"},\"author\":{\"name\":\"Carina Schlager\",\"@id\":\"https:\/\/www.poesiegalerie.at\/wordpress\/#\/schema\/person\/e19e23249ea62e58948fe82f26d61e8b\"},\"headline\":\"Eine Landschaft aus Naturgedichten\",\"datePublished\":\"2023-08-07T08:10:58+00:00\",\"dateModified\":\"2023-08-01T10:40:59+00:00\",\"mainEntityOfPage\":{\"@id\":\"https:\/\/www.poesiegalerie.at\/wordpress\/2023\/08\/07\/dabic-besprechung-eine-landschaft\/\"},\"wordCount\":702,\"publisher\":{\"@id\":\"https:\/\/www.poesiegalerie.at\/wordpress\/#organization\"},\"keywords\":[\"Erika Kronabitter\",\"Jelena Dabic\"],\"articleSection\":[\"BESPRECHUNGEN\"],\"inLanguage\":\"de-DE\"},{\"@type\":\"WebPage\",\"@id\":\"https:\/\/www.poesiegalerie.at\/wordpress\/2023\/08\/07\/dabic-besprechung-eine-landschaft\/\",\"url\":\"https:\/\/www.poesiegalerie.at\/wordpress\/2023\/08\/07\/dabic-besprechung-eine-landschaft\/\",\"name\":\"Eine Landschaft aus Naturgedichten - Poesiegalerie\",\"isPartOf\":{\"@id\":\"https:\/\/www.poesiegalerie.at\/wordpress\/#website\"},\"datePublished\":\"2023-08-07T08:10:58+00:00\",\"dateModified\":\"2023-08-01T10:40:59+00:00\",\"description\":\"Besprechung: \\\"Eine Landschaft aus Naturgedichten\\\" - Jelena Dabic liest die Anthologie des Feldkircher Lyrikpreises 2021\",\"breadcrumb\":{\"@id\":\"https:\/\/www.poesiegalerie.at\/wordpress\/2023\/08\/07\/dabic-besprechung-eine-landschaft\/#breadcrumb\"},\"inLanguage\":\"de-DE\",\"potentialAction\":[{\"@type\":\"ReadAction\",\"target\":[\"https:\/\/www.poesiegalerie.at\/wordpress\/2023\/08\/07\/dabic-besprechung-eine-landschaft\/\"]}]},{\"@type\":\"BreadcrumbList\",\"@id\":\"https:\/\/www.poesiegalerie.at\/wordpress\/2023\/08\/07\/dabic-besprechung-eine-landschaft\/#breadcrumb\",\"itemListElement\":[{\"@type\":\"ListItem\",\"position\":1,\"name\":\"Startseite\",\"item\":\"https:\/\/www.poesiegalerie.at\/wordpress\/\"},{\"@type\":\"ListItem\",\"position\":2,\"name\":\"Eine Landschaft aus Naturgedichten\"}]},{\"@type\":\"WebSite\",\"@id\":\"https:\/\/www.poesiegalerie.at\/wordpress\/#website\",\"url\":\"https:\/\/www.poesiegalerie.at\/wordpress\/\",\"name\":\"Poesiegalerie\",\"description\":\"\",\"publisher\":{\"@id\":\"https:\/\/www.poesiegalerie.at\/wordpress\/#organization\"},\"potentialAction\":[{\"@type\":\"SearchAction\",\"target\":{\"@type\":\"EntryPoint\",\"urlTemplate\":\"https:\/\/www.poesiegalerie.at\/wordpress\/?s={search_term_string}\"},\"query-input\":\"required name=search_term_string\"}],\"inLanguage\":\"de-DE\"},{\"@type\":\"Organization\",\"@id\":\"https:\/\/www.poesiegalerie.at\/wordpress\/#organization\",\"name\":\"Poesiegalerie\",\"url\":\"https:\/\/www.poesiegalerie.at\/wordpress\/\",\"logo\":{\"@type\":\"ImageObject\",\"inLanguage\":\"de-DE\",\"@id\":\"https:\/\/www.poesiegalerie.at\/wordpress\/#\/schema\/logo\/image\/\",\"url\":\"https:\/\/www.poesiegalerie.at\/wordpress\/wp-content\/uploads\/2021\/01\/Logoquadrat-PG-1.png\",\"contentUrl\":\"https:\/\/www.poesiegalerie.at\/wordpress\/wp-content\/uploads\/2021\/01\/Logoquadrat-PG-1.png\",\"width\":512,\"height\":512,\"caption\":\"Poesiegalerie\"},\"image\":{\"@id\":\"https:\/\/www.poesiegalerie.at\/wordpress\/#\/schema\/logo\/image\/\"},\"sameAs\":[\"https:\/\/facebook.com\/poesiegalerie\",\"https:\/\/twitter.com\/poesiegalerie\",\"https:\/\/instagram.com\/poesiegalerie\",\"https:\/\/youtube.com\/channel\/UChHTsNTzMPzZpU8TfKP3dNQ\"]},{\"@type\":\"Person\",\"@id\":\"https:\/\/www.poesiegalerie.at\/wordpress\/#\/schema\/person\/e19e23249ea62e58948fe82f26d61e8b\",\"name\":\"Carina Schlager\",\"image\":{\"@type\":\"ImageObject\",\"inLanguage\":\"de-DE\",\"@id\":\"https:\/\/www.poesiegalerie.at\/wordpress\/#\/schema\/person\/image\/\",\"url\":\"https:\/\/secure.gravatar.com\/avatar\/4a71cc0347a93a0f41d93d86ce4a52fb?s=96&d=mm&r=g\",\"contentUrl\":\"https:\/\/secure.gravatar.com\/avatar\/4a71cc0347a93a0f41d93d86ce4a52fb?s=96&d=mm&r=g\",\"caption\":\"Carina Schlager\"},\"url\":\"https:\/\/www.poesiegalerie.at\/wordpress\/author\/carina\/\"}]}<\/script>\n<!-- \/ Yoast SEO plugin. -->","yoast_head_json":{"title":"Eine Landschaft aus Naturgedichten - Poesiegalerie","description":"Besprechung: \"Eine Landschaft aus Naturgedichten\" - Jelena Dabic liest die Anthologie des Feldkircher Lyrikpreises 2021","robots":{"index":"index","follow":"follow","max-snippet":"max-snippet:-1","max-image-preview":"max-image-preview:large","max-video-preview":"max-video-preview:-1"},"canonical":"https:\/\/www.poesiegalerie.at\/wordpress\/2023\/08\/07\/dabic-besprechung-eine-landschaft\/","og_locale":"de_DE","og_type":"article","og_title":"Eine Landschaft aus Naturgedichten - Poesiegalerie","og_description":"Besprechung: \"Eine Landschaft aus Naturgedichten\" - Jelena Dabic liest die Anthologie des Feldkircher Lyrikpreises 2021","og_url":"https:\/\/www.poesiegalerie.at\/wordpress\/2023\/08\/07\/dabic-besprechung-eine-landschaft\/","og_site_name":"Poesiegalerie","article_publisher":"https:\/\/facebook.com\/poesiegalerie","article_published_time":"2023-08-07T08:10:58+00:00","article_modified_time":"2023-08-01T10:40:59+00:00","og_image":[{"width":434,"height":708,"url":"https:\/\/www.poesiegalerie.at\/wordpress\/wp-content\/uploads\/2023\/07\/Cover-Feldkirch-Lyrikpreis-2021.jpg","type":"image\/jpeg"}],"author":"Carina Schlager","twitter_card":"summary_large_image","twitter_creator":"@poesiegalerie","twitter_site":"@poesiegalerie","twitter_misc":{"Verfasst von":"Carina Schlager","Gesch\u00e4tzte Lesezeit":"5 Minuten"},"schema":{"@context":"https:\/\/schema.org","@graph":[{"@type":"Article","@id":"https:\/\/www.poesiegalerie.at\/wordpress\/2023\/08\/07\/dabic-besprechung-eine-landschaft\/#article","isPartOf":{"@id":"https:\/\/www.poesiegalerie.at\/wordpress\/2023\/08\/07\/dabic-besprechung-eine-landschaft\/"},"author":{"name":"Carina Schlager","@id":"https:\/\/www.poesiegalerie.at\/wordpress\/#\/schema\/person\/e19e23249ea62e58948fe82f26d61e8b"},"headline":"Eine Landschaft aus Naturgedichten","datePublished":"2023-08-07T08:10:58+00:00","dateModified":"2023-08-01T10:40:59+00:00","mainEntityOfPage":{"@id":"https:\/\/www.poesiegalerie.at\/wordpress\/2023\/08\/07\/dabic-besprechung-eine-landschaft\/"},"wordCount":702,"publisher":{"@id":"https:\/\/www.poesiegalerie.at\/wordpress\/#organization"},"keywords":["Erika Kronabitter","Jelena Dabic"],"articleSection":["BESPRECHUNGEN"],"inLanguage":"de-DE"},{"@type":"WebPage","@id":"https:\/\/www.poesiegalerie.at\/wordpress\/2023\/08\/07\/dabic-besprechung-eine-landschaft\/","url":"https:\/\/www.poesiegalerie.at\/wordpress\/2023\/08\/07\/dabic-besprechung-eine-landschaft\/","name":"Eine Landschaft aus Naturgedichten - Poesiegalerie","isPartOf":{"@id":"https:\/\/www.poesiegalerie.at\/wordpress\/#website"},"datePublished":"2023-08-07T08:10:58+00:00","dateModified":"2023-08-01T10:40:59+00:00","description":"Besprechung: \"Eine Landschaft aus Naturgedichten\" - Jelena Dabic liest die Anthologie des Feldkircher Lyrikpreises 2021","breadcrumb":{"@id":"https:\/\/www.poesiegalerie.at\/wordpress\/2023\/08\/07\/dabic-besprechung-eine-landschaft\/#breadcrumb"},"inLanguage":"de-DE","potentialAction":[{"@type":"ReadAction","target":["https:\/\/www.poesiegalerie.at\/wordpress\/2023\/08\/07\/dabic-besprechung-eine-landschaft\/"]}]},{"@type":"BreadcrumbList","@id":"https:\/\/www.poesiegalerie.at\/wordpress\/2023\/08\/07\/dabic-besprechung-eine-landschaft\/#breadcrumb","itemListElement":[{"@type":"ListItem","position":1,"name":"Startseite","item":"https:\/\/www.poesiegalerie.at\/wordpress\/"},{"@type":"ListItem","position":2,"name":"Eine Landschaft aus Naturgedichten"}]},{"@type":"WebSite","@id":"https:\/\/www.poesiegalerie.at\/wordpress\/#website","url":"https:\/\/www.poesiegalerie.at\/wordpress\/","name":"Poesiegalerie","description":"","publisher":{"@id":"https:\/\/www.poesiegalerie.at\/wordpress\/#organization"},"potentialAction":[{"@type":"SearchAction","target":{"@type":"EntryPoint","urlTemplate":"https:\/\/www.poesiegalerie.at\/wordpress\/?s={search_term_string}"},"query-input":"required name=search_term_string"}],"inLanguage":"de-DE"},{"@type":"Organization","@id":"https:\/\/www.poesiegalerie.at\/wordpress\/#organization","name":"Poesiegalerie","url":"https:\/\/www.poesiegalerie.at\/wordpress\/","logo":{"@type":"ImageObject","inLanguage":"de-DE","@id":"https:\/\/www.poesiegalerie.at\/wordpress\/#\/schema\/logo\/image\/","url":"https:\/\/www.poesiegalerie.at\/wordpress\/wp-content\/uploads\/2021\/01\/Logoquadrat-PG-1.png","contentUrl":"https:\/\/www.poesiegalerie.at\/wordpress\/wp-content\/uploads\/2021\/01\/Logoquadrat-PG-1.png","width":512,"height":512,"caption":"Poesiegalerie"},"image":{"@id":"https:\/\/www.poesiegalerie.at\/wordpress\/#\/schema\/logo\/image\/"},"sameAs":["https:\/\/facebook.com\/poesiegalerie","https:\/\/twitter.com\/poesiegalerie","https:\/\/instagram.com\/poesiegalerie","https:\/\/youtube.com\/channel\/UChHTsNTzMPzZpU8TfKP3dNQ"]},{"@type":"Person","@id":"https:\/\/www.poesiegalerie.at\/wordpress\/#\/schema\/person\/e19e23249ea62e58948fe82f26d61e8b","name":"Carina Schlager","image":{"@type":"ImageObject","inLanguage":"de-DE","@id":"https:\/\/www.poesiegalerie.at\/wordpress\/#\/schema\/person\/image\/","url":"https:\/\/secure.gravatar.com\/avatar\/4a71cc0347a93a0f41d93d86ce4a52fb?s=96&d=mm&r=g","contentUrl":"https:\/\/secure.gravatar.com\/avatar\/4a71cc0347a93a0f41d93d86ce4a52fb?s=96&d=mm&r=g","caption":"Carina Schlager"},"url":"https:\/\/www.poesiegalerie.at\/wordpress\/author\/carina\/"}]}},"_links":{"self":[{"href":"https:\/\/www.poesiegalerie.at\/wordpress\/wp-json\/wp\/v2\/posts\/15038"}],"collection":[{"href":"https:\/\/www.poesiegalerie.at\/wordpress\/wp-json\/wp\/v2\/posts"}],"about":[{"href":"https:\/\/www.poesiegalerie.at\/wordpress\/wp-json\/wp\/v2\/types\/post"}],"author":[{"embeddable":true,"href":"https:\/\/www.poesiegalerie.at\/wordpress\/wp-json\/wp\/v2\/users\/9"}],"replies":[{"embeddable":true,"href":"https:\/\/www.poesiegalerie.at\/wordpress\/wp-json\/wp\/v2\/comments?post=15038"}],"version-history":[{"count":2,"href":"https:\/\/www.poesiegalerie.at\/wordpress\/wp-json\/wp\/v2\/posts\/15038\/revisions"}],"predecessor-version":[{"id":15059,"href":"https:\/\/www.poesiegalerie.at\/wordpress\/wp-json\/wp\/v2\/posts\/15038\/revisions\/15059"}],"wp:featuredmedia":[{"embeddable":true,"href":"https:\/\/www.poesiegalerie.at\/wordpress\/wp-json\/wp\/v2\/media\/15039"}],"wp:attachment":[{"href":"https:\/\/www.poesiegalerie.at\/wordpress\/wp-json\/wp\/v2\/media?parent=15038"}],"wp:term":[{"taxonomy":"category","embeddable":true,"href":"https:\/\/www.poesiegalerie.at\/wordpress\/wp-json\/wp\/v2\/categories?post=15038"},{"taxonomy":"post_tag","embeddable":true,"href":"https:\/\/www.poesiegalerie.at\/wordpress\/wp-json\/wp\/v2\/tags?post=15038"},{"taxonomy":"thb-sponsors","embeddable":true,"href":"https:\/\/www.poesiegalerie.at\/wordpress\/wp-json\/wp\/v2\/thb-sponsors?post=15038"}],"curies":[{"name":"wp","href":"https:\/\/api.w.org\/{rel}","templated":true}]}}