{"id":15087,"date":"2023-08-05T10:00:00","date_gmt":"2023-08-05T08:00:00","guid":{"rendered":"https:\/\/www.poesiegalerie.at\/wordpress\/?p=15087"},"modified":"2023-08-18T11:12:59","modified_gmt":"2023-08-18T09:12:59","slug":"reyer-sommerlektuere","status":"publish","type":"post","link":"https:\/\/www.poesiegalerie.at\/wordpress\/2023\/08\/05\/reyer-sommerlektuere\/","title":{"rendered":"Ich bin verzettelt, voll offener Fragen."},"content":{"rendered":"\n<p class=\"has-medium-font-size\"><a href=\"https:\/\/www.poesiegalerie.at\/wordpress\/autor%e2%80%91innen-alte-seite\/reyer-sophie\/\">Sophie Reyer<\/a> liest Anna Ospelts <em>Fr\u00fche Pflanzung<\/em><\/p>\n\n\n\n<hr class=\"wp-block-separator has-alpha-channel-opacity\"\/>\n\n\n\n<p>Mit Anna Ospelt verbindet mich, dass sie mir einmal in einer Workshopwoche der Lyrikplattform <em>Babelsprech<\/em> im literarischen Kolloquium begegnet ist. Ich erinnere mich: Damals stand sie im Garten, bei einer Baummeditation. Ich habe ihr begeistert zugesehen \u2013 und so wundere ich mich heute, einige Jahre sp\u00e4ter, auch nicht, dass ihr Buch <em>Fr\u00fche Pfanzung<\/em> hei\u00dft.  Ich selbst habe das Buch nun bezeichnenderweise in meinem Garten  gelesen \u2013 und bin sehr angetan!<\/p>\n\n\n\n<div class=\"wp-block-media-text is-stacked-on-mobile\" style=\"grid-template-columns:39% auto\"><figure class=\"wp-block-media-text__media\"><img decoding=\"async\" loading=\"lazy\" width=\"712\" height=\"1024\" src=\"data:image\/gif;base64,R0lGODlhAQABAAAAACH5BAEKAAEALAAAAAABAAEAAAICTAEAOw==\" data-src=\"https:\/\/www.poesiegalerie.at\/wordpress\/wp-content\/uploads\/2023\/08\/Reyer-Solekt-Ospelt-712x1024.jpg\" alt=\"\" class=\"wp-image-15088 size-full lazyload\" data-sizes=\"auto\" data-srcset=\"https:\/\/www.poesiegalerie.at\/wordpress\/wp-content\/uploads\/2023\/08\/Reyer-Solekt-Ospelt-712x1024.jpg 712w, https:\/\/www.poesiegalerie.at\/wordpress\/wp-content\/uploads\/2023\/08\/Reyer-Solekt-Ospelt-209x300.jpg 209w, https:\/\/www.poesiegalerie.at\/wordpress\/wp-content\/uploads\/2023\/08\/Reyer-Solekt-Ospelt-104x150.jpg 104w, https:\/\/www.poesiegalerie.at\/wordpress\/wp-content\/uploads\/2023\/08\/Reyer-Solekt-Ospelt-370x532.jpg 370w, https:\/\/www.poesiegalerie.at\/wordpress\/wp-content\/uploads\/2023\/08\/Reyer-Solekt-Ospelt-20x29.jpg 20w, https:\/\/www.poesiegalerie.at\/wordpress\/wp-content\/uploads\/2023\/08\/Reyer-Solekt-Ospelt-600x863.jpg 600w, https:\/\/www.poesiegalerie.at\/wordpress\/wp-content\/uploads\/2023\/08\/Reyer-Solekt-Ospelt-33x48.jpg 33w\" sizes=\"(max-width: 712px) 100vw, 712px\" \/><\/figure><div class=\"wp-block-media-text__content\">\n<p>Anna Ospelt ist eine Dichterin, die alles, was in der Natur w\u00e4chst, beim Wort nimmt, und sich mit diesen Begriffen bestimmt gut auskennt. Geboren ist die Schriftstellerin in Liechtenstein. Sie studierte Soziologie und Medienwissenschaften in Basel und setzte sich bereits in Werken wie <em>Wurzelstudien<\/em> mit der Natur auseinander. <\/p>\n\n\n\n<p>Foto \u00a9 Sophie Reyer <\/p>\n<\/div><\/div>\n\n\n\n<p>Daher hat sie wahrscheinlich auch ihre besondere Form: Denn ihr neues Werk ist eines, das sich formal nicht einordnen l\u00e4sst und zwischen lyrischer Prosa, freiem Tagebuch und einem aphoristischen Duktus oszilliert. Anna Ospelt nimmt das Wachsen als Stilprinzip und kreiert damit eine v\u00f6llig neue Struktur. Mensch und Natur werden hier in einem literarischen Werk erstmals ganz ohne Plot auf eine Ebene gestellt, wenn es ganz unaufgeregt hei\u00dft:<\/p>\n\n\n\n<p class=\"has-background\" style=\"background-color:#e6e6e6\">Ein Setzling wird in die Erde gepfanzt, man gie\u00dft vorsichtg und wartet. Ein Kind w\u00e4chst w\u00e4hrend der Schwangerschaft im Bauch der Muter heran und kommt zur Welt.<\/p>\n\n\n\n<p>Ein wunderbares Zitat, oder? Das Adjektiv \u201evorsichtig\u201c ist eines, das sich beim Lesen der filigranen Texte \u00fcbrigens immer wieder aufdr\u00e4ngt: Anna Ospelts Worte sind n\u00e4mlich alles andere als das, was man im klassischen Sinne als \u201ewuchernd\u201c bezeichnen w\u00fcrde, auch wenn die Sprache nur so flie\u00dft: Da ist kein Wort zu viel, da wird nichts erkl\u00e4rt, der Magie des Lebens nichts weggenommen, aber auch nichts versch\u00f6nt oder hinzugedichtet. Auf zerbrechliche, aber auch v\u00f6llig unaufgeregte Weise beschreibt Anna Ospelt, was da so in ihrem Leben keimt, Form annimmt, gro\u00df wird, sich ver\u00e4ndert und wieder vergeht.<\/p>\n\n\n\n<p>Da ist zum Beispiel das Kind, zuerst noch ein Teil des Selbst, das laufen lernt und schlie\u00dflich losgelassen werden muss. Da ist der Garten, in dem Leben beginnt, gro\u00df wird und wieder vergeht, und da ist die Beziehung \u2013 um einiges spr\u00f6der und weniger organisch als der Garten \u2013 die aufgrund gewisser gesellschaftlicher Strukturen dann doch wieder (los) gelassen werden muss. Anna Ospelts Text schildert den Alltag von Schreiben und Muttersein auf sanfte Art und Weise und ist dabei implizit politisch. Denn ohne plakativ sein zu wollen, leuchtet stets die gesellschaftliche Frage durch die Zeilen der Dichterin: Was bedeutet \u201eMutterwerden\u201c heute f\u00fcr eine Frau, die schreiben will? Leicht ist es jedenfalls nicht und der Freiraum der Mutter hart erk\u00e4mpft: &#8222;Die kleinen Freiheiten: unter der Dusche, in einem Brief, im Kunstmuseum. Mein Aufatmen darin.&#8220; <\/p>\n\n\n\n<p>&#8222;Ich bin verzettelt, voll offener Fragen. Habe keine Antwort darauf, was richtig ist\u201c, schreibt Anna Ospelt und dass sie nur Eines wei\u00df: &#8222;Ein Baby ist ein Baby ist ein Baby.&#8220; Eine Suchbewegung in Sprache beginnt und setzt sich fort, entwickelt und ver\u00e4ndert sich wie auch das Leben der Pfanzen. &#8222;Ich sticke auf den Stoff meiner Gro\u00dfmutter, mit den Faden meiner Mutter\u201c, schreibt Ospelt in Auseinandersetzung mit ihrer Vergangenheit. Eine literarische Besonderheit sind hier vor allem auch die eingef\u00fcgten Bilder: Gew\u00fcrzt sind die wie hinter einer Glaswand geschilderten Betrachtungen des Textes mit filigranen visuellen Arbeiten, die \u00e4hnlich reduziert arbeiten wie die Sprache in diesem Band und durch klare Formen, Farben und Konturen gro\u00dfe seelische R\u00e4ume im Leser \u00f6ffnen. Eines wird beim Lesen von <em>Fr\u00fche Pflanzung<\/em> klar und macht Hoffnung: In Zeiten, in denen Menschen immer mehr \u201eoptimiert\u201c und Randgruppen immer massiver verdr\u00e4ngt werden, bricht Anna Ospelt mit semantischen Strukturen und sucht neue Formen des Ausdrucks, indem sie existierende Sprachcodes aus ihrem Kontext l\u00f6st und in eine neue Anordnung bringt: So wird die Produktionsmaschinerie nicht einfach beliefert, vielmehr kommt es zur Auslotung neuer Bereiche und M\u00f6glichkeiten, Sprache zu denken. Anna Ospelt scheint mir den Spuren feministischer Dichterinnen zu folgen und dabei doch einen ganz neuen und eigenen Stil zu entwickeln. Ein gelungenes Buch!<\/p>\n\n\n\n<hr class=\"wp-block-separator has-alpha-channel-opacity\"\/>\n\n\n\n<div class=\"wp-block-media-text is-stacked-on-mobile\" style=\"grid-template-columns:25% auto\"><figure class=\"wp-block-media-text__media\"><img decoding=\"async\" loading=\"lazy\" width=\"618\" height=\"1024\" src=\"data:image\/gif;base64,R0lGODlhAQABAAAAACH5BAEKAAEALAAAAAABAAEAAAICTAEAOw==\" data-src=\"https:\/\/www.poesiegalerie.at\/wordpress\/wp-content\/uploads\/2023\/08\/Cover-Ospelt-Fruuehe-Pflanzung-618x1024.jpeg\" alt=\"\" class=\"wp-image-15089 size-full lazyload\" data-sizes=\"auto\" data-srcset=\"https:\/\/www.poesiegalerie.at\/wordpress\/wp-content\/uploads\/2023\/08\/Cover-Ospelt-Fruuehe-Pflanzung-618x1024.jpeg 618w, https:\/\/www.poesiegalerie.at\/wordpress\/wp-content\/uploads\/2023\/08\/Cover-Ospelt-Fruuehe-Pflanzung-181x300.jpeg 181w, https:\/\/www.poesiegalerie.at\/wordpress\/wp-content\/uploads\/2023\/08\/Cover-Ospelt-Fruuehe-Pflanzung-91x150.jpeg 91w, https:\/\/www.poesiegalerie.at\/wordpress\/wp-content\/uploads\/2023\/08\/Cover-Ospelt-Fruuehe-Pflanzung-370x613.jpeg 370w, https:\/\/www.poesiegalerie.at\/wordpress\/wp-content\/uploads\/2023\/08\/Cover-Ospelt-Fruuehe-Pflanzung-20x33.jpeg 20w, https:\/\/www.poesiegalerie.at\/wordpress\/wp-content\/uploads\/2023\/08\/Cover-Ospelt-Fruuehe-Pflanzung-600x994.jpeg 600w, https:\/\/www.poesiegalerie.at\/wordpress\/wp-content\/uploads\/2023\/08\/Cover-Ospelt-Fruuehe-Pflanzung-29x48.jpeg 29w\" sizes=\"(max-width: 618px) 100vw, 618px\" \/><\/figure><div class=\"wp-block-media-text__content\">\n<p class=\"has-medium-font-size\"><br>Anna Ospelt.<em> Fr\u00fche Pflanzung<\/em>. Limmat Verlag, 2023, 120 Seiten, Euro 24,- <br><\/p>\n<\/div><\/div>\n","protected":false},"excerpt":{"rendered":"<p>Sommerlekt\u00fcre: Sophie Reyer liest Anna Ospelts &#8222;Fr\u00fche Pflanzung&#8220; f\u00fcr die Poesiegalerie<\/p>\n","protected":false},"author":9,"featured_media":15088,"comment_status":"closed","ping_status":"closed","sticky":false,"template":"","format":"standard","meta":[],"categories":[467,538],"tags":[160],"thb-sponsors":[],"yoast_head":"<!-- This site is optimized with the Yoast SEO plugin v20.6 - https:\/\/yoast.com\/wordpress\/plugins\/seo\/ -->\n<title>Ich bin verzettelt, voll offener Fragen. - Poesiegalerie<\/title>\n<meta name=\"description\" content=\"Sommerlekt\u00fcre: Sophie Reyer liest Anna Ospelts &quot;Fr\u00fche Pflanzung&quot; f\u00fcr die Poesiegalerie\" \/>\n<meta name=\"robots\" content=\"index, follow, max-snippet:-1, max-image-preview:large, max-video-preview:-1\" \/>\n<link rel=\"canonical\" href=\"https:\/\/www.poesiegalerie.at\/wordpress\/2023\/08\/05\/reyer-sommerlektuere\/\" \/>\n<meta property=\"og:locale\" content=\"de_DE\" \/>\n<meta property=\"og:type\" content=\"article\" \/>\n<meta property=\"og:title\" content=\"Ich bin verzettelt, voll offener Fragen. - Poesiegalerie\" \/>\n<meta property=\"og:description\" content=\"Sommerlekt\u00fcre: Sophie Reyer liest Anna Ospelts &quot;Fr\u00fche Pflanzung&quot; f\u00fcr die Poesiegalerie\" \/>\n<meta property=\"og:url\" content=\"https:\/\/www.poesiegalerie.at\/wordpress\/2023\/08\/05\/reyer-sommerlektuere\/\" \/>\n<meta property=\"og:site_name\" content=\"Poesiegalerie\" \/>\n<meta property=\"article:publisher\" content=\"https:\/\/facebook.com\/poesiegalerie\" \/>\n<meta property=\"article:published_time\" content=\"2023-08-05T08:00:00+00:00\" \/>\n<meta property=\"article:modified_time\" content=\"2023-08-18T09:12:59+00:00\" \/>\n<meta property=\"og:image\" content=\"https:\/\/www.poesiegalerie.at\/wordpress\/wp-content\/uploads\/2023\/08\/Reyer-Solekt-Ospelt-scaled.jpg\" \/>\n\t<meta property=\"og:image:width\" content=\"1781\" \/>\n\t<meta property=\"og:image:height\" content=\"2560\" \/>\n\t<meta property=\"og:image:type\" content=\"image\/jpeg\" \/>\n<meta name=\"author\" content=\"Carina Schlager\" \/>\n<meta name=\"twitter:card\" content=\"summary_large_image\" \/>\n<meta name=\"twitter:creator\" content=\"@poesiegalerie\" \/>\n<meta name=\"twitter:site\" content=\"@poesiegalerie\" \/>\n<meta name=\"twitter:label1\" content=\"Verfasst von\" \/>\n\t<meta name=\"twitter:data1\" content=\"Carina Schlager\" \/>\n\t<meta name=\"twitter:label2\" content=\"Gesch\u00e4tzte Lesezeit\" \/>\n\t<meta name=\"twitter:data2\" content=\"5 Minuten\" \/>\n<script type=\"application\/ld+json\" class=\"yoast-schema-graph\">{\"@context\":\"https:\/\/schema.org\",\"@graph\":[{\"@type\":\"Article\",\"@id\":\"https:\/\/www.poesiegalerie.at\/wordpress\/2023\/08\/05\/reyer-sommerlektuere\/#article\",\"isPartOf\":{\"@id\":\"https:\/\/www.poesiegalerie.at\/wordpress\/2023\/08\/05\/reyer-sommerlektuere\/\"},\"author\":{\"name\":\"Carina Schlager\",\"@id\":\"https:\/\/www.poesiegalerie.at\/wordpress\/#\/schema\/person\/e19e23249ea62e58948fe82f26d61e8b\"},\"headline\":\"Ich bin verzettelt, voll offener Fragen.\",\"datePublished\":\"2023-08-05T08:00:00+00:00\",\"dateModified\":\"2023-08-18T09:12:59+00:00\",\"mainEntityOfPage\":{\"@id\":\"https:\/\/www.poesiegalerie.at\/wordpress\/2023\/08\/05\/reyer-sommerlektuere\/\"},\"wordCount\":703,\"publisher\":{\"@id\":\"https:\/\/www.poesiegalerie.at\/wordpress\/#organization\"},\"keywords\":[\"Sophie Reyer\"],\"articleSection\":[\"LEKT\u00dcREN\",\"Sommerlekt\u00fcren 2023\"],\"inLanguage\":\"de-DE\"},{\"@type\":\"WebPage\",\"@id\":\"https:\/\/www.poesiegalerie.at\/wordpress\/2023\/08\/05\/reyer-sommerlektuere\/\",\"url\":\"https:\/\/www.poesiegalerie.at\/wordpress\/2023\/08\/05\/reyer-sommerlektuere\/\",\"name\":\"Ich bin verzettelt, voll offener Fragen. - Poesiegalerie\",\"isPartOf\":{\"@id\":\"https:\/\/www.poesiegalerie.at\/wordpress\/#website\"},\"datePublished\":\"2023-08-05T08:00:00+00:00\",\"dateModified\":\"2023-08-18T09:12:59+00:00\",\"description\":\"Sommerlekt\u00fcre: Sophie Reyer liest Anna Ospelts \\\"Fr\u00fche Pflanzung\\\" f\u00fcr die Poesiegalerie\",\"breadcrumb\":{\"@id\":\"https:\/\/www.poesiegalerie.at\/wordpress\/2023\/08\/05\/reyer-sommerlektuere\/#breadcrumb\"},\"inLanguage\":\"de-DE\",\"potentialAction\":[{\"@type\":\"ReadAction\",\"target\":[\"https:\/\/www.poesiegalerie.at\/wordpress\/2023\/08\/05\/reyer-sommerlektuere\/\"]}]},{\"@type\":\"BreadcrumbList\",\"@id\":\"https:\/\/www.poesiegalerie.at\/wordpress\/2023\/08\/05\/reyer-sommerlektuere\/#breadcrumb\",\"itemListElement\":[{\"@type\":\"ListItem\",\"position\":1,\"name\":\"Startseite\",\"item\":\"https:\/\/www.poesiegalerie.at\/wordpress\/\"},{\"@type\":\"ListItem\",\"position\":2,\"name\":\"Ich bin verzettelt, voll offener Fragen.\"}]},{\"@type\":\"WebSite\",\"@id\":\"https:\/\/www.poesiegalerie.at\/wordpress\/#website\",\"url\":\"https:\/\/www.poesiegalerie.at\/wordpress\/\",\"name\":\"Poesiegalerie\",\"description\":\"\",\"publisher\":{\"@id\":\"https:\/\/www.poesiegalerie.at\/wordpress\/#organization\"},\"potentialAction\":[{\"@type\":\"SearchAction\",\"target\":{\"@type\":\"EntryPoint\",\"urlTemplate\":\"https:\/\/www.poesiegalerie.at\/wordpress\/?s={search_term_string}\"},\"query-input\":\"required name=search_term_string\"}],\"inLanguage\":\"de-DE\"},{\"@type\":\"Organization\",\"@id\":\"https:\/\/www.poesiegalerie.at\/wordpress\/#organization\",\"name\":\"Poesiegalerie\",\"url\":\"https:\/\/www.poesiegalerie.at\/wordpress\/\",\"logo\":{\"@type\":\"ImageObject\",\"inLanguage\":\"de-DE\",\"@id\":\"https:\/\/www.poesiegalerie.at\/wordpress\/#\/schema\/logo\/image\/\",\"url\":\"https:\/\/www.poesiegalerie.at\/wordpress\/wp-content\/uploads\/2021\/01\/Logoquadrat-PG-1.png\",\"contentUrl\":\"https:\/\/www.poesiegalerie.at\/wordpress\/wp-content\/uploads\/2021\/01\/Logoquadrat-PG-1.png\",\"width\":512,\"height\":512,\"caption\":\"Poesiegalerie\"},\"image\":{\"@id\":\"https:\/\/www.poesiegalerie.at\/wordpress\/#\/schema\/logo\/image\/\"},\"sameAs\":[\"https:\/\/facebook.com\/poesiegalerie\",\"https:\/\/twitter.com\/poesiegalerie\",\"https:\/\/instagram.com\/poesiegalerie\",\"https:\/\/youtube.com\/channel\/UChHTsNTzMPzZpU8TfKP3dNQ\"]},{\"@type\":\"Person\",\"@id\":\"https:\/\/www.poesiegalerie.at\/wordpress\/#\/schema\/person\/e19e23249ea62e58948fe82f26d61e8b\",\"name\":\"Carina Schlager\",\"image\":{\"@type\":\"ImageObject\",\"inLanguage\":\"de-DE\",\"@id\":\"https:\/\/www.poesiegalerie.at\/wordpress\/#\/schema\/person\/image\/\",\"url\":\"https:\/\/secure.gravatar.com\/avatar\/4a71cc0347a93a0f41d93d86ce4a52fb?s=96&d=mm&r=g\",\"contentUrl\":\"https:\/\/secure.gravatar.com\/avatar\/4a71cc0347a93a0f41d93d86ce4a52fb?s=96&d=mm&r=g\",\"caption\":\"Carina Schlager\"},\"url\":\"https:\/\/www.poesiegalerie.at\/wordpress\/author\/carina\/\"}]}<\/script>\n<!-- \/ Yoast SEO plugin. -->","yoast_head_json":{"title":"Ich bin verzettelt, voll offener Fragen. - Poesiegalerie","description":"Sommerlekt\u00fcre: Sophie Reyer liest Anna Ospelts \"Fr\u00fche Pflanzung\" f\u00fcr die Poesiegalerie","robots":{"index":"index","follow":"follow","max-snippet":"max-snippet:-1","max-image-preview":"max-image-preview:large","max-video-preview":"max-video-preview:-1"},"canonical":"https:\/\/www.poesiegalerie.at\/wordpress\/2023\/08\/05\/reyer-sommerlektuere\/","og_locale":"de_DE","og_type":"article","og_title":"Ich bin verzettelt, voll offener Fragen. - Poesiegalerie","og_description":"Sommerlekt\u00fcre: Sophie Reyer liest Anna Ospelts \"Fr\u00fche Pflanzung\" f\u00fcr die Poesiegalerie","og_url":"https:\/\/www.poesiegalerie.at\/wordpress\/2023\/08\/05\/reyer-sommerlektuere\/","og_site_name":"Poesiegalerie","article_publisher":"https:\/\/facebook.com\/poesiegalerie","article_published_time":"2023-08-05T08:00:00+00:00","article_modified_time":"2023-08-18T09:12:59+00:00","og_image":[{"width":1781,"height":2560,"url":"https:\/\/www.poesiegalerie.at\/wordpress\/wp-content\/uploads\/2023\/08\/Reyer-Solekt-Ospelt-scaled.jpg","type":"image\/jpeg"}],"author":"Carina Schlager","twitter_card":"summary_large_image","twitter_creator":"@poesiegalerie","twitter_site":"@poesiegalerie","twitter_misc":{"Verfasst von":"Carina Schlager","Gesch\u00e4tzte Lesezeit":"5 Minuten"},"schema":{"@context":"https:\/\/schema.org","@graph":[{"@type":"Article","@id":"https:\/\/www.poesiegalerie.at\/wordpress\/2023\/08\/05\/reyer-sommerlektuere\/#article","isPartOf":{"@id":"https:\/\/www.poesiegalerie.at\/wordpress\/2023\/08\/05\/reyer-sommerlektuere\/"},"author":{"name":"Carina Schlager","@id":"https:\/\/www.poesiegalerie.at\/wordpress\/#\/schema\/person\/e19e23249ea62e58948fe82f26d61e8b"},"headline":"Ich bin verzettelt, voll offener Fragen.","datePublished":"2023-08-05T08:00:00+00:00","dateModified":"2023-08-18T09:12:59+00:00","mainEntityOfPage":{"@id":"https:\/\/www.poesiegalerie.at\/wordpress\/2023\/08\/05\/reyer-sommerlektuere\/"},"wordCount":703,"publisher":{"@id":"https:\/\/www.poesiegalerie.at\/wordpress\/#organization"},"keywords":["Sophie Reyer"],"articleSection":["LEKT\u00dcREN","Sommerlekt\u00fcren 2023"],"inLanguage":"de-DE"},{"@type":"WebPage","@id":"https:\/\/www.poesiegalerie.at\/wordpress\/2023\/08\/05\/reyer-sommerlektuere\/","url":"https:\/\/www.poesiegalerie.at\/wordpress\/2023\/08\/05\/reyer-sommerlektuere\/","name":"Ich bin verzettelt, voll offener Fragen. - Poesiegalerie","isPartOf":{"@id":"https:\/\/www.poesiegalerie.at\/wordpress\/#website"},"datePublished":"2023-08-05T08:00:00+00:00","dateModified":"2023-08-18T09:12:59+00:00","description":"Sommerlekt\u00fcre: Sophie Reyer liest Anna Ospelts \"Fr\u00fche Pflanzung\" f\u00fcr die Poesiegalerie","breadcrumb":{"@id":"https:\/\/www.poesiegalerie.at\/wordpress\/2023\/08\/05\/reyer-sommerlektuere\/#breadcrumb"},"inLanguage":"de-DE","potentialAction":[{"@type":"ReadAction","target":["https:\/\/www.poesiegalerie.at\/wordpress\/2023\/08\/05\/reyer-sommerlektuere\/"]}]},{"@type":"BreadcrumbList","@id":"https:\/\/www.poesiegalerie.at\/wordpress\/2023\/08\/05\/reyer-sommerlektuere\/#breadcrumb","itemListElement":[{"@type":"ListItem","position":1,"name":"Startseite","item":"https:\/\/www.poesiegalerie.at\/wordpress\/"},{"@type":"ListItem","position":2,"name":"Ich bin verzettelt, voll offener Fragen."}]},{"@type":"WebSite","@id":"https:\/\/www.poesiegalerie.at\/wordpress\/#website","url":"https:\/\/www.poesiegalerie.at\/wordpress\/","name":"Poesiegalerie","description":"","publisher":{"@id":"https:\/\/www.poesiegalerie.at\/wordpress\/#organization"},"potentialAction":[{"@type":"SearchAction","target":{"@type":"EntryPoint","urlTemplate":"https:\/\/www.poesiegalerie.at\/wordpress\/?s={search_term_string}"},"query-input":"required name=search_term_string"}],"inLanguage":"de-DE"},{"@type":"Organization","@id":"https:\/\/www.poesiegalerie.at\/wordpress\/#organization","name":"Poesiegalerie","url":"https:\/\/www.poesiegalerie.at\/wordpress\/","logo":{"@type":"ImageObject","inLanguage":"de-DE","@id":"https:\/\/www.poesiegalerie.at\/wordpress\/#\/schema\/logo\/image\/","url":"https:\/\/www.poesiegalerie.at\/wordpress\/wp-content\/uploads\/2021\/01\/Logoquadrat-PG-1.png","contentUrl":"https:\/\/www.poesiegalerie.at\/wordpress\/wp-content\/uploads\/2021\/01\/Logoquadrat-PG-1.png","width":512,"height":512,"caption":"Poesiegalerie"},"image":{"@id":"https:\/\/www.poesiegalerie.at\/wordpress\/#\/schema\/logo\/image\/"},"sameAs":["https:\/\/facebook.com\/poesiegalerie","https:\/\/twitter.com\/poesiegalerie","https:\/\/instagram.com\/poesiegalerie","https:\/\/youtube.com\/channel\/UChHTsNTzMPzZpU8TfKP3dNQ"]},{"@type":"Person","@id":"https:\/\/www.poesiegalerie.at\/wordpress\/#\/schema\/person\/e19e23249ea62e58948fe82f26d61e8b","name":"Carina Schlager","image":{"@type":"ImageObject","inLanguage":"de-DE","@id":"https:\/\/www.poesiegalerie.at\/wordpress\/#\/schema\/person\/image\/","url":"https:\/\/secure.gravatar.com\/avatar\/4a71cc0347a93a0f41d93d86ce4a52fb?s=96&d=mm&r=g","contentUrl":"https:\/\/secure.gravatar.com\/avatar\/4a71cc0347a93a0f41d93d86ce4a52fb?s=96&d=mm&r=g","caption":"Carina Schlager"},"url":"https:\/\/www.poesiegalerie.at\/wordpress\/author\/carina\/"}]}},"_links":{"self":[{"href":"https:\/\/www.poesiegalerie.at\/wordpress\/wp-json\/wp\/v2\/posts\/15087"}],"collection":[{"href":"https:\/\/www.poesiegalerie.at\/wordpress\/wp-json\/wp\/v2\/posts"}],"about":[{"href":"https:\/\/www.poesiegalerie.at\/wordpress\/wp-json\/wp\/v2\/types\/post"}],"author":[{"embeddable":true,"href":"https:\/\/www.poesiegalerie.at\/wordpress\/wp-json\/wp\/v2\/users\/9"}],"replies":[{"embeddable":true,"href":"https:\/\/www.poesiegalerie.at\/wordpress\/wp-json\/wp\/v2\/comments?post=15087"}],"version-history":[{"count":16,"href":"https:\/\/www.poesiegalerie.at\/wordpress\/wp-json\/wp\/v2\/posts\/15087\/revisions"}],"predecessor-version":[{"id":15168,"href":"https:\/\/www.poesiegalerie.at\/wordpress\/wp-json\/wp\/v2\/posts\/15087\/revisions\/15168"}],"wp:featuredmedia":[{"embeddable":true,"href":"https:\/\/www.poesiegalerie.at\/wordpress\/wp-json\/wp\/v2\/media\/15088"}],"wp:attachment":[{"href":"https:\/\/www.poesiegalerie.at\/wordpress\/wp-json\/wp\/v2\/media?parent=15087"}],"wp:term":[{"taxonomy":"category","embeddable":true,"href":"https:\/\/www.poesiegalerie.at\/wordpress\/wp-json\/wp\/v2\/categories?post=15087"},{"taxonomy":"post_tag","embeddable":true,"href":"https:\/\/www.poesiegalerie.at\/wordpress\/wp-json\/wp\/v2\/tags?post=15087"},{"taxonomy":"thb-sponsors","embeddable":true,"href":"https:\/\/www.poesiegalerie.at\/wordpress\/wp-json\/wp\/v2\/thb-sponsors?post=15087"}],"curies":[{"name":"wp","href":"https:\/\/api.w.org\/{rel}","templated":true}]}}