{"id":15206,"date":"2023-08-29T08:00:00","date_gmt":"2023-08-29T06:00:00","guid":{"rendered":"https:\/\/www.poesiegalerie.at\/wordpress\/?p=15206"},"modified":"2023-08-29T14:44:14","modified_gmt":"2023-08-29T12:44:14","slug":"volkmann-sommerlekture-merwin","status":"publish","type":"post","link":"https:\/\/www.poesiegalerie.at\/wordpress\/2023\/08\/29\/volkmann-sommerlekture-merwin\/","title":{"rendered":"&#8222;Wer wird an uns erinnern?&#8220; Vom stillen Verschwinden"},"content":{"rendered":"\n<p class=\"has-medium-font-size\"><a href=\"https:\/\/www.poesiegalerie.at\/wordpress\/autor%e2%80%91innen-alte-seite\/volkmann-jana\/\">Jana Volkmann<\/a> liest diesen Sommer W. S. Merwins<br>Gedichtband <em>Nach den Libellen<\/em><\/p>\n\n\n\n<hr class=\"wp-block-separator has-alpha-channel-opacity\"\/>\n\n\n\n<p>B\u00fccher \u00fcber Ruinen, B\u00fccher \u00fcber Hunde. Obwohl ich viel und gern Rezensionen schreibe und Literaturkritik f\u00fcr das vielleicht sogar wichtigste Medium \u00f6ffentlichen Sprechens \u00fcber Literatur halte, geht mir nichts \u00fcber pers\u00f6nliche Empfehlungen. Ich mache mir manchmal ein Spiel daraus, in sozialen Medien nach Lekt\u00fcren zu bestimmten Motiven, Themen oder Formen zu fragen, wenn ich zum Beispiel gerade eine Hunde- oder Ruinenphase durchmache. Dahinter steckt der unverr\u00fcckbare Glaube an zweierlei: an die Klugheit meiner Freund*innen und an den Zufall. Fester Dank geb\u00fchrt allen, die mir auf \u00e4hnliche Weise die tollsten und erstaunlichsten Leseerfahrungen beschert haben.<\/p>\n\n\n\n<p>Beides, Freundschaft und Zufall, hat mich diesen Sommer zu den Gedichten von W. S. Merwin gebracht. Ivana Milo\u0161, die Dichterin, \u00dcbersetzerin und bildende K\u00fcnstlerin ist, hatte mir ein von ihr gedrucktes Lesezeichen geschenkt, auf dessen R\u00fcckseite sich ein Zitat, besser gesagt ein ganzes Gedicht, von Merwin mit dem Titel &#8222;Witness&#8220; befindet:<\/p>\n\n\n\n<pre class=\"wp-block-verse\">I want to tell what the forests \nwere like \n\nI will have to speak \nin a forgotten language. <\/pre>\n\n\n\n<div class=\"wp-block-media-text is-stacked-on-mobile\" style=\"grid-template-columns:31% auto\"><figure class=\"wp-block-media-text__media\"><img decoding=\"async\" loading=\"lazy\" width=\"1024\" height=\"915\" src=\"data:image\/gif;base64,R0lGODlhAQABAAAAACH5BAEKAAEALAAAAAABAAEAAAICTAEAOw==\" data-src=\"https:\/\/www.poesiegalerie.at\/wordpress\/wp-content\/uploads\/2023\/08\/Volkmann-Solekt-\u00a9-privat-1024x915.jpg\" alt=\"\" class=\"wp-image-15218 size-full lazyload\" data-sizes=\"auto\" data-srcset=\"https:\/\/www.poesiegalerie.at\/wordpress\/wp-content\/uploads\/2023\/08\/Volkmann-Solekt-\u00a9-privat-1024x915.jpg 1024w, https:\/\/www.poesiegalerie.at\/wordpress\/wp-content\/uploads\/2023\/08\/Volkmann-Solekt-\u00a9-privat-300x268.jpg 300w, https:\/\/www.poesiegalerie.at\/wordpress\/wp-content\/uploads\/2023\/08\/Volkmann-Solekt-\u00a9-privat-150x134.jpg 150w, https:\/\/www.poesiegalerie.at\/wordpress\/wp-content\/uploads\/2023\/08\/Volkmann-Solekt-\u00a9-privat-768x687.jpg 768w, https:\/\/www.poesiegalerie.at\/wordpress\/wp-content\/uploads\/2023\/08\/Volkmann-Solekt-\u00a9-privat-370x331.jpg 370w, https:\/\/www.poesiegalerie.at\/wordpress\/wp-content\/uploads\/2023\/08\/Volkmann-Solekt-\u00a9-privat-800x715.jpg 800w, https:\/\/www.poesiegalerie.at\/wordpress\/wp-content\/uploads\/2023\/08\/Volkmann-Solekt-\u00a9-privat-20x18.jpg 20w, https:\/\/www.poesiegalerie.at\/wordpress\/wp-content\/uploads\/2023\/08\/Volkmann-Solekt-\u00a9-privat-740x662.jpg 740w, https:\/\/www.poesiegalerie.at\/wordpress\/wp-content\/uploads\/2023\/08\/Volkmann-Solekt-\u00a9-privat-600x536.jpg 600w, https:\/\/www.poesiegalerie.at\/wordpress\/wp-content\/uploads\/2023\/08\/Volkmann-Solekt-\u00a9-privat-54x48.jpg 54w\" sizes=\"(max-width: 1024px) 100vw, 1024px\" \/><\/figure><div class=\"wp-block-media-text__content\">\n<p><em>Nach den Libellen<\/em> erschien 2018, ein Jahr vor Merwins Tod. Dass es die erste deutschsprachige Edition ist, ist einigerma\u00dfen erstaunlich: Merwin hat immerhin zweimal den Pulitzerpreis bekommen und es vor allem in den USA \u2013 er lebte seit den 1970er Jahren auf Hawaii \u2013 zu gro\u00dfer Ber\u00fchmtheit gebracht. <\/p>\n\n\n\n<p>Cover \u00a9 Jana Volkmann <\/p>\n<\/div><\/div>\n\n\n\n<p>Die \u00dcbersetzungen ins Deutsche stammen von Hans J\u00fcrgen Balmes und sie halten der Probe stand, in der zweisprachigen Ausgabe Seite an Seite neben den Originalen zu stehen. Balmes hat auch das Nachwort verfasst, das Merwins komplexes, an unterschiedlichen Motiven, Formen und Referenzen reiches Schaffen kursorisch einordnet und die Auswahl f\u00fcr den Band reflektiert.<\/p>\n\n\n\n<p>Die W\u00e4lder, die W. S. Merwin meint, gibt es nicht mehr. Mit ihnen ist auch die Sprache fort, mit der sich \u00fcber sie sprechen \u2013 und an sie erinnern \u2013 l\u00e4sst. Es nimmt in knapper Form vorweg, was das titelgebende Gedicht in<em> Nach den Libellen<\/em> schlie\u00dflich ausf\u00fchrt und mit der pointierten Sprache eines Dichters, bei dem jedes Wort Gewicht und Belang hat, verschiebt. &#8222;there will be no one to remember us&#8220; \u2013 der letzte Vers des Gedichts macht die Libellen zu Zeugen und uns zu denen, die nur fl\u00fcchtig und fremd vor ihren seltsamen Augen erscheinen.<\/p>\n\n\n\n<p>Neben den Lebewesen, die Merwin zu Protagonistinnen einiger seiner Gedichte macht (F\u00fcchsin, Libelle, Rotschw\u00e4nzchen sind nur einige davon), den Fl\u00fcssen, dem Regen und den W\u00e4ldern, widmet er andere Zbigniew Herberts Fahrrad, einer Bordkarte, verlorenen Freunden. Aber es sind seine spukhaften, immer im Verschwinden begriffenen Tiere, die mir am meisten im Ged\u00e4chtnis bleiben. Zur gleichen Zeit wie Merwins Gedichtband lese ich \u2013 zur Recherche f\u00fcr einen Artikel, spiele ich mir vor, in Wahrheit aber aus einem l\u00e4ngst dar\u00fcber hinaus gewachsenen Interesse \u2013 \u00fcber die Entwicklungen der neuesten Vogelgrippevariante, an der bereits unvorstellbare Mengen von V\u00f6geln, insbesondere Seev\u00f6geln gestorben sind und die l\u00e4ngst auch S\u00e4ugetiere betrifft. Ihr Sterben geht leise vonstatten, zumindest in meinem Umfeld fast unbemerkt und unkommentiert. Weder Gespenster noch Gedichte bleiben von ihnen.<\/p>\n\n\n\n<p>Ich bin eine heillose Stadtratte und lese die Gedichte mit Blick auf einen Ottakringer Innenhof. Unsere beiden Katzen sitzen oft am Fenster und schimpfen auf die Tauben, die, f\u00fcr sie unerreichbar, auf dem Dachfirst des Eckhauses sitzen. In den Abendstunden werden wir kurz gemeinsam Zeugen, wie die Flederm\u00e4use ausschw\u00e4rmen, ihre Kreise ziehen und pl\u00f6tzlich fort sind: Sie l\u00f6sen sich zeugenlos auf in der f\u00fcr meine Augen undurchdringlichen Dunkelheit oder in der Geborgenheit ihrer Sommernester. Wer in Hinkunft mein Verschwinden bezeugen wird, wei\u00df ich nicht. W\u00e4lder und Libellen d\u00fcrften es kaum sein \u2013 Hunde und Ruinen vielleicht.<\/p>\n\n\n\n<hr class=\"wp-block-separator has-alpha-channel-opacity\"\/>\n\n\n\n<p><span class=\"topline h2\"><\/span><\/p>\n\n\n\n<div class=\"wp-block-media-text is-stacked-on-mobile\" style=\"grid-template-columns:28% auto\"><figure class=\"wp-block-media-text__media\"><img decoding=\"async\" loading=\"lazy\" width=\"690\" height=\"1000\" src=\"data:image\/gif;base64,R0lGODlhAQABAAAAACH5BAEKAAEALAAAAAABAAEAAAICTAEAOw==\" data-src=\"https:\/\/www.poesiegalerie.at\/wordpress\/wp-content\/uploads\/2023\/08\/Cover-Merwin-Nach-den-Libellen-.jpg\" alt=\"\" class=\"wp-image-15208 size-full lazyload\" data-sizes=\"auto\" data-srcset=\"https:\/\/www.poesiegalerie.at\/wordpress\/wp-content\/uploads\/2023\/08\/Cover-Merwin-Nach-den-Libellen-.jpg 690w, https:\/\/www.poesiegalerie.at\/wordpress\/wp-content\/uploads\/2023\/08\/Cover-Merwin-Nach-den-Libellen--207x300.jpg 207w, https:\/\/www.poesiegalerie.at\/wordpress\/wp-content\/uploads\/2023\/08\/Cover-Merwin-Nach-den-Libellen--104x150.jpg 104w, https:\/\/www.poesiegalerie.at\/wordpress\/wp-content\/uploads\/2023\/08\/Cover-Merwin-Nach-den-Libellen--370x536.jpg 370w, https:\/\/www.poesiegalerie.at\/wordpress\/wp-content\/uploads\/2023\/08\/Cover-Merwin-Nach-den-Libellen--20x29.jpg 20w, https:\/\/www.poesiegalerie.at\/wordpress\/wp-content\/uploads\/2023\/08\/Cover-Merwin-Nach-den-Libellen--600x870.jpg 600w, https:\/\/www.poesiegalerie.at\/wordpress\/wp-content\/uploads\/2023\/08\/Cover-Merwin-Nach-den-Libellen--33x48.jpg 33w\" sizes=\"(max-width: 690px) 100vw, 690px\" \/><\/figure><div class=\"wp-block-media-text__content\">\n<p class=\"has-medium-font-size\">W.S. Merwin: <em>Nach den Libellen<\/em>. Gedichte. Englisch-Deutsch Edition aus dem Englischen von Hans J\u00fcrgen Balmes. M\u00fcnchen: Edition Lyrik Kabinett bei Hanser, 2018, 144 Seiten, Euro 19,-<\/p>\n<\/div><\/div>\n","protected":false},"excerpt":{"rendered":"<p>Sommerlekt\u00fcre: &#8222;Wer wird an uns erinnern? Vom stillen Verschwinden&#8220; &#8211; Jana Volkmann liest diesen Sommer W.S. Merwins Gedichtband &#8222;Nach den Libellen&#8220;<\/p>\n","protected":false},"author":9,"featured_media":15218,"comment_status":"closed","ping_status":"closed","sticky":false,"template":"","format":"standard","meta":[],"categories":[467,538],"tags":[424],"thb-sponsors":[],"yoast_head":"<!-- This site is optimized with the Yoast SEO plugin v20.6 - https:\/\/yoast.com\/wordpress\/plugins\/seo\/ -->\n<title>&quot;Wer wird an uns erinnern?&quot; Vom stillen Verschwinden - Poesiegalerie<\/title>\n<meta name=\"description\" content=\"Sommerlekt\u00fcre: &quot;Wer wird an uns erinnern? Vom stillen Verschwinden&quot; - Jana Volkmann liest diesen Sommer W.S. Merwins Gedichtband &quot;Nach den Libellen&quot;\" \/>\n<meta name=\"robots\" content=\"index, follow, max-snippet:-1, max-image-preview:large, max-video-preview:-1\" \/>\n<link rel=\"canonical\" href=\"https:\/\/www.poesiegalerie.at\/wordpress\/2023\/08\/29\/volkmann-sommerlekture-merwin\/\" \/>\n<meta property=\"og:locale\" content=\"de_DE\" \/>\n<meta property=\"og:type\" content=\"article\" \/>\n<meta property=\"og:title\" content=\"&quot;Wer wird an uns erinnern?&quot; Vom stillen Verschwinden - Poesiegalerie\" \/>\n<meta property=\"og:description\" content=\"Sommerlekt\u00fcre: &quot;Wer wird an uns erinnern? Vom stillen Verschwinden&quot; - Jana Volkmann liest diesen Sommer W.S. Merwins Gedichtband &quot;Nach den Libellen&quot;\" \/>\n<meta property=\"og:url\" content=\"https:\/\/www.poesiegalerie.at\/wordpress\/2023\/08\/29\/volkmann-sommerlekture-merwin\/\" \/>\n<meta property=\"og:site_name\" content=\"Poesiegalerie\" \/>\n<meta property=\"article:publisher\" content=\"https:\/\/facebook.com\/poesiegalerie\" \/>\n<meta property=\"article:published_time\" content=\"2023-08-29T06:00:00+00:00\" \/>\n<meta property=\"article:modified_time\" content=\"2023-08-29T12:44:14+00:00\" \/>\n<meta property=\"og:image\" content=\"https:\/\/www.poesiegalerie.at\/wordpress\/wp-content\/uploads\/2023\/08\/Volkmann-Solekt-\u00a9-privat-scaled.jpg\" \/>\n\t<meta property=\"og:image:width\" content=\"2560\" \/>\n\t<meta property=\"og:image:height\" content=\"2289\" \/>\n\t<meta property=\"og:image:type\" content=\"image\/jpeg\" \/>\n<meta name=\"author\" content=\"Carina Schlager\" \/>\n<meta name=\"twitter:card\" content=\"summary_large_image\" \/>\n<meta name=\"twitter:creator\" content=\"@poesiegalerie\" \/>\n<meta name=\"twitter:site\" content=\"@poesiegalerie\" \/>\n<meta name=\"twitter:label1\" content=\"Verfasst von\" \/>\n\t<meta name=\"twitter:data1\" content=\"Carina Schlager\" \/>\n\t<meta name=\"twitter:label2\" content=\"Gesch\u00e4tzte Lesezeit\" \/>\n\t<meta name=\"twitter:data2\" content=\"4 Minuten\" \/>\n<script type=\"application\/ld+json\" class=\"yoast-schema-graph\">{\"@context\":\"https:\/\/schema.org\",\"@graph\":[{\"@type\":\"Article\",\"@id\":\"https:\/\/www.poesiegalerie.at\/wordpress\/2023\/08\/29\/volkmann-sommerlekture-merwin\/#article\",\"isPartOf\":{\"@id\":\"https:\/\/www.poesiegalerie.at\/wordpress\/2023\/08\/29\/volkmann-sommerlekture-merwin\/\"},\"author\":{\"name\":\"Carina Schlager\",\"@id\":\"https:\/\/www.poesiegalerie.at\/wordpress\/#\/schema\/person\/e19e23249ea62e58948fe82f26d61e8b\"},\"headline\":\"&#8222;Wer wird an uns erinnern?&#8220; Vom stillen Verschwinden\",\"datePublished\":\"2023-08-29T06:00:00+00:00\",\"dateModified\":\"2023-08-29T12:44:14+00:00\",\"mainEntityOfPage\":{\"@id\":\"https:\/\/www.poesiegalerie.at\/wordpress\/2023\/08\/29\/volkmann-sommerlekture-merwin\/\"},\"wordCount\":641,\"publisher\":{\"@id\":\"https:\/\/www.poesiegalerie.at\/wordpress\/#organization\"},\"keywords\":[\"Jana Volkmann\"],\"articleSection\":[\"LEKT\u00dcREN\",\"Sommerlekt\u00fcren 2023\"],\"inLanguage\":\"de-DE\"},{\"@type\":\"WebPage\",\"@id\":\"https:\/\/www.poesiegalerie.at\/wordpress\/2023\/08\/29\/volkmann-sommerlekture-merwin\/\",\"url\":\"https:\/\/www.poesiegalerie.at\/wordpress\/2023\/08\/29\/volkmann-sommerlekture-merwin\/\",\"name\":\"\\\"Wer wird an uns erinnern?\\\" Vom stillen Verschwinden - Poesiegalerie\",\"isPartOf\":{\"@id\":\"https:\/\/www.poesiegalerie.at\/wordpress\/#website\"},\"datePublished\":\"2023-08-29T06:00:00+00:00\",\"dateModified\":\"2023-08-29T12:44:14+00:00\",\"description\":\"Sommerlekt\u00fcre: \\\"Wer wird an uns erinnern? Vom stillen Verschwinden\\\" - Jana Volkmann liest diesen Sommer W.S. Merwins Gedichtband \\\"Nach den Libellen\\\"\",\"breadcrumb\":{\"@id\":\"https:\/\/www.poesiegalerie.at\/wordpress\/2023\/08\/29\/volkmann-sommerlekture-merwin\/#breadcrumb\"},\"inLanguage\":\"de-DE\",\"potentialAction\":[{\"@type\":\"ReadAction\",\"target\":[\"https:\/\/www.poesiegalerie.at\/wordpress\/2023\/08\/29\/volkmann-sommerlekture-merwin\/\"]}]},{\"@type\":\"BreadcrumbList\",\"@id\":\"https:\/\/www.poesiegalerie.at\/wordpress\/2023\/08\/29\/volkmann-sommerlekture-merwin\/#breadcrumb\",\"itemListElement\":[{\"@type\":\"ListItem\",\"position\":1,\"name\":\"Startseite\",\"item\":\"https:\/\/www.poesiegalerie.at\/wordpress\/\"},{\"@type\":\"ListItem\",\"position\":2,\"name\":\"&#8222;Wer wird an uns erinnern?&#8220; Vom stillen Verschwinden\"}]},{\"@type\":\"WebSite\",\"@id\":\"https:\/\/www.poesiegalerie.at\/wordpress\/#website\",\"url\":\"https:\/\/www.poesiegalerie.at\/wordpress\/\",\"name\":\"Poesiegalerie\",\"description\":\"\",\"publisher\":{\"@id\":\"https:\/\/www.poesiegalerie.at\/wordpress\/#organization\"},\"potentialAction\":[{\"@type\":\"SearchAction\",\"target\":{\"@type\":\"EntryPoint\",\"urlTemplate\":\"https:\/\/www.poesiegalerie.at\/wordpress\/?s={search_term_string}\"},\"query-input\":\"required name=search_term_string\"}],\"inLanguage\":\"de-DE\"},{\"@type\":\"Organization\",\"@id\":\"https:\/\/www.poesiegalerie.at\/wordpress\/#organization\",\"name\":\"Poesiegalerie\",\"url\":\"https:\/\/www.poesiegalerie.at\/wordpress\/\",\"logo\":{\"@type\":\"ImageObject\",\"inLanguage\":\"de-DE\",\"@id\":\"https:\/\/www.poesiegalerie.at\/wordpress\/#\/schema\/logo\/image\/\",\"url\":\"https:\/\/www.poesiegalerie.at\/wordpress\/wp-content\/uploads\/2021\/01\/Logoquadrat-PG-1.png\",\"contentUrl\":\"https:\/\/www.poesiegalerie.at\/wordpress\/wp-content\/uploads\/2021\/01\/Logoquadrat-PG-1.png\",\"width\":512,\"height\":512,\"caption\":\"Poesiegalerie\"},\"image\":{\"@id\":\"https:\/\/www.poesiegalerie.at\/wordpress\/#\/schema\/logo\/image\/\"},\"sameAs\":[\"https:\/\/facebook.com\/poesiegalerie\",\"https:\/\/twitter.com\/poesiegalerie\",\"https:\/\/instagram.com\/poesiegalerie\",\"https:\/\/youtube.com\/channel\/UChHTsNTzMPzZpU8TfKP3dNQ\"]},{\"@type\":\"Person\",\"@id\":\"https:\/\/www.poesiegalerie.at\/wordpress\/#\/schema\/person\/e19e23249ea62e58948fe82f26d61e8b\",\"name\":\"Carina Schlager\",\"image\":{\"@type\":\"ImageObject\",\"inLanguage\":\"de-DE\",\"@id\":\"https:\/\/www.poesiegalerie.at\/wordpress\/#\/schema\/person\/image\/\",\"url\":\"https:\/\/secure.gravatar.com\/avatar\/4a71cc0347a93a0f41d93d86ce4a52fb?s=96&d=mm&r=g\",\"contentUrl\":\"https:\/\/secure.gravatar.com\/avatar\/4a71cc0347a93a0f41d93d86ce4a52fb?s=96&d=mm&r=g\",\"caption\":\"Carina Schlager\"},\"url\":\"https:\/\/www.poesiegalerie.at\/wordpress\/author\/carina\/\"}]}<\/script>\n<!-- \/ Yoast SEO plugin. -->","yoast_head_json":{"title":"\"Wer wird an uns erinnern?\" Vom stillen Verschwinden - Poesiegalerie","description":"Sommerlekt\u00fcre: \"Wer wird an uns erinnern? Vom stillen Verschwinden\" - Jana Volkmann liest diesen Sommer W.S. Merwins Gedichtband \"Nach den Libellen\"","robots":{"index":"index","follow":"follow","max-snippet":"max-snippet:-1","max-image-preview":"max-image-preview:large","max-video-preview":"max-video-preview:-1"},"canonical":"https:\/\/www.poesiegalerie.at\/wordpress\/2023\/08\/29\/volkmann-sommerlekture-merwin\/","og_locale":"de_DE","og_type":"article","og_title":"\"Wer wird an uns erinnern?\" Vom stillen Verschwinden - Poesiegalerie","og_description":"Sommerlekt\u00fcre: \"Wer wird an uns erinnern? Vom stillen Verschwinden\" - Jana Volkmann liest diesen Sommer W.S. Merwins Gedichtband \"Nach den Libellen\"","og_url":"https:\/\/www.poesiegalerie.at\/wordpress\/2023\/08\/29\/volkmann-sommerlekture-merwin\/","og_site_name":"Poesiegalerie","article_publisher":"https:\/\/facebook.com\/poesiegalerie","article_published_time":"2023-08-29T06:00:00+00:00","article_modified_time":"2023-08-29T12:44:14+00:00","og_image":[{"width":2560,"height":2289,"url":"https:\/\/www.poesiegalerie.at\/wordpress\/wp-content\/uploads\/2023\/08\/Volkmann-Solekt-\u00a9-privat-scaled.jpg","type":"image\/jpeg"}],"author":"Carina Schlager","twitter_card":"summary_large_image","twitter_creator":"@poesiegalerie","twitter_site":"@poesiegalerie","twitter_misc":{"Verfasst von":"Carina Schlager","Gesch\u00e4tzte Lesezeit":"4 Minuten"},"schema":{"@context":"https:\/\/schema.org","@graph":[{"@type":"Article","@id":"https:\/\/www.poesiegalerie.at\/wordpress\/2023\/08\/29\/volkmann-sommerlekture-merwin\/#article","isPartOf":{"@id":"https:\/\/www.poesiegalerie.at\/wordpress\/2023\/08\/29\/volkmann-sommerlekture-merwin\/"},"author":{"name":"Carina Schlager","@id":"https:\/\/www.poesiegalerie.at\/wordpress\/#\/schema\/person\/e19e23249ea62e58948fe82f26d61e8b"},"headline":"&#8222;Wer wird an uns erinnern?&#8220; Vom stillen Verschwinden","datePublished":"2023-08-29T06:00:00+00:00","dateModified":"2023-08-29T12:44:14+00:00","mainEntityOfPage":{"@id":"https:\/\/www.poesiegalerie.at\/wordpress\/2023\/08\/29\/volkmann-sommerlekture-merwin\/"},"wordCount":641,"publisher":{"@id":"https:\/\/www.poesiegalerie.at\/wordpress\/#organization"},"keywords":["Jana Volkmann"],"articleSection":["LEKT\u00dcREN","Sommerlekt\u00fcren 2023"],"inLanguage":"de-DE"},{"@type":"WebPage","@id":"https:\/\/www.poesiegalerie.at\/wordpress\/2023\/08\/29\/volkmann-sommerlekture-merwin\/","url":"https:\/\/www.poesiegalerie.at\/wordpress\/2023\/08\/29\/volkmann-sommerlekture-merwin\/","name":"\"Wer wird an uns erinnern?\" Vom stillen Verschwinden - Poesiegalerie","isPartOf":{"@id":"https:\/\/www.poesiegalerie.at\/wordpress\/#website"},"datePublished":"2023-08-29T06:00:00+00:00","dateModified":"2023-08-29T12:44:14+00:00","description":"Sommerlekt\u00fcre: \"Wer wird an uns erinnern? Vom stillen Verschwinden\" - Jana Volkmann liest diesen Sommer W.S. Merwins Gedichtband \"Nach den Libellen\"","breadcrumb":{"@id":"https:\/\/www.poesiegalerie.at\/wordpress\/2023\/08\/29\/volkmann-sommerlekture-merwin\/#breadcrumb"},"inLanguage":"de-DE","potentialAction":[{"@type":"ReadAction","target":["https:\/\/www.poesiegalerie.at\/wordpress\/2023\/08\/29\/volkmann-sommerlekture-merwin\/"]}]},{"@type":"BreadcrumbList","@id":"https:\/\/www.poesiegalerie.at\/wordpress\/2023\/08\/29\/volkmann-sommerlekture-merwin\/#breadcrumb","itemListElement":[{"@type":"ListItem","position":1,"name":"Startseite","item":"https:\/\/www.poesiegalerie.at\/wordpress\/"},{"@type":"ListItem","position":2,"name":"&#8222;Wer wird an uns erinnern?&#8220; Vom stillen Verschwinden"}]},{"@type":"WebSite","@id":"https:\/\/www.poesiegalerie.at\/wordpress\/#website","url":"https:\/\/www.poesiegalerie.at\/wordpress\/","name":"Poesiegalerie","description":"","publisher":{"@id":"https:\/\/www.poesiegalerie.at\/wordpress\/#organization"},"potentialAction":[{"@type":"SearchAction","target":{"@type":"EntryPoint","urlTemplate":"https:\/\/www.poesiegalerie.at\/wordpress\/?s={search_term_string}"},"query-input":"required name=search_term_string"}],"inLanguage":"de-DE"},{"@type":"Organization","@id":"https:\/\/www.poesiegalerie.at\/wordpress\/#organization","name":"Poesiegalerie","url":"https:\/\/www.poesiegalerie.at\/wordpress\/","logo":{"@type":"ImageObject","inLanguage":"de-DE","@id":"https:\/\/www.poesiegalerie.at\/wordpress\/#\/schema\/logo\/image\/","url":"https:\/\/www.poesiegalerie.at\/wordpress\/wp-content\/uploads\/2021\/01\/Logoquadrat-PG-1.png","contentUrl":"https:\/\/www.poesiegalerie.at\/wordpress\/wp-content\/uploads\/2021\/01\/Logoquadrat-PG-1.png","width":512,"height":512,"caption":"Poesiegalerie"},"image":{"@id":"https:\/\/www.poesiegalerie.at\/wordpress\/#\/schema\/logo\/image\/"},"sameAs":["https:\/\/facebook.com\/poesiegalerie","https:\/\/twitter.com\/poesiegalerie","https:\/\/instagram.com\/poesiegalerie","https:\/\/youtube.com\/channel\/UChHTsNTzMPzZpU8TfKP3dNQ"]},{"@type":"Person","@id":"https:\/\/www.poesiegalerie.at\/wordpress\/#\/schema\/person\/e19e23249ea62e58948fe82f26d61e8b","name":"Carina Schlager","image":{"@type":"ImageObject","inLanguage":"de-DE","@id":"https:\/\/www.poesiegalerie.at\/wordpress\/#\/schema\/person\/image\/","url":"https:\/\/secure.gravatar.com\/avatar\/4a71cc0347a93a0f41d93d86ce4a52fb?s=96&d=mm&r=g","contentUrl":"https:\/\/secure.gravatar.com\/avatar\/4a71cc0347a93a0f41d93d86ce4a52fb?s=96&d=mm&r=g","caption":"Carina Schlager"},"url":"https:\/\/www.poesiegalerie.at\/wordpress\/author\/carina\/"}]}},"_links":{"self":[{"href":"https:\/\/www.poesiegalerie.at\/wordpress\/wp-json\/wp\/v2\/posts\/15206"}],"collection":[{"href":"https:\/\/www.poesiegalerie.at\/wordpress\/wp-json\/wp\/v2\/posts"}],"about":[{"href":"https:\/\/www.poesiegalerie.at\/wordpress\/wp-json\/wp\/v2\/types\/post"}],"author":[{"embeddable":true,"href":"https:\/\/www.poesiegalerie.at\/wordpress\/wp-json\/wp\/v2\/users\/9"}],"replies":[{"embeddable":true,"href":"https:\/\/www.poesiegalerie.at\/wordpress\/wp-json\/wp\/v2\/comments?post=15206"}],"version-history":[{"count":7,"href":"https:\/\/www.poesiegalerie.at\/wordpress\/wp-json\/wp\/v2\/posts\/15206\/revisions"}],"predecessor-version":[{"id":15220,"href":"https:\/\/www.poesiegalerie.at\/wordpress\/wp-json\/wp\/v2\/posts\/15206\/revisions\/15220"}],"wp:featuredmedia":[{"embeddable":true,"href":"https:\/\/www.poesiegalerie.at\/wordpress\/wp-json\/wp\/v2\/media\/15218"}],"wp:attachment":[{"href":"https:\/\/www.poesiegalerie.at\/wordpress\/wp-json\/wp\/v2\/media?parent=15206"}],"wp:term":[{"taxonomy":"category","embeddable":true,"href":"https:\/\/www.poesiegalerie.at\/wordpress\/wp-json\/wp\/v2\/categories?post=15206"},{"taxonomy":"post_tag","embeddable":true,"href":"https:\/\/www.poesiegalerie.at\/wordpress\/wp-json\/wp\/v2\/tags?post=15206"},{"taxonomy":"thb-sponsors","embeddable":true,"href":"https:\/\/www.poesiegalerie.at\/wordpress\/wp-json\/wp\/v2\/thb-sponsors?post=15206"}],"curies":[{"name":"wp","href":"https:\/\/api.w.org\/{rel}","templated":true}]}}