{"id":15991,"date":"2023-11-06T08:00:00","date_gmt":"2023-11-06T07:00:00","guid":{"rendered":"https:\/\/www.poesiegalerie.at\/wordpress\/?p=15991"},"modified":"2024-12-27T15:57:33","modified_gmt":"2024-12-27T14:57:33","slug":"besprechung-ebner-brooks-niederoesterreich","status":"publish","type":"post","link":"https:\/\/www.poesiegalerie.at\/wordpress\/2023\/11\/06\/besprechung-ebner-brooks-niederoesterreich\/","title":{"rendered":"Lyrik aus Nieder\u00f6sterreich"},"content":{"rendered":"\n<p class=\"has-medium-font-size\"><a href=\"https:\/\/www.poesiegalerie.at\/wordpress\/autor%e2%80%91innen\/ebner-klaus\/\">Klaus Ebner<\/a> liest <a href=\"https:\/\/www.poesiegalerie.at\/wordpress\/autor%e2%80%91innen-alte-seite\/brooks-patricia\/\">Patricia Brooks<\/a>\u2019 (Hrsg.) <em>Weites Land<\/em><\/p>\n\n\n\n<hr class=\"wp-block-separator has-alpha-channel-opacity\"\/>\n\n\n\n<p><a href=\"https:\/\/www.poesiegalerie.at\/wordpress\/autor%e2%80%91innen-alte-seite\/brooks-patricia\/\">Patricia Brooks<\/a>, ihres Zeichens Autorin und Vorstandsmitglied der Grazer Autorinnen Autorenversammlung und der Literaturvereinigung Podium, ist Herausgeberin einer Anthologie von Lyrik aus dem Bundesland Nieder\u00f6sterreich. Das Buch enth\u00e4lt Gedichte von zwanzig zeitgen\u00f6ssischen Autor*innen, deren Namen ich hier in alphabetischer Reihenfolge nennen m\u00f6chte, da aufgrund des beschr\u00e4nkten Raums nicht von allen Beteiligten Verse zitiert werden k\u00f6nnen: <a href=\"https:\/\/www.poesiegalerie.at\/wordpress\/autor%e2%80%91innen-alte-seite\/baringer-ewald\/\">Ewald Baringer<\/a>, <a href=\"https:\/\/www.poesiegalerie.at\/wordpress\/autor%e2%80%91innen-alte-seite\/breier-isabella\/\">Isabella Breier<\/a>, <a href=\"https:\/\/www.poesiegalerie.at\/wordpress\/tag\/isabella-feimer\/\">Isabella Feimer,<\/a> <a href=\"https:\/\/www.poesiegalerie.at\/wordpress\/autor%e2%80%91innen-alte-seite\/haas-waltraud\/\">Waltraud Haas<\/a>, <a href=\"https:\/\/www.poesiegalerie.at\/wordpress\/autor%e2%80%91innen-alte-seite\/havlik-thomas\/\">Thomas Havlik<\/a>, <a href=\"https:\/\/www.poesiegalerie.at\/wordpress\/autor%e2%80%91innen-alte-seite\/hilber-regina\/\">Regina Hilber<\/a>, <a href=\"https:\/\/www.poesiegalerie.at\/wordpress\/autor%e2%80%91innen\/jaschke-gerhard\/\">Gerhard Jaschke<\/a>, <a href=\"https:\/\/www.poesiegalerie.at\/wordpress\/autor%e2%80%91innen\/jensen-nils\/\">Nils Jensen<\/a>, <a href=\"https:\/\/www.poesiegalerie.at\/wordpress\/autor%e2%80%91innen\/jensen-nils\/\">Gerald Nigl<\/a>, <a href=\"https:\/\/www.poesiegalerie.at\/wordpress\/autor%e2%80%91innen-alte-seite\/niklas-herman\/\">Hermann Niklas<\/a>, <a href=\"https:\/\/www.poesiegalerie.at\/wordpress\/autor%e2%80%91innen-alte-seite\/reyer-sophie\/\">Sophie Reyer<\/a>, Eva Riebler, <a href=\"https:\/\/www.poesiegalerie.at\/wordpress\/autor%e2%80%91innen-alte-seite\/ruiss-gerhard\/\">Gerhard Ruiss<\/a>, <a href=\"https:\/\/www.poesiegalerie.at\/wordpress\/tag\/ferdinand-schmatz\/\">Ferdinand Schmatz<\/a>, <a href=\"https:\/\/www.poesiegalerie.at\/wordpress\/autor%e2%80%91innen-alte-seite\/schutting-julian\/\">Julian Schutting<\/a>, <a href=\"https:\/\/www.poesiegalerie.at\/wordpress\/autor%e2%80%91innen-alte-seite\/seisenbacher-maria\/\">Maria Seisenbacher<\/a>, <a href=\"https:\/\/www.poesiegalerie.at\/wordpress\/autor%e2%80%91innen\/steinbacher-lydia\/\">Lydia Steinbacher<\/a>, <a href=\"https:\/\/www.poesiegalerie.at\/wordpress\/autor%e2%80%91innen-alte-seite\/travnicek-cornelia\/\">Cornelia Travnicek<\/a>, Sylvia Treudl und <a href=\"https:\/\/www.poesiegalerie.at\/wordpress\/autor%e2%80%91innen-alte-seite\/widhalm-fritz\/\">Fritz Widhalm<\/a>.<\/p>\n\n\n\n<p>Die Lyriker*innen vertreten so gut wie jede Altersgruppe und kommen aus den verschiedensten Ecken Nieder\u00f6sterreichs, wie etwa Korneuburg, Drosendorf, Unterretzbach, Krems, St. P\u00f6lten, Amstetten, Ziersdorf, Hainburg. Der Titel<em> Weites Land<\/em> verr\u00e4t unter anderem, dass die Texte auf die Landschaft Bezug nehmen, auf die kulturelle Vielfalt ebenso wie auf Denkr\u00e4ume und Sehnsuchtsorte, die, aufgrund der pers\u00f6nlichen Biografien in irgendeiner Weise mit dem gr\u00f6\u00dften \u00f6sterreichischen Bundesland zu tun haben. Eine Besonderheit, auf welche die Herausgeberin zu Recht stolz ist, stellen die Illustrationen dar; Zeichnungen und Bilder, die von f\u00fcnf der im Buch enthaltenen Lyrikerinnen stammen. Dies zeigt die k\u00fcnstlerische Vielfalt des Landes und weist darauf hin, dass viele Autor*innen auch in anderen Kunstsparten arbeiten, wie hier in der bildnerischen.<\/p>\n\n\n\n<div class=\"wp-block-media-text is-stacked-on-mobile\" style=\"grid-template-columns:36% auto\"><figure class=\"wp-block-media-text__media\"><img decoding=\"async\" loading=\"lazy\" width=\"732\" height=\"1024\" src=\"data:image\/gif;base64,R0lGODlhAQABAAAAACH5BAEKAAEALAAAAAABAAEAAAICTAEAOw==\" data-src=\"https:\/\/www.poesiegalerie.at\/wordpress\/wp-content\/uploads\/2023\/11\/cover-weites-land-lyrikanthologie-732x1024.jpg\" alt=\"\" class=\"wp-image-15993 size-full lazyload\" data-sizes=\"auto\" data-srcset=\"https:\/\/www.poesiegalerie.at\/wordpress\/wp-content\/uploads\/2023\/11\/cover-weites-land-lyrikanthologie-732x1024.jpg 732w, https:\/\/www.poesiegalerie.at\/wordpress\/wp-content\/uploads\/2023\/11\/cover-weites-land-lyrikanthologie-214x300.jpg 214w, https:\/\/www.poesiegalerie.at\/wordpress\/wp-content\/uploads\/2023\/11\/cover-weites-land-lyrikanthologie-107x150.jpg 107w, https:\/\/www.poesiegalerie.at\/wordpress\/wp-content\/uploads\/2023\/11\/cover-weites-land-lyrikanthologie-370x518.jpg 370w, https:\/\/www.poesiegalerie.at\/wordpress\/wp-content\/uploads\/2023\/11\/cover-weites-land-lyrikanthologie-20x28.jpg 20w, https:\/\/www.poesiegalerie.at\/wordpress\/wp-content\/uploads\/2023\/11\/cover-weites-land-lyrikanthologie-600x840.jpg 600w, https:\/\/www.poesiegalerie.at\/wordpress\/wp-content\/uploads\/2023\/11\/cover-weites-land-lyrikanthologie-34x48.jpg 34w\" sizes=\"(max-width: 732px) 100vw, 732px\" \/><\/figure><div class=\"wp-block-media-text__content\">\n<p>Es ist eine gute Idee, Lyriker*innen vorzustellen, die nicht nur als zeitgen\u00f6ssisch gelten, sondern als Lebende unter uns weilen; so ist es durchaus m\u00f6glich, sie im Rahmen von Lesungen und anderen kulturellen Veranstaltungen hautnah zu erleben. Die paar Gedichte, die jede Person f\u00fcr diese Anthologie beisteuerte, m\u00f6gen daf\u00fcr ein willkommener Einstieg sein.<\/p>\n\n\n\n<p><\/p>\n\n\n\n<p><\/p>\n\n\n\n<p class=\"has-small-font-size\">Cover \u00a9 Literaturedition Nieder\u00f6sterreich <\/p>\n<\/div><\/div>\n\n\n\n<p>Prinzipiell arbeiten alle der Vertretenen mit freien Rhythmen, doch im Detail zeigen sich dann die Unterschiede. Bei manchen sind die Verse sehr kurz, bei anderen so lang, dass die lyrischen S\u00e4tze sich mitunter der Prosa ann\u00e4hern. W\u00e4hrend die einen eine vollst\u00e4ndige Interpunktion verwenden, f\u00e4llt diese bei anderen weg, und dazwischen gibt es durchaus Varianten, etwa, wenn Kommata nur im Versinnern vorkommen, aber nicht am Zeilenende.<\/p>\n\n\n\n<p><em>Weites Land<\/em> enth\u00e4lt konventionelle Landschaftsbetrachtungen und experimentelle Sprachspiele, Momentaufnahmen und Spiegel emotionaler Zust\u00e4nde, auch durchgehende Kleinschreibungen, aber mehrheitlich die standardsprachliche Gro\u00df- und Kleinschreibung. Auch humoristische Herangehensweisen kommen vor, die Leser*innen schon mal schmunzeln lassen.<\/p>\n\n\n\n<h4 class=\"wp-block-heading\">Eine zeitgem\u00e4\u00dfe Lyrik<\/h4>\n\n\n\n<p>Nahezu experimentell muten manche Formulierungen von <a href=\"https:\/\/www.poesiegalerie.at\/wordpress\/autor%e2%80%91innen-alte-seite\/baringer-ewald\/\">Ewald Baringer<\/a> (* 1955) an. Hingegen geht er in \u201enaturkundliche ausstellung\u201c auf die Tatsache ein, dass heutzutage viele Menschen, insbesondere St\u00e4dter*innen, den Bezug zur Natur l\u00e4ngst verloren haben:<\/p>\n\n\n\n<pre class=\"wp-block-verse\">(\u2026)\nwie oft erf\u00e4hrt der rabe\ndass er ein rabe sei\nlaut vorgelesen wird\u2019s vom schild\ndamit er\u2019s nie vergisst\nwir k\u00f6nnen lesen schon\nschreiben ins g\u00e4stebuch\nes hat uns gut gefallen\nund sind doch froh\nden ausgang offen vorzufinden\nund drau\u00dfen einen vogel\nder lebt und singt\nvon einer freiheit, die wir nicht\nin den vitrinen sahen und die wir\nnur vom h\u00f6rensagen kennen<\/pre>\n\n\n\n<p>Eindr\u00fccke der Kindheit oder auch eines ganzen, langen Lebens schaffen Emotionen. Manche m\u00f6gen es als Nostalgie bezeichnen, als Heimatgef\u00fchl oder einfach Verbundenheit mit einer Landschaft, die sich vielf\u00e4ltig einpr\u00e4gte. Gef\u00fchle k\u00f6nnen ambivalent sein, und das Land vermag seine Bewohner*innen magnetisch anzuziehen, aber auch, wenn der Magnet umgedreht wird, von sich fortzusto\u00dfen. <a href=\"https:\/\/www.poesiegalerie.at\/wordpress\/autor%e2%80%91innen-alte-seite\/schutting-julian\/\">Julian Schutting<\/a> (*1937) schrieb \u201eIns Herz\u201c:<\/p>\n\n\n\n<pre class=\"wp-block-verse\">Mit Ybbssteinen, mit Donauschottern, mit Fels-\ntr\u00fcmmern hab ich mein Spiegelbild beworfen,\naber nicht einmal mit Steinschleudern\nund Pistolensch\u00fcssen mich ins Herz getroffen \u2013\nzu Lebzeiten zu feig gewesen, einen Faustkeil mir\nins Hirn zu dr\u00fccken.<\/pre>\n\n\n\n<p>Das Bild der Steine ist vielschichtig: Steine-Schotter-Felstr\u00fcmmer, der ruhige und manchmal rei\u00dfende Fluss \u2013 Donaustrom \u2013 spielt hier ebenso eine Rolle wie die Konnotation der Zerst\u00f6rung \u2013 von Tr\u00fcmmern hin zu Waffen. Es geht aber darum, das Bild der Landschaft einzupr\u00e4gen, was wom\u00f6glich, so die Worte des Autors, nicht so gut klappt. Im starken Bild des Faustkeils sehe ich auch einen Bezug zur langen und arch\u00e4ologisch gut belegten Geschichte Nieder\u00f6sterreichs.<\/p>\n\n\n\n<p>Eine Verbundenheit mit der Landschaft der Kindheit dr\u00fcckt auch das Gedicht \u201eDer Fluss\u201c von <a href=\"https:\/\/www.poesiegalerie.at\/wordpress\/autor%e2%80%91innen\/steinbacher-lydia\/\">Lydia Steinbacher<\/a> (* 1993) aus:<\/p>\n\n\n\n<pre class=\"wp-block-verse\">Ein Abdruck von Schlaf\nim Donaugeschiebe\nwie liege ich recht auf schr\u00e4ger Fl\u00e4che\nund was wenn die Wellen mich wecken?\n\n(\u2026)\n\nAn knochenverwaistem Ort\nich lehne mein Rad an die Mauer\ndas Kreuz, das hier getragen, namenlos\nund wie einst du benenne ich die Pflanzen\n\nWie eine hohe Kunst\nim richtigen Moment eine Deutung gesprochen\n\nIch kenne diesen Fluss.<\/pre>\n\n\n\n<p><a href=\"https:\/\/www.poesiegalerie.at\/wordpress\/autor%e2%80%91innen-alte-seite\/breier-isabella\/\">Isabella Breier<\/a> (*1976) l\u00e4sst es sich nicht nehmen, ganz bewusst \u00fcber den Tellerrand zu schauen. Sie vermischt ihre poetischen Betrachtungen gerne auch mal mit ganz anderen \u2013 mesoamerikanischen \u2013 Kulturen, und in \u201e\u00fcberall wartet das Warten auf mich \/ und jammert, es sei doch kein Substantiv\u201c spielt sie mit Sprache und Modernit\u00e4t:<\/p>\n\n\n\n<pre class=\"wp-block-verse\">Von <em>instant, eternity, rhythm<\/em>\nsteht etwas an der Decke,\nin pr\u00e4tenti\u00f6sem Gothic Font,\ndort zwischen den Haken,\nan denen unz\u00e4hlige H\u00e4ute h\u00e4ngen,\nin die kein Selbst, kein Vers je passt<\/pre>\n\n\n\n<h4 class=\"wp-block-heading\">Eine bunte Anthologie<\/h4>\n\n\n\n<p>Eine lyrische Anthologie von Autor*innen, deren prim\u00e4re \u2013 und m\u00f6glicherweise einzige \u2013 Gemeinsamkeit eine geografische Zuordnung ist, muss \u00fcberaus unterschiedliche Herangehensweisen, Stile und Stimmen hervorbringen. Das ist so gewollt, und der Herausgeberin Patricia Brooks gelang es hervorragend, die unterschiedlichen T\u00f6ne, Farben und Rhythmen in diesem Buch zu einem Kaleidoskop nieder\u00f6sterreichischer Kreativit\u00e4t zu b\u00fcndeln. Dazu passen auch die grafischen Arbeiten der K\u00fcnstler*innen, die wohl kaum unterschiedlicher sein k\u00f6nnen.<\/p>\n\n\n\n<p>Zugegeben, ein wenig \u00fcberraschte mich, dass kein einziges Dialektgedicht seinen Weg in den Band gefunden hat. Immerhin hat Nieder\u00f6sterreich auch in der Dialektliteratur einiges zu bieten. Wie ich den Verlag aber einsch\u00e4tze, kann ich mir gut vorstellen, dass in absehbarer Zukunft auch ein Buch erscheinen k\u00f6nnte, das sich ausschlie\u00dflich mit nieder\u00f6sterreichischer Dialektlyrik auseinandersetzt.<\/p>\n\n\n\n<p>Erschienen ist <em>Weites Land<\/em> in der Literaturedition Nieder\u00f6sterreich, die f\u00fcr die sorgf\u00e4ltige und \u00e4sthetische Gestaltung ihrer B\u00fccher seit Jahren bekannt ist. So wurde auch aus der vorliegenden Anthologie ein in jeder Beziehung absolut empfehlenswerter Augen- und Ohrenschmaus.<\/p>\n\n\n\n<hr class=\"wp-block-separator has-alpha-channel-opacity\"\/>\n\n\n\n<p class=\"has-medium-font-size\"><strong><a href=\"https:\/\/www.poesiegalerie.at\/wordpress\/autor%e2%80%91innen-alte-seite\/brooks-patricia\/\">Patricia Brooks<\/a><\/strong> (Hg.): <em><a href=\"https:\/\/www.literaturedition-noe.at\/publikationen\/weites-land\/\" target=\"_blank\" rel=\"noreferrer noopener\">Weites Land<\/a><\/em><a href=\"https:\/\/www.literaturedition-noe.at\/publikationen\/weites-land\/\">. Lyrik aus <\/a><a href=\"https:\/\/www.literaturedition-noe.at\/publikationen\/weites-land\/\" target=\"_blank\" rel=\"noreferrer noopener\">Nieder\u00f6sterreich<\/a><a href=\"https:\/\/www.literaturedition-noe.at\/publikationen\/weites-land\/\">.<\/a> Literaturedition Nieder\u00f6sterreich, St. P\u00f6lten 2023. 120 Seiten. Euro 24,\u2013<\/p>\n","protected":false},"excerpt":{"rendered":"<p>Besprechung: &#8222;Lyrik aus Nieder\u00f6sterreich&#8220; &#8211; Klaus Ebner liest Patricia Brooks\u2019 (Hrsg.) &#8222;Weites Land&#8220;<\/p>\n","protected":false},"author":9,"featured_media":15993,"comment_status":"closed","ping_status":"closed","sticky":false,"template":"","format":"standard","meta":[],"categories":[107],"tags":[351,223,521,201,249,498,241,259,169,376,340,506,354,301,546,168,232,160,265,409],"thb-sponsors":[],"yoast_head":"<!-- This site is optimized with the Yoast SEO plugin v20.6 - https:\/\/yoast.com\/wordpress\/plugins\/seo\/ -->\n<title>Lyrik aus Nieder\u00f6sterreich - Poesiegalerie<\/title>\n<meta name=\"description\" content=\"Besprechung: &quot;Lyrik aus Nieder\u00f6sterreich&quot; - Klaus Ebner liest Patricia Brooks\u2019 (Hrsg.) &quot;Weites Land&quot; f\u00fcr die Poesiegalerie\" \/>\n<meta name=\"robots\" content=\"index, follow, max-snippet:-1, max-image-preview:large, max-video-preview:-1\" \/>\n<link rel=\"canonical\" href=\"https:\/\/www.poesiegalerie.at\/wordpress\/2023\/11\/06\/besprechung-ebner-brooks-niederoesterreich\/\" \/>\n<meta property=\"og:locale\" content=\"de_DE\" \/>\n<meta property=\"og:type\" content=\"article\" \/>\n<meta property=\"og:title\" content=\"Lyrik aus Nieder\u00f6sterreich - Poesiegalerie\" \/>\n<meta property=\"og:description\" content=\"Besprechung: &quot;Lyrik aus Nieder\u00f6sterreich&quot; - Klaus Ebner liest Patricia Brooks\u2019 (Hrsg.) &quot;Weites Land&quot; f\u00fcr die Poesiegalerie\" \/>\n<meta property=\"og:url\" content=\"https:\/\/www.poesiegalerie.at\/wordpress\/2023\/11\/06\/besprechung-ebner-brooks-niederoesterreich\/\" \/>\n<meta property=\"og:site_name\" content=\"Poesiegalerie\" \/>\n<meta property=\"article:publisher\" content=\"https:\/\/facebook.com\/poesiegalerie\" \/>\n<meta property=\"article:published_time\" content=\"2023-11-06T07:00:00+00:00\" \/>\n<meta property=\"article:modified_time\" content=\"2024-12-27T14:57:33+00:00\" \/>\n<meta property=\"og:image\" content=\"https:\/\/www.poesiegalerie.at\/wordpress\/wp-content\/uploads\/2023\/11\/cover-weites-land-lyrikanthologie.jpg\" \/>\n\t<meta property=\"og:image:width\" content=\"1372\" \/>\n\t<meta property=\"og:image:height\" content=\"1920\" \/>\n\t<meta property=\"og:image:type\" content=\"image\/jpeg\" \/>\n<meta name=\"author\" content=\"Carina Schlager\" \/>\n<meta name=\"twitter:card\" content=\"summary_large_image\" \/>\n<meta name=\"twitter:creator\" content=\"@poesiegalerie\" \/>\n<meta name=\"twitter:site\" content=\"@poesiegalerie\" \/>\n<meta name=\"twitter:label1\" content=\"Verfasst von\" \/>\n\t<meta name=\"twitter:data1\" content=\"Carina Schlager\" \/>\n\t<meta name=\"twitter:label2\" content=\"Gesch\u00e4tzte Lesezeit\" \/>\n\t<meta name=\"twitter:data2\" content=\"6 Minuten\" \/>\n<script type=\"application\/ld+json\" class=\"yoast-schema-graph\">{\"@context\":\"https:\/\/schema.org\",\"@graph\":[{\"@type\":\"Article\",\"@id\":\"https:\/\/www.poesiegalerie.at\/wordpress\/2023\/11\/06\/besprechung-ebner-brooks-niederoesterreich\/#article\",\"isPartOf\":{\"@id\":\"https:\/\/www.poesiegalerie.at\/wordpress\/2023\/11\/06\/besprechung-ebner-brooks-niederoesterreich\/\"},\"author\":{\"name\":\"Carina Schlager\",\"@id\":\"https:\/\/www.poesiegalerie.at\/wordpress\/#\/schema\/person\/e19e23249ea62e58948fe82f26d61e8b\"},\"headline\":\"Lyrik aus Nieder\u00f6sterreich\",\"datePublished\":\"2023-11-06T07:00:00+00:00\",\"dateModified\":\"2024-12-27T14:57:33+00:00\",\"mainEntityOfPage\":{\"@id\":\"https:\/\/www.poesiegalerie.at\/wordpress\/2023\/11\/06\/besprechung-ebner-brooks-niederoesterreich\/\"},\"wordCount\":853,\"publisher\":{\"@id\":\"https:\/\/www.poesiegalerie.at\/wordpress\/#organization\"},\"keywords\":[\"Cornelia Travnicek\",\"Ewald Baringer\",\"Ferdinand Schmatz\",\"Fritz Widhalm\",\"Gerald Nigl\",\"Gerhard Jaschke\",\"Gerhard Ruiss\",\"Hermann Niklas\",\"Isabella Breier\",\"Isabella Feimer\",\"Julian Schutting\",\"Klaus Ebner\",\"Lydia Steinbacher\",\"Maria Seisenbacher\",\"Nils Jensen\",\"Patricia Brooks\",\"Regina Hilber\",\"Sophie Reyer\",\"Thomas Havlik\",\"Waltraud Haas\"],\"articleSection\":[\"BESPRECHUNGEN\"],\"inLanguage\":\"de-DE\"},{\"@type\":\"WebPage\",\"@id\":\"https:\/\/www.poesiegalerie.at\/wordpress\/2023\/11\/06\/besprechung-ebner-brooks-niederoesterreich\/\",\"url\":\"https:\/\/www.poesiegalerie.at\/wordpress\/2023\/11\/06\/besprechung-ebner-brooks-niederoesterreich\/\",\"name\":\"Lyrik aus Nieder\u00f6sterreich - Poesiegalerie\",\"isPartOf\":{\"@id\":\"https:\/\/www.poesiegalerie.at\/wordpress\/#website\"},\"datePublished\":\"2023-11-06T07:00:00+00:00\",\"dateModified\":\"2024-12-27T14:57:33+00:00\",\"description\":\"Besprechung: \\\"Lyrik aus Nieder\u00f6sterreich\\\" - Klaus Ebner liest Patricia Brooks\u2019 (Hrsg.) \\\"Weites Land\\\" f\u00fcr die Poesiegalerie\",\"breadcrumb\":{\"@id\":\"https:\/\/www.poesiegalerie.at\/wordpress\/2023\/11\/06\/besprechung-ebner-brooks-niederoesterreich\/#breadcrumb\"},\"inLanguage\":\"de-DE\",\"potentialAction\":[{\"@type\":\"ReadAction\",\"target\":[\"https:\/\/www.poesiegalerie.at\/wordpress\/2023\/11\/06\/besprechung-ebner-brooks-niederoesterreich\/\"]}]},{\"@type\":\"BreadcrumbList\",\"@id\":\"https:\/\/www.poesiegalerie.at\/wordpress\/2023\/11\/06\/besprechung-ebner-brooks-niederoesterreich\/#breadcrumb\",\"itemListElement\":[{\"@type\":\"ListItem\",\"position\":1,\"name\":\"Startseite\",\"item\":\"https:\/\/www.poesiegalerie.at\/wordpress\/\"},{\"@type\":\"ListItem\",\"position\":2,\"name\":\"Lyrik aus Nieder\u00f6sterreich\"}]},{\"@type\":\"WebSite\",\"@id\":\"https:\/\/www.poesiegalerie.at\/wordpress\/#website\",\"url\":\"https:\/\/www.poesiegalerie.at\/wordpress\/\",\"name\":\"Poesiegalerie\",\"description\":\"\",\"publisher\":{\"@id\":\"https:\/\/www.poesiegalerie.at\/wordpress\/#organization\"},\"potentialAction\":[{\"@type\":\"SearchAction\",\"target\":{\"@type\":\"EntryPoint\",\"urlTemplate\":\"https:\/\/www.poesiegalerie.at\/wordpress\/?s={search_term_string}\"},\"query-input\":\"required name=search_term_string\"}],\"inLanguage\":\"de-DE\"},{\"@type\":\"Organization\",\"@id\":\"https:\/\/www.poesiegalerie.at\/wordpress\/#organization\",\"name\":\"Poesiegalerie\",\"url\":\"https:\/\/www.poesiegalerie.at\/wordpress\/\",\"logo\":{\"@type\":\"ImageObject\",\"inLanguage\":\"de-DE\",\"@id\":\"https:\/\/www.poesiegalerie.at\/wordpress\/#\/schema\/logo\/image\/\",\"url\":\"https:\/\/www.poesiegalerie.at\/wordpress\/wp-content\/uploads\/2021\/01\/Logoquadrat-PG-1.png\",\"contentUrl\":\"https:\/\/www.poesiegalerie.at\/wordpress\/wp-content\/uploads\/2021\/01\/Logoquadrat-PG-1.png\",\"width\":512,\"height\":512,\"caption\":\"Poesiegalerie\"},\"image\":{\"@id\":\"https:\/\/www.poesiegalerie.at\/wordpress\/#\/schema\/logo\/image\/\"},\"sameAs\":[\"https:\/\/facebook.com\/poesiegalerie\",\"https:\/\/twitter.com\/poesiegalerie\",\"https:\/\/instagram.com\/poesiegalerie\",\"https:\/\/youtube.com\/channel\/UChHTsNTzMPzZpU8TfKP3dNQ\"]},{\"@type\":\"Person\",\"@id\":\"https:\/\/www.poesiegalerie.at\/wordpress\/#\/schema\/person\/e19e23249ea62e58948fe82f26d61e8b\",\"name\":\"Carina Schlager\",\"image\":{\"@type\":\"ImageObject\",\"inLanguage\":\"de-DE\",\"@id\":\"https:\/\/www.poesiegalerie.at\/wordpress\/#\/schema\/person\/image\/\",\"url\":\"https:\/\/secure.gravatar.com\/avatar\/4a71cc0347a93a0f41d93d86ce4a52fb?s=96&d=mm&r=g\",\"contentUrl\":\"https:\/\/secure.gravatar.com\/avatar\/4a71cc0347a93a0f41d93d86ce4a52fb?s=96&d=mm&r=g\",\"caption\":\"Carina Schlager\"},\"url\":\"https:\/\/www.poesiegalerie.at\/wordpress\/author\/carina\/\"}]}<\/script>\n<!-- \/ Yoast SEO plugin. -->","yoast_head_json":{"title":"Lyrik aus Nieder\u00f6sterreich - Poesiegalerie","description":"Besprechung: \"Lyrik aus Nieder\u00f6sterreich\" - Klaus Ebner liest Patricia Brooks\u2019 (Hrsg.) \"Weites Land\" f\u00fcr die Poesiegalerie","robots":{"index":"index","follow":"follow","max-snippet":"max-snippet:-1","max-image-preview":"max-image-preview:large","max-video-preview":"max-video-preview:-1"},"canonical":"https:\/\/www.poesiegalerie.at\/wordpress\/2023\/11\/06\/besprechung-ebner-brooks-niederoesterreich\/","og_locale":"de_DE","og_type":"article","og_title":"Lyrik aus Nieder\u00f6sterreich - Poesiegalerie","og_description":"Besprechung: \"Lyrik aus Nieder\u00f6sterreich\" - Klaus Ebner liest Patricia Brooks\u2019 (Hrsg.) \"Weites Land\" f\u00fcr die Poesiegalerie","og_url":"https:\/\/www.poesiegalerie.at\/wordpress\/2023\/11\/06\/besprechung-ebner-brooks-niederoesterreich\/","og_site_name":"Poesiegalerie","article_publisher":"https:\/\/facebook.com\/poesiegalerie","article_published_time":"2023-11-06T07:00:00+00:00","article_modified_time":"2024-12-27T14:57:33+00:00","og_image":[{"width":1372,"height":1920,"url":"https:\/\/www.poesiegalerie.at\/wordpress\/wp-content\/uploads\/2023\/11\/cover-weites-land-lyrikanthologie.jpg","type":"image\/jpeg"}],"author":"Carina Schlager","twitter_card":"summary_large_image","twitter_creator":"@poesiegalerie","twitter_site":"@poesiegalerie","twitter_misc":{"Verfasst von":"Carina Schlager","Gesch\u00e4tzte Lesezeit":"6 Minuten"},"schema":{"@context":"https:\/\/schema.org","@graph":[{"@type":"Article","@id":"https:\/\/www.poesiegalerie.at\/wordpress\/2023\/11\/06\/besprechung-ebner-brooks-niederoesterreich\/#article","isPartOf":{"@id":"https:\/\/www.poesiegalerie.at\/wordpress\/2023\/11\/06\/besprechung-ebner-brooks-niederoesterreich\/"},"author":{"name":"Carina Schlager","@id":"https:\/\/www.poesiegalerie.at\/wordpress\/#\/schema\/person\/e19e23249ea62e58948fe82f26d61e8b"},"headline":"Lyrik aus Nieder\u00f6sterreich","datePublished":"2023-11-06T07:00:00+00:00","dateModified":"2024-12-27T14:57:33+00:00","mainEntityOfPage":{"@id":"https:\/\/www.poesiegalerie.at\/wordpress\/2023\/11\/06\/besprechung-ebner-brooks-niederoesterreich\/"},"wordCount":853,"publisher":{"@id":"https:\/\/www.poesiegalerie.at\/wordpress\/#organization"},"keywords":["Cornelia Travnicek","Ewald Baringer","Ferdinand Schmatz","Fritz Widhalm","Gerald Nigl","Gerhard Jaschke","Gerhard Ruiss","Hermann Niklas","Isabella Breier","Isabella Feimer","Julian Schutting","Klaus Ebner","Lydia Steinbacher","Maria Seisenbacher","Nils Jensen","Patricia Brooks","Regina Hilber","Sophie Reyer","Thomas Havlik","Waltraud Haas"],"articleSection":["BESPRECHUNGEN"],"inLanguage":"de-DE"},{"@type":"WebPage","@id":"https:\/\/www.poesiegalerie.at\/wordpress\/2023\/11\/06\/besprechung-ebner-brooks-niederoesterreich\/","url":"https:\/\/www.poesiegalerie.at\/wordpress\/2023\/11\/06\/besprechung-ebner-brooks-niederoesterreich\/","name":"Lyrik aus Nieder\u00f6sterreich - Poesiegalerie","isPartOf":{"@id":"https:\/\/www.poesiegalerie.at\/wordpress\/#website"},"datePublished":"2023-11-06T07:00:00+00:00","dateModified":"2024-12-27T14:57:33+00:00","description":"Besprechung: \"Lyrik aus Nieder\u00f6sterreich\" - Klaus Ebner liest Patricia Brooks\u2019 (Hrsg.) \"Weites Land\" f\u00fcr die Poesiegalerie","breadcrumb":{"@id":"https:\/\/www.poesiegalerie.at\/wordpress\/2023\/11\/06\/besprechung-ebner-brooks-niederoesterreich\/#breadcrumb"},"inLanguage":"de-DE","potentialAction":[{"@type":"ReadAction","target":["https:\/\/www.poesiegalerie.at\/wordpress\/2023\/11\/06\/besprechung-ebner-brooks-niederoesterreich\/"]}]},{"@type":"BreadcrumbList","@id":"https:\/\/www.poesiegalerie.at\/wordpress\/2023\/11\/06\/besprechung-ebner-brooks-niederoesterreich\/#breadcrumb","itemListElement":[{"@type":"ListItem","position":1,"name":"Startseite","item":"https:\/\/www.poesiegalerie.at\/wordpress\/"},{"@type":"ListItem","position":2,"name":"Lyrik aus Nieder\u00f6sterreich"}]},{"@type":"WebSite","@id":"https:\/\/www.poesiegalerie.at\/wordpress\/#website","url":"https:\/\/www.poesiegalerie.at\/wordpress\/","name":"Poesiegalerie","description":"","publisher":{"@id":"https:\/\/www.poesiegalerie.at\/wordpress\/#organization"},"potentialAction":[{"@type":"SearchAction","target":{"@type":"EntryPoint","urlTemplate":"https:\/\/www.poesiegalerie.at\/wordpress\/?s={search_term_string}"},"query-input":"required name=search_term_string"}],"inLanguage":"de-DE"},{"@type":"Organization","@id":"https:\/\/www.poesiegalerie.at\/wordpress\/#organization","name":"Poesiegalerie","url":"https:\/\/www.poesiegalerie.at\/wordpress\/","logo":{"@type":"ImageObject","inLanguage":"de-DE","@id":"https:\/\/www.poesiegalerie.at\/wordpress\/#\/schema\/logo\/image\/","url":"https:\/\/www.poesiegalerie.at\/wordpress\/wp-content\/uploads\/2021\/01\/Logoquadrat-PG-1.png","contentUrl":"https:\/\/www.poesiegalerie.at\/wordpress\/wp-content\/uploads\/2021\/01\/Logoquadrat-PG-1.png","width":512,"height":512,"caption":"Poesiegalerie"},"image":{"@id":"https:\/\/www.poesiegalerie.at\/wordpress\/#\/schema\/logo\/image\/"},"sameAs":["https:\/\/facebook.com\/poesiegalerie","https:\/\/twitter.com\/poesiegalerie","https:\/\/instagram.com\/poesiegalerie","https:\/\/youtube.com\/channel\/UChHTsNTzMPzZpU8TfKP3dNQ"]},{"@type":"Person","@id":"https:\/\/www.poesiegalerie.at\/wordpress\/#\/schema\/person\/e19e23249ea62e58948fe82f26d61e8b","name":"Carina Schlager","image":{"@type":"ImageObject","inLanguage":"de-DE","@id":"https:\/\/www.poesiegalerie.at\/wordpress\/#\/schema\/person\/image\/","url":"https:\/\/secure.gravatar.com\/avatar\/4a71cc0347a93a0f41d93d86ce4a52fb?s=96&d=mm&r=g","contentUrl":"https:\/\/secure.gravatar.com\/avatar\/4a71cc0347a93a0f41d93d86ce4a52fb?s=96&d=mm&r=g","caption":"Carina Schlager"},"url":"https:\/\/www.poesiegalerie.at\/wordpress\/author\/carina\/"}]}},"_links":{"self":[{"href":"https:\/\/www.poesiegalerie.at\/wordpress\/wp-json\/wp\/v2\/posts\/15991"}],"collection":[{"href":"https:\/\/www.poesiegalerie.at\/wordpress\/wp-json\/wp\/v2\/posts"}],"about":[{"href":"https:\/\/www.poesiegalerie.at\/wordpress\/wp-json\/wp\/v2\/types\/post"}],"author":[{"embeddable":true,"href":"https:\/\/www.poesiegalerie.at\/wordpress\/wp-json\/wp\/v2\/users\/9"}],"replies":[{"embeddable":true,"href":"https:\/\/www.poesiegalerie.at\/wordpress\/wp-json\/wp\/v2\/comments?post=15991"}],"version-history":[{"count":14,"href":"https:\/\/www.poesiegalerie.at\/wordpress\/wp-json\/wp\/v2\/posts\/15991\/revisions"}],"predecessor-version":[{"id":20194,"href":"https:\/\/www.poesiegalerie.at\/wordpress\/wp-json\/wp\/v2\/posts\/15991\/revisions\/20194"}],"wp:featuredmedia":[{"embeddable":true,"href":"https:\/\/www.poesiegalerie.at\/wordpress\/wp-json\/wp\/v2\/media\/15993"}],"wp:attachment":[{"href":"https:\/\/www.poesiegalerie.at\/wordpress\/wp-json\/wp\/v2\/media?parent=15991"}],"wp:term":[{"taxonomy":"category","embeddable":true,"href":"https:\/\/www.poesiegalerie.at\/wordpress\/wp-json\/wp\/v2\/categories?post=15991"},{"taxonomy":"post_tag","embeddable":true,"href":"https:\/\/www.poesiegalerie.at\/wordpress\/wp-json\/wp\/v2\/tags?post=15991"},{"taxonomy":"thb-sponsors","embeddable":true,"href":"https:\/\/www.poesiegalerie.at\/wordpress\/wp-json\/wp\/v2\/thb-sponsors?post=15991"}],"curies":[{"name":"wp","href":"https:\/\/api.w.org\/{rel}","templated":true}]}}