{"id":16884,"date":"2023-12-02T08:00:00","date_gmt":"2023-12-02T07:00:00","guid":{"rendered":"https:\/\/www.poesiegalerie.at\/wordpress\/?p=16884"},"modified":"2023-11-29T16:43:18","modified_gmt":"2023-11-29T15:43:18","slug":"pavlic-besprechung-fian-praesidentenlieder","status":"publish","type":"post","link":"https:\/\/www.poesiegalerie.at\/wordpress\/2023\/12\/02\/pavlic-besprechung-fian-praesidentenlieder\/","title":{"rendered":"Ein launiger Abgesang"},"content":{"rendered":"\n<p class=\"has-medium-font-size\"><a href=\"https:\/\/www.poesiegalerie.at\/wordpress\/autor%e2%80%91innen-alte-seite\/pavlic-andreas\/\">Andreas Pavlic<\/a> liest Antonio Fians <em>Pr\u00e4sidentenlieder<\/em><\/p>\n\n\n\n<hr class=\"wp-block-separator has-alpha-channel-opacity\"\/>\n\n\n\n<p>Pr\u00e4sidenten Lieder hei\u00dft der neueste Lyrikband von Antonio Fian. Bevor auf die Gedichte eingegangen wird, sollte zun\u00e4chst auf den Titel Bezug genommen werden, im speziellen auf den Pr\u00e4sidenten. Was ist ein Pr\u00e4sident? Zun\u00e4chst einmal ist er ein Repr\u00e4sentant. Beispielsweise von einem Kegelverein, einer Kulturvereinigung, einem Staat oder anderen mehr oder weniger freiwilligen Zusammenschl\u00fcssen. Meist repr\u00e4sentiert der Pr\u00e4sident jedoch nicht nur (je nach Statut, Satzung oder Verfassung), sondern er ist auch mit einer bestimmten Machtf\u00fclle ausgestattet. <\/p>\n\n\n\n<div class=\"wp-block-media-text is-stacked-on-mobile\" style=\"grid-template-columns:30% auto\"><figure class=\"wp-block-media-text__media\"><img decoding=\"async\" loading=\"lazy\" width=\"342\" height=\"560\" src=\"data:image\/gif;base64,R0lGODlhAQABAAAAACH5BAEKAAEALAAAAAABAAEAAAICTAEAOw==\" data-src=\"https:\/\/www.poesiegalerie.at\/wordpress\/wp-content\/uploads\/2023\/11\/cover-fian-antonio-praesidentenlieder.jpg\" alt=\"\" class=\"wp-image-16885 size-full lazyload\" data-sizes=\"auto\" data-srcset=\"https:\/\/www.poesiegalerie.at\/wordpress\/wp-content\/uploads\/2023\/11\/cover-fian-antonio-praesidentenlieder.jpg 342w, https:\/\/www.poesiegalerie.at\/wordpress\/wp-content\/uploads\/2023\/11\/cover-fian-antonio-praesidentenlieder-183x300.jpg 183w, https:\/\/www.poesiegalerie.at\/wordpress\/wp-content\/uploads\/2023\/11\/cover-fian-antonio-praesidentenlieder-92x150.jpg 92w, https:\/\/www.poesiegalerie.at\/wordpress\/wp-content\/uploads\/2023\/11\/cover-fian-antonio-praesidentenlieder-20x33.jpg 20w, https:\/\/www.poesiegalerie.at\/wordpress\/wp-content\/uploads\/2023\/11\/cover-fian-antonio-praesidentenlieder-29x48.jpg 29w\" sizes=\"(max-width: 342px) 100vw, 342px\" \/><\/figure><div class=\"wp-block-media-text__content\">\n<p>Im Fall des Gedichtbands ist der Pr\u00e4sident ein Vater in einem mehr oder weniger klassischen patriarchalen Familiensetting. Zumindest ist dies eine naheliegende Interpretation.<\/p>\n\n\n\n<p>Cover \u00a9 Droschl Verlag <\/p>\n<\/div><\/div>\n\n\n\n<pre class=\"wp-block-verse\">Ich wei\u00df, es ist auf diesen Bildern\nnicht alles scharf, nicht alles sch\u00f6n,\nes ist jedoch, den ich will schildern,\nder Pr\u00e4sident drauf zu sehen.\n\nSie k\u00f6nnen einen Eindruck geben\nvon diesem sonderbaren Mann.\nBevor ihr eintaucht in sein Leben,\nseht also bitte sie euch an.<\/pre>\n\n\n\n<h4 class=\"wp-block-heading\">Das Pr\u00e4sidialsystem<\/h4>\n\n\n\n<p>Auf dem in dem Gedicht angef\u00fchrten Bildern sehen wir die Gattin, die Tochter und die Katze. Alle existieren und agieren in Bezug auf ihn, somit wird er, der Pr\u00e4sident\/Vater, zum gesetzten Zentrum. Dem Zentrum der Macht. In sp\u00e4teren Gedichten erfahren wir, dass in der Familie auch noch zwei S\u00f6hne zugegen sind. Es handelt sich also um eine Kleinfamilie, wie aus dem Bilderbuch. Die Kleinfamilie als Keimzelle der Gesellschaft. Als diese wird sie gern gesehen und in diesem Sinne auch reproduziert.<\/p>\n\n\n\n<p>Was Antonio Fian im Verlaufe des Buches macht, ist dieses Pr\u00e4sidialsystem vorzuf\u00fchren. Er l\u00e4sst den Patriarchen Pirouetten drehen, hinfallen, aufstehen, er zeigt, wie er versucht, gute Figur zu machen trotz seines vernachl\u00e4ssigten und sch\u00e4bigen Kost\u00fcms, und wie er schlussendlich aus dem Bildbereich stolpert. Im Buch ist der Pr\u00e4sident ein k\u00fcnstlerisch interessierter Mann, ein Lebemensch der alten Schule, er liebt sein Bier, seine Kn\u00f6del und das Wirtshaus ums Eck. Er ist kein Prolet, sondern eher b\u00fcrgerlich, auch nicht \u00fcberkandidelt, sondern bodenst\u00e4ndig, er sitzt nicht in der Wohnung, sondern in einem Haus. Er ist gebildet, er wei\u00df viel und das zeigt er auch gerne \u2013 vornehmlich der Gattin und den Kindern \u2013 er ist belesen und er ist vor allem einer, der die Lyrik noch richtig zu sch\u00e4tzen wei\u00df.<\/p>\n\n\n\n<pre class=\"wp-block-verse\">\u201eDie Kinder lesen keine Gedicht mehr\u201c,\nklagt der Pr\u00e4sident, \u201ezu schwer,\nbehaupten sie und lesen nicht mehr\nShelley, H\u00f6lderlin, Baudelaire.\n\nWas, Gattin, soll aus ihnen werden?\nDie Knaben lesen Fantasy.\nDie M\u00e4dchen irgendwas mit Pferden\nstatt Lyrik, dabei k\u00f6nnte die\n\nim sp\u00e4tern Leben ihnen n\u00fctzen.\nSie ist so gro\u00dfer Wei\u00dfheit Quell!\nMit Prosa ist\u2019s ja wie mit Witzen,\nman vergisst selbst gute schnell.\u201c<\/pre>\n\n\n\n<p>Wie wahr, wie wahr. Dem werden wohl die allermeisten poesiegalerie-Autor:innen zustimmen.<\/p>\n\n\n\n<p>Der Pr\u00e4sident wei\u00df von richtig und falsch, wichtig und bedeutungslos. Fian agiert bei seiner Vorf\u00fchrung wie einst Loriot. Er zeigt, wie ein bildungsb\u00fcrgerliches Familienpanorama mit seinem Vater-Pr\u00e4sidenten in der Mitte langsam br\u00fcchig wird und Risse bekommt. Es sind die ganz gew\u00f6hnlichen und allt\u00e4glichen Szenen einer Familie, die leicht aus dem Ruder laufen. Sei es, dass die Gattin die Pr\u00e4sentation seiner frisch geschriebenen Lieder mit \u201eNein, nicht schon wieder!\u201c kommentiert, die Katze seine strengen Befehle ignoriert oder dass selbst die Kinder zu seinen Ausf\u00fchrungen \u00fcber Schnee und Regen rufen: \u201eWas f\u00fcr Quatsch!\u201c. Die Position des Pr\u00e4sidenten wankt.<\/p>\n\n\n\n<h4 class=\"wp-block-heading\">Es ist kompliziert, alles klar?<\/h4>\n\n\n\n<p>Die Gedichte wirken durch das Reimschema etwas antiquiert, wie auch dieses Familienbild etwas Antiquiertes hat. Der Mann sieht Western und die Kinder sagen daraufhin: Er ist von gestern. Dieses Von-gestern-Sein verst\u00e4rkt den Eindruck von \u00dcberholtsein, und dies im Sinne m\u00e4nnlicher Rollenbilder und der gezeigten Vorstellung von Familie. Sie haben etwas Modernes, fast Fordistisches. Thematisiert Loriot in seinen Sketches die kommunikativen Fallen, die sich in (langgediente) (Hetero-)Paarbeziehungen einschleichen (k\u00f6nnen), sind es bei Fian die kommunikativen Anforderungen im Familien-Beziehungssystem. In einem Schl\u00fcsselgedicht, das die Allwissenheit des (wei\u00dfen, b\u00fcrgerlichen) Manns dekonstruiert, geht es um eine sehr komplizierte Lage, die der Vater den Kindern zu erkl\u00e4ren versucht.<\/p>\n\n\n\n<pre class=\"wp-block-verse\">Die Lage n\u00e4mlich ist ganz anders,\nals viele sagen, n\u00e4mlich so.\nUnd w\u00e4r\u2019 sie nicht so, dann, ja dann w\u00e4r\u2019s\nschlimm f\u00fcr uns. Drum sei\u2019n wir froh,\n\ndass schon, als man uns in sie brachte,\ndie Lage so war, wie sie war,\nn\u00e4mlich anders, als man dachte.\nVerstanden, Kinder? Alles klar?<\/pre>\n\n\n\n<p>Die dichterischen Verrenkungen in der ersten der beiden Strophen zeigen die Ahnungslosigkeit des Patriarchen seiner Darstellung eines komplexen Sachverhalts, der in Nonsens f\u00fchrt. Und sie zeigen, wie elegant und einfach sich der Vater dr\u00fcber zu schummeln wei\u00df, indem er sich leichtf\u00fc\u00dfig in eine Tautologie rettet. Die durch das Reimschema hervorgerufene Ungelenkigkeit mancher Gedichte oder Strophen machen dabei deren Reiz aus. Sie machen diese Familiengeschichte, die ein sitcomartiges Setting besitzt, zu einem vertrauten Ort. Wir beobachten die Familie bei ihren allt\u00e4glichen Handlungen, dem Fr\u00fchst\u00fccken, dem Ankleiden in der Garderobe, beim Fernsehen, bei den kleinen Z\u00e4rtlichkeiten und Neckereien zwischen Mann und Gattin. Viele Leserinnen und Leser werden \u00c4hnliches kennen \u2013 und sei es nicht selbst erlebt, zumindest \u00fcber mediale Vermittlung, sprich aus dem Fernsehen oder von Streamingdiensten. Das Reimschema verst\u00e4rkt diese Vertrautheit, da manches h\u00f6lzern klingt und eckig. Die Gedichte sind konstruiert, wie auch die Familie eine soziale Konstruktion ist, und wie jede Familie sind auch diese Gedichte nicht perfekt. Daher sind sie gut gemacht.<\/p>\n\n\n\n<h4 class=\"wp-block-heading\">Das Machtwort bleibt ungeh\u00f6rt<\/h4>\n\n\n\n<p>Das Buch besteht aus drei Teilen. Der erste hei\u00dft Fotoalbum und besteht aus einem Gedicht. Ein Ausschnitt davon wurde zu Beginn angef\u00fchrt. Der zweite besteht aus den \u201ePr\u00e4sidentenliedern\u201c und der dritte steht unter dem Titel: \u201eDes Pr\u00e4sidenten und seiner Familie Reise nach Malta\u201c. In diesem Langgedicht dr\u00e4ngt der Pr\u00e4sident seine \u2013 und dies buchst\u00e4blich im besitzanzeigenden Sinne \u2013 Familie den Urlaub in Malta in Osttirol zu verbringen. Dieser Urlaub endet in einer Katastrophe. Zur\u00fcck in Wien werden bereits Destinationen f\u00fcr die n\u00e4chste Reise genannt.<\/p>\n\n\n\n<pre class=\"wp-block-verse\">\u201eWohin woll\u2019n wir als n\u00e4chstes fahren?\nAm liebsten w\u00e4re mir T\u00fcrkei.\nIn Frage k\u00e4me auch Kanaren.\u201c\nDer Pr\u00e4sident sagt: \u201eGut, es sei.\u201c<\/pre>\n\n\n\n<p>Vielleicht will Fian auf diese Form der Aufl\u00f6sung des patriarchalen Verh\u00e4ltnisses hinweisen. \u201eDas Machtwort, es bleibt ungeh\u00f6rt\u201c, hei\u00dft es in einem anderen Gedicht. Die Entmachtung des Pr\u00e4sidenten w\u00fcrde jedoch dazu f\u00fchren, dass es keine Repr\u00e4sentation mehr gibt oder Macht in einer fluiden und wechselnden Form ausge\u00fcbt wird. Dass Entscheidungen konsensual \u2013 also in \u00dcbereinstimmung aller Beteiligten \u2013 oder im Konsent \u2013 d.h., es werden schwerwiegende und begr\u00fcndete Einw\u00e4nde abgefragt \u2013 getroffen werden, dass Wissen nicht zur Belehrung, sondern zum Austausch f\u00fchrt und so aus dem Herrschen Teilen wird. Welche Lieder daraus wohl entspringen m\u00f6gen?<\/p>\n\n\n\n<hr class=\"wp-block-separator has-alpha-channel-opacity\"\/>\n\n\n\n<p class=\"has-medium-font-size\"><strong>Antonio Fian<\/strong>: <em><a href=\"https:\/\/www.droschl.com\/buch\/praesidentenlieder\/\" target=\"_blank\" rel=\"noreferrer noopener\">Pr\u00e4sidentenlieder<\/a><\/em>. Graz, Droschl, 2023. 72 Seiten. Euro 18,\u2013<\/p>\n","protected":false},"excerpt":{"rendered":"<p>Besprechung: &#8222;Ein launiger Abgesang&#8220; &#8211; Andreas Pavlic liest Antonio Fians &#8222;Pr\u00e4sidentenlieder&#8220; f\u00fcr die Poesiegalerie<\/p>\n","protected":false},"author":9,"featured_media":16885,"comment_status":"closed","ping_status":"closed","sticky":false,"template":"","format":"standard","meta":[],"categories":[107],"tags":[419],"thb-sponsors":[],"yoast_head":"<!-- This site is optimized with the Yoast SEO plugin v20.6 - https:\/\/yoast.com\/wordpress\/plugins\/seo\/ -->\n<title>Ein launiger Abgesang - Poesiegalerie<\/title>\n<meta name=\"description\" content=\"Besprechung: &quot;Ein launiger Abgesang&quot; - Andreas Pavlic liest Antonio Fians &quot;Pr\u00e4sidentenlieder&quot; f\u00fcr die Poesiegalerie\" \/>\n<meta name=\"robots\" content=\"index, follow, max-snippet:-1, max-image-preview:large, max-video-preview:-1\" \/>\n<link rel=\"canonical\" href=\"https:\/\/www.poesiegalerie.at\/wordpress\/2023\/12\/02\/pavlic-besprechung-fian-praesidentenlieder\/\" \/>\n<meta property=\"og:locale\" content=\"de_DE\" \/>\n<meta property=\"og:type\" content=\"article\" \/>\n<meta property=\"og:title\" content=\"Ein launiger Abgesang - Poesiegalerie\" \/>\n<meta property=\"og:description\" content=\"Besprechung: &quot;Ein launiger Abgesang&quot; - Andreas Pavlic liest Antonio Fians &quot;Pr\u00e4sidentenlieder&quot; f\u00fcr die Poesiegalerie\" \/>\n<meta property=\"og:url\" content=\"https:\/\/www.poesiegalerie.at\/wordpress\/2023\/12\/02\/pavlic-besprechung-fian-praesidentenlieder\/\" \/>\n<meta property=\"og:site_name\" content=\"Poesiegalerie\" \/>\n<meta property=\"article:publisher\" content=\"https:\/\/facebook.com\/poesiegalerie\" \/>\n<meta property=\"article:published_time\" content=\"2023-12-02T07:00:00+00:00\" \/>\n<meta property=\"article:modified_time\" content=\"2023-11-29T15:43:18+00:00\" \/>\n<meta property=\"og:image\" content=\"https:\/\/www.poesiegalerie.at\/wordpress\/wp-content\/uploads\/2023\/11\/cover-fian-antonio-praesidentenlieder.jpg\" \/>\n\t<meta property=\"og:image:width\" content=\"342\" \/>\n\t<meta property=\"og:image:height\" content=\"560\" \/>\n\t<meta property=\"og:image:type\" content=\"image\/jpeg\" \/>\n<meta name=\"author\" content=\"Carina Schlager\" \/>\n<meta name=\"twitter:card\" content=\"summary_large_image\" \/>\n<meta name=\"twitter:creator\" content=\"@poesiegalerie\" \/>\n<meta name=\"twitter:site\" content=\"@poesiegalerie\" \/>\n<meta name=\"twitter:label1\" content=\"Verfasst von\" \/>\n\t<meta name=\"twitter:data1\" content=\"Carina Schlager\" \/>\n\t<meta name=\"twitter:label2\" content=\"Gesch\u00e4tzte Lesezeit\" \/>\n\t<meta name=\"twitter:data2\" content=\"7 Minuten\" \/>\n<script type=\"application\/ld+json\" class=\"yoast-schema-graph\">{\"@context\":\"https:\/\/schema.org\",\"@graph\":[{\"@type\":\"Article\",\"@id\":\"https:\/\/www.poesiegalerie.at\/wordpress\/2023\/12\/02\/pavlic-besprechung-fian-praesidentenlieder\/#article\",\"isPartOf\":{\"@id\":\"https:\/\/www.poesiegalerie.at\/wordpress\/2023\/12\/02\/pavlic-besprechung-fian-praesidentenlieder\/\"},\"author\":{\"name\":\"Carina Schlager\",\"@id\":\"https:\/\/www.poesiegalerie.at\/wordpress\/#\/schema\/person\/e19e23249ea62e58948fe82f26d61e8b\"},\"headline\":\"Ein launiger Abgesang\",\"datePublished\":\"2023-12-02T07:00:00+00:00\",\"dateModified\":\"2023-11-29T15:43:18+00:00\",\"mainEntityOfPage\":{\"@id\":\"https:\/\/www.poesiegalerie.at\/wordpress\/2023\/12\/02\/pavlic-besprechung-fian-praesidentenlieder\/\"},\"wordCount\":963,\"publisher\":{\"@id\":\"https:\/\/www.poesiegalerie.at\/wordpress\/#organization\"},\"keywords\":[\"Andreas Pavlic\"],\"articleSection\":[\"BESPRECHUNGEN\"],\"inLanguage\":\"de-DE\"},{\"@type\":\"WebPage\",\"@id\":\"https:\/\/www.poesiegalerie.at\/wordpress\/2023\/12\/02\/pavlic-besprechung-fian-praesidentenlieder\/\",\"url\":\"https:\/\/www.poesiegalerie.at\/wordpress\/2023\/12\/02\/pavlic-besprechung-fian-praesidentenlieder\/\",\"name\":\"Ein launiger Abgesang - Poesiegalerie\",\"isPartOf\":{\"@id\":\"https:\/\/www.poesiegalerie.at\/wordpress\/#website\"},\"datePublished\":\"2023-12-02T07:00:00+00:00\",\"dateModified\":\"2023-11-29T15:43:18+00:00\",\"description\":\"Besprechung: \\\"Ein launiger Abgesang\\\" - Andreas Pavlic liest Antonio Fians \\\"Pr\u00e4sidentenlieder\\\" f\u00fcr die Poesiegalerie\",\"breadcrumb\":{\"@id\":\"https:\/\/www.poesiegalerie.at\/wordpress\/2023\/12\/02\/pavlic-besprechung-fian-praesidentenlieder\/#breadcrumb\"},\"inLanguage\":\"de-DE\",\"potentialAction\":[{\"@type\":\"ReadAction\",\"target\":[\"https:\/\/www.poesiegalerie.at\/wordpress\/2023\/12\/02\/pavlic-besprechung-fian-praesidentenlieder\/\"]}]},{\"@type\":\"BreadcrumbList\",\"@id\":\"https:\/\/www.poesiegalerie.at\/wordpress\/2023\/12\/02\/pavlic-besprechung-fian-praesidentenlieder\/#breadcrumb\",\"itemListElement\":[{\"@type\":\"ListItem\",\"position\":1,\"name\":\"Startseite\",\"item\":\"https:\/\/www.poesiegalerie.at\/wordpress\/\"},{\"@type\":\"ListItem\",\"position\":2,\"name\":\"Ein launiger Abgesang\"}]},{\"@type\":\"WebSite\",\"@id\":\"https:\/\/www.poesiegalerie.at\/wordpress\/#website\",\"url\":\"https:\/\/www.poesiegalerie.at\/wordpress\/\",\"name\":\"Poesiegalerie\",\"description\":\"\",\"publisher\":{\"@id\":\"https:\/\/www.poesiegalerie.at\/wordpress\/#organization\"},\"potentialAction\":[{\"@type\":\"SearchAction\",\"target\":{\"@type\":\"EntryPoint\",\"urlTemplate\":\"https:\/\/www.poesiegalerie.at\/wordpress\/?s={search_term_string}\"},\"query-input\":\"required name=search_term_string\"}],\"inLanguage\":\"de-DE\"},{\"@type\":\"Organization\",\"@id\":\"https:\/\/www.poesiegalerie.at\/wordpress\/#organization\",\"name\":\"Poesiegalerie\",\"url\":\"https:\/\/www.poesiegalerie.at\/wordpress\/\",\"logo\":{\"@type\":\"ImageObject\",\"inLanguage\":\"de-DE\",\"@id\":\"https:\/\/www.poesiegalerie.at\/wordpress\/#\/schema\/logo\/image\/\",\"url\":\"https:\/\/www.poesiegalerie.at\/wordpress\/wp-content\/uploads\/2021\/01\/Logoquadrat-PG-1.png\",\"contentUrl\":\"https:\/\/www.poesiegalerie.at\/wordpress\/wp-content\/uploads\/2021\/01\/Logoquadrat-PG-1.png\",\"width\":512,\"height\":512,\"caption\":\"Poesiegalerie\"},\"image\":{\"@id\":\"https:\/\/www.poesiegalerie.at\/wordpress\/#\/schema\/logo\/image\/\"},\"sameAs\":[\"https:\/\/facebook.com\/poesiegalerie\",\"https:\/\/twitter.com\/poesiegalerie\",\"https:\/\/instagram.com\/poesiegalerie\",\"https:\/\/youtube.com\/channel\/UChHTsNTzMPzZpU8TfKP3dNQ\"]},{\"@type\":\"Person\",\"@id\":\"https:\/\/www.poesiegalerie.at\/wordpress\/#\/schema\/person\/e19e23249ea62e58948fe82f26d61e8b\",\"name\":\"Carina Schlager\",\"image\":{\"@type\":\"ImageObject\",\"inLanguage\":\"de-DE\",\"@id\":\"https:\/\/www.poesiegalerie.at\/wordpress\/#\/schema\/person\/image\/\",\"url\":\"https:\/\/secure.gravatar.com\/avatar\/4a71cc0347a93a0f41d93d86ce4a52fb?s=96&d=mm&r=g\",\"contentUrl\":\"https:\/\/secure.gravatar.com\/avatar\/4a71cc0347a93a0f41d93d86ce4a52fb?s=96&d=mm&r=g\",\"caption\":\"Carina Schlager\"},\"url\":\"https:\/\/www.poesiegalerie.at\/wordpress\/author\/carina\/\"}]}<\/script>\n<!-- \/ Yoast SEO plugin. -->","yoast_head_json":{"title":"Ein launiger Abgesang - Poesiegalerie","description":"Besprechung: \"Ein launiger Abgesang\" - Andreas Pavlic liest Antonio Fians \"Pr\u00e4sidentenlieder\" f\u00fcr die Poesiegalerie","robots":{"index":"index","follow":"follow","max-snippet":"max-snippet:-1","max-image-preview":"max-image-preview:large","max-video-preview":"max-video-preview:-1"},"canonical":"https:\/\/www.poesiegalerie.at\/wordpress\/2023\/12\/02\/pavlic-besprechung-fian-praesidentenlieder\/","og_locale":"de_DE","og_type":"article","og_title":"Ein launiger Abgesang - Poesiegalerie","og_description":"Besprechung: \"Ein launiger Abgesang\" - Andreas Pavlic liest Antonio Fians \"Pr\u00e4sidentenlieder\" f\u00fcr die Poesiegalerie","og_url":"https:\/\/www.poesiegalerie.at\/wordpress\/2023\/12\/02\/pavlic-besprechung-fian-praesidentenlieder\/","og_site_name":"Poesiegalerie","article_publisher":"https:\/\/facebook.com\/poesiegalerie","article_published_time":"2023-12-02T07:00:00+00:00","article_modified_time":"2023-11-29T15:43:18+00:00","og_image":[{"width":342,"height":560,"url":"https:\/\/www.poesiegalerie.at\/wordpress\/wp-content\/uploads\/2023\/11\/cover-fian-antonio-praesidentenlieder.jpg","type":"image\/jpeg"}],"author":"Carina Schlager","twitter_card":"summary_large_image","twitter_creator":"@poesiegalerie","twitter_site":"@poesiegalerie","twitter_misc":{"Verfasst von":"Carina Schlager","Gesch\u00e4tzte Lesezeit":"7 Minuten"},"schema":{"@context":"https:\/\/schema.org","@graph":[{"@type":"Article","@id":"https:\/\/www.poesiegalerie.at\/wordpress\/2023\/12\/02\/pavlic-besprechung-fian-praesidentenlieder\/#article","isPartOf":{"@id":"https:\/\/www.poesiegalerie.at\/wordpress\/2023\/12\/02\/pavlic-besprechung-fian-praesidentenlieder\/"},"author":{"name":"Carina Schlager","@id":"https:\/\/www.poesiegalerie.at\/wordpress\/#\/schema\/person\/e19e23249ea62e58948fe82f26d61e8b"},"headline":"Ein launiger Abgesang","datePublished":"2023-12-02T07:00:00+00:00","dateModified":"2023-11-29T15:43:18+00:00","mainEntityOfPage":{"@id":"https:\/\/www.poesiegalerie.at\/wordpress\/2023\/12\/02\/pavlic-besprechung-fian-praesidentenlieder\/"},"wordCount":963,"publisher":{"@id":"https:\/\/www.poesiegalerie.at\/wordpress\/#organization"},"keywords":["Andreas Pavlic"],"articleSection":["BESPRECHUNGEN"],"inLanguage":"de-DE"},{"@type":"WebPage","@id":"https:\/\/www.poesiegalerie.at\/wordpress\/2023\/12\/02\/pavlic-besprechung-fian-praesidentenlieder\/","url":"https:\/\/www.poesiegalerie.at\/wordpress\/2023\/12\/02\/pavlic-besprechung-fian-praesidentenlieder\/","name":"Ein launiger Abgesang - Poesiegalerie","isPartOf":{"@id":"https:\/\/www.poesiegalerie.at\/wordpress\/#website"},"datePublished":"2023-12-02T07:00:00+00:00","dateModified":"2023-11-29T15:43:18+00:00","description":"Besprechung: \"Ein launiger Abgesang\" - Andreas Pavlic liest Antonio Fians \"Pr\u00e4sidentenlieder\" f\u00fcr die Poesiegalerie","breadcrumb":{"@id":"https:\/\/www.poesiegalerie.at\/wordpress\/2023\/12\/02\/pavlic-besprechung-fian-praesidentenlieder\/#breadcrumb"},"inLanguage":"de-DE","potentialAction":[{"@type":"ReadAction","target":["https:\/\/www.poesiegalerie.at\/wordpress\/2023\/12\/02\/pavlic-besprechung-fian-praesidentenlieder\/"]}]},{"@type":"BreadcrumbList","@id":"https:\/\/www.poesiegalerie.at\/wordpress\/2023\/12\/02\/pavlic-besprechung-fian-praesidentenlieder\/#breadcrumb","itemListElement":[{"@type":"ListItem","position":1,"name":"Startseite","item":"https:\/\/www.poesiegalerie.at\/wordpress\/"},{"@type":"ListItem","position":2,"name":"Ein launiger Abgesang"}]},{"@type":"WebSite","@id":"https:\/\/www.poesiegalerie.at\/wordpress\/#website","url":"https:\/\/www.poesiegalerie.at\/wordpress\/","name":"Poesiegalerie","description":"","publisher":{"@id":"https:\/\/www.poesiegalerie.at\/wordpress\/#organization"},"potentialAction":[{"@type":"SearchAction","target":{"@type":"EntryPoint","urlTemplate":"https:\/\/www.poesiegalerie.at\/wordpress\/?s={search_term_string}"},"query-input":"required name=search_term_string"}],"inLanguage":"de-DE"},{"@type":"Organization","@id":"https:\/\/www.poesiegalerie.at\/wordpress\/#organization","name":"Poesiegalerie","url":"https:\/\/www.poesiegalerie.at\/wordpress\/","logo":{"@type":"ImageObject","inLanguage":"de-DE","@id":"https:\/\/www.poesiegalerie.at\/wordpress\/#\/schema\/logo\/image\/","url":"https:\/\/www.poesiegalerie.at\/wordpress\/wp-content\/uploads\/2021\/01\/Logoquadrat-PG-1.png","contentUrl":"https:\/\/www.poesiegalerie.at\/wordpress\/wp-content\/uploads\/2021\/01\/Logoquadrat-PG-1.png","width":512,"height":512,"caption":"Poesiegalerie"},"image":{"@id":"https:\/\/www.poesiegalerie.at\/wordpress\/#\/schema\/logo\/image\/"},"sameAs":["https:\/\/facebook.com\/poesiegalerie","https:\/\/twitter.com\/poesiegalerie","https:\/\/instagram.com\/poesiegalerie","https:\/\/youtube.com\/channel\/UChHTsNTzMPzZpU8TfKP3dNQ"]},{"@type":"Person","@id":"https:\/\/www.poesiegalerie.at\/wordpress\/#\/schema\/person\/e19e23249ea62e58948fe82f26d61e8b","name":"Carina Schlager","image":{"@type":"ImageObject","inLanguage":"de-DE","@id":"https:\/\/www.poesiegalerie.at\/wordpress\/#\/schema\/person\/image\/","url":"https:\/\/secure.gravatar.com\/avatar\/4a71cc0347a93a0f41d93d86ce4a52fb?s=96&d=mm&r=g","contentUrl":"https:\/\/secure.gravatar.com\/avatar\/4a71cc0347a93a0f41d93d86ce4a52fb?s=96&d=mm&r=g","caption":"Carina Schlager"},"url":"https:\/\/www.poesiegalerie.at\/wordpress\/author\/carina\/"}]}},"_links":{"self":[{"href":"https:\/\/www.poesiegalerie.at\/wordpress\/wp-json\/wp\/v2\/posts\/16884"}],"collection":[{"href":"https:\/\/www.poesiegalerie.at\/wordpress\/wp-json\/wp\/v2\/posts"}],"about":[{"href":"https:\/\/www.poesiegalerie.at\/wordpress\/wp-json\/wp\/v2\/types\/post"}],"author":[{"embeddable":true,"href":"https:\/\/www.poesiegalerie.at\/wordpress\/wp-json\/wp\/v2\/users\/9"}],"replies":[{"embeddable":true,"href":"https:\/\/www.poesiegalerie.at\/wordpress\/wp-json\/wp\/v2\/comments?post=16884"}],"version-history":[{"count":2,"href":"https:\/\/www.poesiegalerie.at\/wordpress\/wp-json\/wp\/v2\/posts\/16884\/revisions"}],"predecessor-version":[{"id":16888,"href":"https:\/\/www.poesiegalerie.at\/wordpress\/wp-json\/wp\/v2\/posts\/16884\/revisions\/16888"}],"wp:featuredmedia":[{"embeddable":true,"href":"https:\/\/www.poesiegalerie.at\/wordpress\/wp-json\/wp\/v2\/media\/16885"}],"wp:attachment":[{"href":"https:\/\/www.poesiegalerie.at\/wordpress\/wp-json\/wp\/v2\/media?parent=16884"}],"wp:term":[{"taxonomy":"category","embeddable":true,"href":"https:\/\/www.poesiegalerie.at\/wordpress\/wp-json\/wp\/v2\/categories?post=16884"},{"taxonomy":"post_tag","embeddable":true,"href":"https:\/\/www.poesiegalerie.at\/wordpress\/wp-json\/wp\/v2\/tags?post=16884"},{"taxonomy":"thb-sponsors","embeddable":true,"href":"https:\/\/www.poesiegalerie.at\/wordpress\/wp-json\/wp\/v2\/thb-sponsors?post=16884"}],"curies":[{"name":"wp","href":"https:\/\/api.w.org\/{rel}","templated":true}]}}