{"id":17027,"date":"2023-12-13T08:00:00","date_gmt":"2023-12-13T07:00:00","guid":{"rendered":"https:\/\/www.poesiegalerie.at\/wordpress\/?p=17027"},"modified":"2023-12-14T00:10:07","modified_gmt":"2023-12-13T23:10:07","slug":"meschik-besprechung-mollet-spaeter","status":"publish","type":"post","link":"https:\/\/www.poesiegalerie.at\/wordpress\/2023\/12\/13\/meschik-besprechung-mollet-spaeter\/","title":{"rendered":"Poesie als Polaroid"},"content":{"rendered":"\n<p class=\"has-medium-font-size\"><a href=\"https:\/\/www.poesiegalerie.at\/wordpress\/autor%e2%80%91innen-alte-seite\/meschik-lukas\/\">Lukas Meschik<\/a> liest <a href=\"http:\/\/Li Mollet\">Li Mollets<\/a> <em>sp\u00e4ter<\/em><\/p>\n\n\n\n<hr class=\"wp-block-separator has-alpha-channel-opacity\"\/>\n\n\n\n<p>Auf den ersten Blick handelt es sich bei den in <em>sp\u00e4ter<\/em> versammelten Texten nicht um Lyrik. Es sind auch keine Gedichte im klassischen, im herk\u00f6mmlichen Sinn, sondern streng genommen Prosaminiaturen. Diese aber sind so verdichtet, erzeugen eine so starke lyrische Kraft und damit einhergehend einen poetischen Sog, dass wir Li Mollets Band unbedingt an einem Ort wie der poesiegalerie beleuchten sollten. Die Lyrik ist ein weites Feld, und gerade Schreibende, die sich zwischen den Welten bewegen und zwischen die St\u00fchle setzen, erzeugen oft die spannendsten Arbeiten, weil gewagte Mischformen aus der Einheitskost herausblitzen wie Kirschen im Schlamm.<\/p>\n\n\n\n<div class=\"wp-block-media-text is-stacked-on-mobile\" style=\"grid-template-columns:30% auto\"><figure class=\"wp-block-media-text__media\"><img decoding=\"async\" loading=\"lazy\" width=\"673\" height=\"1000\" src=\"data:image\/gif;base64,R0lGODlhAQABAAAAACH5BAEKAAEALAAAAAABAAEAAAICTAEAOw==\" data-src=\"https:\/\/www.poesiegalerie.at\/wordpress\/wp-content\/uploads\/2023\/12\/Cover-Mollet-Li-spaeter-.jpg\" alt=\"\" class=\"wp-image-17028 size-full lazyload\" data-sizes=\"auto\" data-srcset=\"https:\/\/www.poesiegalerie.at\/wordpress\/wp-content\/uploads\/2023\/12\/Cover-Mollet-Li-spaeter-.jpg 673w, https:\/\/www.poesiegalerie.at\/wordpress\/wp-content\/uploads\/2023\/12\/Cover-Mollet-Li-spaeter--202x300.jpg 202w, https:\/\/www.poesiegalerie.at\/wordpress\/wp-content\/uploads\/2023\/12\/Cover-Mollet-Li-spaeter--101x150.jpg 101w, https:\/\/www.poesiegalerie.at\/wordpress\/wp-content\/uploads\/2023\/12\/Cover-Mollet-Li-spaeter--370x550.jpg 370w, https:\/\/www.poesiegalerie.at\/wordpress\/wp-content\/uploads\/2023\/12\/Cover-Mollet-Li-spaeter--20x30.jpg 20w, https:\/\/www.poesiegalerie.at\/wordpress\/wp-content\/uploads\/2023\/12\/Cover-Mollet-Li-spaeter--600x892.jpg 600w, https:\/\/www.poesiegalerie.at\/wordpress\/wp-content\/uploads\/2023\/12\/Cover-Mollet-Li-spaeter--32x48.jpg 32w\" sizes=\"(max-width: 673px) 100vw, 673px\" \/><\/figure><div class=\"wp-block-media-text__content\">\n<p>Der Band ist streng gegliedert in 104 Abschnitte, jeder bekommt eine Seite und ist einheitlich aufgebaut. Zun\u00e4chst ein jeweils gleich langer und im Layout gleich gro\u00dfer Prosablock, darunter leicht versetzt eine Nummerierung samt Notiz zur Schreibumgebung. Diese Notizen h\u00e4ngen zusammen und ergeben geb\u00fcndelt einen Rundblick durch eine Wohn- und Wirkungsst\u00e4tte.<\/p>\n\n\n\n<p class=\"has-small-font-size\">Cover \u00a9 Ritter Verlag <\/p>\n<\/div><\/div>\n\n\n\n<p> Wieder versetzt sehen wir abschlie\u00dfend eine blasser gedruckte Halbzeile, die einen letzten Kommentar gibt; gerade durch die grafische Gestaltung wirkt sie wie ein Wegd\u00e4mmern, ein Herunterdimmen der Sprache bis zur Dunkelheit. So entstehen 104 Schnappsch\u00fcsse, auch das Format der Prosaminiaturen erinnert an die Polaroids einer Sofortbildkamera. Zur Veranschaulichung hier eine solche Seite in ihrer Gesamtheit als Ann\u00e4herung. (Die exakte Anordnung der einzelnen Teile und die verblassende letzte Zeile k\u00f6nnen nur schwer korrekt wiedergegeben werden.)<\/p>\n\n\n\n<pre class=\"wp-block-verse\">Am Boden der Schatten der B\u00fccherbeige\nals w\u00e4re sie die Silhouette einer H\u00e4user-\nreihe. Die rote Decke, die weichen Kis-\nsen im sonnigen Geviert. Dir alles und\nnichts sein, sagt eine Stimme in meinem\nKopf. Kannst du dich annehmen, wie du\ngeworden bist. Was soll der \u00c4rger \u00fcber\neinen kleinen Fehler wiewohl mit gro-\n\u00dfen Auswirkungen. Das B\u00fcro f\u00fcr inspirie-\nrende Umtriebe sucht Mitarbeitende\nim Sektor Alltagsversch\u00f6nerung, sagst\ndu. Ich schweige mich aus und schabe\nden Kartoffeln die Schale weg, vermen-\nge sie mit \u00d6l und feinen Nadeln vom Rosmarin. \nGlanz auf der H\u00e4ndehaut.\n\nneunzehn\nLeim, Klebstreifen und andere Kleinigkeiten\n\nalterslose W\u00f6rter rollen \u00fcber den Rand<\/pre>\n\n\n\n<p>Worum geht es also in diesen Prosaminiaturen? Nun, wir geraten, wie man so sch\u00f6n sagt, vom Hundertsten ins Tausendste: Landschaftsbeschreibungen, aphoristische Wendungen, Aufgeschnapptes aus Gespr\u00e4chen, Beobachtungen aller Art. Kurz gesagt: Ein lyrisches Ich nimmt wahr, beobachtet und beschreibt. Wichtiger zus\u00e4tzlicher Bewohner dieser Wahrnehmungswelt ist ein wiederkehrendes lyrisches Du.<\/p>\n\n\n\n<p>Beim Lesen entstehen im Kopf Bilder: ein Mensch, ein Partner, ein Mann, mit dem sich das Ich ein Refugium teilt? Es spielt keine Rolle, denn die eingefangenen Zeilen geh\u00f6ren nur sich selbst. Da ist vom Malen die Rede, von Farben, aber auch vom Schreiben. Vor dem geistigen Auge entsteht ein k\u00fcnstlerischer Ort, an dem kreative Arbeiten unterschiedlichster Art verrichtet werden. Von diesem Ort geht eine gro\u00dfe W\u00e4rme aus, er schafft eine Atmosph\u00e4re friedlicher Angeregtheit.<\/p>\n\n\n\n<pre class=\"wp-block-verse\">Die W\u00f6rter und S\u00e4tze notieren. Ich fi-\nsche sie aus hellem Grau. Du lebtest\nin einer Zettelwohnung mit mehreren\nHermes Baby. Dein Haar verdeckte bei-\nnahe das Gesicht, das Ohr drang zwi-\nschen die schwarz gef\u00e4rbten Str\u00e4hnen.\n\u2026\nvierundvierzig<\/pre>\n\n\n\n<p>Eine \u201eHermes Baby\u201c ist \u00fcbrigens \u2013 ich musste es googeln \u2013 das Modell einer Schreibmaschine. Sie f\u00fcgt sich sehr gut ins heimelige, leicht romantische Gef\u00fcge einer k\u00fcnstlerischen Lebensgestaltung.<\/p>\n\n\n\n<p>Bei Li Mollet ist jeder Satz bewusst platziert, jedes Wort und jede Silbe befinden sich exakt an der richtigen Stelle, ein Verfahren, das einem bei der Produktion h\u00f6chste Konzentration abverlangt, bei der Lekt\u00fcre aber umso leichter und schwebender daherkommt. Es sind ganz kurze, oft karge S\u00e4tze, mit denen operiert wird, alles \u00dcberfl\u00fcssige ist ihnen abhandengekommen, die blumige Verzierung oder barocke Schleife sucht man vergeblich \u2013 und vermisst sie nicht.<\/p>\n\n\n\n<p>In beinahe jeder der 104 Sequenzen finden sich markante, luzide S\u00e4tze, die f\u00fcr sich stehen, die in ihrem hintergr\u00fcndigen Wahrheitsgehalt direkt ins Mark treffen. \u201eL\u00fcgen kann Leben retten, sage ich\u201c (zw\u00f6lf); \u201eWas k\u00f6nnen M\u00e4nner und Frauen f\u00fcr den Ausdruck in ihrem Gesicht\u201c (dreiundf\u00fcnfzig); \u201eIn der Kunst ist alles enthalten, auch wenn sie scheitert, sage ich. Sie kann gro\u00dfartig scheitern.\u201c (siebenundsiebzig); \u201eSp\u00e4ter ist nicht selten nie, sage ich.\u201c (achtundachtzig); \u201eEs ist nicht hinnehmbar, dass jemand stirbt, den man liebt oder sch\u00e4tzt, sage ich, und lege meinen Kopf in beide Arme auf den Tisch.\u201c (einundneunzig)<\/p>\n\n\n\n<pre class=\"wp-block-verse\">Ein Bild ist immer mehr als eins, sage\nich. Es schaut dich an, lenkt den Blick,\nbewegt das Denken, bis es S\u00e4tze fin-\ndet. Dort ein unversch\u00e4mtes Rot. Wel-\nche Farbe hat die Zeit. Was erm\u00f6glicht\ndie Linie, die eine Bewegung sicht-\nbar macht. Da das Holz, sagst du und\nkommst in meine N\u00e4he. Es wird mor-\ngen als Cello erwachen.\n\u2026\n\nneunundneunzig<\/pre>\n\n\n\n<p>In <em>sp\u00e4ter<\/em> geschieht Sprachverdichtung auf h\u00f6chstem Niveau, was wir erhalten, ist die Essenz, der Sirup. Das Banale, Profane steht innerhalb eines Schnappschusses manchmal direkt neben politischen Aussagen oder sch\u00f6ngeistigen Einlassungen \u2013 eines bedingt das andere. Der Alltag ist einerseits die Ressource, aus dem Kreative ihre Inspiration ziehen, und andererseits genau das, was vom K\u00fcnstlerischen ablenkt. Vermeintliche Nebens\u00e4chlichkeiten beginnen so zu leuchten. Mollet beweist eindr\u00fccklich: Das Poetische ist keine Frage der Wirklichkeit, sondern der Wahrnehmung, es ist keine Frage des Bildes, sondern eine Frage der Beschreibung. In sp\u00e4ter erh\u00e4lt das Poetische ein warmes Zuhause.<\/p>\n\n\n\n<hr class=\"wp-block-separator has-alpha-channel-opacity\"\/>\n\n\n\n<p class=\"has-medium-font-size\"><strong>Li Mollet<\/strong>: <em><a href=\"https:\/\/www.ritterbooks.com\/produkt\/spaeter\/\" target=\"_blank\" rel=\"noreferrer noopener\">sp\u00e4ter<\/a><\/em>. Ritter Literatur 2023. 112 Seiten. Euro 19,-<\/p>\n","protected":false},"excerpt":{"rendered":"<p>Besprechung: &#8222;Poesie als Polaroid&#8220; &#8211; Lukas Meschik liest Li Mollets &#8222;sp\u00e4ter&#8220; f\u00fcr die Poesiegalerie <\/p>\n","protected":false},"author":9,"featured_media":17028,"comment_status":"closed","ping_status":"closed","sticky":false,"template":"","format":"standard","meta":[],"categories":[107],"tags":[426,252],"thb-sponsors":[],"yoast_head":"<!-- This site is optimized with the Yoast SEO plugin v20.6 - https:\/\/yoast.com\/wordpress\/plugins\/seo\/ -->\n<title>Poesie als Polaroid - Poesiegalerie<\/title>\n<meta name=\"description\" content=\"Besprechung: &quot;Poesie als Polaroid&quot; - Lukas Meschik liest Li Mollets &quot;sp\u00e4ter&quot; f\u00fcr die Poesiegalerie\" \/>\n<meta name=\"robots\" content=\"index, follow, max-snippet:-1, max-image-preview:large, max-video-preview:-1\" \/>\n<link rel=\"canonical\" href=\"https:\/\/www.poesiegalerie.at\/wordpress\/2023\/12\/13\/meschik-besprechung-mollet-spaeter\/\" \/>\n<meta property=\"og:locale\" content=\"de_DE\" \/>\n<meta property=\"og:type\" content=\"article\" \/>\n<meta property=\"og:title\" content=\"Poesie als Polaroid - Poesiegalerie\" \/>\n<meta property=\"og:description\" content=\"Besprechung: &quot;Poesie als Polaroid&quot; - Lukas Meschik liest Li Mollets &quot;sp\u00e4ter&quot; f\u00fcr die Poesiegalerie\" \/>\n<meta property=\"og:url\" content=\"https:\/\/www.poesiegalerie.at\/wordpress\/2023\/12\/13\/meschik-besprechung-mollet-spaeter\/\" \/>\n<meta property=\"og:site_name\" content=\"Poesiegalerie\" \/>\n<meta property=\"article:publisher\" content=\"https:\/\/facebook.com\/poesiegalerie\" \/>\n<meta property=\"article:published_time\" content=\"2023-12-13T07:00:00+00:00\" \/>\n<meta property=\"article:modified_time\" content=\"2023-12-13T23:10:07+00:00\" \/>\n<meta property=\"og:image\" content=\"https:\/\/www.poesiegalerie.at\/wordpress\/wp-content\/uploads\/2023\/12\/Cover-Mollet-Li-spaeter-.jpg\" \/>\n\t<meta property=\"og:image:width\" content=\"673\" \/>\n\t<meta property=\"og:image:height\" content=\"1000\" \/>\n\t<meta property=\"og:image:type\" content=\"image\/jpeg\" \/>\n<meta name=\"author\" content=\"Carina Schlager\" \/>\n<meta name=\"twitter:card\" content=\"summary_large_image\" \/>\n<meta name=\"twitter:creator\" content=\"@poesiegalerie\" \/>\n<meta name=\"twitter:site\" content=\"@poesiegalerie\" \/>\n<meta name=\"twitter:label1\" content=\"Verfasst von\" \/>\n\t<meta name=\"twitter:data1\" content=\"Carina Schlager\" \/>\n\t<meta name=\"twitter:label2\" content=\"Gesch\u00e4tzte Lesezeit\" \/>\n\t<meta name=\"twitter:data2\" content=\"5 Minuten\" \/>\n<script type=\"application\/ld+json\" class=\"yoast-schema-graph\">{\"@context\":\"https:\/\/schema.org\",\"@graph\":[{\"@type\":\"Article\",\"@id\":\"https:\/\/www.poesiegalerie.at\/wordpress\/2023\/12\/13\/meschik-besprechung-mollet-spaeter\/#article\",\"isPartOf\":{\"@id\":\"https:\/\/www.poesiegalerie.at\/wordpress\/2023\/12\/13\/meschik-besprechung-mollet-spaeter\/\"},\"author\":{\"name\":\"Carina Schlager\",\"@id\":\"https:\/\/www.poesiegalerie.at\/wordpress\/#\/schema\/person\/e19e23249ea62e58948fe82f26d61e8b\"},\"headline\":\"Poesie als Polaroid\",\"datePublished\":\"2023-12-13T07:00:00+00:00\",\"dateModified\":\"2023-12-13T23:10:07+00:00\",\"mainEntityOfPage\":{\"@id\":\"https:\/\/www.poesiegalerie.at\/wordpress\/2023\/12\/13\/meschik-besprechung-mollet-spaeter\/\"},\"wordCount\":688,\"publisher\":{\"@id\":\"https:\/\/www.poesiegalerie.at\/wordpress\/#organization\"},\"keywords\":[\"Li Mollet\",\"Lukas Meschik\"],\"articleSection\":[\"BESPRECHUNGEN\"],\"inLanguage\":\"de-DE\"},{\"@type\":\"WebPage\",\"@id\":\"https:\/\/www.poesiegalerie.at\/wordpress\/2023\/12\/13\/meschik-besprechung-mollet-spaeter\/\",\"url\":\"https:\/\/www.poesiegalerie.at\/wordpress\/2023\/12\/13\/meschik-besprechung-mollet-spaeter\/\",\"name\":\"Poesie als Polaroid - Poesiegalerie\",\"isPartOf\":{\"@id\":\"https:\/\/www.poesiegalerie.at\/wordpress\/#website\"},\"datePublished\":\"2023-12-13T07:00:00+00:00\",\"dateModified\":\"2023-12-13T23:10:07+00:00\",\"description\":\"Besprechung: \\\"Poesie als Polaroid\\\" - Lukas Meschik liest Li Mollets \\\"sp\u00e4ter\\\" f\u00fcr die Poesiegalerie\",\"breadcrumb\":{\"@id\":\"https:\/\/www.poesiegalerie.at\/wordpress\/2023\/12\/13\/meschik-besprechung-mollet-spaeter\/#breadcrumb\"},\"inLanguage\":\"de-DE\",\"potentialAction\":[{\"@type\":\"ReadAction\",\"target\":[\"https:\/\/www.poesiegalerie.at\/wordpress\/2023\/12\/13\/meschik-besprechung-mollet-spaeter\/\"]}]},{\"@type\":\"BreadcrumbList\",\"@id\":\"https:\/\/www.poesiegalerie.at\/wordpress\/2023\/12\/13\/meschik-besprechung-mollet-spaeter\/#breadcrumb\",\"itemListElement\":[{\"@type\":\"ListItem\",\"position\":1,\"name\":\"Startseite\",\"item\":\"https:\/\/www.poesiegalerie.at\/wordpress\/\"},{\"@type\":\"ListItem\",\"position\":2,\"name\":\"Poesie als Polaroid\"}]},{\"@type\":\"WebSite\",\"@id\":\"https:\/\/www.poesiegalerie.at\/wordpress\/#website\",\"url\":\"https:\/\/www.poesiegalerie.at\/wordpress\/\",\"name\":\"Poesiegalerie\",\"description\":\"\",\"publisher\":{\"@id\":\"https:\/\/www.poesiegalerie.at\/wordpress\/#organization\"},\"potentialAction\":[{\"@type\":\"SearchAction\",\"target\":{\"@type\":\"EntryPoint\",\"urlTemplate\":\"https:\/\/www.poesiegalerie.at\/wordpress\/?s={search_term_string}\"},\"query-input\":\"required name=search_term_string\"}],\"inLanguage\":\"de-DE\"},{\"@type\":\"Organization\",\"@id\":\"https:\/\/www.poesiegalerie.at\/wordpress\/#organization\",\"name\":\"Poesiegalerie\",\"url\":\"https:\/\/www.poesiegalerie.at\/wordpress\/\",\"logo\":{\"@type\":\"ImageObject\",\"inLanguage\":\"de-DE\",\"@id\":\"https:\/\/www.poesiegalerie.at\/wordpress\/#\/schema\/logo\/image\/\",\"url\":\"https:\/\/www.poesiegalerie.at\/wordpress\/wp-content\/uploads\/2021\/01\/Logoquadrat-PG-1.png\",\"contentUrl\":\"https:\/\/www.poesiegalerie.at\/wordpress\/wp-content\/uploads\/2021\/01\/Logoquadrat-PG-1.png\",\"width\":512,\"height\":512,\"caption\":\"Poesiegalerie\"},\"image\":{\"@id\":\"https:\/\/www.poesiegalerie.at\/wordpress\/#\/schema\/logo\/image\/\"},\"sameAs\":[\"https:\/\/facebook.com\/poesiegalerie\",\"https:\/\/twitter.com\/poesiegalerie\",\"https:\/\/instagram.com\/poesiegalerie\",\"https:\/\/youtube.com\/channel\/UChHTsNTzMPzZpU8TfKP3dNQ\"]},{\"@type\":\"Person\",\"@id\":\"https:\/\/www.poesiegalerie.at\/wordpress\/#\/schema\/person\/e19e23249ea62e58948fe82f26d61e8b\",\"name\":\"Carina Schlager\",\"image\":{\"@type\":\"ImageObject\",\"inLanguage\":\"de-DE\",\"@id\":\"https:\/\/www.poesiegalerie.at\/wordpress\/#\/schema\/person\/image\/\",\"url\":\"https:\/\/secure.gravatar.com\/avatar\/4a71cc0347a93a0f41d93d86ce4a52fb?s=96&d=mm&r=g\",\"contentUrl\":\"https:\/\/secure.gravatar.com\/avatar\/4a71cc0347a93a0f41d93d86ce4a52fb?s=96&d=mm&r=g\",\"caption\":\"Carina Schlager\"},\"url\":\"https:\/\/www.poesiegalerie.at\/wordpress\/author\/carina\/\"}]}<\/script>\n<!-- \/ Yoast SEO plugin. -->","yoast_head_json":{"title":"Poesie als Polaroid - Poesiegalerie","description":"Besprechung: \"Poesie als Polaroid\" - Lukas Meschik liest Li Mollets \"sp\u00e4ter\" f\u00fcr die Poesiegalerie","robots":{"index":"index","follow":"follow","max-snippet":"max-snippet:-1","max-image-preview":"max-image-preview:large","max-video-preview":"max-video-preview:-1"},"canonical":"https:\/\/www.poesiegalerie.at\/wordpress\/2023\/12\/13\/meschik-besprechung-mollet-spaeter\/","og_locale":"de_DE","og_type":"article","og_title":"Poesie als Polaroid - Poesiegalerie","og_description":"Besprechung: \"Poesie als Polaroid\" - Lukas Meschik liest Li Mollets \"sp\u00e4ter\" f\u00fcr die Poesiegalerie","og_url":"https:\/\/www.poesiegalerie.at\/wordpress\/2023\/12\/13\/meschik-besprechung-mollet-spaeter\/","og_site_name":"Poesiegalerie","article_publisher":"https:\/\/facebook.com\/poesiegalerie","article_published_time":"2023-12-13T07:00:00+00:00","article_modified_time":"2023-12-13T23:10:07+00:00","og_image":[{"width":673,"height":1000,"url":"https:\/\/www.poesiegalerie.at\/wordpress\/wp-content\/uploads\/2023\/12\/Cover-Mollet-Li-spaeter-.jpg","type":"image\/jpeg"}],"author":"Carina Schlager","twitter_card":"summary_large_image","twitter_creator":"@poesiegalerie","twitter_site":"@poesiegalerie","twitter_misc":{"Verfasst von":"Carina Schlager","Gesch\u00e4tzte Lesezeit":"5 Minuten"},"schema":{"@context":"https:\/\/schema.org","@graph":[{"@type":"Article","@id":"https:\/\/www.poesiegalerie.at\/wordpress\/2023\/12\/13\/meschik-besprechung-mollet-spaeter\/#article","isPartOf":{"@id":"https:\/\/www.poesiegalerie.at\/wordpress\/2023\/12\/13\/meschik-besprechung-mollet-spaeter\/"},"author":{"name":"Carina Schlager","@id":"https:\/\/www.poesiegalerie.at\/wordpress\/#\/schema\/person\/e19e23249ea62e58948fe82f26d61e8b"},"headline":"Poesie als Polaroid","datePublished":"2023-12-13T07:00:00+00:00","dateModified":"2023-12-13T23:10:07+00:00","mainEntityOfPage":{"@id":"https:\/\/www.poesiegalerie.at\/wordpress\/2023\/12\/13\/meschik-besprechung-mollet-spaeter\/"},"wordCount":688,"publisher":{"@id":"https:\/\/www.poesiegalerie.at\/wordpress\/#organization"},"keywords":["Li Mollet","Lukas Meschik"],"articleSection":["BESPRECHUNGEN"],"inLanguage":"de-DE"},{"@type":"WebPage","@id":"https:\/\/www.poesiegalerie.at\/wordpress\/2023\/12\/13\/meschik-besprechung-mollet-spaeter\/","url":"https:\/\/www.poesiegalerie.at\/wordpress\/2023\/12\/13\/meschik-besprechung-mollet-spaeter\/","name":"Poesie als Polaroid - Poesiegalerie","isPartOf":{"@id":"https:\/\/www.poesiegalerie.at\/wordpress\/#website"},"datePublished":"2023-12-13T07:00:00+00:00","dateModified":"2023-12-13T23:10:07+00:00","description":"Besprechung: \"Poesie als Polaroid\" - Lukas Meschik liest Li Mollets \"sp\u00e4ter\" f\u00fcr die Poesiegalerie","breadcrumb":{"@id":"https:\/\/www.poesiegalerie.at\/wordpress\/2023\/12\/13\/meschik-besprechung-mollet-spaeter\/#breadcrumb"},"inLanguage":"de-DE","potentialAction":[{"@type":"ReadAction","target":["https:\/\/www.poesiegalerie.at\/wordpress\/2023\/12\/13\/meschik-besprechung-mollet-spaeter\/"]}]},{"@type":"BreadcrumbList","@id":"https:\/\/www.poesiegalerie.at\/wordpress\/2023\/12\/13\/meschik-besprechung-mollet-spaeter\/#breadcrumb","itemListElement":[{"@type":"ListItem","position":1,"name":"Startseite","item":"https:\/\/www.poesiegalerie.at\/wordpress\/"},{"@type":"ListItem","position":2,"name":"Poesie als Polaroid"}]},{"@type":"WebSite","@id":"https:\/\/www.poesiegalerie.at\/wordpress\/#website","url":"https:\/\/www.poesiegalerie.at\/wordpress\/","name":"Poesiegalerie","description":"","publisher":{"@id":"https:\/\/www.poesiegalerie.at\/wordpress\/#organization"},"potentialAction":[{"@type":"SearchAction","target":{"@type":"EntryPoint","urlTemplate":"https:\/\/www.poesiegalerie.at\/wordpress\/?s={search_term_string}"},"query-input":"required name=search_term_string"}],"inLanguage":"de-DE"},{"@type":"Organization","@id":"https:\/\/www.poesiegalerie.at\/wordpress\/#organization","name":"Poesiegalerie","url":"https:\/\/www.poesiegalerie.at\/wordpress\/","logo":{"@type":"ImageObject","inLanguage":"de-DE","@id":"https:\/\/www.poesiegalerie.at\/wordpress\/#\/schema\/logo\/image\/","url":"https:\/\/www.poesiegalerie.at\/wordpress\/wp-content\/uploads\/2021\/01\/Logoquadrat-PG-1.png","contentUrl":"https:\/\/www.poesiegalerie.at\/wordpress\/wp-content\/uploads\/2021\/01\/Logoquadrat-PG-1.png","width":512,"height":512,"caption":"Poesiegalerie"},"image":{"@id":"https:\/\/www.poesiegalerie.at\/wordpress\/#\/schema\/logo\/image\/"},"sameAs":["https:\/\/facebook.com\/poesiegalerie","https:\/\/twitter.com\/poesiegalerie","https:\/\/instagram.com\/poesiegalerie","https:\/\/youtube.com\/channel\/UChHTsNTzMPzZpU8TfKP3dNQ"]},{"@type":"Person","@id":"https:\/\/www.poesiegalerie.at\/wordpress\/#\/schema\/person\/e19e23249ea62e58948fe82f26d61e8b","name":"Carina Schlager","image":{"@type":"ImageObject","inLanguage":"de-DE","@id":"https:\/\/www.poesiegalerie.at\/wordpress\/#\/schema\/person\/image\/","url":"https:\/\/secure.gravatar.com\/avatar\/4a71cc0347a93a0f41d93d86ce4a52fb?s=96&d=mm&r=g","contentUrl":"https:\/\/secure.gravatar.com\/avatar\/4a71cc0347a93a0f41d93d86ce4a52fb?s=96&d=mm&r=g","caption":"Carina Schlager"},"url":"https:\/\/www.poesiegalerie.at\/wordpress\/author\/carina\/"}]}},"_links":{"self":[{"href":"https:\/\/www.poesiegalerie.at\/wordpress\/wp-json\/wp\/v2\/posts\/17027"}],"collection":[{"href":"https:\/\/www.poesiegalerie.at\/wordpress\/wp-json\/wp\/v2\/posts"}],"about":[{"href":"https:\/\/www.poesiegalerie.at\/wordpress\/wp-json\/wp\/v2\/types\/post"}],"author":[{"embeddable":true,"href":"https:\/\/www.poesiegalerie.at\/wordpress\/wp-json\/wp\/v2\/users\/9"}],"replies":[{"embeddable":true,"href":"https:\/\/www.poesiegalerie.at\/wordpress\/wp-json\/wp\/v2\/comments?post=17027"}],"version-history":[{"count":1,"href":"https:\/\/www.poesiegalerie.at\/wordpress\/wp-json\/wp\/v2\/posts\/17027\/revisions"}],"predecessor-version":[{"id":17029,"href":"https:\/\/www.poesiegalerie.at\/wordpress\/wp-json\/wp\/v2\/posts\/17027\/revisions\/17029"}],"wp:featuredmedia":[{"embeddable":true,"href":"https:\/\/www.poesiegalerie.at\/wordpress\/wp-json\/wp\/v2\/media\/17028"}],"wp:attachment":[{"href":"https:\/\/www.poesiegalerie.at\/wordpress\/wp-json\/wp\/v2\/media?parent=17027"}],"wp:term":[{"taxonomy":"category","embeddable":true,"href":"https:\/\/www.poesiegalerie.at\/wordpress\/wp-json\/wp\/v2\/categories?post=17027"},{"taxonomy":"post_tag","embeddable":true,"href":"https:\/\/www.poesiegalerie.at\/wordpress\/wp-json\/wp\/v2\/tags?post=17027"},{"taxonomy":"thb-sponsors","embeddable":true,"href":"https:\/\/www.poesiegalerie.at\/wordpress\/wp-json\/wp\/v2\/thb-sponsors?post=17027"}],"curies":[{"name":"wp","href":"https:\/\/api.w.org\/{rel}","templated":true}]}}