{"id":19451,"date":"2025-07-10T08:00:00","date_gmt":"2025-07-10T06:00:00","guid":{"rendered":"https:\/\/www.poesiegalerie.at\/wordpress\/?p=19451"},"modified":"2025-07-29T11:59:17","modified_gmt":"2025-07-29T09:59:17","slug":"in-den-zeitfenstern","status":"publish","type":"post","link":"https:\/\/www.poesiegalerie.at\/wordpress\/2025\/07\/10\/in-den-zeitfenstern\/","title":{"rendered":"in den Zeitfenstern"},"content":{"rendered":"\n<h3 class=\"wp-block-heading\"><a href=\"https:\/\/www.poesiegalerie.at\/wordpress\/autor%e2%80%91innen-alte-seite\/breier-isabella\/\">Isabella Breier<\/a><\/h3>\n\n\n\n<div style=\"height:25px\" aria-hidden=\"true\" class=\"wp-block-spacer\"><\/div>\n\n\n\n<figure class=\"wp-block-audio\"><audio controls src=\"https:\/\/www.poesiegalerie.at\/wordpress\/wp-content\/uploads\/2024\/11\/in_den_Zeitfenstern_steht_die_Luft_still_..._provisorische_Gedichte.mp3\"><\/audio><\/figure>\n\n\n\n<p class=\"has-text-align-right has-small-font-size\">Trompete: Markus Schuster<\/p>\n\n\n\n<div style=\"height:25px\" aria-hidden=\"true\" class=\"wp-block-spacer\"><\/div>\n\n\n\n<pre class=\"wp-block-verse has-text-align-center\"><strong>in den Zeitfenstern steht die Luft still,\ndie ge\u00f6ffneten Fl\u00fcgel knarren im Hin und Her,\ndie L\u00e4den, die scheppern in einem Rhythmus,\nder mir zu verstehen gibt,\netwas zu erinnern, etwas zu vergessen, etwas zu vermissen\n\n<\/strong>\nnoch ist die abgeklopfte Rede von wegen <em>\u201egegangenem Weg\u201c <\/em>eine, die vor mir liegt,\nvor der, die ich sitze, hier auf dem Fensterbrett,\ndem Gemeindebau-Tor gegen\u00fcber, wo dein Sarg bald sein St\u00fcck spielt,\nfeierlich geregelt, an Laubkram vorbei\n\nes f\u00e4ngt an, zu d\u00e4mmern,\nund ich staube mich ab und ich richte mich auf,\nsuche schnell nach Schl\u00fcsseln \nund Sprache\n\ndie Schritte, die ich setze\ndurchs menschenleere Viertel,\nfallen fr\u00fchmorgens ab von mir\nwie illoyale Freunde\n\nabrupt stehe ich \u2013 in der \u00e4u\u00dfersten Peripherie \u2013\nvor psychedelischen Knospen, \nhaltlos und saisonal fehl am Platz\n\ndas Gew\u00e4chs sprie\u00dft ins tumbste Sch\u00f6nste,\nwuchernd, schillernd, in spiegelndem Glanz,\ndoch fern jeder brauchbaren Reflexion, schnappt es\nnach Atem, der bleibt, \nnach dem gro\u00dfen, dem ganzen,\nmit meinem und deinem und allem und so<\/pre>\n\n\n\n<div style=\"height:25px\" aria-hidden=\"true\" class=\"wp-block-spacer\"><\/div>\n\n\n\n<div class=\"wp-block-media-text alignwide is-stacked-on-mobile\" style=\"grid-template-columns:28% auto\"><figure class=\"wp-block-media-text__media\"><img decoding=\"async\" loading=\"lazy\" width=\"633\" height=\"884\" src=\"data:image\/gif;base64,R0lGODlhAQABAAAAACH5BAEKAAEALAAAAAABAAEAAAICTAEAOw==\" data-src=\"https:\/\/www.poesiegalerie.at\/wordpress\/wp-content\/uploads\/2022\/02\/Cover-Breier-Mir-kommt-die-Hand-der-Stunde-auf-meiner-Brust-so-gelegen.jpg\" alt=\"\" class=\"wp-image-9678 size-full lazyload\" data-sizes=\"auto\" data-srcset=\"https:\/\/www.poesiegalerie.at\/wordpress\/wp-content\/uploads\/2022\/02\/Cover-Breier-Mir-kommt-die-Hand-der-Stunde-auf-meiner-Brust-so-gelegen.jpg 633w, https:\/\/www.poesiegalerie.at\/wordpress\/wp-content\/uploads\/2022\/02\/Cover-Breier-Mir-kommt-die-Hand-der-Stunde-auf-meiner-Brust-so-gelegen-215x300.jpg 215w, https:\/\/www.poesiegalerie.at\/wordpress\/wp-content\/uploads\/2022\/02\/Cover-Breier-Mir-kommt-die-Hand-der-Stunde-auf-meiner-Brust-so-gelegen-107x150.jpg 107w, https:\/\/www.poesiegalerie.at\/wordpress\/wp-content\/uploads\/2022\/02\/Cover-Breier-Mir-kommt-die-Hand-der-Stunde-auf-meiner-Brust-so-gelegen-370x517.jpg 370w, https:\/\/www.poesiegalerie.at\/wordpress\/wp-content\/uploads\/2022\/02\/Cover-Breier-Mir-kommt-die-Hand-der-Stunde-auf-meiner-Brust-so-gelegen-185x258.jpg 185w, https:\/\/www.poesiegalerie.at\/wordpress\/wp-content\/uploads\/2022\/02\/Cover-Breier-Mir-kommt-die-Hand-der-Stunde-auf-meiner-Brust-so-gelegen-20x28.jpg 20w, https:\/\/www.poesiegalerie.at\/wordpress\/wp-content\/uploads\/2022\/02\/Cover-Breier-Mir-kommt-die-Hand-der-Stunde-auf-meiner-Brust-so-gelegen-400x559.jpg 400w, https:\/\/www.poesiegalerie.at\/wordpress\/wp-content\/uploads\/2022\/02\/Cover-Breier-Mir-kommt-die-Hand-der-Stunde-auf-meiner-Brust-so-gelegen-34x48.jpg 34w\" sizes=\"(max-width: 633px) 100vw, 633px\" \/><\/figure><div class=\"wp-block-media-text__content\">\n<p class=\"has-medium-font-size\">Zuletzt erschien von&nbsp;<a href=\"https:\/\/www.poesiegalerie.at\/wordpress\/autor%e2%80%91innen-alte-seite\/breier-isabella\/\" target=\"_blank\" rel=\"noreferrer noopener\">Isabella Breier<\/a>:&nbsp;<em><a href=\"https:\/\/www.fabriktransit.net\/buecher\/151-mir-kommt-die-hand-der-stunde.html\" target=\"_blank\" rel=\"noreferrer noopener\">mir kommt die Hand der Stunde auf meiner Brust so ungelegen, dass ich im Lauf der Dinge beinah mein Herz verwechsle<\/a><\/em>. Lyrikband in zw\u00f6lf Kapiteln. Mit Illustrationen von Hannah Medea Breier. Edition fabrik.transit, Wien 2019. 328 Seiten. Euro 17,-<\/p>\n<\/div><\/div>\n","protected":false},"excerpt":{"rendered":"<p>Gedicht von heute:<br \/>\nIsabella Breier<br \/>\n\u201ein den Zeitfenstern\u201c<\/p>\n","protected":false},"author":7,"featured_media":17253,"comment_status":"closed","ping_status":"closed","sticky":false,"template":"","format":"standard","meta":[],"categories":[105,280,154],"tags":[169],"thb-sponsors":[],"yoast_head":"<!-- This site is optimized with the Yoast SEO plugin v20.6 - https:\/\/yoast.com\/wordpress\/plugins\/seo\/ -->\n<title>in den Zeitfenstern - Poesiegalerie<\/title>\n<meta name=\"description\" content=\"Gedicht von heute: Isabella Breier \u201ein den Zeitfenstern\u201c\" \/>\n<meta name=\"robots\" content=\"index, follow, max-snippet:-1, max-image-preview:large, max-video-preview:-1\" \/>\n<link rel=\"canonical\" href=\"https:\/\/www.poesiegalerie.at\/wordpress\/2025\/07\/10\/in-den-zeitfenstern\/\" \/>\n<meta property=\"og:locale\" content=\"de_DE\" \/>\n<meta property=\"og:type\" content=\"article\" \/>\n<meta property=\"og:title\" content=\"in den Zeitfenstern - Poesiegalerie\" \/>\n<meta property=\"og:description\" content=\"Gedicht von heute: Isabella Breier \u201ein den Zeitfenstern\u201c\" \/>\n<meta property=\"og:url\" content=\"https:\/\/www.poesiegalerie.at\/wordpress\/2025\/07\/10\/in-den-zeitfenstern\/\" \/>\n<meta property=\"og:site_name\" content=\"Poesiegalerie\" \/>\n<meta property=\"article:publisher\" content=\"https:\/\/facebook.com\/poesiegalerie\" \/>\n<meta property=\"article:published_time\" content=\"2025-07-10T06:00:00+00:00\" \/>\n<meta property=\"article:modified_time\" content=\"2025-07-29T09:59:17+00:00\" \/>\n<meta property=\"og:image\" content=\"https:\/\/www.poesiegalerie.at\/wordpress\/wp-content\/uploads\/2024\/01\/Breier-Isabella-@-Autorin-2--679x1024.jpg\" \/>\n\t<meta property=\"og:image:width\" content=\"679\" \/>\n\t<meta property=\"og:image:height\" content=\"1024\" \/>\n\t<meta property=\"og:image:type\" content=\"image\/jpeg\" \/>\n<meta name=\"author\" content=\"G\u00fcnter Vallaster\" \/>\n<meta name=\"twitter:card\" content=\"summary_large_image\" \/>\n<meta name=\"twitter:creator\" content=\"@poesiegalerie\" \/>\n<meta name=\"twitter:site\" content=\"@poesiegalerie\" \/>\n<meta name=\"twitter:label1\" content=\"Verfasst von\" \/>\n\t<meta name=\"twitter:data1\" content=\"G\u00fcnter Vallaster\" \/>\n\t<meta name=\"twitter:label2\" content=\"Gesch\u00e4tzte Lesezeit\" \/>\n\t<meta name=\"twitter:data2\" content=\"2 Minuten\" \/>\n<script type=\"application\/ld+json\" class=\"yoast-schema-graph\">{\"@context\":\"https:\/\/schema.org\",\"@graph\":[{\"@type\":\"Article\",\"@id\":\"https:\/\/www.poesiegalerie.at\/wordpress\/2025\/07\/10\/in-den-zeitfenstern\/#article\",\"isPartOf\":{\"@id\":\"https:\/\/www.poesiegalerie.at\/wordpress\/2025\/07\/10\/in-den-zeitfenstern\/\"},\"author\":{\"name\":\"G\u00fcnter Vallaster\",\"@id\":\"https:\/\/www.poesiegalerie.at\/wordpress\/#\/schema\/person\/0a2f6c66a849463b4e476ca460b8e372\"},\"headline\":\"in den Zeitfenstern\",\"datePublished\":\"2025-07-10T06:00:00+00:00\",\"dateModified\":\"2025-07-29T09:59:17+00:00\",\"mainEntityOfPage\":{\"@id\":\"https:\/\/www.poesiegalerie.at\/wordpress\/2025\/07\/10\/in-den-zeitfenstern\/\"},\"wordCount\":53,\"publisher\":{\"@id\":\"https:\/\/www.poesiegalerie.at\/wordpress\/#organization\"},\"keywords\":[\"Isabella Breier\"],\"articleSection\":[\"AUSGESTELLT\",\"Gedicht von heute\",\"Transmediale Poesiegalerie\"],\"inLanguage\":\"de-DE\"},{\"@type\":\"WebPage\",\"@id\":\"https:\/\/www.poesiegalerie.at\/wordpress\/2025\/07\/10\/in-den-zeitfenstern\/\",\"url\":\"https:\/\/www.poesiegalerie.at\/wordpress\/2025\/07\/10\/in-den-zeitfenstern\/\",\"name\":\"in den Zeitfenstern - Poesiegalerie\",\"isPartOf\":{\"@id\":\"https:\/\/www.poesiegalerie.at\/wordpress\/#website\"},\"datePublished\":\"2025-07-10T06:00:00+00:00\",\"dateModified\":\"2025-07-29T09:59:17+00:00\",\"description\":\"Gedicht von heute: Isabella Breier \u201ein den Zeitfenstern\u201c\",\"breadcrumb\":{\"@id\":\"https:\/\/www.poesiegalerie.at\/wordpress\/2025\/07\/10\/in-den-zeitfenstern\/#breadcrumb\"},\"inLanguage\":\"de-DE\",\"potentialAction\":[{\"@type\":\"ReadAction\",\"target\":[\"https:\/\/www.poesiegalerie.at\/wordpress\/2025\/07\/10\/in-den-zeitfenstern\/\"]}]},{\"@type\":\"BreadcrumbList\",\"@id\":\"https:\/\/www.poesiegalerie.at\/wordpress\/2025\/07\/10\/in-den-zeitfenstern\/#breadcrumb\",\"itemListElement\":[{\"@type\":\"ListItem\",\"position\":1,\"name\":\"Startseite\",\"item\":\"https:\/\/www.poesiegalerie.at\/wordpress\/\"},{\"@type\":\"ListItem\",\"position\":2,\"name\":\"in den Zeitfenstern\"}]},{\"@type\":\"WebSite\",\"@id\":\"https:\/\/www.poesiegalerie.at\/wordpress\/#website\",\"url\":\"https:\/\/www.poesiegalerie.at\/wordpress\/\",\"name\":\"Poesiegalerie\",\"description\":\"\",\"publisher\":{\"@id\":\"https:\/\/www.poesiegalerie.at\/wordpress\/#organization\"},\"potentialAction\":[{\"@type\":\"SearchAction\",\"target\":{\"@type\":\"EntryPoint\",\"urlTemplate\":\"https:\/\/www.poesiegalerie.at\/wordpress\/?s={search_term_string}\"},\"query-input\":\"required name=search_term_string\"}],\"inLanguage\":\"de-DE\"},{\"@type\":\"Organization\",\"@id\":\"https:\/\/www.poesiegalerie.at\/wordpress\/#organization\",\"name\":\"Poesiegalerie\",\"url\":\"https:\/\/www.poesiegalerie.at\/wordpress\/\",\"logo\":{\"@type\":\"ImageObject\",\"inLanguage\":\"de-DE\",\"@id\":\"https:\/\/www.poesiegalerie.at\/wordpress\/#\/schema\/logo\/image\/\",\"url\":\"https:\/\/www.poesiegalerie.at\/wordpress\/wp-content\/uploads\/2021\/01\/Logoquadrat-PG-1.png\",\"contentUrl\":\"https:\/\/www.poesiegalerie.at\/wordpress\/wp-content\/uploads\/2021\/01\/Logoquadrat-PG-1.png\",\"width\":512,\"height\":512,\"caption\":\"Poesiegalerie\"},\"image\":{\"@id\":\"https:\/\/www.poesiegalerie.at\/wordpress\/#\/schema\/logo\/image\/\"},\"sameAs\":[\"https:\/\/facebook.com\/poesiegalerie\",\"https:\/\/twitter.com\/poesiegalerie\",\"https:\/\/instagram.com\/poesiegalerie\",\"https:\/\/youtube.com\/channel\/UChHTsNTzMPzZpU8TfKP3dNQ\"]},{\"@type\":\"Person\",\"@id\":\"https:\/\/www.poesiegalerie.at\/wordpress\/#\/schema\/person\/0a2f6c66a849463b4e476ca460b8e372\",\"name\":\"G\u00fcnter Vallaster\",\"image\":{\"@type\":\"ImageObject\",\"inLanguage\":\"de-DE\",\"@id\":\"https:\/\/www.poesiegalerie.at\/wordpress\/#\/schema\/person\/image\/\",\"url\":\"https:\/\/secure.gravatar.com\/avatar\/99fed093812e772cf9d822311080d4ec?s=96&d=mm&r=g\",\"contentUrl\":\"https:\/\/secure.gravatar.com\/avatar\/99fed093812e772cf9d822311080d4ec?s=96&d=mm&r=g\",\"caption\":\"G\u00fcnter Vallaster\"},\"url\":\"https:\/\/www.poesiegalerie.at\/wordpress\/author\/guenter-vallaster\/\"}]}<\/script>\n<!-- \/ Yoast SEO plugin. -->","yoast_head_json":{"title":"in den Zeitfenstern - Poesiegalerie","description":"Gedicht von heute: Isabella Breier \u201ein den Zeitfenstern\u201c","robots":{"index":"index","follow":"follow","max-snippet":"max-snippet:-1","max-image-preview":"max-image-preview:large","max-video-preview":"max-video-preview:-1"},"canonical":"https:\/\/www.poesiegalerie.at\/wordpress\/2025\/07\/10\/in-den-zeitfenstern\/","og_locale":"de_DE","og_type":"article","og_title":"in den Zeitfenstern - Poesiegalerie","og_description":"Gedicht von heute: Isabella Breier \u201ein den Zeitfenstern\u201c","og_url":"https:\/\/www.poesiegalerie.at\/wordpress\/2025\/07\/10\/in-den-zeitfenstern\/","og_site_name":"Poesiegalerie","article_publisher":"https:\/\/facebook.com\/poesiegalerie","article_published_time":"2025-07-10T06:00:00+00:00","article_modified_time":"2025-07-29T09:59:17+00:00","og_image":[{"width":679,"height":1024,"url":"https:\/\/www.poesiegalerie.at\/wordpress\/wp-content\/uploads\/2024\/01\/Breier-Isabella-@-Autorin-2--679x1024.jpg","type":"image\/jpeg"}],"author":"G\u00fcnter Vallaster","twitter_card":"summary_large_image","twitter_creator":"@poesiegalerie","twitter_site":"@poesiegalerie","twitter_misc":{"Verfasst von":"G\u00fcnter Vallaster","Gesch\u00e4tzte Lesezeit":"2 Minuten"},"schema":{"@context":"https:\/\/schema.org","@graph":[{"@type":"Article","@id":"https:\/\/www.poesiegalerie.at\/wordpress\/2025\/07\/10\/in-den-zeitfenstern\/#article","isPartOf":{"@id":"https:\/\/www.poesiegalerie.at\/wordpress\/2025\/07\/10\/in-den-zeitfenstern\/"},"author":{"name":"G\u00fcnter Vallaster","@id":"https:\/\/www.poesiegalerie.at\/wordpress\/#\/schema\/person\/0a2f6c66a849463b4e476ca460b8e372"},"headline":"in den Zeitfenstern","datePublished":"2025-07-10T06:00:00+00:00","dateModified":"2025-07-29T09:59:17+00:00","mainEntityOfPage":{"@id":"https:\/\/www.poesiegalerie.at\/wordpress\/2025\/07\/10\/in-den-zeitfenstern\/"},"wordCount":53,"publisher":{"@id":"https:\/\/www.poesiegalerie.at\/wordpress\/#organization"},"keywords":["Isabella Breier"],"articleSection":["AUSGESTELLT","Gedicht von heute","Transmediale Poesiegalerie"],"inLanguage":"de-DE"},{"@type":"WebPage","@id":"https:\/\/www.poesiegalerie.at\/wordpress\/2025\/07\/10\/in-den-zeitfenstern\/","url":"https:\/\/www.poesiegalerie.at\/wordpress\/2025\/07\/10\/in-den-zeitfenstern\/","name":"in den Zeitfenstern - Poesiegalerie","isPartOf":{"@id":"https:\/\/www.poesiegalerie.at\/wordpress\/#website"},"datePublished":"2025-07-10T06:00:00+00:00","dateModified":"2025-07-29T09:59:17+00:00","description":"Gedicht von heute: Isabella Breier \u201ein den Zeitfenstern\u201c","breadcrumb":{"@id":"https:\/\/www.poesiegalerie.at\/wordpress\/2025\/07\/10\/in-den-zeitfenstern\/#breadcrumb"},"inLanguage":"de-DE","potentialAction":[{"@type":"ReadAction","target":["https:\/\/www.poesiegalerie.at\/wordpress\/2025\/07\/10\/in-den-zeitfenstern\/"]}]},{"@type":"BreadcrumbList","@id":"https:\/\/www.poesiegalerie.at\/wordpress\/2025\/07\/10\/in-den-zeitfenstern\/#breadcrumb","itemListElement":[{"@type":"ListItem","position":1,"name":"Startseite","item":"https:\/\/www.poesiegalerie.at\/wordpress\/"},{"@type":"ListItem","position":2,"name":"in den Zeitfenstern"}]},{"@type":"WebSite","@id":"https:\/\/www.poesiegalerie.at\/wordpress\/#website","url":"https:\/\/www.poesiegalerie.at\/wordpress\/","name":"Poesiegalerie","description":"","publisher":{"@id":"https:\/\/www.poesiegalerie.at\/wordpress\/#organization"},"potentialAction":[{"@type":"SearchAction","target":{"@type":"EntryPoint","urlTemplate":"https:\/\/www.poesiegalerie.at\/wordpress\/?s={search_term_string}"},"query-input":"required name=search_term_string"}],"inLanguage":"de-DE"},{"@type":"Organization","@id":"https:\/\/www.poesiegalerie.at\/wordpress\/#organization","name":"Poesiegalerie","url":"https:\/\/www.poesiegalerie.at\/wordpress\/","logo":{"@type":"ImageObject","inLanguage":"de-DE","@id":"https:\/\/www.poesiegalerie.at\/wordpress\/#\/schema\/logo\/image\/","url":"https:\/\/www.poesiegalerie.at\/wordpress\/wp-content\/uploads\/2021\/01\/Logoquadrat-PG-1.png","contentUrl":"https:\/\/www.poesiegalerie.at\/wordpress\/wp-content\/uploads\/2021\/01\/Logoquadrat-PG-1.png","width":512,"height":512,"caption":"Poesiegalerie"},"image":{"@id":"https:\/\/www.poesiegalerie.at\/wordpress\/#\/schema\/logo\/image\/"},"sameAs":["https:\/\/facebook.com\/poesiegalerie","https:\/\/twitter.com\/poesiegalerie","https:\/\/instagram.com\/poesiegalerie","https:\/\/youtube.com\/channel\/UChHTsNTzMPzZpU8TfKP3dNQ"]},{"@type":"Person","@id":"https:\/\/www.poesiegalerie.at\/wordpress\/#\/schema\/person\/0a2f6c66a849463b4e476ca460b8e372","name":"G\u00fcnter Vallaster","image":{"@type":"ImageObject","inLanguage":"de-DE","@id":"https:\/\/www.poesiegalerie.at\/wordpress\/#\/schema\/person\/image\/","url":"https:\/\/secure.gravatar.com\/avatar\/99fed093812e772cf9d822311080d4ec?s=96&d=mm&r=g","contentUrl":"https:\/\/secure.gravatar.com\/avatar\/99fed093812e772cf9d822311080d4ec?s=96&d=mm&r=g","caption":"G\u00fcnter Vallaster"},"url":"https:\/\/www.poesiegalerie.at\/wordpress\/author\/guenter-vallaster\/"}]}},"_links":{"self":[{"href":"https:\/\/www.poesiegalerie.at\/wordpress\/wp-json\/wp\/v2\/posts\/19451"}],"collection":[{"href":"https:\/\/www.poesiegalerie.at\/wordpress\/wp-json\/wp\/v2\/posts"}],"about":[{"href":"https:\/\/www.poesiegalerie.at\/wordpress\/wp-json\/wp\/v2\/types\/post"}],"author":[{"embeddable":true,"href":"https:\/\/www.poesiegalerie.at\/wordpress\/wp-json\/wp\/v2\/users\/7"}],"replies":[{"embeddable":true,"href":"https:\/\/www.poesiegalerie.at\/wordpress\/wp-json\/wp\/v2\/comments?post=19451"}],"version-history":[{"count":4,"href":"https:\/\/www.poesiegalerie.at\/wordpress\/wp-json\/wp\/v2\/posts\/19451\/revisions"}],"predecessor-version":[{"id":19456,"href":"https:\/\/www.poesiegalerie.at\/wordpress\/wp-json\/wp\/v2\/posts\/19451\/revisions\/19456"}],"wp:featuredmedia":[{"embeddable":true,"href":"https:\/\/www.poesiegalerie.at\/wordpress\/wp-json\/wp\/v2\/media\/17253"}],"wp:attachment":[{"href":"https:\/\/www.poesiegalerie.at\/wordpress\/wp-json\/wp\/v2\/media?parent=19451"}],"wp:term":[{"taxonomy":"category","embeddable":true,"href":"https:\/\/www.poesiegalerie.at\/wordpress\/wp-json\/wp\/v2\/categories?post=19451"},{"taxonomy":"post_tag","embeddable":true,"href":"https:\/\/www.poesiegalerie.at\/wordpress\/wp-json\/wp\/v2\/tags?post=19451"},{"taxonomy":"thb-sponsors","embeddable":true,"href":"https:\/\/www.poesiegalerie.at\/wordpress\/wp-json\/wp\/v2\/thb-sponsors?post=19451"}],"curies":[{"name":"wp","href":"https:\/\/api.w.org\/{rel}","templated":true}]}}