{"id":20797,"date":"2025-04-10T08:00:00","date_gmt":"2025-04-10T06:00:00","guid":{"rendered":"https:\/\/www.poesiegalerie.at\/wordpress\/?p=20797"},"modified":"2025-07-29T12:02:13","modified_gmt":"2025-07-29T10:02:13","slug":"nix-fuer-ungut","status":"publish","type":"post","link":"https:\/\/www.poesiegalerie.at\/wordpress\/2025\/04\/10\/nix-fuer-ungut\/","title":{"rendered":"Nix f\u00fcr ungut"},"content":{"rendered":"\n<h3 class=\"wp-block-heading\"><a href=\"https:\/\/www.poesiegalerie.at\/wordpress\/autor%e2%80%91innen-alte-seite\/breier-isabella\/\">Isabella Breier<\/a><\/h3>\n\n\n\n<div style=\"height:25px\" aria-hidden=\"true\" class=\"wp-block-spacer\"><\/div>\n\n\n\n<figure class=\"wp-block-audio\"><audio controls src=\"https:\/\/www.poesiegalerie.at\/wordpress\/wp-content\/uploads\/2025\/02\/nix-fuer-ungut-Herr-\u039d\u03af\u03ba\u03bf\u03c2-und-was-Ingeborg-hearst-was-soll-nun-werden.mp3\"><\/audio><\/figure>\n\n\n\n<div style=\"height:25px\" aria-hidden=\"true\" class=\"wp-block-spacer\"><\/div>\n\n\n\n<pre class=\"wp-block-verse has-text-align-center\"><strong>Nix f\u00fcr ungut, Herr \u039d\u03af\u03ba\u03bf\u03c2,\nund was, Ingeborg, hearst,\nwas soll nun werden,\nim Ernst, sozusagen\njenseits der Zeilen?<\/strong>\n\nAuf meine Wolke spring ich,\npappsatt und genervt\nvon den Niedrigkeiten der Welt,\nzwar mit \u039a\u03b1\u03b6\u03b1\u03bd\u03c4\u03b6\u03ac\u03ba\u03b7\u03c2\nund \u039a\u03bf\u03c4\u03cc\u03c3\u03bf\u03c5\u03c0\u03b1\nin der Kunststoffbox,\naber dort fasse ich mich,\nfaste lieber\nund lese viel Gramsci\noder mal wieder\nmeinen Bourdieu.\n\nI\n\nDas Licht, das trifft\nauf eine wirklich finstre Stunde.\n\nII\n\nIch sch\u00e4tze seine Helligkeit,\nund wenn ich k\u00f6nnt,\nw\u00fcrd ich sie messen,\nakkurat,\nanschlie\u00dfend kl\u00e4ren,\nwas ich noch angemessen find,\nund was warum wohl\naus der Form gelaufen ist.\n\nIII\n\nAuch fang ich einen Aufsatz an, zur Frage,\nwieso die \u00c4pfel und Birnen\nund N\u00fcsse und Zwetschken,\ndie mir auf den Kopf fallen,\nbeim Sprint durch die Felder,\nmeinen Sinn f\u00fcr Sinn\nnicht richtig n\u00e4hren,\nwenn ich sie\n\u2013 den g\u00e4ngigen Regeln gem\u00e4\u00df \u2013\nverschlinge, verdaue.\n\nIV\n\nSogar vor den raffiniertesten Metaphern\ngraust mir schon,\nwenn ich derart \u00fcberfressen bin.\n\nV\n\nWie soll ich den Prolog starten?\nVielleicht:\n\n\u201eAlso manchmal,\nimmer \u00f6fter,\nhab ich sie satt,\ndie \u2026\nwie\nwie\nwie \u2026\nWirklichkeit (\u2026)\u201c\n\nOder:\n\n\u201e(\u2026) die sich \u00e4hnelnden\nAppetith\u00e4ppchen\ndes \u2026\nallerlei \u2026\nAlltags (\u2026)\u201c\n\nNein!\n\n\u201e(\u2026) die stetigen\nStoffwechselprozesse,\nderen Dynamiken\nman doch l\u00e4ngst\nverstanden hat,\nzumindest theoretisch,\noder etwa nicht?\u201c\n\nVI\n\nUnd was kann, will ich hoffen?\nUnd was soll, muss ich glauben?\n\nUnd f\u00fcr heut\nsteht da noch\nein \u00fcppiges Gericht\nauf meinem Bild von Weg \u2013\neins, dessen Geschmack\nich \u00fcberhaupt nicht mag.\n\nVII\n\nDa bleib ich jetzt lieber\nern\u00fcchtert liegen,\ndenn \u2026\n\nWenn schon\nn\u00fcchterne Nabelschau,\ndann:\nin der Wiese.\n\nOder auf\nals Wolken\nzur Kenntnis\ngenommenen\nWolken,\nmit nacktem Bauch,\nmit Buch, Block und Stift\nund dem Wissen, dass\nder angeblich ureigene Kopf,\nder ach h\u00f6chst pers\u00f6nliche Leib\nund all diese Fr\u00fcchte\nin dieser Welt gewachsen sind,\nin ihr verfaulen,\nverwesen.<\/pre>\n\n\n\n<pre class=\"wp-block-verse has-text-align-right\">(Nix f\u00fcr ungut,\nHerr \u039d\u03af\u03ba\u03bf\u03c2,\naber\nich hoffe dauernd,\nund ich f\u00fcrcht mich vor vielem,\nund \u201efrei\u201c ist\nein Begriff,\nden wir definieren sollten,\nwenigstens ein wenig,\nbevor wir ihn verwenden.)<\/pre>\n\n\n\n<div style=\"height:25px\" aria-hidden=\"true\" class=\"wp-block-spacer\"><\/div>\n\n\n\n<p><\/p>\n\n\n\n<div class=\"wp-block-media-text alignwide is-stacked-on-mobile\" style=\"grid-template-columns:28% auto\"><figure class=\"wp-block-media-text__media\"><img decoding=\"async\" loading=\"lazy\" width=\"633\" height=\"884\" src=\"data:image\/gif;base64,R0lGODlhAQABAAAAACH5BAEKAAEALAAAAAABAAEAAAICTAEAOw==\" data-src=\"https:\/\/www.poesiegalerie.at\/wordpress\/wp-content\/uploads\/2022\/02\/Cover-Breier-Mir-kommt-die-Hand-der-Stunde-auf-meiner-Brust-so-gelegen.jpg\" alt=\"\" class=\"wp-image-9678 size-full lazyload\" data-sizes=\"auto\" data-srcset=\"https:\/\/www.poesiegalerie.at\/wordpress\/wp-content\/uploads\/2022\/02\/Cover-Breier-Mir-kommt-die-Hand-der-Stunde-auf-meiner-Brust-so-gelegen.jpg 633w, https:\/\/www.poesiegalerie.at\/wordpress\/wp-content\/uploads\/2022\/02\/Cover-Breier-Mir-kommt-die-Hand-der-Stunde-auf-meiner-Brust-so-gelegen-215x300.jpg 215w, https:\/\/www.poesiegalerie.at\/wordpress\/wp-content\/uploads\/2022\/02\/Cover-Breier-Mir-kommt-die-Hand-der-Stunde-auf-meiner-Brust-so-gelegen-107x150.jpg 107w, https:\/\/www.poesiegalerie.at\/wordpress\/wp-content\/uploads\/2022\/02\/Cover-Breier-Mir-kommt-die-Hand-der-Stunde-auf-meiner-Brust-so-gelegen-370x517.jpg 370w, https:\/\/www.poesiegalerie.at\/wordpress\/wp-content\/uploads\/2022\/02\/Cover-Breier-Mir-kommt-die-Hand-der-Stunde-auf-meiner-Brust-so-gelegen-185x258.jpg 185w, https:\/\/www.poesiegalerie.at\/wordpress\/wp-content\/uploads\/2022\/02\/Cover-Breier-Mir-kommt-die-Hand-der-Stunde-auf-meiner-Brust-so-gelegen-20x28.jpg 20w, https:\/\/www.poesiegalerie.at\/wordpress\/wp-content\/uploads\/2022\/02\/Cover-Breier-Mir-kommt-die-Hand-der-Stunde-auf-meiner-Brust-so-gelegen-400x559.jpg 400w, https:\/\/www.poesiegalerie.at\/wordpress\/wp-content\/uploads\/2022\/02\/Cover-Breier-Mir-kommt-die-Hand-der-Stunde-auf-meiner-Brust-so-gelegen-34x48.jpg 34w\" sizes=\"(max-width: 633px) 100vw, 633px\" \/><\/figure><div class=\"wp-block-media-text__content\">\n<p class=\"has-medium-font-size\">Zuletzt erschien von&nbsp;<a href=\"https:\/\/www.poesiegalerie.at\/wordpress\/autor%e2%80%91innen-alte-seite\/breier-isabella\/\" target=\"_blank\" rel=\"noreferrer noopener\">Isabella Breier<\/a>:&nbsp;<em><a href=\"https:\/\/www.fabriktransit.net\/buecher\/151-mir-kommt-die-hand-der-stunde.html\" target=\"_blank\" rel=\"noreferrer noopener\">mir kommt die Hand der Stunde auf meiner Brust so ungelegen, dass ich im Lauf der Dinge beinah mein Herz verwechsle<\/a><\/em>. Lyrikband in zw\u00f6lf Kapiteln. Mit Illustrationen von Hannah Medea Breier. Edition fabrik.transit, Wien 2019. 328 Seiten. Euro 17,-<\/p>\n<\/div><\/div>\n","protected":false},"excerpt":{"rendered":"<p>Gedicht von heute:<br \/>\nIsabella Breier<br \/>\n\u201eNix f\u00fcr ungut, Herr \u039d\u03af\u03ba\u03bf\u03c2, und was, Ingeborg, hearst, was soll nun werden, im Ernst, sozusagen jenseits der Zeilen?\u201c<\/p>\n","protected":false},"author":7,"featured_media":17253,"comment_status":"closed","ping_status":"closed","sticky":false,"template":"","format":"standard","meta":[],"categories":[105,280,154],"tags":[169],"thb-sponsors":[],"yoast_head":"<!-- This site is optimized with the Yoast SEO plugin v20.6 - https:\/\/yoast.com\/wordpress\/plugins\/seo\/ -->\n<title>Nix f\u00fcr ungut - Poesiegalerie<\/title>\n<meta name=\"description\" content=\"Gedicht von heute: Isabella Breier \u201eNix f\u00fcr ungut, Herr \u039d\u03af\u03ba\u03bf\u03c2, und was, Ingeborg, hearst, was soll nun werden, im Ernst, sozusagen jenseits der Zeilen?\u201c\" \/>\n<meta name=\"robots\" content=\"index, follow, max-snippet:-1, max-image-preview:large, max-video-preview:-1\" \/>\n<link rel=\"canonical\" href=\"https:\/\/www.poesiegalerie.at\/wordpress\/2025\/04\/10\/nix-fuer-ungut\/\" \/>\n<meta property=\"og:locale\" content=\"de_DE\" \/>\n<meta property=\"og:type\" content=\"article\" \/>\n<meta property=\"og:title\" content=\"Nix f\u00fcr ungut - Poesiegalerie\" \/>\n<meta property=\"og:description\" content=\"Gedicht von heute: Isabella Breier \u201eNix f\u00fcr ungut, Herr \u039d\u03af\u03ba\u03bf\u03c2, und was, Ingeborg, hearst, was soll nun werden, im Ernst, sozusagen jenseits der Zeilen?\u201c\" \/>\n<meta property=\"og:url\" content=\"https:\/\/www.poesiegalerie.at\/wordpress\/2025\/04\/10\/nix-fuer-ungut\/\" \/>\n<meta property=\"og:site_name\" content=\"Poesiegalerie\" \/>\n<meta property=\"article:publisher\" content=\"https:\/\/facebook.com\/poesiegalerie\" \/>\n<meta property=\"article:published_time\" content=\"2025-04-10T06:00:00+00:00\" \/>\n<meta property=\"article:modified_time\" content=\"2025-07-29T10:02:13+00:00\" \/>\n<meta property=\"og:image\" content=\"https:\/\/www.poesiegalerie.at\/wordpress\/wp-content\/uploads\/2024\/01\/Breier-Isabella-@-Autorin-2--679x1024.jpg\" \/>\n\t<meta property=\"og:image:width\" content=\"679\" \/>\n\t<meta property=\"og:image:height\" content=\"1024\" \/>\n\t<meta property=\"og:image:type\" content=\"image\/jpeg\" \/>\n<meta name=\"author\" content=\"G\u00fcnter Vallaster\" \/>\n<meta name=\"twitter:card\" content=\"summary_large_image\" \/>\n<meta name=\"twitter:creator\" content=\"@poesiegalerie\" \/>\n<meta name=\"twitter:site\" content=\"@poesiegalerie\" \/>\n<meta name=\"twitter:label1\" content=\"Verfasst von\" \/>\n\t<meta name=\"twitter:data1\" content=\"G\u00fcnter Vallaster\" \/>\n\t<meta name=\"twitter:label2\" content=\"Gesch\u00e4tzte Lesezeit\" \/>\n\t<meta name=\"twitter:data2\" content=\"3 Minuten\" \/>\n<script type=\"application\/ld+json\" class=\"yoast-schema-graph\">{\"@context\":\"https:\/\/schema.org\",\"@graph\":[{\"@type\":\"Article\",\"@id\":\"https:\/\/www.poesiegalerie.at\/wordpress\/2025\/04\/10\/nix-fuer-ungut\/#article\",\"isPartOf\":{\"@id\":\"https:\/\/www.poesiegalerie.at\/wordpress\/2025\/04\/10\/nix-fuer-ungut\/\"},\"author\":{\"name\":\"G\u00fcnter Vallaster\",\"@id\":\"https:\/\/www.poesiegalerie.at\/wordpress\/#\/schema\/person\/0a2f6c66a849463b4e476ca460b8e372\"},\"headline\":\"Nix f\u00fcr ungut\",\"datePublished\":\"2025-04-10T06:00:00+00:00\",\"dateModified\":\"2025-07-29T10:02:13+00:00\",\"mainEntityOfPage\":{\"@id\":\"https:\/\/www.poesiegalerie.at\/wordpress\/2025\/04\/10\/nix-fuer-ungut\/\"},\"wordCount\":51,\"publisher\":{\"@id\":\"https:\/\/www.poesiegalerie.at\/wordpress\/#organization\"},\"keywords\":[\"Isabella Breier\"],\"articleSection\":[\"AUSGESTELLT\",\"Gedicht von heute\",\"Transmediale Poesiegalerie\"],\"inLanguage\":\"de-DE\"},{\"@type\":\"WebPage\",\"@id\":\"https:\/\/www.poesiegalerie.at\/wordpress\/2025\/04\/10\/nix-fuer-ungut\/\",\"url\":\"https:\/\/www.poesiegalerie.at\/wordpress\/2025\/04\/10\/nix-fuer-ungut\/\",\"name\":\"Nix f\u00fcr ungut - Poesiegalerie\",\"isPartOf\":{\"@id\":\"https:\/\/www.poesiegalerie.at\/wordpress\/#website\"},\"datePublished\":\"2025-04-10T06:00:00+00:00\",\"dateModified\":\"2025-07-29T10:02:13+00:00\",\"description\":\"Gedicht von heute: Isabella Breier \u201eNix f\u00fcr ungut, Herr \u039d\u03af\u03ba\u03bf\u03c2, und was, Ingeborg, hearst, was soll nun werden, im Ernst, sozusagen jenseits der Zeilen?\u201c\",\"breadcrumb\":{\"@id\":\"https:\/\/www.poesiegalerie.at\/wordpress\/2025\/04\/10\/nix-fuer-ungut\/#breadcrumb\"},\"inLanguage\":\"de-DE\",\"potentialAction\":[{\"@type\":\"ReadAction\",\"target\":[\"https:\/\/www.poesiegalerie.at\/wordpress\/2025\/04\/10\/nix-fuer-ungut\/\"]}]},{\"@type\":\"BreadcrumbList\",\"@id\":\"https:\/\/www.poesiegalerie.at\/wordpress\/2025\/04\/10\/nix-fuer-ungut\/#breadcrumb\",\"itemListElement\":[{\"@type\":\"ListItem\",\"position\":1,\"name\":\"Startseite\",\"item\":\"https:\/\/www.poesiegalerie.at\/wordpress\/\"},{\"@type\":\"ListItem\",\"position\":2,\"name\":\"Nix f\u00fcr ungut\"}]},{\"@type\":\"WebSite\",\"@id\":\"https:\/\/www.poesiegalerie.at\/wordpress\/#website\",\"url\":\"https:\/\/www.poesiegalerie.at\/wordpress\/\",\"name\":\"Poesiegalerie\",\"description\":\"\",\"publisher\":{\"@id\":\"https:\/\/www.poesiegalerie.at\/wordpress\/#organization\"},\"potentialAction\":[{\"@type\":\"SearchAction\",\"target\":{\"@type\":\"EntryPoint\",\"urlTemplate\":\"https:\/\/www.poesiegalerie.at\/wordpress\/?s={search_term_string}\"},\"query-input\":\"required name=search_term_string\"}],\"inLanguage\":\"de-DE\"},{\"@type\":\"Organization\",\"@id\":\"https:\/\/www.poesiegalerie.at\/wordpress\/#organization\",\"name\":\"Poesiegalerie\",\"url\":\"https:\/\/www.poesiegalerie.at\/wordpress\/\",\"logo\":{\"@type\":\"ImageObject\",\"inLanguage\":\"de-DE\",\"@id\":\"https:\/\/www.poesiegalerie.at\/wordpress\/#\/schema\/logo\/image\/\",\"url\":\"https:\/\/www.poesiegalerie.at\/wordpress\/wp-content\/uploads\/2021\/01\/Logoquadrat-PG-1.png\",\"contentUrl\":\"https:\/\/www.poesiegalerie.at\/wordpress\/wp-content\/uploads\/2021\/01\/Logoquadrat-PG-1.png\",\"width\":512,\"height\":512,\"caption\":\"Poesiegalerie\"},\"image\":{\"@id\":\"https:\/\/www.poesiegalerie.at\/wordpress\/#\/schema\/logo\/image\/\"},\"sameAs\":[\"https:\/\/facebook.com\/poesiegalerie\",\"https:\/\/twitter.com\/poesiegalerie\",\"https:\/\/instagram.com\/poesiegalerie\",\"https:\/\/youtube.com\/channel\/UChHTsNTzMPzZpU8TfKP3dNQ\"]},{\"@type\":\"Person\",\"@id\":\"https:\/\/www.poesiegalerie.at\/wordpress\/#\/schema\/person\/0a2f6c66a849463b4e476ca460b8e372\",\"name\":\"G\u00fcnter Vallaster\",\"image\":{\"@type\":\"ImageObject\",\"inLanguage\":\"de-DE\",\"@id\":\"https:\/\/www.poesiegalerie.at\/wordpress\/#\/schema\/person\/image\/\",\"url\":\"https:\/\/secure.gravatar.com\/avatar\/99fed093812e772cf9d822311080d4ec?s=96&d=mm&r=g\",\"contentUrl\":\"https:\/\/secure.gravatar.com\/avatar\/99fed093812e772cf9d822311080d4ec?s=96&d=mm&r=g\",\"caption\":\"G\u00fcnter Vallaster\"},\"url\":\"https:\/\/www.poesiegalerie.at\/wordpress\/author\/guenter-vallaster\/\"}]}<\/script>\n<!-- \/ Yoast SEO plugin. -->","yoast_head_json":{"title":"Nix f\u00fcr ungut - Poesiegalerie","description":"Gedicht von heute: Isabella Breier \u201eNix f\u00fcr ungut, Herr \u039d\u03af\u03ba\u03bf\u03c2, und was, Ingeborg, hearst, was soll nun werden, im Ernst, sozusagen jenseits der Zeilen?\u201c","robots":{"index":"index","follow":"follow","max-snippet":"max-snippet:-1","max-image-preview":"max-image-preview:large","max-video-preview":"max-video-preview:-1"},"canonical":"https:\/\/www.poesiegalerie.at\/wordpress\/2025\/04\/10\/nix-fuer-ungut\/","og_locale":"de_DE","og_type":"article","og_title":"Nix f\u00fcr ungut - Poesiegalerie","og_description":"Gedicht von heute: Isabella Breier \u201eNix f\u00fcr ungut, Herr \u039d\u03af\u03ba\u03bf\u03c2, und was, Ingeborg, hearst, was soll nun werden, im Ernst, sozusagen jenseits der Zeilen?\u201c","og_url":"https:\/\/www.poesiegalerie.at\/wordpress\/2025\/04\/10\/nix-fuer-ungut\/","og_site_name":"Poesiegalerie","article_publisher":"https:\/\/facebook.com\/poesiegalerie","article_published_time":"2025-04-10T06:00:00+00:00","article_modified_time":"2025-07-29T10:02:13+00:00","og_image":[{"width":679,"height":1024,"url":"https:\/\/www.poesiegalerie.at\/wordpress\/wp-content\/uploads\/2024\/01\/Breier-Isabella-@-Autorin-2--679x1024.jpg","type":"image\/jpeg"}],"author":"G\u00fcnter Vallaster","twitter_card":"summary_large_image","twitter_creator":"@poesiegalerie","twitter_site":"@poesiegalerie","twitter_misc":{"Verfasst von":"G\u00fcnter Vallaster","Gesch\u00e4tzte Lesezeit":"3 Minuten"},"schema":{"@context":"https:\/\/schema.org","@graph":[{"@type":"Article","@id":"https:\/\/www.poesiegalerie.at\/wordpress\/2025\/04\/10\/nix-fuer-ungut\/#article","isPartOf":{"@id":"https:\/\/www.poesiegalerie.at\/wordpress\/2025\/04\/10\/nix-fuer-ungut\/"},"author":{"name":"G\u00fcnter Vallaster","@id":"https:\/\/www.poesiegalerie.at\/wordpress\/#\/schema\/person\/0a2f6c66a849463b4e476ca460b8e372"},"headline":"Nix f\u00fcr ungut","datePublished":"2025-04-10T06:00:00+00:00","dateModified":"2025-07-29T10:02:13+00:00","mainEntityOfPage":{"@id":"https:\/\/www.poesiegalerie.at\/wordpress\/2025\/04\/10\/nix-fuer-ungut\/"},"wordCount":51,"publisher":{"@id":"https:\/\/www.poesiegalerie.at\/wordpress\/#organization"},"keywords":["Isabella Breier"],"articleSection":["AUSGESTELLT","Gedicht von heute","Transmediale Poesiegalerie"],"inLanguage":"de-DE"},{"@type":"WebPage","@id":"https:\/\/www.poesiegalerie.at\/wordpress\/2025\/04\/10\/nix-fuer-ungut\/","url":"https:\/\/www.poesiegalerie.at\/wordpress\/2025\/04\/10\/nix-fuer-ungut\/","name":"Nix f\u00fcr ungut - Poesiegalerie","isPartOf":{"@id":"https:\/\/www.poesiegalerie.at\/wordpress\/#website"},"datePublished":"2025-04-10T06:00:00+00:00","dateModified":"2025-07-29T10:02:13+00:00","description":"Gedicht von heute: Isabella Breier \u201eNix f\u00fcr ungut, Herr \u039d\u03af\u03ba\u03bf\u03c2, und was, Ingeborg, hearst, was soll nun werden, im Ernst, sozusagen jenseits der Zeilen?\u201c","breadcrumb":{"@id":"https:\/\/www.poesiegalerie.at\/wordpress\/2025\/04\/10\/nix-fuer-ungut\/#breadcrumb"},"inLanguage":"de-DE","potentialAction":[{"@type":"ReadAction","target":["https:\/\/www.poesiegalerie.at\/wordpress\/2025\/04\/10\/nix-fuer-ungut\/"]}]},{"@type":"BreadcrumbList","@id":"https:\/\/www.poesiegalerie.at\/wordpress\/2025\/04\/10\/nix-fuer-ungut\/#breadcrumb","itemListElement":[{"@type":"ListItem","position":1,"name":"Startseite","item":"https:\/\/www.poesiegalerie.at\/wordpress\/"},{"@type":"ListItem","position":2,"name":"Nix f\u00fcr ungut"}]},{"@type":"WebSite","@id":"https:\/\/www.poesiegalerie.at\/wordpress\/#website","url":"https:\/\/www.poesiegalerie.at\/wordpress\/","name":"Poesiegalerie","description":"","publisher":{"@id":"https:\/\/www.poesiegalerie.at\/wordpress\/#organization"},"potentialAction":[{"@type":"SearchAction","target":{"@type":"EntryPoint","urlTemplate":"https:\/\/www.poesiegalerie.at\/wordpress\/?s={search_term_string}"},"query-input":"required name=search_term_string"}],"inLanguage":"de-DE"},{"@type":"Organization","@id":"https:\/\/www.poesiegalerie.at\/wordpress\/#organization","name":"Poesiegalerie","url":"https:\/\/www.poesiegalerie.at\/wordpress\/","logo":{"@type":"ImageObject","inLanguage":"de-DE","@id":"https:\/\/www.poesiegalerie.at\/wordpress\/#\/schema\/logo\/image\/","url":"https:\/\/www.poesiegalerie.at\/wordpress\/wp-content\/uploads\/2021\/01\/Logoquadrat-PG-1.png","contentUrl":"https:\/\/www.poesiegalerie.at\/wordpress\/wp-content\/uploads\/2021\/01\/Logoquadrat-PG-1.png","width":512,"height":512,"caption":"Poesiegalerie"},"image":{"@id":"https:\/\/www.poesiegalerie.at\/wordpress\/#\/schema\/logo\/image\/"},"sameAs":["https:\/\/facebook.com\/poesiegalerie","https:\/\/twitter.com\/poesiegalerie","https:\/\/instagram.com\/poesiegalerie","https:\/\/youtube.com\/channel\/UChHTsNTzMPzZpU8TfKP3dNQ"]},{"@type":"Person","@id":"https:\/\/www.poesiegalerie.at\/wordpress\/#\/schema\/person\/0a2f6c66a849463b4e476ca460b8e372","name":"G\u00fcnter Vallaster","image":{"@type":"ImageObject","inLanguage":"de-DE","@id":"https:\/\/www.poesiegalerie.at\/wordpress\/#\/schema\/person\/image\/","url":"https:\/\/secure.gravatar.com\/avatar\/99fed093812e772cf9d822311080d4ec?s=96&d=mm&r=g","contentUrl":"https:\/\/secure.gravatar.com\/avatar\/99fed093812e772cf9d822311080d4ec?s=96&d=mm&r=g","caption":"G\u00fcnter Vallaster"},"url":"https:\/\/www.poesiegalerie.at\/wordpress\/author\/guenter-vallaster\/"}]}},"_links":{"self":[{"href":"https:\/\/www.poesiegalerie.at\/wordpress\/wp-json\/wp\/v2\/posts\/20797"}],"collection":[{"href":"https:\/\/www.poesiegalerie.at\/wordpress\/wp-json\/wp\/v2\/posts"}],"about":[{"href":"https:\/\/www.poesiegalerie.at\/wordpress\/wp-json\/wp\/v2\/types\/post"}],"author":[{"embeddable":true,"href":"https:\/\/www.poesiegalerie.at\/wordpress\/wp-json\/wp\/v2\/users\/7"}],"replies":[{"embeddable":true,"href":"https:\/\/www.poesiegalerie.at\/wordpress\/wp-json\/wp\/v2\/comments?post=20797"}],"version-history":[{"count":8,"href":"https:\/\/www.poesiegalerie.at\/wordpress\/wp-json\/wp\/v2\/posts\/20797\/revisions"}],"predecessor-version":[{"id":22149,"href":"https:\/\/www.poesiegalerie.at\/wordpress\/wp-json\/wp\/v2\/posts\/20797\/revisions\/22149"}],"wp:featuredmedia":[{"embeddable":true,"href":"https:\/\/www.poesiegalerie.at\/wordpress\/wp-json\/wp\/v2\/media\/17253"}],"wp:attachment":[{"href":"https:\/\/www.poesiegalerie.at\/wordpress\/wp-json\/wp\/v2\/media?parent=20797"}],"wp:term":[{"taxonomy":"category","embeddable":true,"href":"https:\/\/www.poesiegalerie.at\/wordpress\/wp-json\/wp\/v2\/categories?post=20797"},{"taxonomy":"post_tag","embeddable":true,"href":"https:\/\/www.poesiegalerie.at\/wordpress\/wp-json\/wp\/v2\/tags?post=20797"},{"taxonomy":"thb-sponsors","embeddable":true,"href":"https:\/\/www.poesiegalerie.at\/wordpress\/wp-json\/wp\/v2\/thb-sponsors?post=20797"}],"curies":[{"name":"wp","href":"https:\/\/api.w.org\/{rel}","templated":true}]}}