{"id":22124,"date":"2025-10-09T07:00:00","date_gmt":"2025-10-09T05:00:00","guid":{"rendered":"https:\/\/www.poesiegalerie.at\/wordpress\/?p=22124"},"modified":"2025-10-09T11:08:06","modified_gmt":"2025-10-09T09:08:06","slug":"vor-dem-geheul","status":"publish","type":"post","link":"https:\/\/www.poesiegalerie.at\/wordpress\/2025\/10\/09\/vor-dem-geheul\/","title":{"rendered":"vor dem Geheul"},"content":{"rendered":"\n<h3 class=\"wp-block-heading\"><a href=\"https:\/\/www.poesiegalerie.at\/wordpress\/autor%e2%80%91innen-alte-seite\/breier-isabella\/\">Isabella Breier<\/a><\/h3>\n\n\n\n<p class=\"has-medium-font-size\"><strong>vor dem Geheul<\/strong><\/p>\n\n\n\n<p><em>Zum 70. Jahrestag von Allen Ginsbergs erster \u00f6ffentlicher Lesung von \u201eHowl\u201c bei der Six-Gallery-Lesung in San Francisco am 7. Oktober 1955<\/em><\/p>\n\n\n\n<div style=\"height:25px\" aria-hidden=\"true\" class=\"wp-block-spacer\"><\/div>\n\n\n\n<figure class=\"wp-block-audio\"><audio controls src=\"https:\/\/www.poesiegalerie.at\/wordpress\/wp-content\/uploads\/2025\/07\/vorm-Geheul-Poesiegalerie.mp3\"><\/audio><\/figure>\n\n\n\n<div style=\"height:25px\" aria-hidden=\"true\" class=\"wp-block-spacer\"><\/div>\n\n\n\n<pre class=\"wp-block-verse has-text-align-center\"><strong>vor dem Geheul<\/strong>\neine stark gek\u00fcrzte Fu\u00dfnote einer x-ten Fu\u00dfnote\nkopflos verkopfter Stunden\n(hat tip: A. Ginsberg, \u201eHowl\u201c)\n\n\nich sah die besten ...\n- klar, das wei\u00df, das kennt man schon -\n... die besten Bilder\nvon Beatnik-Dekaden\nvorbeiziehn, an meinen Augen,\nund alle f\u00fcnf Sinne kooperierten,\nund auch mein sechster, der ordnete ein,\nkramte herum, fiel sich ins Wort\nund seufzte,\nals w\u00e4re es zuckendes Fleisch,\ndar\u00fcber kreisten\ndie Geier, die Adler,\nich sah's nicht genau<\/pre>\n\n\n\n<pre class=\"wp-block-verse\">ich rief nach dem Zweifel,\nder war bei den Schlangen zu Gast,\ndie klagten beredt<\/pre>\n\n\n\n<div class=\"wp-block-columns is-layout-flex wp-container-3 wp-block-columns-is-layout-flex\">\n<div class=\"wp-block-column is-layout-flow wp-block-column-is-layout-flow\">\n<pre class=\"wp-block-verse\">\u00fcber ihr \"Schicksal\", \nw\u00e4hnten sich verleumdet,\naufs gr\u00f6bste missverstanden, \nv\u00f6llig falsch\ninterpretiert \ndazu stie\u00dfen F\u00fcchse,\noder waren's W\u00f6lfe, \nnotierten \nauf raschelnden Bl\u00e4ttern\nListen von Klischees<\/pre>\n<\/div>\n\n\n\n<div class=\"wp-block-column is-layout-flow wp-block-column-is-layout-flow\">\n<pre class=\"wp-block-verse has-text-align-right\">(wir lispeln uns\ndie Gischt, die Luft in Silben,\nwir zupfen euch\ndas Lied,\ndas End zu Ende)\n(da schaukeln mich schon\nrunde Stunden im Scho\u00df, da gr\u00fc\u00df ich,\nbrav nickend und kopf\u00fcber h\u00e4ngend,\nden immerzu, immerzu\nschw\u00e4tzenden Horizont)<\/pre>\n<\/div>\n<\/div>\n\n\n\n<pre class=\"wp-block-verse has-text-align-center\">der Zweifel verneigte\nsich vor jedem Irrtum,\nder sich als solcher vorstellen mochte,\ner kam mit Verz\u00f6grung\nund reichte mir Schl\u00fcssel,\nals ich ihn fragte,\nwas man denn f\u00e4nde,\nim Archiv der weitren\n- Oh, oh! - Optionen,\nder Pfade, die de facto\nnie betreten wurden\n\n\nnoch bevor ich wusste,\nwo wann das Archiv sei,\nwar er verschwunden\nund ich abgelenkt,\nvon der Sch\u00f6nheit\nder Girly Girls\nplus Tomboys,\nzum Beispiel,\nfr\u00fchlingshaft gekleidet,\nsie schlenderten so,\nals w\u00e4ren sie frei,\ndas zu tun,\nwas sie wollten\n\n\nund ich folgte ihnen,\nim sch\u00f6nbrunngelben Cab,\nbis zur Station,\nwo der Eindruck nachlie\u00df,\nder alten wie jungen Gesichter Ausdruck\nzeugte von\nDruck<\/pre>\n\n\n\n<pre class=\"wp-block-verse\">(die Brille hatt ich aufgesetzt, um zu wissen, wohin ich fahren w\u00fcrd,\nich stieg jetzt aus, so flott ich konnt,\ndoch das Geheul musste warten, denn\nich wollte luftigere Bilder beschreiben,\ndie einer Blase, die aufsteigt und absteigt und aufsteigt,\nohne zu platzen, bevor sie echt, echter\nSinn macht)<\/pre>\n\n\n\n<pre class=\"wp-block-verse has-text-align-right\">(murmeln Molek\u00fcle l\u00e4ngst zersprungner Blasen,\nich m\u00fcsse zum Brotjob, klaub Kr\u00fcmel vom Kopfstein,\nschnapp Splitter vom Asphalt,\nzupf H\u00e4ute, zieh H\u00fcllen aus s\u00e4mtlichen Winkeln,\nglaub noch, dass die Wahrheit zumutbar sein sollt,\nersp\u00e4h auf dem Weg lose Dichtung im Dickicht,\nSpektakel auf Stra\u00dfen, Illusionen in Gassen\n- im Feld nebenan, im Dienst des Erkennens,\nwom\u00f6glich zerlegt, an R\u00e4ndern des Trubels\nver-, ent-, zerstaubt)<\/pre>\n\n\n\n<div style=\"height:25px\" aria-hidden=\"true\" class=\"wp-block-spacer\"><\/div>\n\n\n\n<div class=\"wp-block-media-text alignwide is-stacked-on-mobile\" style=\"grid-template-columns:28% auto\"><figure class=\"wp-block-media-text__media\"><img decoding=\"async\" loading=\"lazy\" width=\"633\" height=\"884\" src=\"data:image\/gif;base64,R0lGODlhAQABAAAAACH5BAEKAAEALAAAAAABAAEAAAICTAEAOw==\" data-src=\"https:\/\/www.poesiegalerie.at\/wordpress\/wp-content\/uploads\/2022\/02\/Cover-Breier-Mir-kommt-die-Hand-der-Stunde-auf-meiner-Brust-so-gelegen.jpg\" alt=\"\" class=\"wp-image-9678 size-full lazyload\" data-sizes=\"auto\" data-srcset=\"https:\/\/www.poesiegalerie.at\/wordpress\/wp-content\/uploads\/2022\/02\/Cover-Breier-Mir-kommt-die-Hand-der-Stunde-auf-meiner-Brust-so-gelegen.jpg 633w, https:\/\/www.poesiegalerie.at\/wordpress\/wp-content\/uploads\/2022\/02\/Cover-Breier-Mir-kommt-die-Hand-der-Stunde-auf-meiner-Brust-so-gelegen-215x300.jpg 215w, https:\/\/www.poesiegalerie.at\/wordpress\/wp-content\/uploads\/2022\/02\/Cover-Breier-Mir-kommt-die-Hand-der-Stunde-auf-meiner-Brust-so-gelegen-107x150.jpg 107w, https:\/\/www.poesiegalerie.at\/wordpress\/wp-content\/uploads\/2022\/02\/Cover-Breier-Mir-kommt-die-Hand-der-Stunde-auf-meiner-Brust-so-gelegen-370x517.jpg 370w, https:\/\/www.poesiegalerie.at\/wordpress\/wp-content\/uploads\/2022\/02\/Cover-Breier-Mir-kommt-die-Hand-der-Stunde-auf-meiner-Brust-so-gelegen-185x258.jpg 185w, https:\/\/www.poesiegalerie.at\/wordpress\/wp-content\/uploads\/2022\/02\/Cover-Breier-Mir-kommt-die-Hand-der-Stunde-auf-meiner-Brust-so-gelegen-20x28.jpg 20w, https:\/\/www.poesiegalerie.at\/wordpress\/wp-content\/uploads\/2022\/02\/Cover-Breier-Mir-kommt-die-Hand-der-Stunde-auf-meiner-Brust-so-gelegen-400x559.jpg 400w, https:\/\/www.poesiegalerie.at\/wordpress\/wp-content\/uploads\/2022\/02\/Cover-Breier-Mir-kommt-die-Hand-der-Stunde-auf-meiner-Brust-so-gelegen-34x48.jpg 34w\" sizes=\"(max-width: 633px) 100vw, 633px\" \/><\/figure><div class=\"wp-block-media-text__content\">\n<p class=\"has-medium-font-size\">Zuletzt erschien von&nbsp;<a href=\"https:\/\/www.poesiegalerie.at\/wordpress\/autor%e2%80%91innen-alte-seite\/breier-isabella\/\" target=\"_blank\" rel=\"noreferrer noopener\">Isabella Breier<\/a>:&nbsp;<em><a href=\"https:\/\/www.fabriktransit.net\/buecher\/151-mir-kommt-die-hand-der-stunde.html\" target=\"_blank\" rel=\"noreferrer noopener\">mir kommt die Hand der Stunde auf meiner Brust so ungelegen, dass ich im Lauf der Dinge beinah mein Herz verwechsle<\/a><\/em>. Lyrikband in zw\u00f6lf Kapiteln. Mit Illustrationen von Hannah Medea Breier. Edition fabrik.transit, Wien 2019. 328 Seiten. Euro 17,-<\/p>\n<\/div><\/div>\n","protected":false},"excerpt":{"rendered":"<p>Gedicht von heute:<br \/>\nIsabella Breier<br \/>\n\u201evor dem Geheul\u201c<\/p>\n","protected":false},"author":7,"featured_media":17253,"comment_status":"closed","ping_status":"closed","sticky":false,"template":"","format":"standard","meta":[],"categories":[105,280,154],"tags":[169],"thb-sponsors":[],"yoast_head":"<!-- This site is optimized with the Yoast SEO plugin v20.6 - https:\/\/yoast.com\/wordpress\/plugins\/seo\/ -->\n<title>vor dem Geheul - Poesiegalerie<\/title>\n<meta name=\"description\" content=\"Gedicht von heute: Isabella Breier \u201evor dem Geheul\u201c. Zum 70. Jahrestag von Allen Ginsbergs erster \u00f6ffentlicher Lesung von \u201eHowl\u201c bei der Six-Gallery-Lesung in San Francisco am 7. Oktober 1955\" \/>\n<meta name=\"robots\" content=\"index, follow, max-snippet:-1, max-image-preview:large, max-video-preview:-1\" \/>\n<link rel=\"canonical\" href=\"https:\/\/www.poesiegalerie.at\/wordpress\/2025\/10\/09\/vor-dem-geheul\/\" \/>\n<meta property=\"og:locale\" content=\"de_DE\" \/>\n<meta property=\"og:type\" content=\"article\" \/>\n<meta property=\"og:title\" content=\"vor dem Geheul - Poesiegalerie\" \/>\n<meta property=\"og:description\" content=\"Gedicht von heute: Isabella Breier \u201evor dem Geheul\u201c. Zum 70. Jahrestag von Allen Ginsbergs erster \u00f6ffentlicher Lesung von \u201eHowl\u201c bei der Six-Gallery-Lesung in San Francisco am 7. Oktober 1955\" \/>\n<meta property=\"og:url\" content=\"https:\/\/www.poesiegalerie.at\/wordpress\/2025\/10\/09\/vor-dem-geheul\/\" \/>\n<meta property=\"og:site_name\" content=\"Poesiegalerie\" \/>\n<meta property=\"article:publisher\" content=\"https:\/\/facebook.com\/poesiegalerie\" \/>\n<meta property=\"article:published_time\" content=\"2025-10-09T05:00:00+00:00\" \/>\n<meta property=\"article:modified_time\" content=\"2025-10-09T09:08:06+00:00\" \/>\n<meta property=\"og:image\" content=\"https:\/\/www.poesiegalerie.at\/wordpress\/wp-content\/uploads\/2024\/01\/Breier-Isabella-@-Autorin-2--679x1024.jpg\" \/>\n\t<meta property=\"og:image:width\" content=\"679\" \/>\n\t<meta property=\"og:image:height\" content=\"1024\" \/>\n\t<meta property=\"og:image:type\" content=\"image\/jpeg\" \/>\n<meta name=\"author\" content=\"G\u00fcnter Vallaster\" \/>\n<meta name=\"twitter:card\" content=\"summary_large_image\" \/>\n<meta name=\"twitter:creator\" content=\"@poesiegalerie\" \/>\n<meta name=\"twitter:site\" content=\"@poesiegalerie\" \/>\n<meta name=\"twitter:label1\" content=\"Verfasst von\" \/>\n\t<meta name=\"twitter:data1\" content=\"G\u00fcnter Vallaster\" \/>\n\t<meta name=\"twitter:label2\" content=\"Gesch\u00e4tzte Lesezeit\" \/>\n\t<meta name=\"twitter:data2\" content=\"3 Minuten\" \/>\n<script type=\"application\/ld+json\" class=\"yoast-schema-graph\">{\"@context\":\"https:\/\/schema.org\",\"@graph\":[{\"@type\":\"Article\",\"@id\":\"https:\/\/www.poesiegalerie.at\/wordpress\/2025\/10\/09\/vor-dem-geheul\/#article\",\"isPartOf\":{\"@id\":\"https:\/\/www.poesiegalerie.at\/wordpress\/2025\/10\/09\/vor-dem-geheul\/\"},\"author\":{\"name\":\"G\u00fcnter Vallaster\",\"@id\":\"https:\/\/www.poesiegalerie.at\/wordpress\/#\/schema\/person\/0a2f6c66a849463b4e476ca460b8e372\"},\"headline\":\"vor dem Geheul\",\"datePublished\":\"2025-10-09T05:00:00+00:00\",\"dateModified\":\"2025-10-09T09:08:06+00:00\",\"mainEntityOfPage\":{\"@id\":\"https:\/\/www.poesiegalerie.at\/wordpress\/2025\/10\/09\/vor-dem-geheul\/\"},\"wordCount\":71,\"publisher\":{\"@id\":\"https:\/\/www.poesiegalerie.at\/wordpress\/#organization\"},\"keywords\":[\"Isabella Breier\"],\"articleSection\":[\"AUSGESTELLT\",\"Gedicht von heute\",\"Transmediale Poesiegalerie\"],\"inLanguage\":\"de-DE\"},{\"@type\":\"WebPage\",\"@id\":\"https:\/\/www.poesiegalerie.at\/wordpress\/2025\/10\/09\/vor-dem-geheul\/\",\"url\":\"https:\/\/www.poesiegalerie.at\/wordpress\/2025\/10\/09\/vor-dem-geheul\/\",\"name\":\"vor dem Geheul - Poesiegalerie\",\"isPartOf\":{\"@id\":\"https:\/\/www.poesiegalerie.at\/wordpress\/#website\"},\"datePublished\":\"2025-10-09T05:00:00+00:00\",\"dateModified\":\"2025-10-09T09:08:06+00:00\",\"description\":\"Gedicht von heute: Isabella Breier \u201evor dem Geheul\u201c. Zum 70. Jahrestag von Allen Ginsbergs erster \u00f6ffentlicher Lesung von \u201eHowl\u201c bei der Six-Gallery-Lesung in San Francisco am 7. Oktober 1955\",\"breadcrumb\":{\"@id\":\"https:\/\/www.poesiegalerie.at\/wordpress\/2025\/10\/09\/vor-dem-geheul\/#breadcrumb\"},\"inLanguage\":\"de-DE\",\"potentialAction\":[{\"@type\":\"ReadAction\",\"target\":[\"https:\/\/www.poesiegalerie.at\/wordpress\/2025\/10\/09\/vor-dem-geheul\/\"]}]},{\"@type\":\"BreadcrumbList\",\"@id\":\"https:\/\/www.poesiegalerie.at\/wordpress\/2025\/10\/09\/vor-dem-geheul\/#breadcrumb\",\"itemListElement\":[{\"@type\":\"ListItem\",\"position\":1,\"name\":\"Startseite\",\"item\":\"https:\/\/www.poesiegalerie.at\/wordpress\/\"},{\"@type\":\"ListItem\",\"position\":2,\"name\":\"vor dem Geheul\"}]},{\"@type\":\"WebSite\",\"@id\":\"https:\/\/www.poesiegalerie.at\/wordpress\/#website\",\"url\":\"https:\/\/www.poesiegalerie.at\/wordpress\/\",\"name\":\"Poesiegalerie\",\"description\":\"\",\"publisher\":{\"@id\":\"https:\/\/www.poesiegalerie.at\/wordpress\/#organization\"},\"potentialAction\":[{\"@type\":\"SearchAction\",\"target\":{\"@type\":\"EntryPoint\",\"urlTemplate\":\"https:\/\/www.poesiegalerie.at\/wordpress\/?s={search_term_string}\"},\"query-input\":\"required name=search_term_string\"}],\"inLanguage\":\"de-DE\"},{\"@type\":\"Organization\",\"@id\":\"https:\/\/www.poesiegalerie.at\/wordpress\/#organization\",\"name\":\"Poesiegalerie\",\"url\":\"https:\/\/www.poesiegalerie.at\/wordpress\/\",\"logo\":{\"@type\":\"ImageObject\",\"inLanguage\":\"de-DE\",\"@id\":\"https:\/\/www.poesiegalerie.at\/wordpress\/#\/schema\/logo\/image\/\",\"url\":\"https:\/\/www.poesiegalerie.at\/wordpress\/wp-content\/uploads\/2021\/01\/Logoquadrat-PG-1.png\",\"contentUrl\":\"https:\/\/www.poesiegalerie.at\/wordpress\/wp-content\/uploads\/2021\/01\/Logoquadrat-PG-1.png\",\"width\":512,\"height\":512,\"caption\":\"Poesiegalerie\"},\"image\":{\"@id\":\"https:\/\/www.poesiegalerie.at\/wordpress\/#\/schema\/logo\/image\/\"},\"sameAs\":[\"https:\/\/facebook.com\/poesiegalerie\",\"https:\/\/twitter.com\/poesiegalerie\",\"https:\/\/instagram.com\/poesiegalerie\",\"https:\/\/youtube.com\/channel\/UChHTsNTzMPzZpU8TfKP3dNQ\"]},{\"@type\":\"Person\",\"@id\":\"https:\/\/www.poesiegalerie.at\/wordpress\/#\/schema\/person\/0a2f6c66a849463b4e476ca460b8e372\",\"name\":\"G\u00fcnter Vallaster\",\"image\":{\"@type\":\"ImageObject\",\"inLanguage\":\"de-DE\",\"@id\":\"https:\/\/www.poesiegalerie.at\/wordpress\/#\/schema\/person\/image\/\",\"url\":\"https:\/\/secure.gravatar.com\/avatar\/99fed093812e772cf9d822311080d4ec?s=96&d=mm&r=g\",\"contentUrl\":\"https:\/\/secure.gravatar.com\/avatar\/99fed093812e772cf9d822311080d4ec?s=96&d=mm&r=g\",\"caption\":\"G\u00fcnter Vallaster\"},\"url\":\"https:\/\/www.poesiegalerie.at\/wordpress\/author\/guenter-vallaster\/\"}]}<\/script>\n<!-- \/ Yoast SEO plugin. -->","yoast_head_json":{"title":"vor dem Geheul - Poesiegalerie","description":"Gedicht von heute: Isabella Breier \u201evor dem Geheul\u201c. Zum 70. Jahrestag von Allen Ginsbergs erster \u00f6ffentlicher Lesung von \u201eHowl\u201c bei der Six-Gallery-Lesung in San Francisco am 7. Oktober 1955","robots":{"index":"index","follow":"follow","max-snippet":"max-snippet:-1","max-image-preview":"max-image-preview:large","max-video-preview":"max-video-preview:-1"},"canonical":"https:\/\/www.poesiegalerie.at\/wordpress\/2025\/10\/09\/vor-dem-geheul\/","og_locale":"de_DE","og_type":"article","og_title":"vor dem Geheul - Poesiegalerie","og_description":"Gedicht von heute: Isabella Breier \u201evor dem Geheul\u201c. Zum 70. Jahrestag von Allen Ginsbergs erster \u00f6ffentlicher Lesung von \u201eHowl\u201c bei der Six-Gallery-Lesung in San Francisco am 7. Oktober 1955","og_url":"https:\/\/www.poesiegalerie.at\/wordpress\/2025\/10\/09\/vor-dem-geheul\/","og_site_name":"Poesiegalerie","article_publisher":"https:\/\/facebook.com\/poesiegalerie","article_published_time":"2025-10-09T05:00:00+00:00","article_modified_time":"2025-10-09T09:08:06+00:00","og_image":[{"width":679,"height":1024,"url":"https:\/\/www.poesiegalerie.at\/wordpress\/wp-content\/uploads\/2024\/01\/Breier-Isabella-@-Autorin-2--679x1024.jpg","type":"image\/jpeg"}],"author":"G\u00fcnter Vallaster","twitter_card":"summary_large_image","twitter_creator":"@poesiegalerie","twitter_site":"@poesiegalerie","twitter_misc":{"Verfasst von":"G\u00fcnter Vallaster","Gesch\u00e4tzte Lesezeit":"3 Minuten"},"schema":{"@context":"https:\/\/schema.org","@graph":[{"@type":"Article","@id":"https:\/\/www.poesiegalerie.at\/wordpress\/2025\/10\/09\/vor-dem-geheul\/#article","isPartOf":{"@id":"https:\/\/www.poesiegalerie.at\/wordpress\/2025\/10\/09\/vor-dem-geheul\/"},"author":{"name":"G\u00fcnter Vallaster","@id":"https:\/\/www.poesiegalerie.at\/wordpress\/#\/schema\/person\/0a2f6c66a849463b4e476ca460b8e372"},"headline":"vor dem Geheul","datePublished":"2025-10-09T05:00:00+00:00","dateModified":"2025-10-09T09:08:06+00:00","mainEntityOfPage":{"@id":"https:\/\/www.poesiegalerie.at\/wordpress\/2025\/10\/09\/vor-dem-geheul\/"},"wordCount":71,"publisher":{"@id":"https:\/\/www.poesiegalerie.at\/wordpress\/#organization"},"keywords":["Isabella Breier"],"articleSection":["AUSGESTELLT","Gedicht von heute","Transmediale Poesiegalerie"],"inLanguage":"de-DE"},{"@type":"WebPage","@id":"https:\/\/www.poesiegalerie.at\/wordpress\/2025\/10\/09\/vor-dem-geheul\/","url":"https:\/\/www.poesiegalerie.at\/wordpress\/2025\/10\/09\/vor-dem-geheul\/","name":"vor dem Geheul - Poesiegalerie","isPartOf":{"@id":"https:\/\/www.poesiegalerie.at\/wordpress\/#website"},"datePublished":"2025-10-09T05:00:00+00:00","dateModified":"2025-10-09T09:08:06+00:00","description":"Gedicht von heute: Isabella Breier \u201evor dem Geheul\u201c. Zum 70. Jahrestag von Allen Ginsbergs erster \u00f6ffentlicher Lesung von \u201eHowl\u201c bei der Six-Gallery-Lesung in San Francisco am 7. Oktober 1955","breadcrumb":{"@id":"https:\/\/www.poesiegalerie.at\/wordpress\/2025\/10\/09\/vor-dem-geheul\/#breadcrumb"},"inLanguage":"de-DE","potentialAction":[{"@type":"ReadAction","target":["https:\/\/www.poesiegalerie.at\/wordpress\/2025\/10\/09\/vor-dem-geheul\/"]}]},{"@type":"BreadcrumbList","@id":"https:\/\/www.poesiegalerie.at\/wordpress\/2025\/10\/09\/vor-dem-geheul\/#breadcrumb","itemListElement":[{"@type":"ListItem","position":1,"name":"Startseite","item":"https:\/\/www.poesiegalerie.at\/wordpress\/"},{"@type":"ListItem","position":2,"name":"vor dem Geheul"}]},{"@type":"WebSite","@id":"https:\/\/www.poesiegalerie.at\/wordpress\/#website","url":"https:\/\/www.poesiegalerie.at\/wordpress\/","name":"Poesiegalerie","description":"","publisher":{"@id":"https:\/\/www.poesiegalerie.at\/wordpress\/#organization"},"potentialAction":[{"@type":"SearchAction","target":{"@type":"EntryPoint","urlTemplate":"https:\/\/www.poesiegalerie.at\/wordpress\/?s={search_term_string}"},"query-input":"required name=search_term_string"}],"inLanguage":"de-DE"},{"@type":"Organization","@id":"https:\/\/www.poesiegalerie.at\/wordpress\/#organization","name":"Poesiegalerie","url":"https:\/\/www.poesiegalerie.at\/wordpress\/","logo":{"@type":"ImageObject","inLanguage":"de-DE","@id":"https:\/\/www.poesiegalerie.at\/wordpress\/#\/schema\/logo\/image\/","url":"https:\/\/www.poesiegalerie.at\/wordpress\/wp-content\/uploads\/2021\/01\/Logoquadrat-PG-1.png","contentUrl":"https:\/\/www.poesiegalerie.at\/wordpress\/wp-content\/uploads\/2021\/01\/Logoquadrat-PG-1.png","width":512,"height":512,"caption":"Poesiegalerie"},"image":{"@id":"https:\/\/www.poesiegalerie.at\/wordpress\/#\/schema\/logo\/image\/"},"sameAs":["https:\/\/facebook.com\/poesiegalerie","https:\/\/twitter.com\/poesiegalerie","https:\/\/instagram.com\/poesiegalerie","https:\/\/youtube.com\/channel\/UChHTsNTzMPzZpU8TfKP3dNQ"]},{"@type":"Person","@id":"https:\/\/www.poesiegalerie.at\/wordpress\/#\/schema\/person\/0a2f6c66a849463b4e476ca460b8e372","name":"G\u00fcnter Vallaster","image":{"@type":"ImageObject","inLanguage":"de-DE","@id":"https:\/\/www.poesiegalerie.at\/wordpress\/#\/schema\/person\/image\/","url":"https:\/\/secure.gravatar.com\/avatar\/99fed093812e772cf9d822311080d4ec?s=96&d=mm&r=g","contentUrl":"https:\/\/secure.gravatar.com\/avatar\/99fed093812e772cf9d822311080d4ec?s=96&d=mm&r=g","caption":"G\u00fcnter Vallaster"},"url":"https:\/\/www.poesiegalerie.at\/wordpress\/author\/guenter-vallaster\/"}]}},"_links":{"self":[{"href":"https:\/\/www.poesiegalerie.at\/wordpress\/wp-json\/wp\/v2\/posts\/22124"}],"collection":[{"href":"https:\/\/www.poesiegalerie.at\/wordpress\/wp-json\/wp\/v2\/posts"}],"about":[{"href":"https:\/\/www.poesiegalerie.at\/wordpress\/wp-json\/wp\/v2\/types\/post"}],"author":[{"embeddable":true,"href":"https:\/\/www.poesiegalerie.at\/wordpress\/wp-json\/wp\/v2\/users\/7"}],"replies":[{"embeddable":true,"href":"https:\/\/www.poesiegalerie.at\/wordpress\/wp-json\/wp\/v2\/comments?post=22124"}],"version-history":[{"count":13,"href":"https:\/\/www.poesiegalerie.at\/wordpress\/wp-json\/wp\/v2\/posts\/22124\/revisions"}],"predecessor-version":[{"id":22138,"href":"https:\/\/www.poesiegalerie.at\/wordpress\/wp-json\/wp\/v2\/posts\/22124\/revisions\/22138"}],"wp:featuredmedia":[{"embeddable":true,"href":"https:\/\/www.poesiegalerie.at\/wordpress\/wp-json\/wp\/v2\/media\/17253"}],"wp:attachment":[{"href":"https:\/\/www.poesiegalerie.at\/wordpress\/wp-json\/wp\/v2\/media?parent=22124"}],"wp:term":[{"taxonomy":"category","embeddable":true,"href":"https:\/\/www.poesiegalerie.at\/wordpress\/wp-json\/wp\/v2\/categories?post=22124"},{"taxonomy":"post_tag","embeddable":true,"href":"https:\/\/www.poesiegalerie.at\/wordpress\/wp-json\/wp\/v2\/tags?post=22124"},{"taxonomy":"thb-sponsors","embeddable":true,"href":"https:\/\/www.poesiegalerie.at\/wordpress\/wp-json\/wp\/v2\/thb-sponsors?post=22124"}],"curies":[{"name":"wp","href":"https:\/\/api.w.org\/{rel}","templated":true}]}}