{"id":23117,"date":"2025-11-02T19:12:37","date_gmt":"2025-11-02T18:12:37","guid":{"rendered":"https:\/\/www.poesiegalerie.at\/wordpress\/?p=23117"},"modified":"2025-11-04T00:46:22","modified_gmt":"2025-11-03T23:46:22","slug":"trombohuwabone-eine-ernste-jandliade-von-bertl-muetter","status":"publish","type":"post","link":"https:\/\/www.poesiegalerie.at\/wordpress\/2025\/11\/02\/trombohuwabone-eine-ernste-jandliade-von-bertl-muetter\/","title":{"rendered":"TROMBOHUWABONE. Eine ernste Jandliade. Von Bertl M\u00fctter am 6.11."},"content":{"rendered":"\n<p class=\"has-thb-accent-color has-text-color has-medium-font-size\"><strong>Zum 100. Geburtstag von Ernst Jandl <\/strong><br>6.11. 2025 um 22:30 Uhr <br>IG Architektur, Gumpendorfer Stra\u00dfe 63B, 1060 Wien<\/p>\n\n\n\n<p>Die Poesiegalerie freut sich zum runden Jubil\u00e4um von Ernst Jandl den Posaunisten und Komponisten Bertl M\u00fctter mit seinem einst\u00fcndigen Jandl-Programm <em><strong>TROMBOHUWABONE. Eine ernste Jandliade<\/strong><\/em>. begr\u00fc\u00dfen zu d\u00fcrfen. Was uns erwartet, erkl\u00e4rt der Musiker wie folgt:<\/p>\n\n\n\n<p><em>ernst ist es und trombonisch und tohuwabohisch; das ist (gen 1,2) doch der urzustand von allem auf der erde, meist \u00fcbersetzt mit w\u00fcst und wirr (luther sagt leer statt wirr). was den geist (gottes?) betrifft, so will ich mir zun\u00e4chst einmal einen kindlichen greis vorstellen, mich assoziativ weiterhanteln, bis zu einer \u2013 es werde licht! \u2013 schubertlichen nachthelle, heiter und rein. dieses war der vierte vers und der f\u00fcnfte&#8230; wie gesagt, ernst. wie gesagt, voller w\u00fcst wirrer leere. heulig\u00f6r \u00f6rnst, b\u00f6tte f\u00f6r\u00f6ns! donke. donke.<\/em><\/p>\n\n\n\n<figure class=\"wp-block-image size-large\"><img decoding=\"async\" loading=\"lazy\" width=\"1024\" height=\"684\" src=\"data:image\/gif;base64,R0lGODlhAQABAAAAACH5BAEKAAEALAAAAAABAAEAAAICTAEAOw==\" data-src=\"https:\/\/www.poesiegalerie.at\/wordpress\/wp-content\/uploads\/2025\/11\/Muetter-Bertl-KopfhoerercKlaus-Fritsch-1024x684.jpg\" alt=\"\" class=\"wp-image-23134 lazyload\" data-sizes=\"auto\" data-srcset=\"https:\/\/www.poesiegalerie.at\/wordpress\/wp-content\/uploads\/2025\/11\/Muetter-Bertl-KopfhoerercKlaus-Fritsch-1024x684.jpg 1024w, https:\/\/www.poesiegalerie.at\/wordpress\/wp-content\/uploads\/2025\/11\/Muetter-Bertl-KopfhoerercKlaus-Fritsch-300x200.jpg 300w, https:\/\/www.poesiegalerie.at\/wordpress\/wp-content\/uploads\/2025\/11\/Muetter-Bertl-KopfhoerercKlaus-Fritsch-150x100.jpg 150w, https:\/\/www.poesiegalerie.at\/wordpress\/wp-content\/uploads\/2025\/11\/Muetter-Bertl-KopfhoerercKlaus-Fritsch-768x513.jpg 768w, https:\/\/www.poesiegalerie.at\/wordpress\/wp-content\/uploads\/2025\/11\/Muetter-Bertl-KopfhoerercKlaus-Fritsch-370x247.jpg 370w, https:\/\/www.poesiegalerie.at\/wordpress\/wp-content\/uploads\/2025\/11\/Muetter-Bertl-KopfhoerercKlaus-Fritsch-800x534.jpg 800w, https:\/\/www.poesiegalerie.at\/wordpress\/wp-content\/uploads\/2025\/11\/Muetter-Bertl-KopfhoerercKlaus-Fritsch-20x13.jpg 20w, https:\/\/www.poesiegalerie.at\/wordpress\/wp-content\/uploads\/2025\/11\/Muetter-Bertl-KopfhoerercKlaus-Fritsch-740x494.jpg 740w, https:\/\/www.poesiegalerie.at\/wordpress\/wp-content\/uploads\/2025\/11\/Muetter-Bertl-KopfhoerercKlaus-Fritsch-600x401.jpg 600w, https:\/\/www.poesiegalerie.at\/wordpress\/wp-content\/uploads\/2025\/11\/Muetter-Bertl-KopfhoerercKlaus-Fritsch-72x48.jpg 72w\" sizes=\"(max-width: 1024px) 100vw, 1024px\" \/><\/figure>\n\n\n\n<p>Copyright Foto: Klaus Fritsch<\/p>\n\n\n\n<p><strong>Bertl M\u00fctter ist 1965<\/strong> in Steyr geboren. Im Zentrum seiner musikalischen Arbeit steht das Solospiel, spielt aber auch gerne in (kleineren) Ensembles, wenn das auf einander H\u00f6ren praktiziert wird. Und er arbeitet\/e mit Autor\/inn\/en wie H.C. Artmann, Franzobel, Josef Haslinger, Ernst Jandl, Gert Jonke und Angela Krau\u00df zusammen. M\u00fctter gilt heute als der gro\u00dfe \u00f6sterreichische Posaunenindividualist, der sein Publikum mit einer sehr pers\u00f6nlichen Musik zu bannen versteht. 2010\u20132013 Stipendiat der Kunstuni Graz (k\u00fcnstlerisches Doktorat). Seit 2014 l\u00e4dt der promovierte Doctor artium in seine Schule des Staunens, u.a. ins Wiener Konzerthaus. Mehr unter <a href=\"https:\/\/muetter.at\">www.muetter.at<\/a><\/p>\n\n\n\n<p>Copyright des Beitragsbilds ganz oben: Stefan Nuetzel<\/p>\n","protected":false},"excerpt":{"rendered":"<p>Der Posaunist Bertl M\u00fctter spielt bei der Poesiegalerie 2025 am 6.11. um 22:30 Uhr sein Programm TROMBOHUWABONE. Eine ernste Jandliade. <\/p>\n","protected":false},"author":1,"featured_media":23133,"comment_status":"closed","ping_status":"closed","sticky":false,"template":"","format":"standard","meta":[],"categories":[110,670],"tags":[687,688,675],"thb-sponsors":[],"yoast_head":"<!-- This site is optimized with the Yoast SEO plugin v20.6 - https:\/\/yoast.com\/wordpress\/plugins\/seo\/ -->\n<title>TROMBOHUWABONE. Eine ernste Jandliade. Von Bertl M\u00fctter am 6.11. - Poesiegalerie<\/title>\n<meta name=\"description\" content=\"Der Posaunist Bertl M\u00fctter spielt bei der Poesiegalerie 2025 am 6.11. um 22:30 Uhr sein Programm TROMBOHUWABONE. Eine ernste Jandliade.\" \/>\n<meta name=\"robots\" content=\"index, follow, max-snippet:-1, max-image-preview:large, max-video-preview:-1\" \/>\n<link rel=\"canonical\" href=\"https:\/\/www.poesiegalerie.at\/wordpress\/2025\/11\/02\/trombohuwabone-eine-ernste-jandliade-von-bertl-muetter\/\" \/>\n<meta property=\"og:locale\" content=\"de_DE\" \/>\n<meta property=\"og:type\" content=\"article\" \/>\n<meta property=\"og:title\" content=\"TROMBOHUWABONE. Eine ernste Jandliade. Von Bertl M\u00fctter am 6.11. - Poesiegalerie\" \/>\n<meta property=\"og:description\" content=\"Der Posaunist Bertl M\u00fctter spielt bei der Poesiegalerie 2025 am 6.11. um 22:30 Uhr sein Programm TROMBOHUWABONE. Eine ernste Jandliade.\" \/>\n<meta property=\"og:url\" content=\"https:\/\/www.poesiegalerie.at\/wordpress\/2025\/11\/02\/trombohuwabone-eine-ernste-jandliade-von-bertl-muetter\/\" \/>\n<meta property=\"og:site_name\" content=\"Poesiegalerie\" \/>\n<meta property=\"article:publisher\" content=\"https:\/\/facebook.com\/poesiegalerie\" \/>\n<meta property=\"article:published_time\" content=\"2025-11-02T18:12:37+00:00\" \/>\n<meta property=\"article:modified_time\" content=\"2025-11-03T23:46:22+00:00\" \/>\n<meta property=\"og:image\" content=\"https:\/\/www.poesiegalerie.at\/wordpress\/wp-content\/uploads\/2025\/11\/Muetter-Bertl-Augen-zucStefan-Nuetzel.jpg\" \/>\n\t<meta property=\"og:image:width\" content=\"1200\" \/>\n\t<meta property=\"og:image:height\" content=\"1803\" \/>\n\t<meta property=\"og:image:type\" content=\"image\/jpeg\" \/>\n<meta name=\"author\" content=\"ried\" \/>\n<meta name=\"twitter:card\" content=\"summary_large_image\" \/>\n<meta name=\"twitter:creator\" content=\"@poesiegalerie\" \/>\n<meta name=\"twitter:site\" content=\"@poesiegalerie\" \/>\n<meta name=\"twitter:label1\" content=\"Verfasst von\" \/>\n\t<meta name=\"twitter:data1\" content=\"ried\" \/>\n\t<meta name=\"twitter:label2\" content=\"Gesch\u00e4tzte Lesezeit\" \/>\n\t<meta name=\"twitter:data2\" content=\"2 Minuten\" \/>\n<script type=\"application\/ld+json\" class=\"yoast-schema-graph\">{\"@context\":\"https:\/\/schema.org\",\"@graph\":[{\"@type\":\"Article\",\"@id\":\"https:\/\/www.poesiegalerie.at\/wordpress\/2025\/11\/02\/trombohuwabone-eine-ernste-jandliade-von-bertl-muetter\/#article\",\"isPartOf\":{\"@id\":\"https:\/\/www.poesiegalerie.at\/wordpress\/2025\/11\/02\/trombohuwabone-eine-ernste-jandliade-von-bertl-muetter\/\"},\"author\":{\"name\":\"ried\",\"@id\":\"https:\/\/www.poesiegalerie.at\/wordpress\/#\/schema\/person\/0cc97ae77cc6a8f51d6aeb3d5836ea82\"},\"headline\":\"TROMBOHUWABONE. Eine ernste Jandliade. Von Bertl M\u00fctter am 6.11.\",\"datePublished\":\"2025-11-02T18:12:37+00:00\",\"dateModified\":\"2025-11-03T23:46:22+00:00\",\"mainEntityOfPage\":{\"@id\":\"https:\/\/www.poesiegalerie.at\/wordpress\/2025\/11\/02\/trombohuwabone-eine-ernste-jandliade-von-bertl-muetter\/\"},\"wordCount\":268,\"publisher\":{\"@id\":\"https:\/\/www.poesiegalerie.at\/wordpress\/#organization\"},\"keywords\":[\"Bertl M\u00fctter\",\"Ernst Jandl\",\"Poesiegalerie 2025\"],\"articleSection\":[\"AKTUELLES\",\"Poesiegalerie 2025\"],\"inLanguage\":\"de-DE\"},{\"@type\":\"WebPage\",\"@id\":\"https:\/\/www.poesiegalerie.at\/wordpress\/2025\/11\/02\/trombohuwabone-eine-ernste-jandliade-von-bertl-muetter\/\",\"url\":\"https:\/\/www.poesiegalerie.at\/wordpress\/2025\/11\/02\/trombohuwabone-eine-ernste-jandliade-von-bertl-muetter\/\",\"name\":\"TROMBOHUWABONE. Eine ernste Jandliade. Von Bertl M\u00fctter am 6.11. - Poesiegalerie\",\"isPartOf\":{\"@id\":\"https:\/\/www.poesiegalerie.at\/wordpress\/#website\"},\"datePublished\":\"2025-11-02T18:12:37+00:00\",\"dateModified\":\"2025-11-03T23:46:22+00:00\",\"description\":\"Der Posaunist Bertl M\u00fctter spielt bei der Poesiegalerie 2025 am 6.11. um 22:30 Uhr sein Programm TROMBOHUWABONE. Eine ernste Jandliade.\",\"breadcrumb\":{\"@id\":\"https:\/\/www.poesiegalerie.at\/wordpress\/2025\/11\/02\/trombohuwabone-eine-ernste-jandliade-von-bertl-muetter\/#breadcrumb\"},\"inLanguage\":\"de-DE\",\"potentialAction\":[{\"@type\":\"ReadAction\",\"target\":[\"https:\/\/www.poesiegalerie.at\/wordpress\/2025\/11\/02\/trombohuwabone-eine-ernste-jandliade-von-bertl-muetter\/\"]}]},{\"@type\":\"BreadcrumbList\",\"@id\":\"https:\/\/www.poesiegalerie.at\/wordpress\/2025\/11\/02\/trombohuwabone-eine-ernste-jandliade-von-bertl-muetter\/#breadcrumb\",\"itemListElement\":[{\"@type\":\"ListItem\",\"position\":1,\"name\":\"Startseite\",\"item\":\"https:\/\/www.poesiegalerie.at\/wordpress\/\"},{\"@type\":\"ListItem\",\"position\":2,\"name\":\"TROMBOHUWABONE. Eine ernste Jandliade. Von Bertl M\u00fctter am 6.11.\"}]},{\"@type\":\"WebSite\",\"@id\":\"https:\/\/www.poesiegalerie.at\/wordpress\/#website\",\"url\":\"https:\/\/www.poesiegalerie.at\/wordpress\/\",\"name\":\"Poesiegalerie\",\"description\":\"\",\"publisher\":{\"@id\":\"https:\/\/www.poesiegalerie.at\/wordpress\/#organization\"},\"potentialAction\":[{\"@type\":\"SearchAction\",\"target\":{\"@type\":\"EntryPoint\",\"urlTemplate\":\"https:\/\/www.poesiegalerie.at\/wordpress\/?s={search_term_string}\"},\"query-input\":\"required name=search_term_string\"}],\"inLanguage\":\"de-DE\"},{\"@type\":\"Organization\",\"@id\":\"https:\/\/www.poesiegalerie.at\/wordpress\/#organization\",\"name\":\"Poesiegalerie\",\"url\":\"https:\/\/www.poesiegalerie.at\/wordpress\/\",\"logo\":{\"@type\":\"ImageObject\",\"inLanguage\":\"de-DE\",\"@id\":\"https:\/\/www.poesiegalerie.at\/wordpress\/#\/schema\/logo\/image\/\",\"url\":\"https:\/\/www.poesiegalerie.at\/wordpress\/wp-content\/uploads\/2021\/01\/Logoquadrat-PG-1.png\",\"contentUrl\":\"https:\/\/www.poesiegalerie.at\/wordpress\/wp-content\/uploads\/2021\/01\/Logoquadrat-PG-1.png\",\"width\":512,\"height\":512,\"caption\":\"Poesiegalerie\"},\"image\":{\"@id\":\"https:\/\/www.poesiegalerie.at\/wordpress\/#\/schema\/logo\/image\/\"},\"sameAs\":[\"https:\/\/facebook.com\/poesiegalerie\",\"https:\/\/twitter.com\/poesiegalerie\",\"https:\/\/instagram.com\/poesiegalerie\",\"https:\/\/youtube.com\/channel\/UChHTsNTzMPzZpU8TfKP3dNQ\"]},{\"@type\":\"Person\",\"@id\":\"https:\/\/www.poesiegalerie.at\/wordpress\/#\/schema\/person\/0cc97ae77cc6a8f51d6aeb3d5836ea82\",\"name\":\"ried\",\"image\":{\"@type\":\"ImageObject\",\"inLanguage\":\"de-DE\",\"@id\":\"https:\/\/www.poesiegalerie.at\/wordpress\/#\/schema\/person\/image\/\",\"url\":\"https:\/\/secure.gravatar.com\/avatar\/fbcaf19fe4a175099f721f765e209713?s=96&d=mm&r=g\",\"contentUrl\":\"https:\/\/secure.gravatar.com\/avatar\/fbcaf19fe4a175099f721f765e209713?s=96&d=mm&r=g\",\"caption\":\"ried\"},\"url\":\"https:\/\/www.poesiegalerie.at\/wordpress\/author\/ried\/\"}]}<\/script>\n<!-- \/ Yoast SEO plugin. -->","yoast_head_json":{"title":"TROMBOHUWABONE. Eine ernste Jandliade. Von Bertl M\u00fctter am 6.11. - Poesiegalerie","description":"Der Posaunist Bertl M\u00fctter spielt bei der Poesiegalerie 2025 am 6.11. um 22:30 Uhr sein Programm TROMBOHUWABONE. Eine ernste Jandliade.","robots":{"index":"index","follow":"follow","max-snippet":"max-snippet:-1","max-image-preview":"max-image-preview:large","max-video-preview":"max-video-preview:-1"},"canonical":"https:\/\/www.poesiegalerie.at\/wordpress\/2025\/11\/02\/trombohuwabone-eine-ernste-jandliade-von-bertl-muetter\/","og_locale":"de_DE","og_type":"article","og_title":"TROMBOHUWABONE. Eine ernste Jandliade. Von Bertl M\u00fctter am 6.11. - Poesiegalerie","og_description":"Der Posaunist Bertl M\u00fctter spielt bei der Poesiegalerie 2025 am 6.11. um 22:30 Uhr sein Programm TROMBOHUWABONE. Eine ernste Jandliade.","og_url":"https:\/\/www.poesiegalerie.at\/wordpress\/2025\/11\/02\/trombohuwabone-eine-ernste-jandliade-von-bertl-muetter\/","og_site_name":"Poesiegalerie","article_publisher":"https:\/\/facebook.com\/poesiegalerie","article_published_time":"2025-11-02T18:12:37+00:00","article_modified_time":"2025-11-03T23:46:22+00:00","og_image":[{"width":1200,"height":1803,"url":"https:\/\/www.poesiegalerie.at\/wordpress\/wp-content\/uploads\/2025\/11\/Muetter-Bertl-Augen-zucStefan-Nuetzel.jpg","type":"image\/jpeg"}],"author":"ried","twitter_card":"summary_large_image","twitter_creator":"@poesiegalerie","twitter_site":"@poesiegalerie","twitter_misc":{"Verfasst von":"ried","Gesch\u00e4tzte Lesezeit":"2 Minuten"},"schema":{"@context":"https:\/\/schema.org","@graph":[{"@type":"Article","@id":"https:\/\/www.poesiegalerie.at\/wordpress\/2025\/11\/02\/trombohuwabone-eine-ernste-jandliade-von-bertl-muetter\/#article","isPartOf":{"@id":"https:\/\/www.poesiegalerie.at\/wordpress\/2025\/11\/02\/trombohuwabone-eine-ernste-jandliade-von-bertl-muetter\/"},"author":{"name":"ried","@id":"https:\/\/www.poesiegalerie.at\/wordpress\/#\/schema\/person\/0cc97ae77cc6a8f51d6aeb3d5836ea82"},"headline":"TROMBOHUWABONE. Eine ernste Jandliade. Von Bertl M\u00fctter am 6.11.","datePublished":"2025-11-02T18:12:37+00:00","dateModified":"2025-11-03T23:46:22+00:00","mainEntityOfPage":{"@id":"https:\/\/www.poesiegalerie.at\/wordpress\/2025\/11\/02\/trombohuwabone-eine-ernste-jandliade-von-bertl-muetter\/"},"wordCount":268,"publisher":{"@id":"https:\/\/www.poesiegalerie.at\/wordpress\/#organization"},"keywords":["Bertl M\u00fctter","Ernst Jandl","Poesiegalerie 2025"],"articleSection":["AKTUELLES","Poesiegalerie 2025"],"inLanguage":"de-DE"},{"@type":"WebPage","@id":"https:\/\/www.poesiegalerie.at\/wordpress\/2025\/11\/02\/trombohuwabone-eine-ernste-jandliade-von-bertl-muetter\/","url":"https:\/\/www.poesiegalerie.at\/wordpress\/2025\/11\/02\/trombohuwabone-eine-ernste-jandliade-von-bertl-muetter\/","name":"TROMBOHUWABONE. Eine ernste Jandliade. Von Bertl M\u00fctter am 6.11. - Poesiegalerie","isPartOf":{"@id":"https:\/\/www.poesiegalerie.at\/wordpress\/#website"},"datePublished":"2025-11-02T18:12:37+00:00","dateModified":"2025-11-03T23:46:22+00:00","description":"Der Posaunist Bertl M\u00fctter spielt bei der Poesiegalerie 2025 am 6.11. um 22:30 Uhr sein Programm TROMBOHUWABONE. Eine ernste Jandliade.","breadcrumb":{"@id":"https:\/\/www.poesiegalerie.at\/wordpress\/2025\/11\/02\/trombohuwabone-eine-ernste-jandliade-von-bertl-muetter\/#breadcrumb"},"inLanguage":"de-DE","potentialAction":[{"@type":"ReadAction","target":["https:\/\/www.poesiegalerie.at\/wordpress\/2025\/11\/02\/trombohuwabone-eine-ernste-jandliade-von-bertl-muetter\/"]}]},{"@type":"BreadcrumbList","@id":"https:\/\/www.poesiegalerie.at\/wordpress\/2025\/11\/02\/trombohuwabone-eine-ernste-jandliade-von-bertl-muetter\/#breadcrumb","itemListElement":[{"@type":"ListItem","position":1,"name":"Startseite","item":"https:\/\/www.poesiegalerie.at\/wordpress\/"},{"@type":"ListItem","position":2,"name":"TROMBOHUWABONE. Eine ernste Jandliade. Von Bertl M\u00fctter am 6.11."}]},{"@type":"WebSite","@id":"https:\/\/www.poesiegalerie.at\/wordpress\/#website","url":"https:\/\/www.poesiegalerie.at\/wordpress\/","name":"Poesiegalerie","description":"","publisher":{"@id":"https:\/\/www.poesiegalerie.at\/wordpress\/#organization"},"potentialAction":[{"@type":"SearchAction","target":{"@type":"EntryPoint","urlTemplate":"https:\/\/www.poesiegalerie.at\/wordpress\/?s={search_term_string}"},"query-input":"required name=search_term_string"}],"inLanguage":"de-DE"},{"@type":"Organization","@id":"https:\/\/www.poesiegalerie.at\/wordpress\/#organization","name":"Poesiegalerie","url":"https:\/\/www.poesiegalerie.at\/wordpress\/","logo":{"@type":"ImageObject","inLanguage":"de-DE","@id":"https:\/\/www.poesiegalerie.at\/wordpress\/#\/schema\/logo\/image\/","url":"https:\/\/www.poesiegalerie.at\/wordpress\/wp-content\/uploads\/2021\/01\/Logoquadrat-PG-1.png","contentUrl":"https:\/\/www.poesiegalerie.at\/wordpress\/wp-content\/uploads\/2021\/01\/Logoquadrat-PG-1.png","width":512,"height":512,"caption":"Poesiegalerie"},"image":{"@id":"https:\/\/www.poesiegalerie.at\/wordpress\/#\/schema\/logo\/image\/"},"sameAs":["https:\/\/facebook.com\/poesiegalerie","https:\/\/twitter.com\/poesiegalerie","https:\/\/instagram.com\/poesiegalerie","https:\/\/youtube.com\/channel\/UChHTsNTzMPzZpU8TfKP3dNQ"]},{"@type":"Person","@id":"https:\/\/www.poesiegalerie.at\/wordpress\/#\/schema\/person\/0cc97ae77cc6a8f51d6aeb3d5836ea82","name":"ried","image":{"@type":"ImageObject","inLanguage":"de-DE","@id":"https:\/\/www.poesiegalerie.at\/wordpress\/#\/schema\/person\/image\/","url":"https:\/\/secure.gravatar.com\/avatar\/fbcaf19fe4a175099f721f765e209713?s=96&d=mm&r=g","contentUrl":"https:\/\/secure.gravatar.com\/avatar\/fbcaf19fe4a175099f721f765e209713?s=96&d=mm&r=g","caption":"ried"},"url":"https:\/\/www.poesiegalerie.at\/wordpress\/author\/ried\/"}]}},"_links":{"self":[{"href":"https:\/\/www.poesiegalerie.at\/wordpress\/wp-json\/wp\/v2\/posts\/23117"}],"collection":[{"href":"https:\/\/www.poesiegalerie.at\/wordpress\/wp-json\/wp\/v2\/posts"}],"about":[{"href":"https:\/\/www.poesiegalerie.at\/wordpress\/wp-json\/wp\/v2\/types\/post"}],"author":[{"embeddable":true,"href":"https:\/\/www.poesiegalerie.at\/wordpress\/wp-json\/wp\/v2\/users\/1"}],"replies":[{"embeddable":true,"href":"https:\/\/www.poesiegalerie.at\/wordpress\/wp-json\/wp\/v2\/comments?post=23117"}],"version-history":[{"count":10,"href":"https:\/\/www.poesiegalerie.at\/wordpress\/wp-json\/wp\/v2\/posts\/23117\/revisions"}],"predecessor-version":[{"id":23186,"href":"https:\/\/www.poesiegalerie.at\/wordpress\/wp-json\/wp\/v2\/posts\/23117\/revisions\/23186"}],"wp:featuredmedia":[{"embeddable":true,"href":"https:\/\/www.poesiegalerie.at\/wordpress\/wp-json\/wp\/v2\/media\/23133"}],"wp:attachment":[{"href":"https:\/\/www.poesiegalerie.at\/wordpress\/wp-json\/wp\/v2\/media?parent=23117"}],"wp:term":[{"taxonomy":"category","embeddable":true,"href":"https:\/\/www.poesiegalerie.at\/wordpress\/wp-json\/wp\/v2\/categories?post=23117"},{"taxonomy":"post_tag","embeddable":true,"href":"https:\/\/www.poesiegalerie.at\/wordpress\/wp-json\/wp\/v2\/tags?post=23117"},{"taxonomy":"thb-sponsors","embeddable":true,"href":"https:\/\/www.poesiegalerie.at\/wordpress\/wp-json\/wp\/v2\/thb-sponsors?post=23117"}],"curies":[{"name":"wp","href":"https:\/\/api.w.org\/{rel}","templated":true}]}}