{"id":23848,"date":"2026-01-22T07:00:00","date_gmt":"2026-01-22T06:00:00","guid":{"rendered":"https:\/\/www.poesiegalerie.at\/wordpress\/?p=23848"},"modified":"2026-01-22T14:54:33","modified_gmt":"2026-01-22T13:54:33","slug":"variationen-ueber-etwas-etwasserfaelle-12","status":"publish","type":"post","link":"https:\/\/www.poesiegalerie.at\/wordpress\/2026\/01\/22\/variationen-ueber-etwas-etwasserfaelle-12\/","title":{"rendered":"Variationen \u00fcber ETWAS \/ etwasserf\u00e4lle 1+2"},"content":{"rendered":"\n<h3 class=\"wp-block-heading\"><a href=\"https:\/\/www.poesiegalerie.at\/wordpress\/autor%e2%80%91innen\/deewan-natalie\/\">Natalie Deewan<\/a><\/h3>\n\n\n\n<p class=\"has-medium-font-size\"><strong>Variationen \u00fcber ETWAS \/ etwasserf\u00e4lle 1+2<\/strong><\/p>\n\n\n\n<iframe loading=\"lazy\" title=\"vimeo-player\" src=\"https:\/\/player.vimeo.com\/video\/1155584865?h=9ed92e2a3f\" width=\"640\" height=\"360\" frameborder=\"0\" referrerpolicy=\"strict-origin-when-cross-origin\" allow=\"autoplay; fullscreen; picture-in-picture; clipboard-write; encrypted-media; web-share\"   allowfullscreen><\/iframe>\n\n\n\n<p>Sprachliche L\u00f6sung von Natalie Deewan <a href=\"http:\/\/www.heterotypia.net\/\" target=\"_blank\" rel=\"noreferrer noopener\">www.heterotypia.net<\/a><\/p>\n\n\n\n<div style=\"height:25px\" aria-hidden=\"true\" class=\"wp-block-spacer\"><\/div>\n\n\n\n<p><strong>Hinweis:<\/strong><\/p>\n\n\n\n<p><a href=\"https:\/\/alte-schmiede.at\/programm\/recital\/iraeume-fuer-notizeni-natalie-deewan-hartmut-abendschein-elza-javakhishvili\" target=\"_blank\" rel=\"noreferrer noopener\">Mo, 26.01.2026, 19.00 Uhr, Alte Schmiede<\/a>:<br>\u201er\u00e4ume f\u00fcr notizen\/\/logotopia\u201c:<br>Natalie Deewan, Hartmut Abendschein, Elza Javakhishvili<br>Moderation: J\u00f6rg Piringer<\/p>\n\n\n\n<p><a href=\"https:\/\/alte-schmiede.at\/programm\/recital\/iraeume-fuer-notizeni-laura-nussbaumer-max-hoefler-katalin-ladik\" target=\"_blank\" rel=\"noreferrer noopener\">Di, 27.01.2026, 19.00 Uhr, Kunsttankstelle Ottakring<\/a>:<br>Lesungen und Performances zur Vernissage:<br>Laura Nu\u00dfbaumer, Max H\u00f6fler, Katalin Ladik<br>Moderation: Renate Pittroff<\/p>\n\n\n\n<p>Ausstellung \u201er\u00e4ume f\u00fcr notizen\/\/logotopia\u201c mit Exponaten von Hartmut Abendschein, Tomomi Adachi, Volodymyr Bilyk, Peter Daniel, Natalie Deewan, Thomas Feuerstein, Max H\u00f6fler, Elza Javakhishvili, Thomas J. Jelinek, Katalin Ladik, Thomas Laubenberger-Pletzer, Delphine L\u00e9ger, Gertrude Moser-Wagner, Ulrich Nausner, Laura Nu\u00dfbaumer, J\u00f6rg Piringer, Renate Pittroff, Andreas Strauss, Christoph Theiler, G\u00fcnter Vallaster, Peter Paul Wiplinger, J\u00f6rg Zemmler<\/p>\n\n\n\n<p>Galerie wechselstrom, Grundsteing. 44-46, 1160 Wien:<br>Werke aus der druckgrafischen Sammlung der Galerie wechselstrom<\/p>\n\n\n\n<p>Arbeiten von Tomomi Adachi, Fernando Aguiar, Reed Altemus, Derek Beaulieu, Katja Beran, Armando Bertolli, Simon Biggs, Herwig Brunner, John Cauley, Natalia Fedorova, Heike Fiedler, Luc Fierens, Giovanni Fontana, Tim Gaze, Loss Pequeno Glazier, Christine Huber, Rozalie Hirs, Dirk HuelsTrunk, Jhave, Eduardo Kac, Julia Kaminskaja, Shelly Knotts, Barbara K\u00f6hler, M\u00e1rton Kopp\u00e1ny, Erika Kronabitter, Zuzana Husarova, Ragnhildur Johanns, Chris McCabe, Nick Montfort, J\u00fcrgen O. Olbrich, Ottar Omstad, Astra Papachristodoulou, Renate Pittroff, Gregor Pokorny, Angela Rawlings, Sophie Reyer, Hanne R\u00f6mer, Rosa Rueb, Valeri Scherstjanoi, Amatesh Shrivastava, Hartmut S\u00f6rgel, Shin Tanabe, Erik Tenzler, Christoph Theiler, Andrew Topel, Achim Wagner, Ted Warnell, Helen White, Andrea Z\u00e1mbori, Eric Zboya sowie eine Gemeinschaftsarbeit von Helmhart\/Jotakin et al.<br><br>Ausstellungser\u00f6ffnung um 18.00 Uhr<br>Ausstellungsdauer: Mi, 28.01.2026 \u2013 Sa, 07.02.2026, 16.00-20.00 Uhr<\/p>\n\n\n\n<p><a href=\"https:\/\/alte-schmiede.at\/programm\/recital\/partnerveranstaltung-iraeume-fuer-notizeni-gerhard-ruehm\" target=\"_blank\" rel=\"noreferrer noopener\">Fr, 30.01.2026, 20.00 Uhr, Kunsttankstelle Ottakring<\/a>:<br>Gerhard R\u00fchm: redeschwall nachtigall. poetische texte.<\/p>\n\n\n\n<p><a href=\"https:\/\/alte-schmiede.at\/programm\/recital\/iraeume-fuer-notizeni-logotopia-joerg-zemmler-volodymyr-bilyk\" target=\"_blank\" rel=\"noreferrer noopener\">Sa. 07.02.2024, 19.00 Uhr, Kunsttankstelle Ottakring<\/a>:<br>Lesungen und Performances zur Finissage:<br>J\u00f6rg Zemmler, Volodymyr Bilyk (Videobeitrag)<br>Moderation: G\u00fcnter Vallaster<\/p>\n\n\n\n<p>Kuratiert von Renate Pittroff, Christoph Theiler, J\u00f6rg Piringer, G\u00fcnter Vallaster<\/p>\n\n\n\n<figure class=\"wp-block-image size-large\"><a href=\"https:\/\/www.poesiegalerie.at\/wordpress\/wp-content\/uploads\/2026\/01\/flyer_rfn_26_01.jpg\" class=\"mfp-image\"><img decoding=\"async\" loading=\"lazy\" width=\"1024\" height=\"498\" src=\"data:image\/gif;base64,R0lGODlhAQABAAAAACH5BAEKAAEALAAAAAABAAEAAAICTAEAOw==\" data-src=\"https:\/\/www.poesiegalerie.at\/wordpress\/wp-content\/uploads\/2026\/01\/flyer_rfn_26_01-1024x498.jpg\" alt=\"\" class=\"wp-image-23851 lazyload\" data-sizes=\"auto\" data-srcset=\"https:\/\/www.poesiegalerie.at\/wordpress\/wp-content\/uploads\/2026\/01\/flyer_rfn_26_01-1024x498.jpg 1024w, https:\/\/www.poesiegalerie.at\/wordpress\/wp-content\/uploads\/2026\/01\/flyer_rfn_26_01-300x146.jpg 300w, https:\/\/www.poesiegalerie.at\/wordpress\/wp-content\/uploads\/2026\/01\/flyer_rfn_26_01-150x73.jpg 150w, https:\/\/www.poesiegalerie.at\/wordpress\/wp-content\/uploads\/2026\/01\/flyer_rfn_26_01-768x373.jpg 768w, https:\/\/www.poesiegalerie.at\/wordpress\/wp-content\/uploads\/2026\/01\/flyer_rfn_26_01-370x180.jpg 370w, https:\/\/www.poesiegalerie.at\/wordpress\/wp-content\/uploads\/2026\/01\/flyer_rfn_26_01-800x389.jpg 800w, https:\/\/www.poesiegalerie.at\/wordpress\/wp-content\/uploads\/2026\/01\/flyer_rfn_26_01-740x360.jpg 740w, https:\/\/www.poesiegalerie.at\/wordpress\/wp-content\/uploads\/2026\/01\/flyer_rfn_26_01-20x10.jpg 20w, https:\/\/www.poesiegalerie.at\/wordpress\/wp-content\/uploads\/2026\/01\/flyer_rfn_26_01-600x292.jpg 600w, https:\/\/www.poesiegalerie.at\/wordpress\/wp-content\/uploads\/2026\/01\/flyer_rfn_26_01-99x48.jpg 99w\" sizes=\"(max-width: 1024px) 100vw, 1024px\" \/><\/a><\/figure>\n\n\n\n<div style=\"height:25px\" aria-hidden=\"true\" class=\"wp-block-spacer\"><\/div>\n\n\n\n<figure class=\"wp-block-image size-large\"><a href=\"https:\/\/www.poesiegalerie.at\/wordpress\/wp-content\/uploads\/2026\/01\/flyer_rfn_26_02.jpg\" class=\"mfp-image\"><img decoding=\"async\" loading=\"lazy\" width=\"1024\" height=\"498\" src=\"data:image\/gif;base64,R0lGODlhAQABAAAAACH5BAEKAAEALAAAAAABAAEAAAICTAEAOw==\" data-src=\"https:\/\/www.poesiegalerie.at\/wordpress\/wp-content\/uploads\/2026\/01\/flyer_rfn_26_02-1024x498.jpg\" alt=\"\" class=\"wp-image-23852 lazyload\" data-sizes=\"auto\" data-srcset=\"https:\/\/www.poesiegalerie.at\/wordpress\/wp-content\/uploads\/2026\/01\/flyer_rfn_26_02-1024x498.jpg 1024w, https:\/\/www.poesiegalerie.at\/wordpress\/wp-content\/uploads\/2026\/01\/flyer_rfn_26_02-300x146.jpg 300w, https:\/\/www.poesiegalerie.at\/wordpress\/wp-content\/uploads\/2026\/01\/flyer_rfn_26_02-150x73.jpg 150w, https:\/\/www.poesiegalerie.at\/wordpress\/wp-content\/uploads\/2026\/01\/flyer_rfn_26_02-768x373.jpg 768w, https:\/\/www.poesiegalerie.at\/wordpress\/wp-content\/uploads\/2026\/01\/flyer_rfn_26_02-370x180.jpg 370w, https:\/\/www.poesiegalerie.at\/wordpress\/wp-content\/uploads\/2026\/01\/flyer_rfn_26_02-800x389.jpg 800w, https:\/\/www.poesiegalerie.at\/wordpress\/wp-content\/uploads\/2026\/01\/flyer_rfn_26_02-740x360.jpg 740w, https:\/\/www.poesiegalerie.at\/wordpress\/wp-content\/uploads\/2026\/01\/flyer_rfn_26_02-20x10.jpg 20w, https:\/\/www.poesiegalerie.at\/wordpress\/wp-content\/uploads\/2026\/01\/flyer_rfn_26_02-600x292.jpg 600w, https:\/\/www.poesiegalerie.at\/wordpress\/wp-content\/uploads\/2026\/01\/flyer_rfn_26_02-99x48.jpg 99w\" sizes=\"(max-width: 1024px) 100vw, 1024px\" \/><\/a><\/figure>\n\n\n\n<div style=\"height:25px\" aria-hidden=\"true\" class=\"wp-block-spacer\"><\/div>\n\n\n\n<div class=\"wp-block-media-text alignwide is-stacked-on-mobile\" style=\"grid-template-columns:28% auto\"><figure class=\"wp-block-media-text__media\"><img decoding=\"async\" loading=\"lazy\" width=\"691\" height=\"1024\" src=\"data:image\/gif;base64,R0lGODlhAQABAAAAACH5BAEKAAEALAAAAAABAAEAAAICTAEAOw==\" data-src=\"https:\/\/www.poesiegalerie.at\/wordpress\/wp-content\/uploads\/2026\/01\/Cover-Bolyos-Deewan-Der-lange-Winter-der-Migration-691x1024.jpg\" alt=\"\" class=\"wp-image-23853 size-full lazyload\" data-sizes=\"auto\" data-srcset=\"https:\/\/www.poesiegalerie.at\/wordpress\/wp-content\/uploads\/2026\/01\/Cover-Bolyos-Deewan-Der-lange-Winter-der-Migration-691x1024.jpg 691w, https:\/\/www.poesiegalerie.at\/wordpress\/wp-content\/uploads\/2026\/01\/Cover-Bolyos-Deewan-Der-lange-Winter-der-Migration-202x300.jpg 202w, https:\/\/www.poesiegalerie.at\/wordpress\/wp-content\/uploads\/2026\/01\/Cover-Bolyos-Deewan-Der-lange-Winter-der-Migration-101x150.jpg 101w, https:\/\/www.poesiegalerie.at\/wordpress\/wp-content\/uploads\/2026\/01\/Cover-Bolyos-Deewan-Der-lange-Winter-der-Migration-370x549.jpg 370w, https:\/\/www.poesiegalerie.at\/wordpress\/wp-content\/uploads\/2026\/01\/Cover-Bolyos-Deewan-Der-lange-Winter-der-Migration-20x30.jpg 20w, https:\/\/www.poesiegalerie.at\/wordpress\/wp-content\/uploads\/2026\/01\/Cover-Bolyos-Deewan-Der-lange-Winter-der-Migration-600x890.jpg 600w, https:\/\/www.poesiegalerie.at\/wordpress\/wp-content\/uploads\/2026\/01\/Cover-Bolyos-Deewan-Der-lange-Winter-der-Migration-32x48.jpg 32w\" sizes=\"(max-width: 691px) 100vw, 691px\" \/><\/figure><div class=\"wp-block-media-text__content\">\n<p class=\"has-medium-font-size\">Zuletzt erschien von <a href=\"https:\/\/www.poesiegalerie.at\/wordpress\/autor%e2%80%91innen\/deewan-natalie\/\">Natalie Deewan<\/a> als Herausgeberin gemeinsam mit Lisa Boylos: <em><a href=\"https:\/\/korrekturverlag.com\/titel\/der-lange-winter-der-migration\/\" target=\"_blank\" rel=\"noreferrer noopener\">Der lange Winter der Migration. Erz\u00e4hlungen, Comedy, Essays<\/a><\/em>. Mit Texten von Rasha Abbas, Hamed Abboud, Pooyan Moghaddassi, Widad Nabi, Asiyeh Panahi und Jad Turjman. Korrektur Verlag \/ pen austria, Mattighofen 2025. 272 Seiten. Euro 25,-<\/p>\n<\/div><\/div>\n","protected":false},"excerpt":{"rendered":"<p>Gedicht von heute:<br \/>\nNatalie Deewan<br \/>\n\u201eVariationen \u00fcber ETWAS \/ etwasserf\u00e4lle 1+2\u201c<\/p>\n","protected":false},"author":7,"featured_media":9623,"comment_status":"closed","ping_status":"closed","sticky":false,"template":"","format":"standard","meta":[],"categories":[105,280,154],"tags":[449],"thb-sponsors":[],"yoast_head":"<!-- This site is optimized with the Yoast SEO plugin v20.6 - https:\/\/yoast.com\/wordpress\/plugins\/seo\/ -->\n<title>Variationen \u00fcber ETWAS \/ etwasserf\u00e4lle 1+2 - Poesiegalerie<\/title>\n<meta name=\"description\" content=\"Gedicht von heute: Natalie Deewan \u201eVariationen \u00fcber ETWAS \/ etwasserf\u00e4lle 1+2\u201c\" \/>\n<meta name=\"robots\" content=\"index, follow, max-snippet:-1, max-image-preview:large, max-video-preview:-1\" \/>\n<link rel=\"canonical\" href=\"https:\/\/www.poesiegalerie.at\/wordpress\/2026\/01\/22\/variationen-ueber-etwas-etwasserfaelle-12\/\" \/>\n<meta property=\"og:locale\" content=\"de_DE\" \/>\n<meta property=\"og:type\" content=\"article\" \/>\n<meta property=\"og:title\" content=\"Variationen \u00fcber ETWAS \/ etwasserf\u00e4lle 1+2 - Poesiegalerie\" \/>\n<meta property=\"og:description\" content=\"Gedicht von heute: Natalie Deewan \u201eVariationen \u00fcber ETWAS \/ etwasserf\u00e4lle 1+2\u201c\" \/>\n<meta property=\"og:url\" content=\"https:\/\/www.poesiegalerie.at\/wordpress\/2026\/01\/22\/variationen-ueber-etwas-etwasserfaelle-12\/\" \/>\n<meta property=\"og:site_name\" content=\"Poesiegalerie\" \/>\n<meta property=\"article:publisher\" content=\"https:\/\/facebook.com\/poesiegalerie\" \/>\n<meta property=\"article:published_time\" content=\"2026-01-22T06:00:00+00:00\" \/>\n<meta property=\"article:modified_time\" content=\"2026-01-22T13:54:33+00:00\" \/>\n<meta property=\"og:image\" content=\"https:\/\/www.poesiegalerie.at\/wordpress\/wp-content\/uploads\/2022\/02\/ND-Foto-2016-N-humanic-cut.jpg\" \/>\n\t<meta property=\"og:image:width\" content=\"1282\" \/>\n\t<meta property=\"og:image:height\" content=\"1289\" \/>\n\t<meta property=\"og:image:type\" content=\"image\/jpeg\" \/>\n<meta name=\"author\" content=\"G\u00fcnter Vallaster\" \/>\n<meta name=\"twitter:card\" content=\"summary_large_image\" \/>\n<meta name=\"twitter:creator\" content=\"@poesiegalerie\" \/>\n<meta name=\"twitter:site\" content=\"@poesiegalerie\" \/>\n<meta name=\"twitter:label1\" content=\"Verfasst von\" \/>\n\t<meta name=\"twitter:data1\" content=\"G\u00fcnter Vallaster\" \/>\n\t<meta name=\"twitter:label2\" content=\"Gesch\u00e4tzte Lesezeit\" \/>\n\t<meta name=\"twitter:data2\" content=\"3 Minuten\" \/>\n<script type=\"application\/ld+json\" class=\"yoast-schema-graph\">{\"@context\":\"https:\/\/schema.org\",\"@graph\":[{\"@type\":\"Article\",\"@id\":\"https:\/\/www.poesiegalerie.at\/wordpress\/2026\/01\/22\/variationen-ueber-etwas-etwasserfaelle-12\/#article\",\"isPartOf\":{\"@id\":\"https:\/\/www.poesiegalerie.at\/wordpress\/2026\/01\/22\/variationen-ueber-etwas-etwasserfaelle-12\/\"},\"author\":{\"name\":\"G\u00fcnter Vallaster\",\"@id\":\"https:\/\/www.poesiegalerie.at\/wordpress\/#\/schema\/person\/0a2f6c66a849463b4e476ca460b8e372\"},\"headline\":\"Variationen \u00fcber ETWAS \/ etwasserf\u00e4lle 1+2\",\"datePublished\":\"2026-01-22T06:00:00+00:00\",\"dateModified\":\"2026-01-22T13:54:33+00:00\",\"mainEntityOfPage\":{\"@id\":\"https:\/\/www.poesiegalerie.at\/wordpress\/2026\/01\/22\/variationen-ueber-etwas-etwasserfaelle-12\/\"},\"wordCount\":346,\"publisher\":{\"@id\":\"https:\/\/www.poesiegalerie.at\/wordpress\/#organization\"},\"keywords\":[\"Natalie Deewan\"],\"articleSection\":[\"AUSGESTELLT\",\"Gedicht von heute\",\"Transmediale Poesiegalerie\"],\"inLanguage\":\"de-DE\"},{\"@type\":\"WebPage\",\"@id\":\"https:\/\/www.poesiegalerie.at\/wordpress\/2026\/01\/22\/variationen-ueber-etwas-etwasserfaelle-12\/\",\"url\":\"https:\/\/www.poesiegalerie.at\/wordpress\/2026\/01\/22\/variationen-ueber-etwas-etwasserfaelle-12\/\",\"name\":\"Variationen \u00fcber ETWAS \/ etwasserf\u00e4lle 1+2 - Poesiegalerie\",\"isPartOf\":{\"@id\":\"https:\/\/www.poesiegalerie.at\/wordpress\/#website\"},\"datePublished\":\"2026-01-22T06:00:00+00:00\",\"dateModified\":\"2026-01-22T13:54:33+00:00\",\"description\":\"Gedicht von heute: Natalie Deewan \u201eVariationen \u00fcber ETWAS \/ etwasserf\u00e4lle 1+2\u201c\",\"breadcrumb\":{\"@id\":\"https:\/\/www.poesiegalerie.at\/wordpress\/2026\/01\/22\/variationen-ueber-etwas-etwasserfaelle-12\/#breadcrumb\"},\"inLanguage\":\"de-DE\",\"potentialAction\":[{\"@type\":\"ReadAction\",\"target\":[\"https:\/\/www.poesiegalerie.at\/wordpress\/2026\/01\/22\/variationen-ueber-etwas-etwasserfaelle-12\/\"]}]},{\"@type\":\"BreadcrumbList\",\"@id\":\"https:\/\/www.poesiegalerie.at\/wordpress\/2026\/01\/22\/variationen-ueber-etwas-etwasserfaelle-12\/#breadcrumb\",\"itemListElement\":[{\"@type\":\"ListItem\",\"position\":1,\"name\":\"Startseite\",\"item\":\"https:\/\/www.poesiegalerie.at\/wordpress\/\"},{\"@type\":\"ListItem\",\"position\":2,\"name\":\"Variationen \u00fcber ETWAS \/ etwasserf\u00e4lle 1+2\"}]},{\"@type\":\"WebSite\",\"@id\":\"https:\/\/www.poesiegalerie.at\/wordpress\/#website\",\"url\":\"https:\/\/www.poesiegalerie.at\/wordpress\/\",\"name\":\"Poesiegalerie\",\"description\":\"\",\"publisher\":{\"@id\":\"https:\/\/www.poesiegalerie.at\/wordpress\/#organization\"},\"potentialAction\":[{\"@type\":\"SearchAction\",\"target\":{\"@type\":\"EntryPoint\",\"urlTemplate\":\"https:\/\/www.poesiegalerie.at\/wordpress\/?s={search_term_string}\"},\"query-input\":\"required name=search_term_string\"}],\"inLanguage\":\"de-DE\"},{\"@type\":\"Organization\",\"@id\":\"https:\/\/www.poesiegalerie.at\/wordpress\/#organization\",\"name\":\"Poesiegalerie\",\"url\":\"https:\/\/www.poesiegalerie.at\/wordpress\/\",\"logo\":{\"@type\":\"ImageObject\",\"inLanguage\":\"de-DE\",\"@id\":\"https:\/\/www.poesiegalerie.at\/wordpress\/#\/schema\/logo\/image\/\",\"url\":\"https:\/\/www.poesiegalerie.at\/wordpress\/wp-content\/uploads\/2021\/01\/Logoquadrat-PG-1.png\",\"contentUrl\":\"https:\/\/www.poesiegalerie.at\/wordpress\/wp-content\/uploads\/2021\/01\/Logoquadrat-PG-1.png\",\"width\":512,\"height\":512,\"caption\":\"Poesiegalerie\"},\"image\":{\"@id\":\"https:\/\/www.poesiegalerie.at\/wordpress\/#\/schema\/logo\/image\/\"},\"sameAs\":[\"https:\/\/facebook.com\/poesiegalerie\",\"https:\/\/twitter.com\/poesiegalerie\",\"https:\/\/instagram.com\/poesiegalerie\",\"https:\/\/youtube.com\/channel\/UChHTsNTzMPzZpU8TfKP3dNQ\"]},{\"@type\":\"Person\",\"@id\":\"https:\/\/www.poesiegalerie.at\/wordpress\/#\/schema\/person\/0a2f6c66a849463b4e476ca460b8e372\",\"name\":\"G\u00fcnter Vallaster\",\"image\":{\"@type\":\"ImageObject\",\"inLanguage\":\"de-DE\",\"@id\":\"https:\/\/www.poesiegalerie.at\/wordpress\/#\/schema\/person\/image\/\",\"url\":\"https:\/\/secure.gravatar.com\/avatar\/99fed093812e772cf9d822311080d4ec?s=96&d=mm&r=g\",\"contentUrl\":\"https:\/\/secure.gravatar.com\/avatar\/99fed093812e772cf9d822311080d4ec?s=96&d=mm&r=g\",\"caption\":\"G\u00fcnter Vallaster\"},\"url\":\"https:\/\/www.poesiegalerie.at\/wordpress\/author\/guenter-vallaster\/\"}]}<\/script>\n<!-- \/ Yoast SEO plugin. -->","yoast_head_json":{"title":"Variationen \u00fcber ETWAS \/ etwasserf\u00e4lle 1+2 - Poesiegalerie","description":"Gedicht von heute: Natalie Deewan \u201eVariationen \u00fcber ETWAS \/ etwasserf\u00e4lle 1+2\u201c","robots":{"index":"index","follow":"follow","max-snippet":"max-snippet:-1","max-image-preview":"max-image-preview:large","max-video-preview":"max-video-preview:-1"},"canonical":"https:\/\/www.poesiegalerie.at\/wordpress\/2026\/01\/22\/variationen-ueber-etwas-etwasserfaelle-12\/","og_locale":"de_DE","og_type":"article","og_title":"Variationen \u00fcber ETWAS \/ etwasserf\u00e4lle 1+2 - Poesiegalerie","og_description":"Gedicht von heute: Natalie Deewan \u201eVariationen \u00fcber ETWAS \/ etwasserf\u00e4lle 1+2\u201c","og_url":"https:\/\/www.poesiegalerie.at\/wordpress\/2026\/01\/22\/variationen-ueber-etwas-etwasserfaelle-12\/","og_site_name":"Poesiegalerie","article_publisher":"https:\/\/facebook.com\/poesiegalerie","article_published_time":"2026-01-22T06:00:00+00:00","article_modified_time":"2026-01-22T13:54:33+00:00","og_image":[{"width":1282,"height":1289,"url":"https:\/\/www.poesiegalerie.at\/wordpress\/wp-content\/uploads\/2022\/02\/ND-Foto-2016-N-humanic-cut.jpg","type":"image\/jpeg"}],"author":"G\u00fcnter Vallaster","twitter_card":"summary_large_image","twitter_creator":"@poesiegalerie","twitter_site":"@poesiegalerie","twitter_misc":{"Verfasst von":"G\u00fcnter Vallaster","Gesch\u00e4tzte Lesezeit":"3 Minuten"},"schema":{"@context":"https:\/\/schema.org","@graph":[{"@type":"Article","@id":"https:\/\/www.poesiegalerie.at\/wordpress\/2026\/01\/22\/variationen-ueber-etwas-etwasserfaelle-12\/#article","isPartOf":{"@id":"https:\/\/www.poesiegalerie.at\/wordpress\/2026\/01\/22\/variationen-ueber-etwas-etwasserfaelle-12\/"},"author":{"name":"G\u00fcnter Vallaster","@id":"https:\/\/www.poesiegalerie.at\/wordpress\/#\/schema\/person\/0a2f6c66a849463b4e476ca460b8e372"},"headline":"Variationen \u00fcber ETWAS \/ etwasserf\u00e4lle 1+2","datePublished":"2026-01-22T06:00:00+00:00","dateModified":"2026-01-22T13:54:33+00:00","mainEntityOfPage":{"@id":"https:\/\/www.poesiegalerie.at\/wordpress\/2026\/01\/22\/variationen-ueber-etwas-etwasserfaelle-12\/"},"wordCount":346,"publisher":{"@id":"https:\/\/www.poesiegalerie.at\/wordpress\/#organization"},"keywords":["Natalie Deewan"],"articleSection":["AUSGESTELLT","Gedicht von heute","Transmediale Poesiegalerie"],"inLanguage":"de-DE"},{"@type":"WebPage","@id":"https:\/\/www.poesiegalerie.at\/wordpress\/2026\/01\/22\/variationen-ueber-etwas-etwasserfaelle-12\/","url":"https:\/\/www.poesiegalerie.at\/wordpress\/2026\/01\/22\/variationen-ueber-etwas-etwasserfaelle-12\/","name":"Variationen \u00fcber ETWAS \/ etwasserf\u00e4lle 1+2 - Poesiegalerie","isPartOf":{"@id":"https:\/\/www.poesiegalerie.at\/wordpress\/#website"},"datePublished":"2026-01-22T06:00:00+00:00","dateModified":"2026-01-22T13:54:33+00:00","description":"Gedicht von heute: Natalie Deewan \u201eVariationen \u00fcber ETWAS \/ etwasserf\u00e4lle 1+2\u201c","breadcrumb":{"@id":"https:\/\/www.poesiegalerie.at\/wordpress\/2026\/01\/22\/variationen-ueber-etwas-etwasserfaelle-12\/#breadcrumb"},"inLanguage":"de-DE","potentialAction":[{"@type":"ReadAction","target":["https:\/\/www.poesiegalerie.at\/wordpress\/2026\/01\/22\/variationen-ueber-etwas-etwasserfaelle-12\/"]}]},{"@type":"BreadcrumbList","@id":"https:\/\/www.poesiegalerie.at\/wordpress\/2026\/01\/22\/variationen-ueber-etwas-etwasserfaelle-12\/#breadcrumb","itemListElement":[{"@type":"ListItem","position":1,"name":"Startseite","item":"https:\/\/www.poesiegalerie.at\/wordpress\/"},{"@type":"ListItem","position":2,"name":"Variationen \u00fcber ETWAS \/ etwasserf\u00e4lle 1+2"}]},{"@type":"WebSite","@id":"https:\/\/www.poesiegalerie.at\/wordpress\/#website","url":"https:\/\/www.poesiegalerie.at\/wordpress\/","name":"Poesiegalerie","description":"","publisher":{"@id":"https:\/\/www.poesiegalerie.at\/wordpress\/#organization"},"potentialAction":[{"@type":"SearchAction","target":{"@type":"EntryPoint","urlTemplate":"https:\/\/www.poesiegalerie.at\/wordpress\/?s={search_term_string}"},"query-input":"required name=search_term_string"}],"inLanguage":"de-DE"},{"@type":"Organization","@id":"https:\/\/www.poesiegalerie.at\/wordpress\/#organization","name":"Poesiegalerie","url":"https:\/\/www.poesiegalerie.at\/wordpress\/","logo":{"@type":"ImageObject","inLanguage":"de-DE","@id":"https:\/\/www.poesiegalerie.at\/wordpress\/#\/schema\/logo\/image\/","url":"https:\/\/www.poesiegalerie.at\/wordpress\/wp-content\/uploads\/2021\/01\/Logoquadrat-PG-1.png","contentUrl":"https:\/\/www.poesiegalerie.at\/wordpress\/wp-content\/uploads\/2021\/01\/Logoquadrat-PG-1.png","width":512,"height":512,"caption":"Poesiegalerie"},"image":{"@id":"https:\/\/www.poesiegalerie.at\/wordpress\/#\/schema\/logo\/image\/"},"sameAs":["https:\/\/facebook.com\/poesiegalerie","https:\/\/twitter.com\/poesiegalerie","https:\/\/instagram.com\/poesiegalerie","https:\/\/youtube.com\/channel\/UChHTsNTzMPzZpU8TfKP3dNQ"]},{"@type":"Person","@id":"https:\/\/www.poesiegalerie.at\/wordpress\/#\/schema\/person\/0a2f6c66a849463b4e476ca460b8e372","name":"G\u00fcnter Vallaster","image":{"@type":"ImageObject","inLanguage":"de-DE","@id":"https:\/\/www.poesiegalerie.at\/wordpress\/#\/schema\/person\/image\/","url":"https:\/\/secure.gravatar.com\/avatar\/99fed093812e772cf9d822311080d4ec?s=96&d=mm&r=g","contentUrl":"https:\/\/secure.gravatar.com\/avatar\/99fed093812e772cf9d822311080d4ec?s=96&d=mm&r=g","caption":"G\u00fcnter Vallaster"},"url":"https:\/\/www.poesiegalerie.at\/wordpress\/author\/guenter-vallaster\/"}]}},"_links":{"self":[{"href":"https:\/\/www.poesiegalerie.at\/wordpress\/wp-json\/wp\/v2\/posts\/23848"}],"collection":[{"href":"https:\/\/www.poesiegalerie.at\/wordpress\/wp-json\/wp\/v2\/posts"}],"about":[{"href":"https:\/\/www.poesiegalerie.at\/wordpress\/wp-json\/wp\/v2\/types\/post"}],"author":[{"embeddable":true,"href":"https:\/\/www.poesiegalerie.at\/wordpress\/wp-json\/wp\/v2\/users\/7"}],"replies":[{"embeddable":true,"href":"https:\/\/www.poesiegalerie.at\/wordpress\/wp-json\/wp\/v2\/comments?post=23848"}],"version-history":[{"count":9,"href":"https:\/\/www.poesiegalerie.at\/wordpress\/wp-json\/wp\/v2\/posts\/23848\/revisions"}],"predecessor-version":[{"id":23872,"href":"https:\/\/www.poesiegalerie.at\/wordpress\/wp-json\/wp\/v2\/posts\/23848\/revisions\/23872"}],"wp:featuredmedia":[{"embeddable":true,"href":"https:\/\/www.poesiegalerie.at\/wordpress\/wp-json\/wp\/v2\/media\/9623"}],"wp:attachment":[{"href":"https:\/\/www.poesiegalerie.at\/wordpress\/wp-json\/wp\/v2\/media?parent=23848"}],"wp:term":[{"taxonomy":"category","embeddable":true,"href":"https:\/\/www.poesiegalerie.at\/wordpress\/wp-json\/wp\/v2\/categories?post=23848"},{"taxonomy":"post_tag","embeddable":true,"href":"https:\/\/www.poesiegalerie.at\/wordpress\/wp-json\/wp\/v2\/tags?post=23848"},{"taxonomy":"thb-sponsors","embeddable":true,"href":"https:\/\/www.poesiegalerie.at\/wordpress\/wp-json\/wp\/v2\/thb-sponsors?post=23848"}],"curies":[{"name":"wp","href":"https:\/\/api.w.org\/{rel}","templated":true}]}}