{"id":24235,"date":"2026-04-30T07:00:00","date_gmt":"2026-04-30T05:00:00","guid":{"rendered":"https:\/\/www.poesiegalerie.at\/wordpress\/?p=24235"},"modified":"2026-04-09T15:52:55","modified_gmt":"2026-04-09T13:52:55","slug":"48er-dramenblech","status":"publish","type":"post","link":"https:\/\/www.poesiegalerie.at\/wordpress\/2026\/04\/30\/48er-dramenblech\/","title":{"rendered":"48er Dramenblech"},"content":{"rendered":"\n<h3 class=\"wp-block-heading\"><a href=\"https:\/\/www.poesiegalerie.at\/wordpress\/autor%e2%80%91innen\/endlicher-michael\/\">Michael Endlicher<\/a><\/h3>\n\n\n\n<p class=\"has-medium-font-size\"><strong>48er Dramenblech<\/strong><\/p>\n\n\n\n<figure class=\"wp-block-image size-large\"><a href=\"https:\/\/www.poesiegalerie.at\/wordpress\/wp-content\/uploads\/2026\/04\/48err-Dramenblech_SBT_Endlicher.jpg\" class=\"mfp-image\"><img decoding=\"async\" loading=\"lazy\" width=\"760\" height=\"1024\" src=\"data:image\/gif;base64,R0lGODlhAQABAAAAACH5BAEKAAEALAAAAAABAAEAAAICTAEAOw==\" data-src=\"https:\/\/www.poesiegalerie.at\/wordpress\/wp-content\/uploads\/2026\/04\/48err-Dramenblech_SBT_Endlicher-760x1024.jpg\" alt=\"\" class=\"wp-image-24222 lazyload\" data-sizes=\"auto\" data-srcset=\"https:\/\/www.poesiegalerie.at\/wordpress\/wp-content\/uploads\/2026\/04\/48err-Dramenblech_SBT_Endlicher-760x1024.jpg 760w, https:\/\/www.poesiegalerie.at\/wordpress\/wp-content\/uploads\/2026\/04\/48err-Dramenblech_SBT_Endlicher-223x300.jpg 223w, https:\/\/www.poesiegalerie.at\/wordpress\/wp-content\/uploads\/2026\/04\/48err-Dramenblech_SBT_Endlicher-111x150.jpg 111w, https:\/\/www.poesiegalerie.at\/wordpress\/wp-content\/uploads\/2026\/04\/48err-Dramenblech_SBT_Endlicher-370x498.jpg 370w, https:\/\/www.poesiegalerie.at\/wordpress\/wp-content\/uploads\/2026\/04\/48err-Dramenblech_SBT_Endlicher-740x997.jpg 740w, https:\/\/www.poesiegalerie.at\/wordpress\/wp-content\/uploads\/2026\/04\/48err-Dramenblech_SBT_Endlicher-20x27.jpg 20w, https:\/\/www.poesiegalerie.at\/wordpress\/wp-content\/uploads\/2026\/04\/48err-Dramenblech_SBT_Endlicher-600x808.jpg 600w, https:\/\/www.poesiegalerie.at\/wordpress\/wp-content\/uploads\/2026\/04\/48err-Dramenblech_SBT_Endlicher-36x48.jpg 36w\" sizes=\"(max-width: 760px) 100vw, 760px\" \/><\/a><\/figure>\n\n\n\n<p class=\"has-text-align-right has-small-font-size\">gepr\u00e4gtes Aluminiumblech, 40 x 30 cm, 1+1, 2021<\/p>\n\n\n\n<div style=\"height:25px\" aria-hidden=\"true\" class=\"wp-block-spacer\"><\/div>\n\n\n\n<p>Jedem Buchstaben entspricht aufgrund seiner Position&nbsp;im Alphabet ein Zahlenwert: A = 1, B = 2, C = 3 &#8230; Z = 26. Summiert man die einzelnen Buchstabenwerte in W\u00f6rtern, ergibt sich f\u00fcr jedes Wort eine bestimmte Zahl. Die Dramenbleche greifen dieses archaische Prinzip auf und schreiben Wortverwandtschaften fest, die gleichzeitig determiniert und willk\u00fcrlich sind: Jedes Blech enth\u00e4lt drei Worte und den f\u00fcr alle drei g\u00fcltigen Zahlenwert. Es entstehen narrative Strukturen, die vergessen machen, dass hier vorgegebenes Sprachmaterial mathematisch kombiniert wird.&nbsp;<\/p>\n\n\n\n<p><em>Ungew\u00f6hnliche, aber nachweisbare Relationen &#8211; als Metapher f\u00fcr Wissenschaft, f\u00fcr Theorie, f\u00fcr Zusammenh\u00e4nge &#8211; werden in einpr\u00e4gsamer Weise auf Blechschildern zu Bildern konzentriert. Ein Suchen, Finden, Begreifen bildet sich ab. Endlicher misstraut der Schrift, der Sprache, dem Bild, auch der propagierten Devise, die Welt sei \u201elesbar\u201c. Es geht um Pr\u00e4zision der Wahrnehmung, um rationales Erfassen von Verborgenem, das f\u00fcr ein Weiterdenken offen bleibt<\/em>. (Christian Reder, in: Michael Endlicher, linguistic turns, 2005)<\/p>\n\n\n\n<div style=\"height:25px\" aria-hidden=\"true\" class=\"wp-block-spacer\"><\/div>\n\n\n\n<div class=\"wp-block-media-text alignwide is-stacked-on-mobile\" style=\"grid-template-columns:28% auto\"><figure class=\"wp-block-media-text__media\"><img decoding=\"async\" loading=\"lazy\" width=\"640\" height=\"820\" src=\"data:image\/gif;base64,R0lGODlhAQABAAAAACH5BAEKAAEALAAAAAABAAEAAAICTAEAOw==\" data-src=\"https:\/\/www.poesiegalerie.at\/wordpress\/wp-content\/uploads\/2026\/04\/Cover_Endlicher_Zeichen_setzen.jpg\" alt=\"\" class=\"wp-image-24234 size-full lazyload\" data-sizes=\"auto\" data-srcset=\"https:\/\/www.poesiegalerie.at\/wordpress\/wp-content\/uploads\/2026\/04\/Cover_Endlicher_Zeichen_setzen.jpg 640w, https:\/\/www.poesiegalerie.at\/wordpress\/wp-content\/uploads\/2026\/04\/Cover_Endlicher_Zeichen_setzen-234x300.jpg 234w, https:\/\/www.poesiegalerie.at\/wordpress\/wp-content\/uploads\/2026\/04\/Cover_Endlicher_Zeichen_setzen-117x150.jpg 117w, https:\/\/www.poesiegalerie.at\/wordpress\/wp-content\/uploads\/2026\/04\/Cover_Endlicher_Zeichen_setzen-370x474.jpg 370w, https:\/\/www.poesiegalerie.at\/wordpress\/wp-content\/uploads\/2026\/04\/Cover_Endlicher_Zeichen_setzen-20x26.jpg 20w, https:\/\/www.poesiegalerie.at\/wordpress\/wp-content\/uploads\/2026\/04\/Cover_Endlicher_Zeichen_setzen-600x769.jpg 600w, https:\/\/www.poesiegalerie.at\/wordpress\/wp-content\/uploads\/2026\/04\/Cover_Endlicher_Zeichen_setzen-37x48.jpg 37w\" sizes=\"(max-width: 640px) 100vw, 640px\" \/><\/figure><div class=\"wp-block-media-text__content\">\n<p class=\"has-medium-font-size\">Zuletzt erschien von <a href=\"https:\/\/www.poesiegalerie.at\/wordpress\/autor%e2%80%91innen\/endlicher-michael\/\">Michael Endlicher<\/a>: <a href=\"https:\/\/eremitageamkamp.at\/index.php\/en\/edition\/backlist\/michael-endlicher-zeichen-setzen\" target=\"_blank\" rel=\"noreferrer noopener\">Zeichen setzen \/ Setting Signs<\/a>. Edition&nbsp;Eremitage am Kamp, P\u00f6lla 2023. 112 Seiten. Euro 28,-<\/p>\n<\/div><\/div>\n","protected":false},"excerpt":{"rendered":"<p>Gedicht von heute:<br \/>\nMichael Endlicher<br \/>\n\u201e48er Dramenblech\u201c<\/p>\n","protected":false},"author":7,"featured_media":24225,"comment_status":"closed","ping_status":"closed","sticky":false,"template":"","format":"standard","meta":[],"categories":[105,280,154],"tags":[706],"thb-sponsors":[],"yoast_head":"<!-- This site is optimized with the Yoast SEO plugin v20.6 - https:\/\/yoast.com\/wordpress\/plugins\/seo\/ -->\n<title>48er Dramenblech - Poesiegalerie<\/title>\n<meta name=\"description\" content=\"Gedicht von heute: Michael Endlicher \u201e48er Dramenblech\u201c\" \/>\n<meta name=\"robots\" content=\"index, follow, max-snippet:-1, max-image-preview:large, max-video-preview:-1\" \/>\n<link rel=\"canonical\" href=\"https:\/\/www.poesiegalerie.at\/wordpress\/2026\/04\/30\/48er-dramenblech\/\" \/>\n<meta property=\"og:locale\" content=\"de_DE\" \/>\n<meta property=\"og:type\" content=\"article\" \/>\n<meta property=\"og:title\" content=\"48er Dramenblech - Poesiegalerie\" \/>\n<meta property=\"og:description\" content=\"Gedicht von heute: Michael Endlicher \u201e48er Dramenblech\u201c\" \/>\n<meta property=\"og:url\" content=\"https:\/\/www.poesiegalerie.at\/wordpress\/2026\/04\/30\/48er-dramenblech\/\" \/>\n<meta property=\"og:site_name\" content=\"Poesiegalerie\" \/>\n<meta property=\"article:publisher\" content=\"https:\/\/facebook.com\/poesiegalerie\" \/>\n<meta property=\"article:published_time\" content=\"2026-04-30T05:00:00+00:00\" \/>\n<meta property=\"article:modified_time\" content=\"2026-04-09T13:52:55+00:00\" \/>\n<meta property=\"og:image\" content=\"https:\/\/www.poesiegalerie.at\/wordpress\/wp-content\/uploads\/2026\/04\/MichaelEndlicher_c_Eva_Kelety.jpg\" \/>\n\t<meta property=\"og:image:width\" content=\"1382\" \/>\n\t<meta property=\"og:image:height\" content=\"1689\" \/>\n\t<meta property=\"og:image:type\" content=\"image\/jpeg\" \/>\n<meta name=\"author\" content=\"G\u00fcnter Vallaster\" \/>\n<meta name=\"twitter:card\" content=\"summary_large_image\" \/>\n<meta name=\"twitter:creator\" content=\"@poesiegalerie\" \/>\n<meta name=\"twitter:site\" content=\"@poesiegalerie\" \/>\n<meta name=\"twitter:label1\" content=\"Verfasst von\" \/>\n\t<meta name=\"twitter:data1\" content=\"G\u00fcnter Vallaster\" \/>\n\t<meta name=\"twitter:label2\" content=\"Gesch\u00e4tzte Lesezeit\" \/>\n\t<meta name=\"twitter:data2\" content=\"2 Minuten\" \/>\n<script type=\"application\/ld+json\" class=\"yoast-schema-graph\">{\"@context\":\"https:\/\/schema.org\",\"@graph\":[{\"@type\":\"Article\",\"@id\":\"https:\/\/www.poesiegalerie.at\/wordpress\/2026\/04\/30\/48er-dramenblech\/#article\",\"isPartOf\":{\"@id\":\"https:\/\/www.poesiegalerie.at\/wordpress\/2026\/04\/30\/48er-dramenblech\/\"},\"author\":{\"name\":\"G\u00fcnter Vallaster\",\"@id\":\"https:\/\/www.poesiegalerie.at\/wordpress\/#\/schema\/person\/0a2f6c66a849463b4e476ca460b8e372\"},\"headline\":\"48er Dramenblech\",\"datePublished\":\"2026-04-30T05:00:00+00:00\",\"dateModified\":\"2026-04-09T13:52:55+00:00\",\"mainEntityOfPage\":{\"@id\":\"https:\/\/www.poesiegalerie.at\/wordpress\/2026\/04\/30\/48er-dramenblech\/\"},\"wordCount\":187,\"publisher\":{\"@id\":\"https:\/\/www.poesiegalerie.at\/wordpress\/#organization\"},\"keywords\":[\"Michael Endlicher\"],\"articleSection\":[\"AUSGESTELLT\",\"Gedicht von heute\",\"Transmediale Poesiegalerie\"],\"inLanguage\":\"de-DE\"},{\"@type\":\"WebPage\",\"@id\":\"https:\/\/www.poesiegalerie.at\/wordpress\/2026\/04\/30\/48er-dramenblech\/\",\"url\":\"https:\/\/www.poesiegalerie.at\/wordpress\/2026\/04\/30\/48er-dramenblech\/\",\"name\":\"48er Dramenblech - Poesiegalerie\",\"isPartOf\":{\"@id\":\"https:\/\/www.poesiegalerie.at\/wordpress\/#website\"},\"datePublished\":\"2026-04-30T05:00:00+00:00\",\"dateModified\":\"2026-04-09T13:52:55+00:00\",\"description\":\"Gedicht von heute: Michael Endlicher \u201e48er Dramenblech\u201c\",\"breadcrumb\":{\"@id\":\"https:\/\/www.poesiegalerie.at\/wordpress\/2026\/04\/30\/48er-dramenblech\/#breadcrumb\"},\"inLanguage\":\"de-DE\",\"potentialAction\":[{\"@type\":\"ReadAction\",\"target\":[\"https:\/\/www.poesiegalerie.at\/wordpress\/2026\/04\/30\/48er-dramenblech\/\"]}]},{\"@type\":\"BreadcrumbList\",\"@id\":\"https:\/\/www.poesiegalerie.at\/wordpress\/2026\/04\/30\/48er-dramenblech\/#breadcrumb\",\"itemListElement\":[{\"@type\":\"ListItem\",\"position\":1,\"name\":\"Startseite\",\"item\":\"https:\/\/www.poesiegalerie.at\/wordpress\/\"},{\"@type\":\"ListItem\",\"position\":2,\"name\":\"48er Dramenblech\"}]},{\"@type\":\"WebSite\",\"@id\":\"https:\/\/www.poesiegalerie.at\/wordpress\/#website\",\"url\":\"https:\/\/www.poesiegalerie.at\/wordpress\/\",\"name\":\"Poesiegalerie\",\"description\":\"\",\"publisher\":{\"@id\":\"https:\/\/www.poesiegalerie.at\/wordpress\/#organization\"},\"potentialAction\":[{\"@type\":\"SearchAction\",\"target\":{\"@type\":\"EntryPoint\",\"urlTemplate\":\"https:\/\/www.poesiegalerie.at\/wordpress\/?s={search_term_string}\"},\"query-input\":\"required name=search_term_string\"}],\"inLanguage\":\"de-DE\"},{\"@type\":\"Organization\",\"@id\":\"https:\/\/www.poesiegalerie.at\/wordpress\/#organization\",\"name\":\"Poesiegalerie\",\"url\":\"https:\/\/www.poesiegalerie.at\/wordpress\/\",\"logo\":{\"@type\":\"ImageObject\",\"inLanguage\":\"de-DE\",\"@id\":\"https:\/\/www.poesiegalerie.at\/wordpress\/#\/schema\/logo\/image\/\",\"url\":\"https:\/\/www.poesiegalerie.at\/wordpress\/wp-content\/uploads\/2021\/01\/Logoquadrat-PG-1.png\",\"contentUrl\":\"https:\/\/www.poesiegalerie.at\/wordpress\/wp-content\/uploads\/2021\/01\/Logoquadrat-PG-1.png\",\"width\":512,\"height\":512,\"caption\":\"Poesiegalerie\"},\"image\":{\"@id\":\"https:\/\/www.poesiegalerie.at\/wordpress\/#\/schema\/logo\/image\/\"},\"sameAs\":[\"https:\/\/facebook.com\/poesiegalerie\",\"https:\/\/twitter.com\/poesiegalerie\",\"https:\/\/instagram.com\/poesiegalerie\",\"https:\/\/youtube.com\/channel\/UChHTsNTzMPzZpU8TfKP3dNQ\"]},{\"@type\":\"Person\",\"@id\":\"https:\/\/www.poesiegalerie.at\/wordpress\/#\/schema\/person\/0a2f6c66a849463b4e476ca460b8e372\",\"name\":\"G\u00fcnter Vallaster\",\"image\":{\"@type\":\"ImageObject\",\"inLanguage\":\"de-DE\",\"@id\":\"https:\/\/www.poesiegalerie.at\/wordpress\/#\/schema\/person\/image\/\",\"url\":\"https:\/\/secure.gravatar.com\/avatar\/99fed093812e772cf9d822311080d4ec?s=96&d=mm&r=g\",\"contentUrl\":\"https:\/\/secure.gravatar.com\/avatar\/99fed093812e772cf9d822311080d4ec?s=96&d=mm&r=g\",\"caption\":\"G\u00fcnter Vallaster\"},\"url\":\"https:\/\/www.poesiegalerie.at\/wordpress\/author\/guenter-vallaster\/\"}]}<\/script>\n<!-- \/ Yoast SEO plugin. -->","yoast_head_json":{"title":"48er Dramenblech - Poesiegalerie","description":"Gedicht von heute: Michael Endlicher \u201e48er Dramenblech\u201c","robots":{"index":"index","follow":"follow","max-snippet":"max-snippet:-1","max-image-preview":"max-image-preview:large","max-video-preview":"max-video-preview:-1"},"canonical":"https:\/\/www.poesiegalerie.at\/wordpress\/2026\/04\/30\/48er-dramenblech\/","og_locale":"de_DE","og_type":"article","og_title":"48er Dramenblech - Poesiegalerie","og_description":"Gedicht von heute: Michael Endlicher \u201e48er Dramenblech\u201c","og_url":"https:\/\/www.poesiegalerie.at\/wordpress\/2026\/04\/30\/48er-dramenblech\/","og_site_name":"Poesiegalerie","article_publisher":"https:\/\/facebook.com\/poesiegalerie","article_published_time":"2026-04-30T05:00:00+00:00","article_modified_time":"2026-04-09T13:52:55+00:00","og_image":[{"width":1382,"height":1689,"url":"https:\/\/www.poesiegalerie.at\/wordpress\/wp-content\/uploads\/2026\/04\/MichaelEndlicher_c_Eva_Kelety.jpg","type":"image\/jpeg"}],"author":"G\u00fcnter Vallaster","twitter_card":"summary_large_image","twitter_creator":"@poesiegalerie","twitter_site":"@poesiegalerie","twitter_misc":{"Verfasst von":"G\u00fcnter Vallaster","Gesch\u00e4tzte Lesezeit":"2 Minuten"},"schema":{"@context":"https:\/\/schema.org","@graph":[{"@type":"Article","@id":"https:\/\/www.poesiegalerie.at\/wordpress\/2026\/04\/30\/48er-dramenblech\/#article","isPartOf":{"@id":"https:\/\/www.poesiegalerie.at\/wordpress\/2026\/04\/30\/48er-dramenblech\/"},"author":{"name":"G\u00fcnter Vallaster","@id":"https:\/\/www.poesiegalerie.at\/wordpress\/#\/schema\/person\/0a2f6c66a849463b4e476ca460b8e372"},"headline":"48er Dramenblech","datePublished":"2026-04-30T05:00:00+00:00","dateModified":"2026-04-09T13:52:55+00:00","mainEntityOfPage":{"@id":"https:\/\/www.poesiegalerie.at\/wordpress\/2026\/04\/30\/48er-dramenblech\/"},"wordCount":187,"publisher":{"@id":"https:\/\/www.poesiegalerie.at\/wordpress\/#organization"},"keywords":["Michael Endlicher"],"articleSection":["AUSGESTELLT","Gedicht von heute","Transmediale Poesiegalerie"],"inLanguage":"de-DE"},{"@type":"WebPage","@id":"https:\/\/www.poesiegalerie.at\/wordpress\/2026\/04\/30\/48er-dramenblech\/","url":"https:\/\/www.poesiegalerie.at\/wordpress\/2026\/04\/30\/48er-dramenblech\/","name":"48er Dramenblech - Poesiegalerie","isPartOf":{"@id":"https:\/\/www.poesiegalerie.at\/wordpress\/#website"},"datePublished":"2026-04-30T05:00:00+00:00","dateModified":"2026-04-09T13:52:55+00:00","description":"Gedicht von heute: Michael Endlicher \u201e48er Dramenblech\u201c","breadcrumb":{"@id":"https:\/\/www.poesiegalerie.at\/wordpress\/2026\/04\/30\/48er-dramenblech\/#breadcrumb"},"inLanguage":"de-DE","potentialAction":[{"@type":"ReadAction","target":["https:\/\/www.poesiegalerie.at\/wordpress\/2026\/04\/30\/48er-dramenblech\/"]}]},{"@type":"BreadcrumbList","@id":"https:\/\/www.poesiegalerie.at\/wordpress\/2026\/04\/30\/48er-dramenblech\/#breadcrumb","itemListElement":[{"@type":"ListItem","position":1,"name":"Startseite","item":"https:\/\/www.poesiegalerie.at\/wordpress\/"},{"@type":"ListItem","position":2,"name":"48er Dramenblech"}]},{"@type":"WebSite","@id":"https:\/\/www.poesiegalerie.at\/wordpress\/#website","url":"https:\/\/www.poesiegalerie.at\/wordpress\/","name":"Poesiegalerie","description":"","publisher":{"@id":"https:\/\/www.poesiegalerie.at\/wordpress\/#organization"},"potentialAction":[{"@type":"SearchAction","target":{"@type":"EntryPoint","urlTemplate":"https:\/\/www.poesiegalerie.at\/wordpress\/?s={search_term_string}"},"query-input":"required name=search_term_string"}],"inLanguage":"de-DE"},{"@type":"Organization","@id":"https:\/\/www.poesiegalerie.at\/wordpress\/#organization","name":"Poesiegalerie","url":"https:\/\/www.poesiegalerie.at\/wordpress\/","logo":{"@type":"ImageObject","inLanguage":"de-DE","@id":"https:\/\/www.poesiegalerie.at\/wordpress\/#\/schema\/logo\/image\/","url":"https:\/\/www.poesiegalerie.at\/wordpress\/wp-content\/uploads\/2021\/01\/Logoquadrat-PG-1.png","contentUrl":"https:\/\/www.poesiegalerie.at\/wordpress\/wp-content\/uploads\/2021\/01\/Logoquadrat-PG-1.png","width":512,"height":512,"caption":"Poesiegalerie"},"image":{"@id":"https:\/\/www.poesiegalerie.at\/wordpress\/#\/schema\/logo\/image\/"},"sameAs":["https:\/\/facebook.com\/poesiegalerie","https:\/\/twitter.com\/poesiegalerie","https:\/\/instagram.com\/poesiegalerie","https:\/\/youtube.com\/channel\/UChHTsNTzMPzZpU8TfKP3dNQ"]},{"@type":"Person","@id":"https:\/\/www.poesiegalerie.at\/wordpress\/#\/schema\/person\/0a2f6c66a849463b4e476ca460b8e372","name":"G\u00fcnter Vallaster","image":{"@type":"ImageObject","inLanguage":"de-DE","@id":"https:\/\/www.poesiegalerie.at\/wordpress\/#\/schema\/person\/image\/","url":"https:\/\/secure.gravatar.com\/avatar\/99fed093812e772cf9d822311080d4ec?s=96&d=mm&r=g","contentUrl":"https:\/\/secure.gravatar.com\/avatar\/99fed093812e772cf9d822311080d4ec?s=96&d=mm&r=g","caption":"G\u00fcnter Vallaster"},"url":"https:\/\/www.poesiegalerie.at\/wordpress\/author\/guenter-vallaster\/"}]}},"_links":{"self":[{"href":"https:\/\/www.poesiegalerie.at\/wordpress\/wp-json\/wp\/v2\/posts\/24235"}],"collection":[{"href":"https:\/\/www.poesiegalerie.at\/wordpress\/wp-json\/wp\/v2\/posts"}],"about":[{"href":"https:\/\/www.poesiegalerie.at\/wordpress\/wp-json\/wp\/v2\/types\/post"}],"author":[{"embeddable":true,"href":"https:\/\/www.poesiegalerie.at\/wordpress\/wp-json\/wp\/v2\/users\/7"}],"replies":[{"embeddable":true,"href":"https:\/\/www.poesiegalerie.at\/wordpress\/wp-json\/wp\/v2\/comments?post=24235"}],"version-history":[{"count":5,"href":"https:\/\/www.poesiegalerie.at\/wordpress\/wp-json\/wp\/v2\/posts\/24235\/revisions"}],"predecessor-version":[{"id":24243,"href":"https:\/\/www.poesiegalerie.at\/wordpress\/wp-json\/wp\/v2\/posts\/24235\/revisions\/24243"}],"wp:featuredmedia":[{"embeddable":true,"href":"https:\/\/www.poesiegalerie.at\/wordpress\/wp-json\/wp\/v2\/media\/24225"}],"wp:attachment":[{"href":"https:\/\/www.poesiegalerie.at\/wordpress\/wp-json\/wp\/v2\/media?parent=24235"}],"wp:term":[{"taxonomy":"category","embeddable":true,"href":"https:\/\/www.poesiegalerie.at\/wordpress\/wp-json\/wp\/v2\/categories?post=24235"},{"taxonomy":"post_tag","embeddable":true,"href":"https:\/\/www.poesiegalerie.at\/wordpress\/wp-json\/wp\/v2\/tags?post=24235"},{"taxonomy":"thb-sponsors","embeddable":true,"href":"https:\/\/www.poesiegalerie.at\/wordpress\/wp-json\/wp\/v2\/thb-sponsors?post=24235"}],"curies":[{"name":"wp","href":"https:\/\/api.w.org\/{rel}","templated":true}]}}