{"id":24338,"date":"2026-04-22T07:00:00","date_gmt":"2026-04-22T05:00:00","guid":{"rendered":"https:\/\/www.poesiegalerie.at\/wordpress\/?p=24338"},"modified":"2026-04-16T20:26:49","modified_gmt":"2026-04-16T18:26:49","slug":"dabic-besprechung-unbestechliche-stadtbeobachterin-hochsouveraene-poetin","status":"publish","type":"post","link":"https:\/\/www.poesiegalerie.at\/wordpress\/2026\/04\/22\/dabic-besprechung-unbestechliche-stadtbeobachterin-hochsouveraene-poetin\/","title":{"rendered":"Unbestechliche Stadtbeobachterin, hochsouver\u00e4ne Poetin\u00a0"},"content":{"rendered":"\n<p class=\"has-medium-font-size\"><a href=\"https:\/\/www.poesiegalerie.at\/wordpress\/autor%e2%80%91innen\/dabic-jelena\/\" target=\"_blank\" rel=\"noreferrer noopener\">Jelena Dabic<\/a> liest Chris Lauers\u00a0<em>Ortsaufl\u00f6sung<\/em><\/p>\n\n\n\n<hr class=\"wp-block-separator has-alpha-channel-opacity\"\/>\n\n\n\n<div class=\"wp-block-media-text is-stacked-on-mobile\" style=\"grid-template-columns:37% auto\"><figure class=\"wp-block-media-text__media\"><img decoding=\"async\" loading=\"lazy\" width=\"640\" height=\"1024\" src=\"data:image\/gif;base64,R0lGODlhAQABAAAAACH5BAEKAAEALAAAAAABAAEAAAICTAEAOw==\" data-src=\"https:\/\/www.poesiegalerie.at\/wordpress\/wp-content\/uploads\/2026\/04\/Cover-Ortsaufloesung-Chris-Lauer-640x1024.jpeg\" alt=\"\" class=\"wp-image-24341 size-full lazyload\" data-sizes=\"auto\" data-srcset=\"https:\/\/www.poesiegalerie.at\/wordpress\/wp-content\/uploads\/2026\/04\/Cover-Ortsaufloesung-Chris-Lauer-640x1024.jpeg 640w, https:\/\/www.poesiegalerie.at\/wordpress\/wp-content\/uploads\/2026\/04\/Cover-Ortsaufloesung-Chris-Lauer-188x300.jpeg 188w, https:\/\/www.poesiegalerie.at\/wordpress\/wp-content\/uploads\/2026\/04\/Cover-Ortsaufloesung-Chris-Lauer-94x150.jpeg 94w, https:\/\/www.poesiegalerie.at\/wordpress\/wp-content\/uploads\/2026\/04\/Cover-Ortsaufloesung-Chris-Lauer-370x592.jpeg 370w, https:\/\/www.poesiegalerie.at\/wordpress\/wp-content\/uploads\/2026\/04\/Cover-Ortsaufloesung-Chris-Lauer-20x32.jpeg 20w, https:\/\/www.poesiegalerie.at\/wordpress\/wp-content\/uploads\/2026\/04\/Cover-Ortsaufloesung-Chris-Lauer-600x960.jpeg 600w, https:\/\/www.poesiegalerie.at\/wordpress\/wp-content\/uploads\/2026\/04\/Cover-Ortsaufloesung-Chris-Lauer-30x48.jpeg 30w\" sizes=\"(max-width: 640px) 100vw, 640px\" \/><\/figure><div class=\"wp-block-media-text__content\">\n<p>Der Name Chris Lauer d\u00fcrfte der aufmerksamen Lyrikleserin, dem bestinformierten Lyrikleser schon einmal untergekommen sein. Bei der Rezensentin ist das der Fall. Und es kann vermutet werden, dass die junge Autorin, die aus Luxemburg stammt und in Freiburg studiert hat, sehr bald noch deutlich mehr Lesenden ein Begriff sein wird. Nach dem aktuellen Band beim Limbus Verlag kann dar\u00fcber eigentlich kein Zweifel bestehen.\u00a0<\/p>\n\n\n\n<p class=\"has-small-font-size\">Cover \u00a9 Limbus Lyrik<\/p>\n<\/div><\/div>\n\n\n\n<p>Lauers Erstling ist ebenfalls bei Limbus erschienen:\u00a0<em>Gut verr\u00e4umte Sternschnuppen<\/em>\u00a0(2023); und sein Titel gibt schon ein wenig von Lauers Poetik preis.\u00a0<em>Ortsaufl\u00f6sungen\u00a0<\/em>ist aber auch ein sehr gut gew\u00e4hlter Titel, spielen doch verschiedenste Orte und die dort angestellten Beobachtungen durch ein \u00e4u\u00dferst aufmerksames und oft kritisches lyrisches Ich die zentrale Rolle in diesen Gedichten. Nicht zuf\u00e4llig tragen mehrere Texte Titel, die einen Ort bezeichnen oder andeuten: \u201eTiergehege\u201c, \u201eNaherholungsgebiet\u201c, \u201eMuseum\u201c, \u201eElsass\u201c oder \u201eFranzosenviertel\u201c. Besonders in der ersten H\u00e4lfte des Bandes f\u00e4llt auf, dass ebendiese Orte \u2013 ob explizit genannt oder nicht \u2013 oft von vielen Personen bev\u00f6lkert sind. D\u00fcrfte dies damit zusammenh\u00e4ngen, dass Chris Lauer neben Germanistik auch Soziologie studiert hat? Hier beobachtet jemand, allein oder in Gesellschaft, andere Leute, und das nicht selten kritisch oder mit leisem Spott. Dieser kann jeden treffen; einmal sind es beispielsweise Menschen mit einer altersunabh\u00e4ngigen Schrulligkeit:\u00a0<\/p>\n\n\n\n<pre class=\"wp-block-verse\">Eine Ehefrau sammelt Fliegenpilze im Wald, \r\nKeiner fragt, warum. Ihre Freundin \r\n\u00c4ngstigt ihre Tochter, sagt: Die Maulwurfsh\u00fcgel\r\nIm Garten, mein Schatz, sind die H\u00f6cker\r\nVerscharrter Dromedare. \r<\/pre>\n\n\n\n<h4 class=\"wp-block-heading\"><strong>Sp\u00f6ttische Beobachterin<\/strong><\/h4>\n\n\n\n<p>Selbstverst\u00e4ndlich folgt eine surreale Verfremdung jeder scheinbar allt\u00e4glichen Situation auf dem Fu\u00df: \u201eVon dem Zwischenziel aus erreicht \/ Man fu\u00dfl\u00e4ufig einen anderen Planeten.\u201c Auch die super-effiziente Do-it-yourself-Mentalit\u00e4t, edles Bio-Essen, bestimmte Jugendkulturen und der Umgang mit erneuerbaren Energien bekommen verl\u00e4sslich ihr Fett ab; zuweilen scheint hier schon zu viel Spott auf. Kompensiert wird das alles jedoch mit sehr feinen Verschl\u00fcsselungen, Verr\u00e4tselungen, surrealen Momenten, versteckten Hinweisen (auf einen Mord etwa oder eine Zigarettenmarke). Lauer versteht es ausgezeichnet, die beobachteten Szenen (und Menschen) gewisserma\u00dfen lyriktauglich zu verfremden, aus den Beobachtungen \u00fcberhaupt erst lyrische Szenen zu zaubern.&nbsp;<\/p>\n\n\n\n<p>W\u00e4hrend es im ersten Drittel der Texte fast schon zu sehr um Menschen und Menschengemachtes geht, findet die Autorin sp\u00e4ter zu mehr Ruhe, Naturbetrachtung und Kontemplation \u2013 den Motiven, die sich auch der Lyrikkenner des 21. Jahrhunderts bewusst wie unbewusst w\u00fcnscht. Das Gedicht \u201eHerkunft\u201c ist ein treffendes Beispiel:<\/p>\n\n\n\n<pre class=\"wp-block-verse\">Strichelnder Hagel. Ein sich entlang \r\nDer Sch\u00e4delnaht des Rieds\r\nH\u00e4utender Atem, \r\nEin verlang-\r\nSamter Puls, der in die Erde sickert.  \r\n \r\n\u00dcber dem Wanderpfad\r\nDas wehende Skelett eines Blatts: \r\nBlaupause eines Ameisenh\u00fcgels,\r\nIn die Wolken gebaut.  \r<\/pre>\n\n\n\n<p>Solche hochpoetischen bis melancholischen Miniaturen \u00fcber stille Landschaften oder verlassen wirkende Ecken einer Stadt geh\u00f6ren zu den st\u00e4rksten Texten des Bandes \u2013 wobei der Band an starken, hochartifiziellen Texten reich ist und man jene, die nicht so gelungen sind, an den Fingern einer Hand abz\u00e4hlen kann. Selbstverst\u00e4ndlich sind auch die Gedichte mit der Natur als Betrachtungsobjekt ebenso meisterhaft verschl\u00fcsselt und voller interessanter, eigenwilliger bis gewagter Metaphern. Auff\u00e4llig ist im \u00dcbrigen, dass \u2013 auf den ganzen Band verteilt \u2013 gewisse Motive und Settings wiederholt vorkommen und f\u00fcr die Autorin offenbar von Bedeutung sind: zoologische G\u00e4rten, \u00fcberhaupt die Tierwelt (\u201eTiergehege\u201c), Medizin, insbesondere die Reproduktionsmedizin (\u201eOozyten\u201c) sowie Naturwissenschaften und ihre Begriffe allgemein, etwa Astronomie und die Raumfahrt (\u201eKurztrip\u201c). Immer wieder baut Lauer Wort- und Begriffsspielereien in diese ebenso originellen wie gegenwartskritischen Texte ein.&nbsp;<\/p>\n\n\n\n<h3 class=\"wp-block-heading\"><strong>Ein Feuerwerk an Einf\u00e4llen\u00a0<\/strong><\/h3>\n\n\n\n<p>Als eigene Kategorie ist eine Reihe von Langzeilengedichten etwa in der Mitte des Bandes auszumachen, die wohl auch die gr\u00f6\u00dfte Aufmerksamkeit beim Lesen erfordern. In manchen dieser Texte arbeitet die Autorin mit Alliterationen oder spielt mit dem Gleichklang semantisch unterschiedlicher W\u00f6rter; auch sonst spielt sie sehr gerne mit Begriffen und ihrer Verwendung in jeweils unterschiedlichen Kontexten. Auch hier reicht die Palette der Motive von (manchmal d\u00fcsteren) Stadtlandschaften bis hin zum Weltraum, Schlagw\u00f6rter wie Klimawandel und Bienensterben kommen in realer, noch \u00f6fter aber in sp\u00f6ttischer Nennung mehrfach zur Sprache. Auch in diesen eventuell als Erz\u00e4hlgedichte zu bezeichnenden Texten sind immer wieder bizarre Szenerien zu finden: Es k\u00f6nnen Momente einer seltsamen Zweisamkeit sein oder eine r\u00e4tselhafte, unbegreifliche Winterstimmung, meist mit Menschen, die surreale Handlungen vollf\u00fchren.&nbsp;<\/p>\n\n\n\n<p>Schlie\u00dflich sind noch Gedichte zur erw\u00e4hnen, die offenbar auf Schreib-Residencies entstanden sind (in Senegal oder irgendwo an einer mediterranen K\u00fcste) und das poetische Schreiben selbst thematisieren, etwa die Suche nach Metaphern und lyrischen Bildern, auf die sich zwei Schreibende gemeinsam machen. Selbst hier kann es die findige Autorin nicht lassen, einen sp\u00f6ttischen Ton anzuschlagen. Und damit sind noch nicht alle Kategorien dieses eigentlich recht umfangreichen Bandes genannt, zumal sich diese hochkomplexen Texte jeder oberfl\u00e4chlichen oder schnellen Lekt\u00fcre konsequent verweigern.&nbsp;<\/p>\n\n\n\n<p>Christ Lauers Lyrik ist ein Feuerwerk an Einf\u00e4llen, ihre Texte \u00fcberraschen immer wieder aufs Neue und verstehen es da und dort auch zu provozieren. Von dieser Autorin wird in den n\u00e4chsten Jahren noch viel zu h\u00f6ren sein.&nbsp;<\/p>\n\n\n\n<hr class=\"wp-block-separator has-alpha-channel-opacity\"\/>\n\n\n\n<p class=\"has-medium-font-size\"><strong>Chris Lauer:\u00a0<a href=\"https:\/\/www.limbusverlag.at\/buecher\/ortsaufloesung\/\" target=\"_blank\" rel=\"noreferrer noopener\"><em>Ortsaufl\u00f6sung. Gedichte<\/em>.<\/a> Limbus, Innsbruck \u2013 Wien, 2026. 96 Seiten. Euro 15,-<\/strong><\/p>\n","protected":false},"excerpt":{"rendered":"<p>Besprechung: &#8222;Unbestechliche Stadtbeobachterin, hochsouver\u00e4ne Poetin\u00a0&#8222;-Jelena Dabic liest Chris Lauers Ortsaufl\u00f6sung f\u00fcr die Poesiegalerie<\/p>\n","protected":false},"author":13,"featured_media":24341,"comment_status":"closed","ping_status":"closed","sticky":false,"template":"","format":"standard","meta":[],"categories":[107],"tags":[293],"thb-sponsors":[],"yoast_head":"<!-- This site is optimized with the Yoast SEO plugin v20.6 - https:\/\/yoast.com\/wordpress\/plugins\/seo\/ -->\n<title>Unbestechliche Stadtbeobachterin, hochsouver\u00e4ne Poetin\u00a0 - Poesiegalerie<\/title>\n<meta name=\"description\" content=\"Besprechung: &quot;Unbestechliche Stadtbeobachterin, hochsouver\u00e4ne Poetin\u00a0&quot;-Jelena Dabic liest Chris Lauers Ortsaufl\u00f6sung f\u00fcr die Poesiegalerie\" \/>\n<meta name=\"robots\" content=\"index, follow, max-snippet:-1, max-image-preview:large, max-video-preview:-1\" \/>\n<link rel=\"canonical\" href=\"https:\/\/www.poesiegalerie.at\/wordpress\/2026\/04\/22\/dabic-besprechung-unbestechliche-stadtbeobachterin-hochsouveraene-poetin\/\" \/>\n<meta property=\"og:locale\" content=\"de_DE\" \/>\n<meta property=\"og:type\" content=\"article\" \/>\n<meta property=\"og:title\" content=\"Unbestechliche Stadtbeobachterin, hochsouver\u00e4ne Poetin\u00a0 - Poesiegalerie\" \/>\n<meta property=\"og:description\" content=\"Besprechung: &quot;Unbestechliche Stadtbeobachterin, hochsouver\u00e4ne Poetin\u00a0&quot;-Jelena Dabic liest Chris Lauers Ortsaufl\u00f6sung f\u00fcr die Poesiegalerie\" \/>\n<meta property=\"og:url\" content=\"https:\/\/www.poesiegalerie.at\/wordpress\/2026\/04\/22\/dabic-besprechung-unbestechliche-stadtbeobachterin-hochsouveraene-poetin\/\" \/>\n<meta property=\"og:site_name\" content=\"Poesiegalerie\" \/>\n<meta property=\"article:publisher\" content=\"https:\/\/facebook.com\/poesiegalerie\" \/>\n<meta property=\"article:published_time\" content=\"2026-04-22T05:00:00+00:00\" \/>\n<meta property=\"article:modified_time\" content=\"2026-04-16T18:26:49+00:00\" \/>\n<meta property=\"og:image\" content=\"https:\/\/www.poesiegalerie.at\/wordpress\/wp-content\/uploads\/2026\/04\/Cover-Ortsaufloesung-Chris-Lauer.jpeg\" \/>\n\t<meta property=\"og:image:width\" content=\"644\" \/>\n\t<meta property=\"og:image:height\" content=\"1030\" \/>\n\t<meta property=\"og:image:type\" content=\"image\/jpeg\" \/>\n<meta name=\"author\" content=\"Amabelle K\u00fcng\" \/>\n<meta name=\"twitter:card\" content=\"summary_large_image\" \/>\n<meta name=\"twitter:creator\" content=\"@poesiegalerie\" \/>\n<meta name=\"twitter:site\" content=\"@poesiegalerie\" \/>\n<meta name=\"twitter:label1\" content=\"Verfasst von\" \/>\n\t<meta name=\"twitter:data1\" content=\"Amabelle K\u00fcng\" \/>\n\t<meta name=\"twitter:label2\" content=\"Gesch\u00e4tzte Lesezeit\" \/>\n\t<meta name=\"twitter:data2\" content=\"5 Minuten\" \/>\n<script type=\"application\/ld+json\" class=\"yoast-schema-graph\">{\"@context\":\"https:\/\/schema.org\",\"@graph\":[{\"@type\":\"Article\",\"@id\":\"https:\/\/www.poesiegalerie.at\/wordpress\/2026\/04\/22\/dabic-besprechung-unbestechliche-stadtbeobachterin-hochsouveraene-poetin\/#article\",\"isPartOf\":{\"@id\":\"https:\/\/www.poesiegalerie.at\/wordpress\/2026\/04\/22\/dabic-besprechung-unbestechliche-stadtbeobachterin-hochsouveraene-poetin\/\"},\"author\":{\"name\":\"Amabelle K\u00fcng\",\"@id\":\"https:\/\/www.poesiegalerie.at\/wordpress\/#\/schema\/person\/26491478846b58135cab83779a6f85f6\"},\"headline\":\"Unbestechliche Stadtbeobachterin, hochsouver\u00e4ne Poetin\u00a0\",\"datePublished\":\"2026-04-22T05:00:00+00:00\",\"dateModified\":\"2026-04-16T18:26:49+00:00\",\"mainEntityOfPage\":{\"@id\":\"https:\/\/www.poesiegalerie.at\/wordpress\/2026\/04\/22\/dabic-besprechung-unbestechliche-stadtbeobachterin-hochsouveraene-poetin\/\"},\"wordCount\":795,\"publisher\":{\"@id\":\"https:\/\/www.poesiegalerie.at\/wordpress\/#organization\"},\"keywords\":[\"Jelena Dabic\"],\"articleSection\":[\"BESPRECHUNGEN\"],\"inLanguage\":\"de-DE\"},{\"@type\":\"WebPage\",\"@id\":\"https:\/\/www.poesiegalerie.at\/wordpress\/2026\/04\/22\/dabic-besprechung-unbestechliche-stadtbeobachterin-hochsouveraene-poetin\/\",\"url\":\"https:\/\/www.poesiegalerie.at\/wordpress\/2026\/04\/22\/dabic-besprechung-unbestechliche-stadtbeobachterin-hochsouveraene-poetin\/\",\"name\":\"Unbestechliche Stadtbeobachterin, hochsouver\u00e4ne Poetin\u00a0 - Poesiegalerie\",\"isPartOf\":{\"@id\":\"https:\/\/www.poesiegalerie.at\/wordpress\/#website\"},\"datePublished\":\"2026-04-22T05:00:00+00:00\",\"dateModified\":\"2026-04-16T18:26:49+00:00\",\"description\":\"Besprechung: \\\"Unbestechliche Stadtbeobachterin, hochsouver\u00e4ne Poetin\u00a0\\\"-Jelena Dabic liest Chris Lauers Ortsaufl\u00f6sung f\u00fcr die Poesiegalerie\",\"breadcrumb\":{\"@id\":\"https:\/\/www.poesiegalerie.at\/wordpress\/2026\/04\/22\/dabic-besprechung-unbestechliche-stadtbeobachterin-hochsouveraene-poetin\/#breadcrumb\"},\"inLanguage\":\"de-DE\",\"potentialAction\":[{\"@type\":\"ReadAction\",\"target\":[\"https:\/\/www.poesiegalerie.at\/wordpress\/2026\/04\/22\/dabic-besprechung-unbestechliche-stadtbeobachterin-hochsouveraene-poetin\/\"]}]},{\"@type\":\"BreadcrumbList\",\"@id\":\"https:\/\/www.poesiegalerie.at\/wordpress\/2026\/04\/22\/dabic-besprechung-unbestechliche-stadtbeobachterin-hochsouveraene-poetin\/#breadcrumb\",\"itemListElement\":[{\"@type\":\"ListItem\",\"position\":1,\"name\":\"Startseite\",\"item\":\"https:\/\/www.poesiegalerie.at\/wordpress\/\"},{\"@type\":\"ListItem\",\"position\":2,\"name\":\"Unbestechliche Stadtbeobachterin, hochsouver\u00e4ne Poetin\u00a0\"}]},{\"@type\":\"WebSite\",\"@id\":\"https:\/\/www.poesiegalerie.at\/wordpress\/#website\",\"url\":\"https:\/\/www.poesiegalerie.at\/wordpress\/\",\"name\":\"Poesiegalerie\",\"description\":\"\",\"publisher\":{\"@id\":\"https:\/\/www.poesiegalerie.at\/wordpress\/#organization\"},\"potentialAction\":[{\"@type\":\"SearchAction\",\"target\":{\"@type\":\"EntryPoint\",\"urlTemplate\":\"https:\/\/www.poesiegalerie.at\/wordpress\/?s={search_term_string}\"},\"query-input\":\"required name=search_term_string\"}],\"inLanguage\":\"de-DE\"},{\"@type\":\"Organization\",\"@id\":\"https:\/\/www.poesiegalerie.at\/wordpress\/#organization\",\"name\":\"Poesiegalerie\",\"url\":\"https:\/\/www.poesiegalerie.at\/wordpress\/\",\"logo\":{\"@type\":\"ImageObject\",\"inLanguage\":\"de-DE\",\"@id\":\"https:\/\/www.poesiegalerie.at\/wordpress\/#\/schema\/logo\/image\/\",\"url\":\"https:\/\/www.poesiegalerie.at\/wordpress\/wp-content\/uploads\/2021\/01\/Logoquadrat-PG-1.png\",\"contentUrl\":\"https:\/\/www.poesiegalerie.at\/wordpress\/wp-content\/uploads\/2021\/01\/Logoquadrat-PG-1.png\",\"width\":512,\"height\":512,\"caption\":\"Poesiegalerie\"},\"image\":{\"@id\":\"https:\/\/www.poesiegalerie.at\/wordpress\/#\/schema\/logo\/image\/\"},\"sameAs\":[\"https:\/\/facebook.com\/poesiegalerie\",\"https:\/\/twitter.com\/poesiegalerie\",\"https:\/\/instagram.com\/poesiegalerie\",\"https:\/\/youtube.com\/channel\/UChHTsNTzMPzZpU8TfKP3dNQ\"]},{\"@type\":\"Person\",\"@id\":\"https:\/\/www.poesiegalerie.at\/wordpress\/#\/schema\/person\/26491478846b58135cab83779a6f85f6\",\"name\":\"Amabelle K\u00fcng\",\"image\":{\"@type\":\"ImageObject\",\"inLanguage\":\"de-DE\",\"@id\":\"https:\/\/www.poesiegalerie.at\/wordpress\/#\/schema\/person\/image\/\",\"url\":\"https:\/\/secure.gravatar.com\/avatar\/799dbeaa15cac8fc0d968a0e76435704?s=96&d=mm&r=g\",\"contentUrl\":\"https:\/\/secure.gravatar.com\/avatar\/799dbeaa15cac8fc0d968a0e76435704?s=96&d=mm&r=g\",\"caption\":\"Amabelle K\u00fcng\"},\"url\":\"https:\/\/www.poesiegalerie.at\/wordpress\/author\/amabelle-kueng\/\"}]}<\/script>\n<!-- \/ Yoast SEO plugin. -->","yoast_head_json":{"title":"Unbestechliche Stadtbeobachterin, hochsouver\u00e4ne Poetin\u00a0 - Poesiegalerie","description":"Besprechung: \"Unbestechliche Stadtbeobachterin, hochsouver\u00e4ne Poetin\u00a0\"-Jelena Dabic liest Chris Lauers Ortsaufl\u00f6sung f\u00fcr die Poesiegalerie","robots":{"index":"index","follow":"follow","max-snippet":"max-snippet:-1","max-image-preview":"max-image-preview:large","max-video-preview":"max-video-preview:-1"},"canonical":"https:\/\/www.poesiegalerie.at\/wordpress\/2026\/04\/22\/dabic-besprechung-unbestechliche-stadtbeobachterin-hochsouveraene-poetin\/","og_locale":"de_DE","og_type":"article","og_title":"Unbestechliche Stadtbeobachterin, hochsouver\u00e4ne Poetin\u00a0 - Poesiegalerie","og_description":"Besprechung: \"Unbestechliche Stadtbeobachterin, hochsouver\u00e4ne Poetin\u00a0\"-Jelena Dabic liest Chris Lauers Ortsaufl\u00f6sung f\u00fcr die Poesiegalerie","og_url":"https:\/\/www.poesiegalerie.at\/wordpress\/2026\/04\/22\/dabic-besprechung-unbestechliche-stadtbeobachterin-hochsouveraene-poetin\/","og_site_name":"Poesiegalerie","article_publisher":"https:\/\/facebook.com\/poesiegalerie","article_published_time":"2026-04-22T05:00:00+00:00","article_modified_time":"2026-04-16T18:26:49+00:00","og_image":[{"width":644,"height":1030,"url":"https:\/\/www.poesiegalerie.at\/wordpress\/wp-content\/uploads\/2026\/04\/Cover-Ortsaufloesung-Chris-Lauer.jpeg","type":"image\/jpeg"}],"author":"Amabelle K\u00fcng","twitter_card":"summary_large_image","twitter_creator":"@poesiegalerie","twitter_site":"@poesiegalerie","twitter_misc":{"Verfasst von":"Amabelle K\u00fcng","Gesch\u00e4tzte Lesezeit":"5 Minuten"},"schema":{"@context":"https:\/\/schema.org","@graph":[{"@type":"Article","@id":"https:\/\/www.poesiegalerie.at\/wordpress\/2026\/04\/22\/dabic-besprechung-unbestechliche-stadtbeobachterin-hochsouveraene-poetin\/#article","isPartOf":{"@id":"https:\/\/www.poesiegalerie.at\/wordpress\/2026\/04\/22\/dabic-besprechung-unbestechliche-stadtbeobachterin-hochsouveraene-poetin\/"},"author":{"name":"Amabelle K\u00fcng","@id":"https:\/\/www.poesiegalerie.at\/wordpress\/#\/schema\/person\/26491478846b58135cab83779a6f85f6"},"headline":"Unbestechliche Stadtbeobachterin, hochsouver\u00e4ne Poetin\u00a0","datePublished":"2026-04-22T05:00:00+00:00","dateModified":"2026-04-16T18:26:49+00:00","mainEntityOfPage":{"@id":"https:\/\/www.poesiegalerie.at\/wordpress\/2026\/04\/22\/dabic-besprechung-unbestechliche-stadtbeobachterin-hochsouveraene-poetin\/"},"wordCount":795,"publisher":{"@id":"https:\/\/www.poesiegalerie.at\/wordpress\/#organization"},"keywords":["Jelena Dabic"],"articleSection":["BESPRECHUNGEN"],"inLanguage":"de-DE"},{"@type":"WebPage","@id":"https:\/\/www.poesiegalerie.at\/wordpress\/2026\/04\/22\/dabic-besprechung-unbestechliche-stadtbeobachterin-hochsouveraene-poetin\/","url":"https:\/\/www.poesiegalerie.at\/wordpress\/2026\/04\/22\/dabic-besprechung-unbestechliche-stadtbeobachterin-hochsouveraene-poetin\/","name":"Unbestechliche Stadtbeobachterin, hochsouver\u00e4ne Poetin\u00a0 - Poesiegalerie","isPartOf":{"@id":"https:\/\/www.poesiegalerie.at\/wordpress\/#website"},"datePublished":"2026-04-22T05:00:00+00:00","dateModified":"2026-04-16T18:26:49+00:00","description":"Besprechung: \"Unbestechliche Stadtbeobachterin, hochsouver\u00e4ne Poetin\u00a0\"-Jelena Dabic liest Chris Lauers Ortsaufl\u00f6sung f\u00fcr die Poesiegalerie","breadcrumb":{"@id":"https:\/\/www.poesiegalerie.at\/wordpress\/2026\/04\/22\/dabic-besprechung-unbestechliche-stadtbeobachterin-hochsouveraene-poetin\/#breadcrumb"},"inLanguage":"de-DE","potentialAction":[{"@type":"ReadAction","target":["https:\/\/www.poesiegalerie.at\/wordpress\/2026\/04\/22\/dabic-besprechung-unbestechliche-stadtbeobachterin-hochsouveraene-poetin\/"]}]},{"@type":"BreadcrumbList","@id":"https:\/\/www.poesiegalerie.at\/wordpress\/2026\/04\/22\/dabic-besprechung-unbestechliche-stadtbeobachterin-hochsouveraene-poetin\/#breadcrumb","itemListElement":[{"@type":"ListItem","position":1,"name":"Startseite","item":"https:\/\/www.poesiegalerie.at\/wordpress\/"},{"@type":"ListItem","position":2,"name":"Unbestechliche Stadtbeobachterin, hochsouver\u00e4ne Poetin\u00a0"}]},{"@type":"WebSite","@id":"https:\/\/www.poesiegalerie.at\/wordpress\/#website","url":"https:\/\/www.poesiegalerie.at\/wordpress\/","name":"Poesiegalerie","description":"","publisher":{"@id":"https:\/\/www.poesiegalerie.at\/wordpress\/#organization"},"potentialAction":[{"@type":"SearchAction","target":{"@type":"EntryPoint","urlTemplate":"https:\/\/www.poesiegalerie.at\/wordpress\/?s={search_term_string}"},"query-input":"required name=search_term_string"}],"inLanguage":"de-DE"},{"@type":"Organization","@id":"https:\/\/www.poesiegalerie.at\/wordpress\/#organization","name":"Poesiegalerie","url":"https:\/\/www.poesiegalerie.at\/wordpress\/","logo":{"@type":"ImageObject","inLanguage":"de-DE","@id":"https:\/\/www.poesiegalerie.at\/wordpress\/#\/schema\/logo\/image\/","url":"https:\/\/www.poesiegalerie.at\/wordpress\/wp-content\/uploads\/2021\/01\/Logoquadrat-PG-1.png","contentUrl":"https:\/\/www.poesiegalerie.at\/wordpress\/wp-content\/uploads\/2021\/01\/Logoquadrat-PG-1.png","width":512,"height":512,"caption":"Poesiegalerie"},"image":{"@id":"https:\/\/www.poesiegalerie.at\/wordpress\/#\/schema\/logo\/image\/"},"sameAs":["https:\/\/facebook.com\/poesiegalerie","https:\/\/twitter.com\/poesiegalerie","https:\/\/instagram.com\/poesiegalerie","https:\/\/youtube.com\/channel\/UChHTsNTzMPzZpU8TfKP3dNQ"]},{"@type":"Person","@id":"https:\/\/www.poesiegalerie.at\/wordpress\/#\/schema\/person\/26491478846b58135cab83779a6f85f6","name":"Amabelle K\u00fcng","image":{"@type":"ImageObject","inLanguage":"de-DE","@id":"https:\/\/www.poesiegalerie.at\/wordpress\/#\/schema\/person\/image\/","url":"https:\/\/secure.gravatar.com\/avatar\/799dbeaa15cac8fc0d968a0e76435704?s=96&d=mm&r=g","contentUrl":"https:\/\/secure.gravatar.com\/avatar\/799dbeaa15cac8fc0d968a0e76435704?s=96&d=mm&r=g","caption":"Amabelle K\u00fcng"},"url":"https:\/\/www.poesiegalerie.at\/wordpress\/author\/amabelle-kueng\/"}]}},"_links":{"self":[{"href":"https:\/\/www.poesiegalerie.at\/wordpress\/wp-json\/wp\/v2\/posts\/24338"}],"collection":[{"href":"https:\/\/www.poesiegalerie.at\/wordpress\/wp-json\/wp\/v2\/posts"}],"about":[{"href":"https:\/\/www.poesiegalerie.at\/wordpress\/wp-json\/wp\/v2\/types\/post"}],"author":[{"embeddable":true,"href":"https:\/\/www.poesiegalerie.at\/wordpress\/wp-json\/wp\/v2\/users\/13"}],"replies":[{"embeddable":true,"href":"https:\/\/www.poesiegalerie.at\/wordpress\/wp-json\/wp\/v2\/comments?post=24338"}],"version-history":[{"count":3,"href":"https:\/\/www.poesiegalerie.at\/wordpress\/wp-json\/wp\/v2\/posts\/24338\/revisions"}],"predecessor-version":[{"id":24342,"href":"https:\/\/www.poesiegalerie.at\/wordpress\/wp-json\/wp\/v2\/posts\/24338\/revisions\/24342"}],"wp:featuredmedia":[{"embeddable":true,"href":"https:\/\/www.poesiegalerie.at\/wordpress\/wp-json\/wp\/v2\/media\/24341"}],"wp:attachment":[{"href":"https:\/\/www.poesiegalerie.at\/wordpress\/wp-json\/wp\/v2\/media?parent=24338"}],"wp:term":[{"taxonomy":"category","embeddable":true,"href":"https:\/\/www.poesiegalerie.at\/wordpress\/wp-json\/wp\/v2\/categories?post=24338"},{"taxonomy":"post_tag","embeddable":true,"href":"https:\/\/www.poesiegalerie.at\/wordpress\/wp-json\/wp\/v2\/tags?post=24338"},{"taxonomy":"thb-sponsors","embeddable":true,"href":"https:\/\/www.poesiegalerie.at\/wordpress\/wp-json\/wp\/v2\/thb-sponsors?post=24338"}],"curies":[{"name":"wp","href":"https:\/\/api.w.org\/{rel}","templated":true}]}}