{"id":24353,"date":"2026-04-26T07:00:00","date_gmt":"2026-04-26T05:00:00","guid":{"rendered":"https:\/\/www.poesiegalerie.at\/wordpress\/?p=24353"},"modified":"2026-04-21T19:04:31","modified_gmt":"2026-04-21T17:04:31","slug":"ebner-besprechung-wacher-blick-auf-die-welt","status":"publish","type":"post","link":"https:\/\/www.poesiegalerie.at\/wordpress\/2026\/04\/26\/ebner-besprechung-wacher-blick-auf-die-welt\/","title":{"rendered":"Wacher Blick auf die Welt"},"content":{"rendered":"\n<p class=\"has-medium-font-size\"><a href=\"https:\/\/www.poesiegalerie.at\/wordpress\/autor%e2%80%91innen\/ebner-klaus\/\" target=\"_blank\" rel=\"noreferrer noopener\">Klaus Ebner<\/a> liest Ursula Krechels \u201e<em>Die da\u201c<\/em><\/p>\n\n\n\n<hr class=\"wp-block-separator has-alpha-channel-opacity\"\/>\n\n\n\n<div class=\"wp-block-media-text is-stacked-on-mobile\" style=\"grid-template-columns:41% auto\"><figure class=\"wp-block-media-text__media\"><img decoding=\"async\" loading=\"lazy\" width=\"768\" height=\"980\" src=\"data:image\/gif;base64,R0lGODlhAQABAAAAACH5BAEKAAEALAAAAAABAAEAAAICTAEAOw==\" data-src=\"https:\/\/www.poesiegalerie.at\/wordpress\/wp-content\/uploads\/2026\/04\/Cover-Die-da-Ursula-Krechel.jpeg\" alt=\"\" class=\"wp-image-24355 size-full lazyload\" data-sizes=\"auto\" data-srcset=\"https:\/\/www.poesiegalerie.at\/wordpress\/wp-content\/uploads\/2026\/04\/Cover-Die-da-Ursula-Krechel.jpeg 768w, https:\/\/www.poesiegalerie.at\/wordpress\/wp-content\/uploads\/2026\/04\/Cover-Die-da-Ursula-Krechel-235x300.jpeg 235w, https:\/\/www.poesiegalerie.at\/wordpress\/wp-content\/uploads\/2026\/04\/Cover-Die-da-Ursula-Krechel-118x150.jpeg 118w, https:\/\/www.poesiegalerie.at\/wordpress\/wp-content\/uploads\/2026\/04\/Cover-Die-da-Ursula-Krechel-370x472.jpeg 370w, https:\/\/www.poesiegalerie.at\/wordpress\/wp-content\/uploads\/2026\/04\/Cover-Die-da-Ursula-Krechel-740x944.jpeg 740w, https:\/\/www.poesiegalerie.at\/wordpress\/wp-content\/uploads\/2026\/04\/Cover-Die-da-Ursula-Krechel-20x26.jpeg 20w, https:\/\/www.poesiegalerie.at\/wordpress\/wp-content\/uploads\/2026\/04\/Cover-Die-da-Ursula-Krechel-600x766.jpeg 600w, https:\/\/www.poesiegalerie.at\/wordpress\/wp-content\/uploads\/2026\/04\/Cover-Die-da-Ursula-Krechel-38x48.jpeg 38w\" sizes=\"(max-width: 768px) 100vw, 768px\" \/><\/figure><div class=\"wp-block-media-text__content\">\n<p>Vor Kurzem erhielt Ursula Krechel den Georg-B\u00fcchner-Preis 2025, und zwar f\u00fcr eine Romantrilogie. Die Autorin ist auch Lyrikerin, und f\u00fcr den Verlag Jung und Jung w\u00e4hlte sie Gedichte aus, die unter dem Titel\u00a0<em>Die da<\/em>\u00a0erschienen sind. Dabei handelt es sich um eine Neuausgabe des bereits 2013 erschienenen Buches.<\/p>\n\n\n\n<p class=\"has-small-font-size\">Cover \u00a9Jung und Jung<\/p>\n<\/div><\/div>\n\n\n\n<p>Ursula Krechel wurde 1947 in Trier geboren und lebt in Berlin. Sie studierte Germanistik, Theaterwissenschaft und Kunstgeschichte in K\u00f6ln. Sie war Theaterdramaturgin und ist seit den fr\u00fchen 1970er Jahren freie Schriftstellerin. Sie lehrte Literatur in verschiedenen L\u00e4ndern, unter anderem hielt sie 1989\u201390 Poetik-Vorlesungen an der Universit\u00e4t Wien. Krechel ver\u00f6ffentlichte Romane, Erz\u00e4hlungen, Essays, Theaterst\u00fccke, H\u00f6rspiele und Lyrik.<\/p>\n\n\n\n<p>Wie in der Prosa \u2013 die Jury des B\u00fcchner-Preises weist auf eine \u201egro\u00dfe Erz\u00e4hlung der Vertreibung und Verfolgung von Juden und Sinti\u201c hin und die \u201eR\u00fcckkehr in ein Deutschland, in dem das Exil in die Erfahrungen von Fremdheit und Nicht-Zugeh\u00f6rigkeit m\u00fcndet\u201c \u2013 zieht sich auch durch Krechels Lyrik ein Faden der politischen Stellungnahme und des Engagements: eine&nbsp;<em>litt\u00e9rature engag\u00e9e<\/em>&nbsp;ganz im Sinne Jean-Paul Sartres. Schon der Beginn des ersten Gedichts, \u201eVer\u00e4nderungen in der Chronologie\u201c, stellt dies klar; zudem lief mir beim Lesen dieser Zeilen ein Schauer \u00fcber den R\u00fccken, da sie ungeheuer aktuell wirken, obwohl Krechel sie vor 2013 und somit vor der ersten Amtszeit von US-Pr\u00e4sident Donald Trump geschrieben haben muss:<\/p>\n\n\n\n<pre class=\"wp-block-verse\">War nicht die Stra\u00dfe\r\nzuerst frei f\u00fcr alle?\r\nImmer enger der Kreis\r\nimmer windiger die Ausflucht.\r\nEines ergibt nicht mehr das andere\r\nim Gebirge Orkanb\u00f6en.\r\nSo viel Zeit zur Unwahrheit\r\nzwischen der Nacht und dem Morgen.\r\n(\u2026)\r<\/pre>\n\n\n\n<p>Die Formulierungen sind nicht immer leicht zug\u00e4nglich, sondern erschlie\u00dfen sich dann beim zweiten Lesen, doch es wird rasch klar, dass die Autorin einen \u00fcberaus wachen und kritischen Blick auf die Welt hat.<\/p>\n\n\n\n<h4 class=\"wp-block-heading\"><strong>Schwere Themen<\/strong><\/h4>\n\n\n\n<p>Ein Spiel mit der Sprache finden wir in \u201eGerechtigkeit der Grammatik\u201c. Ursula Krechel hinterfragt Formulierungen und bestimmte Begriffe, die zwar v\u00f6llig allt\u00e4glich sind, aber, wenn sie w\u00f6rtlich genommen werden, zu kuriosen Einsichten f\u00fchren. Da hei\u00dft es etwa \u201eSollen die Frauen Lebkuchenherzen unter ihren Blusen tragen?\u201c, \u201eWer jagte den Elefanten aus dem Porzellanladen?\u201c, \u201eWem gingen alle Konjunktionen verloren \/ blumige Appositionen dazu?\u201c oder: \u201eWer spannte den Objekten ihr Subjekt aus \/ das blinde Entsetzen der Ein\u00e4ugigen \/ streute Salz in die Wunden \/ kehrte den Schnee vom vergangenen Jahr \/ auf die Beete mit Keimlingen?\u201c.<\/p>\n\n\n\n<p>Begriffe und Redewendungen in ungewohnter Weise zu verwenden ist ein Merkmal von Krechels Lyrik. So auch im Gedicht \u201eEs ist mir, als kennte ich diese Z\u00fcge\u201c, in dem ich Bez\u00fcge auf das langj\u00e4hrige Fl\u00fcchtlingsdrama im Mittelmeer erkenne:<\/p>\n\n\n\n<pre class=\"wp-block-verse\">Augentropfen, Mundpfropfen\r\nSchweig still, du Mund, geknebelter\r\nWorte machen dich wund.\r\nAugen haben nah am Wasser gebaut\r\nSalzwasser tropft in den Mund.\r\nDer Schiffseigner war ein Betr\u00fcger\r\nDer rostige Kahn schl\u00e4gt leck\r\nMit Leibern, Koffern, F\u00e4ssern\r\nGequollene Gesichter obenauf\r\nIm Wasser treiben Schuhe. Es fehlen\r\nDie F\u00fc\u00dfe, die Papiere, Bekenntnisse\r\nAus still geschrienem Mund.\r<\/pre>\n\n\n\n<p>Ursula Krechels Themen sind ernst. Es geht um \u201eschwarze Tage\u201c, um Ereignisse der j\u00fcngeren Zeitgeschichte, und wenn es hei\u00dft \u201everwestes Fleisch h\u00e4ngt in den B\u00e4umen\u201c oder \u201eBlutleere im Gehirn\u201c, dann sollten Leser*innen vielleicht nicht zartbesaitet sein, auch wenn die Autorin dann fast beschwichtigend fragt: \u201eGen\u00fcgt, was nicht gen\u00fcgt, was bleibt?\u201c<\/p>\n\n\n\n<p>Das Gedicht \u201eParole Echtzeit\u201c startet mit einer Anspielung auf Paul Celans Todesfuge:<\/p>\n\n\n\n<pre class=\"wp-block-verse\">Der Tod ist kein Meister.\r\nEr hat seine Geschichte vergessen.\r\n(\u2026)\r<\/pre>\n\n\n\n<p>Die Rede ist von milit\u00e4rischer Ordnung und Uniformen, die sich wohl nicht nur auf Soldaten beziehen. \u201eTod hei\u00dft Zielgenauigkeit im Fadenkreuz\u201c, folgert die Autorin. Es geht um Panzersperren und Minenteppiche und nat\u00fcrlich um die Sprache, die von Autokraten \u2013 heute auch unter Zuhilfenahme der sozialen Medien \u2013 missbraucht und zu propagandistischen Zwecken eingesetzt wird. Im selben Gedicht lesen wir:<\/p>\n\n\n\n<pre class=\"wp-block-verse\">(\u2026)\r\nHitzeschilde, chirurgische Schnitte, faules Gewebe\r\nSprach jemand vom Krebsgeschw\u00fcr der Menschheit?\r\nWer ermannt sich zu schneiden?\r\nIn welchem Organ und wie rasch?\r\n(\u2026)\r<\/pre>\n\n\n\n<p>Betroffen macht der Vers \u201eBetroffenheit klingt schon wie Besoffenheit\u201c in seiner Schlichtheit, und dass Gasmasken und Heldenten\u00f6re gegen\u00fcberstehen, Sprengkopf, Gas und Milzbrand genannt werden und alles in einem \u201eblutverkrusteten Schleudersitz\u201c kulminiert, gibt mindestens zu denken.<\/p>\n\n\n\n<p>Ursula Krechels Lyrik ist f\u00fcr mein Empfinden eher \u201edunkel\u201c. Zwar kunstvoll geschmiedet, mit \u00fcberraschenden W\u00f6rtern und sozusagen auseinandergenommenen Redewendungen, aber stets mit einem schweren oder schwerm\u00fctigen Unterton. Sogar das Gedicht \u201eDie Liebenden\u201c, das mich an Bertolt Brechts gleichnamiges Gedicht erinnert, hat nichts von dessen zeitloser Emotion, sondern zeigt das Auseinandergehen der Liebenden, ihre Entfernung, das Alleingelassenwerden und die Reduktion des Kontaktes auf ephemere und bedeutungslose Telefonate.<\/p>\n\n\n\n<h4 class=\"wp-block-heading\"><strong>Lustvolle Sprache<\/strong><\/h4>\n\n\n\n<p>Das Spiel mit den W\u00f6rtern ist essenziell. Ursula Krechel versteht es meisterhaft, die ernsten Inhalte in eine raffinierte, fein ziselierte und stets f\u00fcr \u00dcberraschungen gute lyrische Sprache zu setzen. Die Autorin arbeitet mit freien Rhythmen. Manche, kurze Gedichte bestehen aus einer einzigen Strophe, andere weisen mehrere auf. Satzzeichen werden weitgehend entsprechend den orthografischen Regeln verwendet; lediglich am Versende kommen keine Beistriche vor. Fast alle Texte bestehen aus vollst\u00e4ndigen S\u00e4tzen. Nur bei einer geringeren Anzahl von Gedichten werden auch im Versinneren einzelne Kommata und vor allem die Punkte am Textende ausgespart.<\/p>\n\n\n\n<p>Ursula Krechel h\u00e4lt an der alten Rechtschreibung fest, die sich folglich durch das ganze Buch zieht. Das wirkt heutzutage f\u00fcr viele bereits ungewohnt, doch in der Regel f\u00e4llt das nur auf, wenn ein scharfes \u00df an einer Stelle steht, die heute mit Doppel-ss geschrieben wird, z.B. in \u201eMundtot\u201c: \u201eDa\u00df alles Bekannte schon bekannt sei. \/ Da\u00df Ruhe herrscht (\u2026)\u201c.<\/p>\n\n\n\n<p>Inhaltliche und formale Anspielungen an Autor*innen oder literarische Werke fallen wiederholt. Manchmal ist dies eindeutig, weil es dezidiert genannt wird, so im Titel \u201eBei Eichendorff\u201c. Zitate werden in den Anmerkungen am Ende des Buches ausgewiesen. Bei manchen Texten findet sich ein Kommentar der Autorin, und zum eben Genannten passt die folgende Anmerkung sehr gut: \u201eJeder K\u00fcnstler, nicht nur die Dichter, h\u00e4lt sich im Spannungsfeld zwischen Tradition und dem Noch-Nicht, dem von ihm zu Leistenden, auf und mu\u00df diese Dichotomie aushalten.\u201c Allerdings betont Krechel in \u201eWas jeder wei\u00df\u201c: \u201eDie Klassiker sind abgereist.\u201c<\/p>\n\n\n\n<p>Verlag und Autorin sprechen von einer Auswahl aus den \u201enicht-zyklischen Gedichtb\u00e4nden\u201c. Diese vermittelt Leser*innen einen wunderbaren Einblick in Krechels lyrisches Werk.<\/p>\n\n\n\n<hr class=\"wp-block-separator has-alpha-channel-opacity\"\/>\n\n\n\n<p class=\"has-medium-font-size\">Ursula Krechel:<a href=\"https:\/\/jungundjung.at\/die_da_2026\/\" target=\"_blank\" rel=\"noreferrer noopener\">\u00a0<em>Die da. Ausgew\u00e4hlte Gedichte<\/em>.\u00a0<\/a>Jung und Jung, Salzburg, 2026. 256 Seiten. Euro 28,80<\/p>\n","protected":false},"excerpt":{"rendered":"<p>Besprechung: &#8222;Wacher Blick auf Die Welt&#8220;-Klaus Ebner liest Ursula Krechels \u201eDie da\u201c f\u00fcr die Poesiegalerie<\/p>\n","protected":false},"author":13,"featured_media":24355,"comment_status":"closed","ping_status":"closed","sticky":false,"template":"","format":"standard","meta":[],"categories":[107],"tags":[506],"thb-sponsors":[],"yoast_head":"<!-- This site is optimized with the Yoast SEO plugin v20.6 - https:\/\/yoast.com\/wordpress\/plugins\/seo\/ -->\n<title>Wacher Blick auf die Welt - Poesiegalerie<\/title>\n<meta name=\"description\" content=\"Besprechung: &quot;Wacher Blick auf Die Welt&quot;-Klaus Ebner liest Ursula Krechels \u201eDie da\u201c f\u00fcr die Poesiegalerie\" \/>\n<meta name=\"robots\" content=\"index, follow, max-snippet:-1, max-image-preview:large, max-video-preview:-1\" \/>\n<link rel=\"canonical\" href=\"https:\/\/www.poesiegalerie.at\/wordpress\/2026\/04\/26\/ebner-besprechung-wacher-blick-auf-die-welt\/\" \/>\n<meta property=\"og:locale\" content=\"de_DE\" \/>\n<meta property=\"og:type\" content=\"article\" \/>\n<meta property=\"og:title\" content=\"Wacher Blick auf die Welt - Poesiegalerie\" \/>\n<meta property=\"og:description\" content=\"Besprechung: &quot;Wacher Blick auf Die Welt&quot;-Klaus Ebner liest Ursula Krechels \u201eDie da\u201c f\u00fcr die Poesiegalerie\" \/>\n<meta property=\"og:url\" content=\"https:\/\/www.poesiegalerie.at\/wordpress\/2026\/04\/26\/ebner-besprechung-wacher-blick-auf-die-welt\/\" \/>\n<meta property=\"og:site_name\" content=\"Poesiegalerie\" \/>\n<meta property=\"article:publisher\" content=\"https:\/\/facebook.com\/poesiegalerie\" \/>\n<meta property=\"article:published_time\" content=\"2026-04-26T05:00:00+00:00\" \/>\n<meta property=\"article:modified_time\" content=\"2026-04-21T17:04:31+00:00\" \/>\n<meta property=\"og:image\" content=\"https:\/\/www.poesiegalerie.at\/wordpress\/wp-content\/uploads\/2026\/04\/Cover-Die-da-Ursula-Krechel.jpeg\" \/>\n\t<meta property=\"og:image:width\" content=\"768\" \/>\n\t<meta property=\"og:image:height\" content=\"980\" \/>\n\t<meta property=\"og:image:type\" content=\"image\/jpeg\" \/>\n<meta name=\"author\" content=\"Amabelle K\u00fcng\" \/>\n<meta name=\"twitter:card\" content=\"summary_large_image\" \/>\n<meta name=\"twitter:creator\" content=\"@poesiegalerie\" \/>\n<meta name=\"twitter:site\" content=\"@poesiegalerie\" \/>\n<meta name=\"twitter:label1\" content=\"Verfasst von\" \/>\n\t<meta name=\"twitter:data1\" content=\"Amabelle K\u00fcng\" \/>\n\t<meta name=\"twitter:label2\" content=\"Gesch\u00e4tzte Lesezeit\" \/>\n\t<meta name=\"twitter:data2\" content=\"6 Minuten\" \/>\n<script type=\"application\/ld+json\" class=\"yoast-schema-graph\">{\"@context\":\"https:\/\/schema.org\",\"@graph\":[{\"@type\":\"Article\",\"@id\":\"https:\/\/www.poesiegalerie.at\/wordpress\/2026\/04\/26\/ebner-besprechung-wacher-blick-auf-die-welt\/#article\",\"isPartOf\":{\"@id\":\"https:\/\/www.poesiegalerie.at\/wordpress\/2026\/04\/26\/ebner-besprechung-wacher-blick-auf-die-welt\/\"},\"author\":{\"name\":\"Amabelle K\u00fcng\",\"@id\":\"https:\/\/www.poesiegalerie.at\/wordpress\/#\/schema\/person\/26491478846b58135cab83779a6f85f6\"},\"headline\":\"Wacher Blick auf die Welt\",\"datePublished\":\"2026-04-26T05:00:00+00:00\",\"dateModified\":\"2026-04-21T17:04:31+00:00\",\"mainEntityOfPage\":{\"@id\":\"https:\/\/www.poesiegalerie.at\/wordpress\/2026\/04\/26\/ebner-besprechung-wacher-blick-auf-die-welt\/\"},\"wordCount\":944,\"publisher\":{\"@id\":\"https:\/\/www.poesiegalerie.at\/wordpress\/#organization\"},\"keywords\":[\"Klaus Ebner\"],\"articleSection\":[\"BESPRECHUNGEN\"],\"inLanguage\":\"de-DE\"},{\"@type\":\"WebPage\",\"@id\":\"https:\/\/www.poesiegalerie.at\/wordpress\/2026\/04\/26\/ebner-besprechung-wacher-blick-auf-die-welt\/\",\"url\":\"https:\/\/www.poesiegalerie.at\/wordpress\/2026\/04\/26\/ebner-besprechung-wacher-blick-auf-die-welt\/\",\"name\":\"Wacher Blick auf die Welt - Poesiegalerie\",\"isPartOf\":{\"@id\":\"https:\/\/www.poesiegalerie.at\/wordpress\/#website\"},\"datePublished\":\"2026-04-26T05:00:00+00:00\",\"dateModified\":\"2026-04-21T17:04:31+00:00\",\"description\":\"Besprechung: \\\"Wacher Blick auf Die Welt\\\"-Klaus Ebner liest Ursula Krechels \u201eDie da\u201c f\u00fcr die Poesiegalerie\",\"breadcrumb\":{\"@id\":\"https:\/\/www.poesiegalerie.at\/wordpress\/2026\/04\/26\/ebner-besprechung-wacher-blick-auf-die-welt\/#breadcrumb\"},\"inLanguage\":\"de-DE\",\"potentialAction\":[{\"@type\":\"ReadAction\",\"target\":[\"https:\/\/www.poesiegalerie.at\/wordpress\/2026\/04\/26\/ebner-besprechung-wacher-blick-auf-die-welt\/\"]}]},{\"@type\":\"BreadcrumbList\",\"@id\":\"https:\/\/www.poesiegalerie.at\/wordpress\/2026\/04\/26\/ebner-besprechung-wacher-blick-auf-die-welt\/#breadcrumb\",\"itemListElement\":[{\"@type\":\"ListItem\",\"position\":1,\"name\":\"Startseite\",\"item\":\"https:\/\/www.poesiegalerie.at\/wordpress\/\"},{\"@type\":\"ListItem\",\"position\":2,\"name\":\"Wacher Blick auf die Welt\"}]},{\"@type\":\"WebSite\",\"@id\":\"https:\/\/www.poesiegalerie.at\/wordpress\/#website\",\"url\":\"https:\/\/www.poesiegalerie.at\/wordpress\/\",\"name\":\"Poesiegalerie\",\"description\":\"\",\"publisher\":{\"@id\":\"https:\/\/www.poesiegalerie.at\/wordpress\/#organization\"},\"potentialAction\":[{\"@type\":\"SearchAction\",\"target\":{\"@type\":\"EntryPoint\",\"urlTemplate\":\"https:\/\/www.poesiegalerie.at\/wordpress\/?s={search_term_string}\"},\"query-input\":\"required name=search_term_string\"}],\"inLanguage\":\"de-DE\"},{\"@type\":\"Organization\",\"@id\":\"https:\/\/www.poesiegalerie.at\/wordpress\/#organization\",\"name\":\"Poesiegalerie\",\"url\":\"https:\/\/www.poesiegalerie.at\/wordpress\/\",\"logo\":{\"@type\":\"ImageObject\",\"inLanguage\":\"de-DE\",\"@id\":\"https:\/\/www.poesiegalerie.at\/wordpress\/#\/schema\/logo\/image\/\",\"url\":\"https:\/\/www.poesiegalerie.at\/wordpress\/wp-content\/uploads\/2021\/01\/Logoquadrat-PG-1.png\",\"contentUrl\":\"https:\/\/www.poesiegalerie.at\/wordpress\/wp-content\/uploads\/2021\/01\/Logoquadrat-PG-1.png\",\"width\":512,\"height\":512,\"caption\":\"Poesiegalerie\"},\"image\":{\"@id\":\"https:\/\/www.poesiegalerie.at\/wordpress\/#\/schema\/logo\/image\/\"},\"sameAs\":[\"https:\/\/facebook.com\/poesiegalerie\",\"https:\/\/twitter.com\/poesiegalerie\",\"https:\/\/instagram.com\/poesiegalerie\",\"https:\/\/youtube.com\/channel\/UChHTsNTzMPzZpU8TfKP3dNQ\"]},{\"@type\":\"Person\",\"@id\":\"https:\/\/www.poesiegalerie.at\/wordpress\/#\/schema\/person\/26491478846b58135cab83779a6f85f6\",\"name\":\"Amabelle K\u00fcng\",\"image\":{\"@type\":\"ImageObject\",\"inLanguage\":\"de-DE\",\"@id\":\"https:\/\/www.poesiegalerie.at\/wordpress\/#\/schema\/person\/image\/\",\"url\":\"https:\/\/secure.gravatar.com\/avatar\/799dbeaa15cac8fc0d968a0e76435704?s=96&d=mm&r=g\",\"contentUrl\":\"https:\/\/secure.gravatar.com\/avatar\/799dbeaa15cac8fc0d968a0e76435704?s=96&d=mm&r=g\",\"caption\":\"Amabelle K\u00fcng\"},\"url\":\"https:\/\/www.poesiegalerie.at\/wordpress\/author\/amabelle-kueng\/\"}]}<\/script>\n<!-- \/ Yoast SEO plugin. -->","yoast_head_json":{"title":"Wacher Blick auf die Welt - Poesiegalerie","description":"Besprechung: \"Wacher Blick auf Die Welt\"-Klaus Ebner liest Ursula Krechels \u201eDie da\u201c f\u00fcr die Poesiegalerie","robots":{"index":"index","follow":"follow","max-snippet":"max-snippet:-1","max-image-preview":"max-image-preview:large","max-video-preview":"max-video-preview:-1"},"canonical":"https:\/\/www.poesiegalerie.at\/wordpress\/2026\/04\/26\/ebner-besprechung-wacher-blick-auf-die-welt\/","og_locale":"de_DE","og_type":"article","og_title":"Wacher Blick auf die Welt - Poesiegalerie","og_description":"Besprechung: \"Wacher Blick auf Die Welt\"-Klaus Ebner liest Ursula Krechels \u201eDie da\u201c f\u00fcr die Poesiegalerie","og_url":"https:\/\/www.poesiegalerie.at\/wordpress\/2026\/04\/26\/ebner-besprechung-wacher-blick-auf-die-welt\/","og_site_name":"Poesiegalerie","article_publisher":"https:\/\/facebook.com\/poesiegalerie","article_published_time":"2026-04-26T05:00:00+00:00","article_modified_time":"2026-04-21T17:04:31+00:00","og_image":[{"width":768,"height":980,"url":"https:\/\/www.poesiegalerie.at\/wordpress\/wp-content\/uploads\/2026\/04\/Cover-Die-da-Ursula-Krechel.jpeg","type":"image\/jpeg"}],"author":"Amabelle K\u00fcng","twitter_card":"summary_large_image","twitter_creator":"@poesiegalerie","twitter_site":"@poesiegalerie","twitter_misc":{"Verfasst von":"Amabelle K\u00fcng","Gesch\u00e4tzte Lesezeit":"6 Minuten"},"schema":{"@context":"https:\/\/schema.org","@graph":[{"@type":"Article","@id":"https:\/\/www.poesiegalerie.at\/wordpress\/2026\/04\/26\/ebner-besprechung-wacher-blick-auf-die-welt\/#article","isPartOf":{"@id":"https:\/\/www.poesiegalerie.at\/wordpress\/2026\/04\/26\/ebner-besprechung-wacher-blick-auf-die-welt\/"},"author":{"name":"Amabelle K\u00fcng","@id":"https:\/\/www.poesiegalerie.at\/wordpress\/#\/schema\/person\/26491478846b58135cab83779a6f85f6"},"headline":"Wacher Blick auf die Welt","datePublished":"2026-04-26T05:00:00+00:00","dateModified":"2026-04-21T17:04:31+00:00","mainEntityOfPage":{"@id":"https:\/\/www.poesiegalerie.at\/wordpress\/2026\/04\/26\/ebner-besprechung-wacher-blick-auf-die-welt\/"},"wordCount":944,"publisher":{"@id":"https:\/\/www.poesiegalerie.at\/wordpress\/#organization"},"keywords":["Klaus Ebner"],"articleSection":["BESPRECHUNGEN"],"inLanguage":"de-DE"},{"@type":"WebPage","@id":"https:\/\/www.poesiegalerie.at\/wordpress\/2026\/04\/26\/ebner-besprechung-wacher-blick-auf-die-welt\/","url":"https:\/\/www.poesiegalerie.at\/wordpress\/2026\/04\/26\/ebner-besprechung-wacher-blick-auf-die-welt\/","name":"Wacher Blick auf die Welt - Poesiegalerie","isPartOf":{"@id":"https:\/\/www.poesiegalerie.at\/wordpress\/#website"},"datePublished":"2026-04-26T05:00:00+00:00","dateModified":"2026-04-21T17:04:31+00:00","description":"Besprechung: \"Wacher Blick auf Die Welt\"-Klaus Ebner liest Ursula Krechels \u201eDie da\u201c f\u00fcr die Poesiegalerie","breadcrumb":{"@id":"https:\/\/www.poesiegalerie.at\/wordpress\/2026\/04\/26\/ebner-besprechung-wacher-blick-auf-die-welt\/#breadcrumb"},"inLanguage":"de-DE","potentialAction":[{"@type":"ReadAction","target":["https:\/\/www.poesiegalerie.at\/wordpress\/2026\/04\/26\/ebner-besprechung-wacher-blick-auf-die-welt\/"]}]},{"@type":"BreadcrumbList","@id":"https:\/\/www.poesiegalerie.at\/wordpress\/2026\/04\/26\/ebner-besprechung-wacher-blick-auf-die-welt\/#breadcrumb","itemListElement":[{"@type":"ListItem","position":1,"name":"Startseite","item":"https:\/\/www.poesiegalerie.at\/wordpress\/"},{"@type":"ListItem","position":2,"name":"Wacher Blick auf die Welt"}]},{"@type":"WebSite","@id":"https:\/\/www.poesiegalerie.at\/wordpress\/#website","url":"https:\/\/www.poesiegalerie.at\/wordpress\/","name":"Poesiegalerie","description":"","publisher":{"@id":"https:\/\/www.poesiegalerie.at\/wordpress\/#organization"},"potentialAction":[{"@type":"SearchAction","target":{"@type":"EntryPoint","urlTemplate":"https:\/\/www.poesiegalerie.at\/wordpress\/?s={search_term_string}"},"query-input":"required name=search_term_string"}],"inLanguage":"de-DE"},{"@type":"Organization","@id":"https:\/\/www.poesiegalerie.at\/wordpress\/#organization","name":"Poesiegalerie","url":"https:\/\/www.poesiegalerie.at\/wordpress\/","logo":{"@type":"ImageObject","inLanguage":"de-DE","@id":"https:\/\/www.poesiegalerie.at\/wordpress\/#\/schema\/logo\/image\/","url":"https:\/\/www.poesiegalerie.at\/wordpress\/wp-content\/uploads\/2021\/01\/Logoquadrat-PG-1.png","contentUrl":"https:\/\/www.poesiegalerie.at\/wordpress\/wp-content\/uploads\/2021\/01\/Logoquadrat-PG-1.png","width":512,"height":512,"caption":"Poesiegalerie"},"image":{"@id":"https:\/\/www.poesiegalerie.at\/wordpress\/#\/schema\/logo\/image\/"},"sameAs":["https:\/\/facebook.com\/poesiegalerie","https:\/\/twitter.com\/poesiegalerie","https:\/\/instagram.com\/poesiegalerie","https:\/\/youtube.com\/channel\/UChHTsNTzMPzZpU8TfKP3dNQ"]},{"@type":"Person","@id":"https:\/\/www.poesiegalerie.at\/wordpress\/#\/schema\/person\/26491478846b58135cab83779a6f85f6","name":"Amabelle K\u00fcng","image":{"@type":"ImageObject","inLanguage":"de-DE","@id":"https:\/\/www.poesiegalerie.at\/wordpress\/#\/schema\/person\/image\/","url":"https:\/\/secure.gravatar.com\/avatar\/799dbeaa15cac8fc0d968a0e76435704?s=96&d=mm&r=g","contentUrl":"https:\/\/secure.gravatar.com\/avatar\/799dbeaa15cac8fc0d968a0e76435704?s=96&d=mm&r=g","caption":"Amabelle K\u00fcng"},"url":"https:\/\/www.poesiegalerie.at\/wordpress\/author\/amabelle-kueng\/"}]}},"_links":{"self":[{"href":"https:\/\/www.poesiegalerie.at\/wordpress\/wp-json\/wp\/v2\/posts\/24353"}],"collection":[{"href":"https:\/\/www.poesiegalerie.at\/wordpress\/wp-json\/wp\/v2\/posts"}],"about":[{"href":"https:\/\/www.poesiegalerie.at\/wordpress\/wp-json\/wp\/v2\/types\/post"}],"author":[{"embeddable":true,"href":"https:\/\/www.poesiegalerie.at\/wordpress\/wp-json\/wp\/v2\/users\/13"}],"replies":[{"embeddable":true,"href":"https:\/\/www.poesiegalerie.at\/wordpress\/wp-json\/wp\/v2\/comments?post=24353"}],"version-history":[{"count":2,"href":"https:\/\/www.poesiegalerie.at\/wordpress\/wp-json\/wp\/v2\/posts\/24353\/revisions"}],"predecessor-version":[{"id":24356,"href":"https:\/\/www.poesiegalerie.at\/wordpress\/wp-json\/wp\/v2\/posts\/24353\/revisions\/24356"}],"wp:featuredmedia":[{"embeddable":true,"href":"https:\/\/www.poesiegalerie.at\/wordpress\/wp-json\/wp\/v2\/media\/24355"}],"wp:attachment":[{"href":"https:\/\/www.poesiegalerie.at\/wordpress\/wp-json\/wp\/v2\/media?parent=24353"}],"wp:term":[{"taxonomy":"category","embeddable":true,"href":"https:\/\/www.poesiegalerie.at\/wordpress\/wp-json\/wp\/v2\/categories?post=24353"},{"taxonomy":"post_tag","embeddable":true,"href":"https:\/\/www.poesiegalerie.at\/wordpress\/wp-json\/wp\/v2\/tags?post=24353"},{"taxonomy":"thb-sponsors","embeddable":true,"href":"https:\/\/www.poesiegalerie.at\/wordpress\/wp-json\/wp\/v2\/thb-sponsors?post=24353"}],"curies":[{"name":"wp","href":"https:\/\/api.w.org\/{rel}","templated":true}]}}