{"id":24357,"date":"2026-05-01T07:00:00","date_gmt":"2026-05-01T05:00:00","guid":{"rendered":"https:\/\/www.poesiegalerie.at\/wordpress\/?p=24357"},"modified":"2026-04-22T18:31:06","modified_gmt":"2026-04-22T16:31:06","slug":"ebner-besprechung-epische-haiku-form","status":"publish","type":"post","link":"https:\/\/www.poesiegalerie.at\/wordpress\/2026\/05\/01\/ebner-besprechung-epische-haiku-form\/","title":{"rendered":"Epische Haiku-Form"},"content":{"rendered":"\n<p class=\"has-medium-font-size\"><a href=\"https:\/\/www.poesiegalerie.at\/wordpress\/autor%e2%80%91innen\/ebner-klaus\/\" target=\"_blank\" rel=\"noreferrer noopener\">Klaus Ebner<\/a> liest <a href=\"https:\/\/www.poesiegalerie.at\/wordpress\/autor%e2%80%91innen-alte-seite\/nischkauer-astrid\/\" target=\"_blank\" rel=\"noreferrer noopener\">Astrid Nischkauers&nbsp;<\/a><em>Durch den Farnwald der Worte<\/em><\/p>\n\n\n\n<hr class=\"wp-block-separator has-alpha-channel-opacity\"\/>\n\n\n\n<div class=\"wp-block-media-text is-stacked-on-mobile\" style=\"grid-template-columns:35% auto\"><figure class=\"wp-block-media-text__media\"><img decoding=\"async\" loading=\"lazy\" width=\"546\" height=\"1024\" src=\"data:image\/gif;base64,R0lGODlhAQABAAAAACH5BAEKAAEALAAAAAABAAEAAAICTAEAOw==\" data-src=\"https:\/\/www.poesiegalerie.at\/wordpress\/wp-content\/uploads\/2026\/05\/Cover-Durch-den-Farnwald-der-Worte-Astrid-Nischkauer.jpeg\" alt=\"\" class=\"wp-image-24376 size-full lazyload\" data-sizes=\"auto\" data-srcset=\"https:\/\/www.poesiegalerie.at\/wordpress\/wp-content\/uploads\/2026\/05\/Cover-Durch-den-Farnwald-der-Worte-Astrid-Nischkauer.jpeg 546w, https:\/\/www.poesiegalerie.at\/wordpress\/wp-content\/uploads\/2026\/05\/Cover-Durch-den-Farnwald-der-Worte-Astrid-Nischkauer-160x300.jpeg 160w, https:\/\/www.poesiegalerie.at\/wordpress\/wp-content\/uploads\/2026\/05\/Cover-Durch-den-Farnwald-der-Worte-Astrid-Nischkauer-80x150.jpeg 80w, https:\/\/www.poesiegalerie.at\/wordpress\/wp-content\/uploads\/2026\/05\/Cover-Durch-den-Farnwald-der-Worte-Astrid-Nischkauer-370x694.jpeg 370w, https:\/\/www.poesiegalerie.at\/wordpress\/wp-content\/uploads\/2026\/05\/Cover-Durch-den-Farnwald-der-Worte-Astrid-Nischkauer-20x38.jpeg 20w, https:\/\/www.poesiegalerie.at\/wordpress\/wp-content\/uploads\/2026\/05\/Cover-Durch-den-Farnwald-der-Worte-Astrid-Nischkauer-26x48.jpeg 26w\" sizes=\"(max-width: 546px) 100vw, 546px\" \/><\/figure><div class=\"wp-block-media-text__content\">\n<p>F\u00fcr die Autorin stellt es eine Art Experiment dar: Sie ordnet Gedichte in Haiku-Form in F\u00fcnfergruppen an, wodurch die Texte epischer werden und erz\u00e4hlerische Momente zulassen. Manche Gedichte erstrecken sich semantisch sogar auf die n\u00e4chste F\u00fcnfergruppe. Da dieses Konzept durchgehend eingehalten wird, ergibt sich ein einheitlicher Aufbau des Buches.\u00a0<\/p>\n\n\n\n<p class=\"has-small-font-size\">Cover \u00a9 Edition Tandem<\/p>\n<\/div><\/div>\n\n\n\n<p><em>Durch den Farnwald der Worte<\/em>&nbsp;enth\u00e4lt neben der Lyrik von Astrid Nischkauer auch bildnerische Arbeiten in Schwarz-Wei\u00df, vermutlich Holzdrucke, von Franziska Neubert.<\/p>\n\n\n\n<p>Astrid Nischkauer wurde 1989 in Wien geboren. Sie studierte Germanistik und Vergleichende Literaturwissenschaft. Sie schreibt Lyrik und ist zudem \u00dcbersetzerin, Literaturvermittlerin und Herausgeberin. Sie ist f\u00fcr die Theodor Kramer Gesellschaft t\u00e4tig, wo sie die Zeitschrift&nbsp;<em>Zwischenwelt<\/em>&nbsp;redaktionell betreut, und f\u00fcr die IG Autorinnen Autoren.<\/p>\n\n\n\n<p>Franziska Neubert, geb. 1977, studierte an der Hochschule f\u00fcr Grafik und Buchkunst in Leipzig, 2008 bis 2011 hatte sie einen Lehrauftrag in Dresden. Ihre Arbeiten, zum Teil in B\u00fcchern erschienen, wurden mehrfach pr\u00e4miert.<\/p>\n\n\n\n<p>Nischkauer spricht von \u201eGe<em>h<\/em>dichten\u201c, also inklusive stummem H, wodurch sie einen Bezug auf die Fortbewegung per se, aber auch auf ein gem\u00e4chliches Dahinschreiten herstellt. Der erste der vier Abschnitte des Buches hei\u00dft sogar \u201esich vorw\u00e4rtstasten\u201c und gibt damit einen beschaulichen Anfang und eine gewisse Anleitung zum Lesen vor. Die letzte Strophe des ersten Textes, aus dem auch der Buchtitel stammt, lautet:<\/p>\n\n\n\n<pre class=\"wp-block-verse\">Fu\u00dfspuren folgen\ndurch den Farnwald der Worte\nsich vorw\u00e4rtstasten\n\nAuch die Eindr\u00fccke der Nacht, entweder im Regen auf der Stra\u00dfe oder im eigenen Zimmer, wirken unaufgeregt, bed\u00e4chtig und wahrnehmend:\n\nLichtspiegelungen\nim regennassen Asphalt\nverwandeln die Stadt\n\nnachts ist zu h\u00f6ren\nwas sonst im Hintergrund bleibt\nTropfen f\u00fcr Tropfen\n\ntrippelnde Pfoten\nklagende Litfa\u00dfs\u00e4ule\nknirschende Schritte\n<\/pre>\n\n\n\n<p>Diese ersten drei Strophen einer F\u00fcnfergruppe zeigen sehr sch\u00f6n, wie die Autorin den erz\u00e4hlerischen Inhalt \u00fcber die einzelnen Haikus mitnimmt. Auch das Gef\u00fchl des Dahinschreitens im Sinne der&nbsp;<em>Geh<\/em>dichte ist f\u00fcr Leser*innen leicht fassbar.<\/p>\n\n\n\n<h4 class=\"wp-block-heading\">Form und Themen<\/h4>\n\n\n\n<p>Die Gedichte tragen keine Titel, die f\u00fcnf Texte in Haiku-Form erhalten die Funktion von Strophen. Inhaltlich h\u00e4ngen sie zusammen, auch syntaktische Enjambements reichen mitunter von einer Strophe zur n\u00e4chsten. Satzzeichen kommen kaum vor, was die \u00e4u\u00dfere Gedichtform richtiggehend zu fordern scheint. Astrid Nischkauer h\u00e4lt stets perfekt die 17 Silben ein, die Haikus vorgegeben sind. Da der in der japanischen Lyrik geforderte Jahreszeitenbezug von Haikus zumeist fehlt, w\u00fcrde ich die einzelnen Strophen eher als Senryus bezeichnen, die n\u00e4mlich vom Aufbau her dem Haiku entsprechen, aber keinen Jahreszeitenbezug erfordern.&nbsp;<\/p>\n\n\n\n<p>Ein Gedicht bezieht sich meines Erachtens direkt auf die Arbeiten der Grafikerin, wenn es n\u00e4mlich hei\u00dft:<\/p>\n\n\n\n<pre class=\"wp-block-verse\">der Nebel verschluckt\ndas Panorama von Wien\nScherenschnittb\u00e4ume\n\nbilden den Rahmen\nwei\u00dfes Rauschen dringt herauf\nerahnbare Stadt\n<\/pre>\n\n\n\n<p>Die einzelnen W\u00f6rter tragen Bedeutung in vielf\u00e4ltiger Hinsicht. So klingt der \u201eRahmen\u201c nicht nur nach der ausformulierten Redewendung, sondern auch nach dem Rahmen eines Gem\u00e4ldes.<\/p>\n\n\n\n<p>Viele Texte evozieren Eindr\u00fccke aus der Natur, Beobachtungen und Begegnungen, etwa mit einem Hund oder einem Marathonl\u00e4ufer. Mehrmals fand ich Bez\u00fcge zum Krieg in der Ukraine. Zum Beispiel im Folgenden imagin\u00e4ren oder wom\u00f6glich tats\u00e4chlich stattgefundenen Gespr\u00e4ch mit einem Busfahrer:<\/p>\n\n\n\n<pre class=\"wp-block-verse\">- Wohin die Reise\nder drei Frauen denn gehe?\nfragt mich der Fahrer\n\n\u00fcblicher Small-Talk\n- Ukraine sage ich\n- Flugzeug ist da schwer?\n\n- Es fliegen keine\n- Ah deswegen mit dem Bus\nBusbahnhof Erdberg\n\nWie lange f\u00e4hrt man?\n- Dreiundzwanzig Stunden lang\n- Wohin? \u2013 Nach Kyjiw\n\n- Eine sch\u00f6ne Stadt!\nAber ist der Krieg da schon\u2026?\n- Nein es ist noch Krieg\n<\/pre>\n\n\n\n<p>Die T\u00e4tigkeit als \u00dcbersetzerin und Herausgeberin bringt die Autorin offensichtlich auch in Kontakt mit ukrainischen Kolleg*innen. Dass einem der Krieg dann bei der Zusammenarbeit oder in privaten Gespr\u00e4chen automatisch n\u00e4her r\u00fcckt, liegt auf der Hand. Der Gedanke, dass die Ukrainerin, weil sie direkt aus dem Krieg kommt, am besten erst nach Silvester mit ihren krachenden B\u00f6llern anreisen soll, verursachte mir beim Lesen einen Klo\u00df im Hals. In diesen Zusammenhang passt auch die folgende Strophe mit ihrer mehrschichtigen Bedeutung:&nbsp;<\/p>\n\n\n\n<pre class=\"wp-block-verse\">\u00dcbersetzen ist\nEin\u00fcben ins Verstehen\nVerstehenlernen\n<\/pre>\n\n\n\n<p>Einzelne Gedichtseiten enthalten Widmungen. Der jeweilige Text wurde etwa zu einem bestimmten Bild geschrieben oder zu einem Zitat. Bez\u00fcge zu B\u00fcchern, die Nischkauer entweder \u00fcbersetzt oder herausgegeben hat, tauchen mehrfach auf. Auch das lyrische Mammutwerk \u201eNicht bei Trost\u201c des Schweizer Autors Franz Dodel wird angesprochen. Wie er l\u00e4sst sich auch Astrid Nischkauer auf einen vorgegebenen Silbenrhythmus ein, sie vertraut auf das metrische Korsett, das sie ihren Senryu-F\u00fcnfereinheiten anlegt. Im Dodel gewidmeten Gedicht stellt sie die rhetorische Frage, ob die Worte eines Dichters das \u201eNarrenschiff\u201c im \u201eMeer der Sprache\u201c sind. Ein sch\u00f6nes Bild, das die letzte Strophe einf\u00fchlsam abrundet:<\/p>\n\n\n\n<pre class=\"wp-block-verse\">denn wir finden Trost\nin den Worten anderer\nin den eigenen\n<\/pre>\n\n\n\n<p>Die Ausreizung von Wortfeldern und mehrfachen Bedeutungen zieht sich durch das ganze Buch. Bei der Lekt\u00fcre kam mir vor, ich m\u00fcsse genau hinschauen und den Bedeutungen nachsp\u00fcren, denn die Doppelb\u00f6digkeiten dr\u00e4ngten sich bei jedem \u201eSchritt\u201c von alleine auf.<\/p>\n\n\n\n<h4 class=\"wp-block-heading\">Gehen und Schreiben<\/h4>\n\n\n\n<p>Literatur, Schreiben und der Prozess der Textentstehung werden an vielen Stellen angesprochen. Astrid Nischkauer sieht einen Zusammenhang zwischen der Bewegung und dem Schreibprozess; Schreibbewegungen sto\u00dfen Gedanken an, k\u00f6rperliche Bewegung bringt Ideen. Und zu allem geh\u00f6rt eine angenehme Ruhe.<\/p>\n\n\n\n<pre class=\"wp-block-verse\">in der Bewegung\nwerden die Gedanken ruhig\nWorte setzen sich\n\nstehen wieder auf\nwerden hin und her ger\u00fcckt\nfinden ihren Platz\n\nw\u00e4hrend ich gehe\nund dabei im Kopf schreibe\nbis alles ruhig wird\n<\/pre>\n\n\n\n<p>Begeisterung f\u00fcr die Sprache und f\u00fcr die Literatur, aber immer auch Bescheidenheit und Demut sprechen aus den f\u00fcnfteiligen Gedichten. So beginnt das letzte Gedicht, in dem die \u201eKunst des Zuh\u00f6rens\u201c und das \u201eStaunen\u201c sowie die Notwendigkeit, offen zu bleiben, angesprochen werden, mit der folgenden Strophe:<\/p>\n\n\n\n<pre class=\"wp-block-verse\">wir stehen immer\nam Anfang: beim Schreiben wie\nbeim \u00dcbersetzen\n<\/pre>\n\n\n\n<p>Der Lyrikband erschien in der Salzburger Edition Tandem. Das fest gebundene Buch ist schmal hochformatig, das stimmungsvolle Coverbild stammt ebenfalls von Franziska Neubert. Nicht nur inhaltlich, sondern auch optisch gelang hier ein sch\u00f6nes Buch, das zum Mitnehmen und Schm\u00f6kern einl\u00e4dt.<\/p>\n\n\n\n<hr class=\"wp-block-separator has-alpha-channel-opacity\"\/>\n\n\n\n<p class=\"has-medium-font-size\">Astrid Nischkauer:&nbsp;<a href=\"https:\/\/www.edition-tandem.at\/durch-den-farnwald-der-worte\/\" target=\"_blank\" rel=\"noreferrer noopener\"><em>Durch den Farnwald der Worte<\/em>. Ge<em>h<\/em>dichte.<\/a>&nbsp;Edition Tandem, Salzburg-Wien, 2026. 74 Seiten. Euro 20,\u2013<\/p>\n","protected":false},"excerpt":{"rendered":"<p>Besprechung: &#8222;Epische Haiku-Form&#8220;-Klaus Ebner liest Astrid Nischkauers\u00a0Durch den Farnwald der Worte f\u00fcr die Poesiegalerie<\/p>\n","protected":false},"author":13,"featured_media":24376,"comment_status":"closed","ping_status":"closed","sticky":false,"template":"","format":"standard","meta":[],"categories":[107],"tags":[149,506],"thb-sponsors":[],"yoast_head":"<!-- This site is optimized with the Yoast SEO plugin v20.6 - https:\/\/yoast.com\/wordpress\/plugins\/seo\/ -->\n<title>Epische Haiku-Form - Poesiegalerie<\/title>\n<meta name=\"description\" content=\"Besprechung: &quot;Epische Haiku-Form&quot;-Klaus Ebner liest Astrid Nischkauers\u00a0Durch den Farnwald der Worte f\u00fcr die Poesiegalerie\" \/>\n<meta name=\"robots\" content=\"index, follow, max-snippet:-1, max-image-preview:large, max-video-preview:-1\" \/>\n<link rel=\"canonical\" href=\"https:\/\/www.poesiegalerie.at\/wordpress\/2026\/05\/01\/ebner-besprechung-epische-haiku-form\/\" \/>\n<meta property=\"og:locale\" content=\"de_DE\" \/>\n<meta property=\"og:type\" content=\"article\" \/>\n<meta property=\"og:title\" content=\"Epische Haiku-Form - Poesiegalerie\" \/>\n<meta property=\"og:description\" content=\"Besprechung: &quot;Epische Haiku-Form&quot;-Klaus Ebner liest Astrid Nischkauers\u00a0Durch den Farnwald der Worte f\u00fcr die Poesiegalerie\" \/>\n<meta property=\"og:url\" content=\"https:\/\/www.poesiegalerie.at\/wordpress\/2026\/05\/01\/ebner-besprechung-epische-haiku-form\/\" \/>\n<meta property=\"og:site_name\" content=\"Poesiegalerie\" \/>\n<meta property=\"article:publisher\" content=\"https:\/\/facebook.com\/poesiegalerie\" \/>\n<meta property=\"article:published_time\" content=\"2026-05-01T05:00:00+00:00\" \/>\n<meta property=\"article:modified_time\" content=\"2026-04-22T16:31:06+00:00\" \/>\n<meta property=\"og:image\" content=\"https:\/\/www.poesiegalerie.at\/wordpress\/wp-content\/uploads\/2026\/05\/Cover-Durch-den-Farnwald-der-Worte-Astrid-Nischkauer.jpeg\" \/>\n\t<meta property=\"og:image:width\" content=\"546\" \/>\n\t<meta property=\"og:image:height\" content=\"1024\" \/>\n\t<meta property=\"og:image:type\" content=\"image\/jpeg\" \/>\n<meta name=\"author\" content=\"Amabelle K\u00fcng\" \/>\n<meta name=\"twitter:card\" content=\"summary_large_image\" \/>\n<meta name=\"twitter:creator\" content=\"@poesiegalerie\" \/>\n<meta name=\"twitter:site\" content=\"@poesiegalerie\" \/>\n<meta name=\"twitter:label1\" content=\"Verfasst von\" \/>\n\t<meta name=\"twitter:data1\" content=\"Amabelle K\u00fcng\" \/>\n\t<meta name=\"twitter:label2\" content=\"Gesch\u00e4tzte Lesezeit\" \/>\n\t<meta name=\"twitter:data2\" content=\"6 Minuten\" \/>\n<script type=\"application\/ld+json\" class=\"yoast-schema-graph\">{\"@context\":\"https:\/\/schema.org\",\"@graph\":[{\"@type\":\"Article\",\"@id\":\"https:\/\/www.poesiegalerie.at\/wordpress\/2026\/05\/01\/ebner-besprechung-epische-haiku-form\/#article\",\"isPartOf\":{\"@id\":\"https:\/\/www.poesiegalerie.at\/wordpress\/2026\/05\/01\/ebner-besprechung-epische-haiku-form\/\"},\"author\":{\"name\":\"Amabelle K\u00fcng\",\"@id\":\"https:\/\/www.poesiegalerie.at\/wordpress\/#\/schema\/person\/26491478846b58135cab83779a6f85f6\"},\"headline\":\"Epische Haiku-Form\",\"datePublished\":\"2026-05-01T05:00:00+00:00\",\"dateModified\":\"2026-04-22T16:31:06+00:00\",\"mainEntityOfPage\":{\"@id\":\"https:\/\/www.poesiegalerie.at\/wordpress\/2026\/05\/01\/ebner-besprechung-epische-haiku-form\/\"},\"wordCount\":852,\"publisher\":{\"@id\":\"https:\/\/www.poesiegalerie.at\/wordpress\/#organization\"},\"keywords\":[\"Astrid Nischkauer\",\"Klaus Ebner\"],\"articleSection\":[\"BESPRECHUNGEN\"],\"inLanguage\":\"de-DE\"},{\"@type\":\"WebPage\",\"@id\":\"https:\/\/www.poesiegalerie.at\/wordpress\/2026\/05\/01\/ebner-besprechung-epische-haiku-form\/\",\"url\":\"https:\/\/www.poesiegalerie.at\/wordpress\/2026\/05\/01\/ebner-besprechung-epische-haiku-form\/\",\"name\":\"Epische Haiku-Form - Poesiegalerie\",\"isPartOf\":{\"@id\":\"https:\/\/www.poesiegalerie.at\/wordpress\/#website\"},\"datePublished\":\"2026-05-01T05:00:00+00:00\",\"dateModified\":\"2026-04-22T16:31:06+00:00\",\"description\":\"Besprechung: \\\"Epische Haiku-Form\\\"-Klaus Ebner liest Astrid Nischkauers\u00a0Durch den Farnwald der Worte f\u00fcr die Poesiegalerie\",\"breadcrumb\":{\"@id\":\"https:\/\/www.poesiegalerie.at\/wordpress\/2026\/05\/01\/ebner-besprechung-epische-haiku-form\/#breadcrumb\"},\"inLanguage\":\"de-DE\",\"potentialAction\":[{\"@type\":\"ReadAction\",\"target\":[\"https:\/\/www.poesiegalerie.at\/wordpress\/2026\/05\/01\/ebner-besprechung-epische-haiku-form\/\"]}]},{\"@type\":\"BreadcrumbList\",\"@id\":\"https:\/\/www.poesiegalerie.at\/wordpress\/2026\/05\/01\/ebner-besprechung-epische-haiku-form\/#breadcrumb\",\"itemListElement\":[{\"@type\":\"ListItem\",\"position\":1,\"name\":\"Startseite\",\"item\":\"https:\/\/www.poesiegalerie.at\/wordpress\/\"},{\"@type\":\"ListItem\",\"position\":2,\"name\":\"Epische Haiku-Form\"}]},{\"@type\":\"WebSite\",\"@id\":\"https:\/\/www.poesiegalerie.at\/wordpress\/#website\",\"url\":\"https:\/\/www.poesiegalerie.at\/wordpress\/\",\"name\":\"Poesiegalerie\",\"description\":\"\",\"publisher\":{\"@id\":\"https:\/\/www.poesiegalerie.at\/wordpress\/#organization\"},\"potentialAction\":[{\"@type\":\"SearchAction\",\"target\":{\"@type\":\"EntryPoint\",\"urlTemplate\":\"https:\/\/www.poesiegalerie.at\/wordpress\/?s={search_term_string}\"},\"query-input\":\"required name=search_term_string\"}],\"inLanguage\":\"de-DE\"},{\"@type\":\"Organization\",\"@id\":\"https:\/\/www.poesiegalerie.at\/wordpress\/#organization\",\"name\":\"Poesiegalerie\",\"url\":\"https:\/\/www.poesiegalerie.at\/wordpress\/\",\"logo\":{\"@type\":\"ImageObject\",\"inLanguage\":\"de-DE\",\"@id\":\"https:\/\/www.poesiegalerie.at\/wordpress\/#\/schema\/logo\/image\/\",\"url\":\"https:\/\/www.poesiegalerie.at\/wordpress\/wp-content\/uploads\/2021\/01\/Logoquadrat-PG-1.png\",\"contentUrl\":\"https:\/\/www.poesiegalerie.at\/wordpress\/wp-content\/uploads\/2021\/01\/Logoquadrat-PG-1.png\",\"width\":512,\"height\":512,\"caption\":\"Poesiegalerie\"},\"image\":{\"@id\":\"https:\/\/www.poesiegalerie.at\/wordpress\/#\/schema\/logo\/image\/\"},\"sameAs\":[\"https:\/\/facebook.com\/poesiegalerie\",\"https:\/\/twitter.com\/poesiegalerie\",\"https:\/\/instagram.com\/poesiegalerie\",\"https:\/\/youtube.com\/channel\/UChHTsNTzMPzZpU8TfKP3dNQ\"]},{\"@type\":\"Person\",\"@id\":\"https:\/\/www.poesiegalerie.at\/wordpress\/#\/schema\/person\/26491478846b58135cab83779a6f85f6\",\"name\":\"Amabelle K\u00fcng\",\"image\":{\"@type\":\"ImageObject\",\"inLanguage\":\"de-DE\",\"@id\":\"https:\/\/www.poesiegalerie.at\/wordpress\/#\/schema\/person\/image\/\",\"url\":\"https:\/\/secure.gravatar.com\/avatar\/799dbeaa15cac8fc0d968a0e76435704?s=96&d=mm&r=g\",\"contentUrl\":\"https:\/\/secure.gravatar.com\/avatar\/799dbeaa15cac8fc0d968a0e76435704?s=96&d=mm&r=g\",\"caption\":\"Amabelle K\u00fcng\"},\"url\":\"https:\/\/www.poesiegalerie.at\/wordpress\/author\/amabelle-kueng\/\"}]}<\/script>\n<!-- \/ Yoast SEO plugin. -->","yoast_head_json":{"title":"Epische Haiku-Form - Poesiegalerie","description":"Besprechung: \"Epische Haiku-Form\"-Klaus Ebner liest Astrid Nischkauers\u00a0Durch den Farnwald der Worte f\u00fcr die Poesiegalerie","robots":{"index":"index","follow":"follow","max-snippet":"max-snippet:-1","max-image-preview":"max-image-preview:large","max-video-preview":"max-video-preview:-1"},"canonical":"https:\/\/www.poesiegalerie.at\/wordpress\/2026\/05\/01\/ebner-besprechung-epische-haiku-form\/","og_locale":"de_DE","og_type":"article","og_title":"Epische Haiku-Form - Poesiegalerie","og_description":"Besprechung: \"Epische Haiku-Form\"-Klaus Ebner liest Astrid Nischkauers\u00a0Durch den Farnwald der Worte f\u00fcr die Poesiegalerie","og_url":"https:\/\/www.poesiegalerie.at\/wordpress\/2026\/05\/01\/ebner-besprechung-epische-haiku-form\/","og_site_name":"Poesiegalerie","article_publisher":"https:\/\/facebook.com\/poesiegalerie","article_published_time":"2026-05-01T05:00:00+00:00","article_modified_time":"2026-04-22T16:31:06+00:00","og_image":[{"width":546,"height":1024,"url":"https:\/\/www.poesiegalerie.at\/wordpress\/wp-content\/uploads\/2026\/05\/Cover-Durch-den-Farnwald-der-Worte-Astrid-Nischkauer.jpeg","type":"image\/jpeg"}],"author":"Amabelle K\u00fcng","twitter_card":"summary_large_image","twitter_creator":"@poesiegalerie","twitter_site":"@poesiegalerie","twitter_misc":{"Verfasst von":"Amabelle K\u00fcng","Gesch\u00e4tzte Lesezeit":"6 Minuten"},"schema":{"@context":"https:\/\/schema.org","@graph":[{"@type":"Article","@id":"https:\/\/www.poesiegalerie.at\/wordpress\/2026\/05\/01\/ebner-besprechung-epische-haiku-form\/#article","isPartOf":{"@id":"https:\/\/www.poesiegalerie.at\/wordpress\/2026\/05\/01\/ebner-besprechung-epische-haiku-form\/"},"author":{"name":"Amabelle K\u00fcng","@id":"https:\/\/www.poesiegalerie.at\/wordpress\/#\/schema\/person\/26491478846b58135cab83779a6f85f6"},"headline":"Epische Haiku-Form","datePublished":"2026-05-01T05:00:00+00:00","dateModified":"2026-04-22T16:31:06+00:00","mainEntityOfPage":{"@id":"https:\/\/www.poesiegalerie.at\/wordpress\/2026\/05\/01\/ebner-besprechung-epische-haiku-form\/"},"wordCount":852,"publisher":{"@id":"https:\/\/www.poesiegalerie.at\/wordpress\/#organization"},"keywords":["Astrid Nischkauer","Klaus Ebner"],"articleSection":["BESPRECHUNGEN"],"inLanguage":"de-DE"},{"@type":"WebPage","@id":"https:\/\/www.poesiegalerie.at\/wordpress\/2026\/05\/01\/ebner-besprechung-epische-haiku-form\/","url":"https:\/\/www.poesiegalerie.at\/wordpress\/2026\/05\/01\/ebner-besprechung-epische-haiku-form\/","name":"Epische Haiku-Form - Poesiegalerie","isPartOf":{"@id":"https:\/\/www.poesiegalerie.at\/wordpress\/#website"},"datePublished":"2026-05-01T05:00:00+00:00","dateModified":"2026-04-22T16:31:06+00:00","description":"Besprechung: \"Epische Haiku-Form\"-Klaus Ebner liest Astrid Nischkauers\u00a0Durch den Farnwald der Worte f\u00fcr die Poesiegalerie","breadcrumb":{"@id":"https:\/\/www.poesiegalerie.at\/wordpress\/2026\/05\/01\/ebner-besprechung-epische-haiku-form\/#breadcrumb"},"inLanguage":"de-DE","potentialAction":[{"@type":"ReadAction","target":["https:\/\/www.poesiegalerie.at\/wordpress\/2026\/05\/01\/ebner-besprechung-epische-haiku-form\/"]}]},{"@type":"BreadcrumbList","@id":"https:\/\/www.poesiegalerie.at\/wordpress\/2026\/05\/01\/ebner-besprechung-epische-haiku-form\/#breadcrumb","itemListElement":[{"@type":"ListItem","position":1,"name":"Startseite","item":"https:\/\/www.poesiegalerie.at\/wordpress\/"},{"@type":"ListItem","position":2,"name":"Epische Haiku-Form"}]},{"@type":"WebSite","@id":"https:\/\/www.poesiegalerie.at\/wordpress\/#website","url":"https:\/\/www.poesiegalerie.at\/wordpress\/","name":"Poesiegalerie","description":"","publisher":{"@id":"https:\/\/www.poesiegalerie.at\/wordpress\/#organization"},"potentialAction":[{"@type":"SearchAction","target":{"@type":"EntryPoint","urlTemplate":"https:\/\/www.poesiegalerie.at\/wordpress\/?s={search_term_string}"},"query-input":"required name=search_term_string"}],"inLanguage":"de-DE"},{"@type":"Organization","@id":"https:\/\/www.poesiegalerie.at\/wordpress\/#organization","name":"Poesiegalerie","url":"https:\/\/www.poesiegalerie.at\/wordpress\/","logo":{"@type":"ImageObject","inLanguage":"de-DE","@id":"https:\/\/www.poesiegalerie.at\/wordpress\/#\/schema\/logo\/image\/","url":"https:\/\/www.poesiegalerie.at\/wordpress\/wp-content\/uploads\/2021\/01\/Logoquadrat-PG-1.png","contentUrl":"https:\/\/www.poesiegalerie.at\/wordpress\/wp-content\/uploads\/2021\/01\/Logoquadrat-PG-1.png","width":512,"height":512,"caption":"Poesiegalerie"},"image":{"@id":"https:\/\/www.poesiegalerie.at\/wordpress\/#\/schema\/logo\/image\/"},"sameAs":["https:\/\/facebook.com\/poesiegalerie","https:\/\/twitter.com\/poesiegalerie","https:\/\/instagram.com\/poesiegalerie","https:\/\/youtube.com\/channel\/UChHTsNTzMPzZpU8TfKP3dNQ"]},{"@type":"Person","@id":"https:\/\/www.poesiegalerie.at\/wordpress\/#\/schema\/person\/26491478846b58135cab83779a6f85f6","name":"Amabelle K\u00fcng","image":{"@type":"ImageObject","inLanguage":"de-DE","@id":"https:\/\/www.poesiegalerie.at\/wordpress\/#\/schema\/person\/image\/","url":"https:\/\/secure.gravatar.com\/avatar\/799dbeaa15cac8fc0d968a0e76435704?s=96&d=mm&r=g","contentUrl":"https:\/\/secure.gravatar.com\/avatar\/799dbeaa15cac8fc0d968a0e76435704?s=96&d=mm&r=g","caption":"Amabelle K\u00fcng"},"url":"https:\/\/www.poesiegalerie.at\/wordpress\/author\/amabelle-kueng\/"}]}},"_links":{"self":[{"href":"https:\/\/www.poesiegalerie.at\/wordpress\/wp-json\/wp\/v2\/posts\/24357"}],"collection":[{"href":"https:\/\/www.poesiegalerie.at\/wordpress\/wp-json\/wp\/v2\/posts"}],"about":[{"href":"https:\/\/www.poesiegalerie.at\/wordpress\/wp-json\/wp\/v2\/types\/post"}],"author":[{"embeddable":true,"href":"https:\/\/www.poesiegalerie.at\/wordpress\/wp-json\/wp\/v2\/users\/13"}],"replies":[{"embeddable":true,"href":"https:\/\/www.poesiegalerie.at\/wordpress\/wp-json\/wp\/v2\/comments?post=24357"}],"version-history":[{"count":3,"href":"https:\/\/www.poesiegalerie.at\/wordpress\/wp-json\/wp\/v2\/posts\/24357\/revisions"}],"predecessor-version":[{"id":24377,"href":"https:\/\/www.poesiegalerie.at\/wordpress\/wp-json\/wp\/v2\/posts\/24357\/revisions\/24377"}],"wp:featuredmedia":[{"embeddable":true,"href":"https:\/\/www.poesiegalerie.at\/wordpress\/wp-json\/wp\/v2\/media\/24376"}],"wp:attachment":[{"href":"https:\/\/www.poesiegalerie.at\/wordpress\/wp-json\/wp\/v2\/media?parent=24357"}],"wp:term":[{"taxonomy":"category","embeddable":true,"href":"https:\/\/www.poesiegalerie.at\/wordpress\/wp-json\/wp\/v2\/categories?post=24357"},{"taxonomy":"post_tag","embeddable":true,"href":"https:\/\/www.poesiegalerie.at\/wordpress\/wp-json\/wp\/v2\/tags?post=24357"},{"taxonomy":"thb-sponsors","embeddable":true,"href":"https:\/\/www.poesiegalerie.at\/wordpress\/wp-json\/wp\/v2\/thb-sponsors?post=24357"}],"curies":[{"name":"wp","href":"https:\/\/api.w.org\/{rel}","templated":true}]}}