{"id":24483,"date":"2026-05-01T07:00:00","date_gmt":"2026-05-01T05:00:00","guid":{"rendered":"https:\/\/www.poesiegalerie.at\/wordpress\/?p=24483"},"modified":"2026-04-29T16:48:09","modified_gmt":"2026-04-29T14:48:09","slug":"gedichte-zum-welttag-der-poesie-teil-i","status":"publish","type":"post","link":"https:\/\/www.poesiegalerie.at\/wordpress\/2026\/05\/01\/gedichte-zum-welttag-der-poesie-teil-i\/","title":{"rendered":"Gedichte zum Welttag der Poesie: Teil I"},"content":{"rendered":"\n<p>Wir danken vielmals allen Dichter*innen, die unserem Aufruf auf Facebook und Instagram gefolgt sind und uns zum Welttag der Poesie am 21.3.26 Gedichte geschickt haben. Um der gro\u00dfen Zahl der Einsendungen gerecht zu werden, haben wir beschlossen, die Texte in drei Tranchen zu ver\u00f6ffentlichen. Hier kommt die erste poetische Sendung!<\/p>\n\n\n\n<h3 class=\"wp-block-heading\"><a href=\"https:\/\/www.facebook.com\/barbaro9?comment_id=Y29tbWVudDoxMzg0OTA1NTYzNDM3OTUwXzEzMzE1MjA4NTkwMDAxNjA%3D&amp;__cft__%5B0%5D=AZZp_4zPNl0NUd4fGb1BC0dWKXJkIIrL3OFhuimxrVwEya-xWGu4iSphZCVDUNLUtbXKmUT5hiPmwbsDHSD5pPHaw-X_zpx1itVE0NblBmBVx5FQfbV3AoJZiS4m39x8MmVqYm0wZy2E_uNGZRTiY2Xhp6cnuWQGIW0wgJTFr2hZSw&amp;__tn__=R%5D-R\"><strong>Barbara Pumh\u00f6sel<\/strong><\/a><\/h3>\n\n\n\n<pre class=\"wp-block-verse\">Das Bild \nvom R\u00fcckw\u00e4rtssprung \neiner Schnappkieferameise\nschneidet sich \ndurch Kurzschluss \nim Gehirn mit einem\nZukunftsgedanken<\/pre>\n\n\n\n<h3 class=\"wp-block-heading\"><a href=\"https:\/\/www.facebook.com\/marion.kecht?comment_id=Y29tbWVudDoxMzg0OTA1NTYzNDM3OTUwXzE5MTkzNjQ3Njg2ODk2MjE%3D&amp;__cft__%5B0%5D=AZZp_4zPNl0NUd4fGb1BC0dWKXJkIIrL3OFhuimxrVwEya-xWGu4iSphZCVDUNLUtbXKmUT5hiPmwbsDHSD5pPHaw-X_zpx1itVE0NblBmBVx5FQfbV3AoJZiS4m39x8MmVqYm0wZy2E_uNGZRTiY2Xhp6cnuWQGIW0wgJTFr2hZSw&amp;__tn__=R%5D-R\"><strong>Marion Kecht<\/strong><\/a><\/h3>\n\n\n\n<pre class=\"wp-block-verse\">Poem International\n\nIch wechsle die Sprachen\nwie andere\nden BH.\n\nEin Wort frisst das n\u00e4chste,\nbis etwas flirrt,\nfl\u00fcchtig, rar.\n\nMan nennt es Gedicht.\nIch nenne es:\nStreben ohne Ankunft.<\/pre>\n\n\n\n<h3 class=\"wp-block-heading\"><a href=\"https:\/\/www.facebook.com\/gaby.eder.92?comment_id=Y29tbWVudDoxMzg0OTA1NTYzNDM3OTUwXzEyNDIwNDk3NzQ4MTA4OTg%3D&amp;__cft__%5B0%5D=AZZp_4zPNl0NUd4fGb1BC0dWKXJkIIrL3OFhuimxrVwEya-xWGu4iSphZCVDUNLUtbXKmUT5hiPmwbsDHSD5pPHaw-X_zpx1itVE0NblBmBVx5FQfbV3AoJZiS4m39x8MmVqYm0wZy2E_uNGZRTiY2Xhp6cnuWQGIW0wgJTFr2hZSw&amp;__tn__=R%5D-R\"><strong>Gaby Eder<\/strong><\/a><\/h3>\n\n\n\n<pre class=\"wp-block-verse\">Das Ungef\u00e4hre\n\nIn meinen Gedankengassen\nwohnen Tr\u00e4ume, Ideen und Worte,\ndie sich oft nicht fassen lassen.\nDas schemenhafte Ungef\u00e4hre\nvermag wie eine Eingangspforte\nverlockend ziehen ins\n\u201eWas w\u00e4re\u201c.\n\nDann - gleich dem Domino Effekt,\nwird im Ber\u00fchren und im Flie\u00dfen -\nwas schlief - von Zauberhand geweckt,\nin Farbenr\u00e4dern bunt gesp\u00fcrt \nund Verse beginnen zu sprie\u00dfen,\nvon innen nach au\u00dfen gef\u00fchrt.<\/pre>\n\n\n\n<h3 class=\"wp-block-heading\"><a href=\"https:\/\/www.facebook.com\/profile.php?id=100013854035859&amp;comment_id=Y29tbWVudDoxMzg0OTA1NTYzNDM3OTUwXzg1OTc1MDM4Mzc0ODExOQ%3D%3D&amp;__cft__%5B0%5D=AZZp_4zPNl0NUd4fGb1BC0dWKXJkIIrL3OFhuimxrVwEya-xWGu4iSphZCVDUNLUtbXKmUT5hiPmwbsDHSD5pPHaw-X_zpx1itVE0NblBmBVx5FQfbV3AoJZiS4m39x8MmVqYm0wZy2E_uNGZRTiY2Xhp6cnuWQGIW0wgJTFr2hZSw&amp;__tn__=R%5D-R\"><strong>Christl Greller<\/strong><\/a><\/h3>\n\n\n\n<pre class=\"wp-block-verse\">schau genau, was du\nins wasser schreibst.\nes tr\u00e4gt es fort, weiter und weiter.\nund stolpert es \u00fcber steine, wo\ndeine botschaft zerbricht:\nst\u00fcckwerk mit anderem klang. \nkann sein, dass sp\u00e4ter wieder zusammenfindet durch zufall. \noder nicht.\nund wabbert \u00fcber wellen und \nsich vereint\nmit anderen spruchst\u00fccken \nund verzerrt. und\nlandet im meer, wo\nriesige mengen von schreibfetzen\nsich zusammenfinden wie\ninseln von plastikm\u00fcll\nvor den k\u00fcsten.<\/pre>\n\n\n\n<h3 class=\"wp-block-heading\"><a href=\"https:\/\/www.facebook.com\/cornelia.becker.mis23?comment_id=Y29tbWVudDoxMzg0OTA1NTYzNDM3OTUwXzE0NTQ5Njk0ODI5NjkxNDI%3D&amp;__cft__%5B0%5D=AZZp_4zPNl0NUd4fGb1BC0dWKXJkIIrL3OFhuimxrVwEya-xWGu4iSphZCVDUNLUtbXKmUT5hiPmwbsDHSD5pPHaw-X_zpx1itVE0NblBmBVx5FQfbV3AoJZiS4m39x8MmVqYm0wZy2E_uNGZRTiY2Xhp6cnuWQGIW0wgJTFr2hZSw&amp;__tn__=R%5D-R\"><strong>Cornelia Becker<\/strong><\/a><\/h3>\n\n\n\n<pre class=\"wp-block-verse\">nichts\nnichts zu sagen\ndie zunge zwischen hirn und herz\nverdrahtet\n\n500 menschen im mittelmeer\nf\u00fcnfhundertmenschen\nertrinken\n\nsuche den sinn den es nicht gibt\nwebe worte in den gebetsteppich\nzur nachtwelt \nlebe mein kleines leben\nmein immerhin \u00fcber\nleben\nmein sandkornleben\n\n500 menschen\nf\u00fcnfhundertmenschen\nertranken im mittelmeer\nfive days ago\/f\u00fcnf tage zuvor\n\nplane \u2013 trotzdem - die sommerferien\nkreuzfahrt mit kind und kegel\ngepflegte gespr\u00e4che \u00fcber die wahrlich zerr\u00fctteten zust\u00e4nde auf anderen kontinenten\ndie jetzt alle zu uns weil sie falschen g\u00f6ttern glauben\ndie bange frage ob unsere kinder \u2026\n\nkulturarbeiter k\u00f6nner der verfeinerten gesten \nverscheuchen die geister\nspezialeinheiten gegen das invasive denken\n\n500 menschen? ist das wirklich passiert? \nertrunken im mittelmeer?\n\ndas wir kreuzen\nkaj\u00fcte mit meerblick, familienfreundlich\nurlaub f\u00fcr weltenentdecker\nwlan und vegane kost inklusive\nauf mediterranen routen\ntreiben wir im pool als toter mann\ndie kinder z\u00e4hlen bis zwanzig\nbevor sie prustend spritzend auftauchen\n(mutprobe bestanden, daf\u00fcr gibt\u2019s ein extraeis)\n\nnachts kommen sie\nauf stelzen aus fischgr\u00e4ten und treibholz \nkommen die toten\nklopfen ans bullauge \naus sicherheitsgr\u00fcnden nicht zu \u00f6ffnen \nich schrecke hoch\ndas fenster schwarz und verschlossen\nchecke im worldwide web\ntauche wieder ein im schlaf des vergessens\nim kollektiven numbing\nsicher dass wir es \u00fcberleben\nweil \u00fcberlegen\n\namen<\/pre>\n\n\n\n<h3 class=\"wp-block-heading\"><a href=\"https:\/\/www.facebook.com\/katrin.bernhardt?comment_id=Y29tbWVudDoxMzg0OTA1NTYzNDM3OTUwXzEyODA5OTE4MjAxMjY1Mjk%3D&amp;__cft__%5B0%5D=AZZp_4zPNl0NUd4fGb1BC0dWKXJkIIrL3OFhuimxrVwEya-xWGu4iSphZCVDUNLUtbXKmUT5hiPmwbsDHSD5pPHaw-X_zpx1itVE0NblBmBVx5FQfbV3AoJZiS4m39x8MmVqYm0wZy2E_uNGZRTiY2Xhp6cnuWQGIW0wgJTFr2hZSw&amp;__tn__=R%5D-R\"><strong>Katrin Bernhardt<\/strong><\/a><\/h3>\n\n\n\n<pre class=\"wp-block-verse\">Auf den H\u00f6henheiligt\u00fcmern\nstehen nun Kapellen\nVon jedem Gipfel\npredigt eine Kuppel\npreist ein Kreuz\ndie Ankunft des Heilands\nBei dieser Anzahl\nwerde ich nicht fertig\ndie Glocken zu schlagen\nIn den Opferh\u00f6hlen\nbrennen die Kerzen\nf\u00fcr Agios und Agia\nAus den G\u00f6ttern \nsind Heilige geworden\nGl\u00e4ubige bringen ihnen Gaben\nwie einst\nOliven\u00f6l, Wein und Raki\nKleine Bleche\nmit Kinderfiguren\nund abgetrennten Beinen\nFruchtbarkeit und Heilung\nsind nie obsolet\nDer Schleier des Christentums\n\u00fcber den Riten der Heiden\nWie ein feines Altartuch\ndas jederzeit weggetragen werden kann\nvon einem starken Meltemi<\/pre>\n","protected":false},"excerpt":{"rendered":"<p>6 Gedichte f\u00fcr den Welttag der Poesie am 21.3.2026<\/p>\n","protected":false},"author":13,"featured_media":24487,"comment_status":"closed","ping_status":"closed","sticky":false,"template":"","format":"standard","meta":[],"categories":[105,280],"tags":[],"thb-sponsors":[],"yoast_head":"<!-- This site is optimized with the Yoast SEO plugin v20.6 - https:\/\/yoast.com\/wordpress\/plugins\/seo\/ -->\n<title>Gedichte zum Welttag der Poesie: Teil I - Poesiegalerie<\/title>\n<meta name=\"description\" content=\"6 Gedichte f\u00fcr den Welttag der Poesie am 21.3.2026\" \/>\n<meta name=\"robots\" content=\"index, follow, max-snippet:-1, max-image-preview:large, max-video-preview:-1\" \/>\n<link rel=\"canonical\" href=\"https:\/\/www.poesiegalerie.at\/wordpress\/2026\/05\/01\/gedichte-zum-welttag-der-poesie-teil-i\/\" \/>\n<meta property=\"og:locale\" content=\"de_DE\" \/>\n<meta property=\"og:type\" content=\"article\" \/>\n<meta property=\"og:title\" content=\"Gedichte zum Welttag der Poesie: Teil I - Poesiegalerie\" \/>\n<meta property=\"og:description\" content=\"6 Gedichte f\u00fcr den Welttag der Poesie am 21.3.2026\" \/>\n<meta property=\"og:url\" content=\"https:\/\/www.poesiegalerie.at\/wordpress\/2026\/05\/01\/gedichte-zum-welttag-der-poesie-teil-i\/\" \/>\n<meta property=\"og:site_name\" content=\"Poesiegalerie\" \/>\n<meta property=\"article:publisher\" content=\"https:\/\/facebook.com\/poesiegalerie\" \/>\n<meta property=\"article:published_time\" content=\"2026-05-01T05:00:00+00:00\" \/>\n<meta property=\"article:modified_time\" content=\"2026-04-29T14:48:09+00:00\" \/>\n<meta property=\"og:image\" content=\"https:\/\/www.poesiegalerie.at\/wordpress\/wp-content\/uploads\/2026\/04\/Logo-Tag-der-Poesie-2026-I-scaled.jpg\" \/>\n\t<meta property=\"og:image:width\" content=\"1920\" \/>\n\t<meta property=\"og:image:height\" content=\"2560\" \/>\n\t<meta property=\"og:image:type\" content=\"image\/jpeg\" \/>\n<meta name=\"author\" content=\"Amabelle K\u00fcng\" \/>\n<meta name=\"twitter:card\" content=\"summary_large_image\" \/>\n<meta name=\"twitter:creator\" content=\"@poesiegalerie\" \/>\n<meta name=\"twitter:site\" content=\"@poesiegalerie\" \/>\n<meta name=\"twitter:label1\" content=\"Verfasst von\" \/>\n\t<meta name=\"twitter:data1\" content=\"Amabelle K\u00fcng\" \/>\n\t<meta name=\"twitter:label2\" content=\"Gesch\u00e4tzte Lesezeit\" \/>\n\t<meta name=\"twitter:data2\" content=\"3 Minuten\" \/>\n<script type=\"application\/ld+json\" class=\"yoast-schema-graph\">{\"@context\":\"https:\/\/schema.org\",\"@graph\":[{\"@type\":\"Article\",\"@id\":\"https:\/\/www.poesiegalerie.at\/wordpress\/2026\/05\/01\/gedichte-zum-welttag-der-poesie-teil-i\/#article\",\"isPartOf\":{\"@id\":\"https:\/\/www.poesiegalerie.at\/wordpress\/2026\/05\/01\/gedichte-zum-welttag-der-poesie-teil-i\/\"},\"author\":{\"name\":\"Amabelle K\u00fcng\",\"@id\":\"https:\/\/www.poesiegalerie.at\/wordpress\/#\/schema\/person\/26491478846b58135cab83779a6f85f6\"},\"headline\":\"Gedichte zum Welttag der Poesie: Teil I\",\"datePublished\":\"2026-05-01T05:00:00+00:00\",\"dateModified\":\"2026-04-29T14:48:09+00:00\",\"mainEntityOfPage\":{\"@id\":\"https:\/\/www.poesiegalerie.at\/wordpress\/2026\/05\/01\/gedichte-zum-welttag-der-poesie-teil-i\/\"},\"wordCount\":72,\"publisher\":{\"@id\":\"https:\/\/www.poesiegalerie.at\/wordpress\/#organization\"},\"articleSection\":[\"AUSGESTELLT\",\"Gedicht von heute\"],\"inLanguage\":\"de-DE\"},{\"@type\":\"WebPage\",\"@id\":\"https:\/\/www.poesiegalerie.at\/wordpress\/2026\/05\/01\/gedichte-zum-welttag-der-poesie-teil-i\/\",\"url\":\"https:\/\/www.poesiegalerie.at\/wordpress\/2026\/05\/01\/gedichte-zum-welttag-der-poesie-teil-i\/\",\"name\":\"Gedichte zum Welttag der Poesie: Teil I - Poesiegalerie\",\"isPartOf\":{\"@id\":\"https:\/\/www.poesiegalerie.at\/wordpress\/#website\"},\"datePublished\":\"2026-05-01T05:00:00+00:00\",\"dateModified\":\"2026-04-29T14:48:09+00:00\",\"description\":\"6 Gedichte f\u00fcr den Welttag der Poesie am 21.3.2026\",\"breadcrumb\":{\"@id\":\"https:\/\/www.poesiegalerie.at\/wordpress\/2026\/05\/01\/gedichte-zum-welttag-der-poesie-teil-i\/#breadcrumb\"},\"inLanguage\":\"de-DE\",\"potentialAction\":[{\"@type\":\"ReadAction\",\"target\":[\"https:\/\/www.poesiegalerie.at\/wordpress\/2026\/05\/01\/gedichte-zum-welttag-der-poesie-teil-i\/\"]}]},{\"@type\":\"BreadcrumbList\",\"@id\":\"https:\/\/www.poesiegalerie.at\/wordpress\/2026\/05\/01\/gedichte-zum-welttag-der-poesie-teil-i\/#breadcrumb\",\"itemListElement\":[{\"@type\":\"ListItem\",\"position\":1,\"name\":\"Startseite\",\"item\":\"https:\/\/www.poesiegalerie.at\/wordpress\/\"},{\"@type\":\"ListItem\",\"position\":2,\"name\":\"Gedichte zum Welttag der Poesie: Teil I\"}]},{\"@type\":\"WebSite\",\"@id\":\"https:\/\/www.poesiegalerie.at\/wordpress\/#website\",\"url\":\"https:\/\/www.poesiegalerie.at\/wordpress\/\",\"name\":\"Poesiegalerie\",\"description\":\"\",\"publisher\":{\"@id\":\"https:\/\/www.poesiegalerie.at\/wordpress\/#organization\"},\"potentialAction\":[{\"@type\":\"SearchAction\",\"target\":{\"@type\":\"EntryPoint\",\"urlTemplate\":\"https:\/\/www.poesiegalerie.at\/wordpress\/?s={search_term_string}\"},\"query-input\":\"required name=search_term_string\"}],\"inLanguage\":\"de-DE\"},{\"@type\":\"Organization\",\"@id\":\"https:\/\/www.poesiegalerie.at\/wordpress\/#organization\",\"name\":\"Poesiegalerie\",\"url\":\"https:\/\/www.poesiegalerie.at\/wordpress\/\",\"logo\":{\"@type\":\"ImageObject\",\"inLanguage\":\"de-DE\",\"@id\":\"https:\/\/www.poesiegalerie.at\/wordpress\/#\/schema\/logo\/image\/\",\"url\":\"https:\/\/www.poesiegalerie.at\/wordpress\/wp-content\/uploads\/2021\/01\/Logoquadrat-PG-1.png\",\"contentUrl\":\"https:\/\/www.poesiegalerie.at\/wordpress\/wp-content\/uploads\/2021\/01\/Logoquadrat-PG-1.png\",\"width\":512,\"height\":512,\"caption\":\"Poesiegalerie\"},\"image\":{\"@id\":\"https:\/\/www.poesiegalerie.at\/wordpress\/#\/schema\/logo\/image\/\"},\"sameAs\":[\"https:\/\/facebook.com\/poesiegalerie\",\"https:\/\/twitter.com\/poesiegalerie\",\"https:\/\/instagram.com\/poesiegalerie\",\"https:\/\/youtube.com\/channel\/UChHTsNTzMPzZpU8TfKP3dNQ\"]},{\"@type\":\"Person\",\"@id\":\"https:\/\/www.poesiegalerie.at\/wordpress\/#\/schema\/person\/26491478846b58135cab83779a6f85f6\",\"name\":\"Amabelle K\u00fcng\",\"image\":{\"@type\":\"ImageObject\",\"inLanguage\":\"de-DE\",\"@id\":\"https:\/\/www.poesiegalerie.at\/wordpress\/#\/schema\/person\/image\/\",\"url\":\"https:\/\/secure.gravatar.com\/avatar\/799dbeaa15cac8fc0d968a0e76435704?s=96&d=mm&r=g\",\"contentUrl\":\"https:\/\/secure.gravatar.com\/avatar\/799dbeaa15cac8fc0d968a0e76435704?s=96&d=mm&r=g\",\"caption\":\"Amabelle K\u00fcng\"},\"url\":\"https:\/\/www.poesiegalerie.at\/wordpress\/author\/amabelle-kueng\/\"}]}<\/script>\n<!-- \/ Yoast SEO plugin. -->","yoast_head_json":{"title":"Gedichte zum Welttag der Poesie: Teil I - Poesiegalerie","description":"6 Gedichte f\u00fcr den Welttag der Poesie am 21.3.2026","robots":{"index":"index","follow":"follow","max-snippet":"max-snippet:-1","max-image-preview":"max-image-preview:large","max-video-preview":"max-video-preview:-1"},"canonical":"https:\/\/www.poesiegalerie.at\/wordpress\/2026\/05\/01\/gedichte-zum-welttag-der-poesie-teil-i\/","og_locale":"de_DE","og_type":"article","og_title":"Gedichte zum Welttag der Poesie: Teil I - Poesiegalerie","og_description":"6 Gedichte f\u00fcr den Welttag der Poesie am 21.3.2026","og_url":"https:\/\/www.poesiegalerie.at\/wordpress\/2026\/05\/01\/gedichte-zum-welttag-der-poesie-teil-i\/","og_site_name":"Poesiegalerie","article_publisher":"https:\/\/facebook.com\/poesiegalerie","article_published_time":"2026-05-01T05:00:00+00:00","article_modified_time":"2026-04-29T14:48:09+00:00","og_image":[{"width":1920,"height":2560,"url":"https:\/\/www.poesiegalerie.at\/wordpress\/wp-content\/uploads\/2026\/04\/Logo-Tag-der-Poesie-2026-I-scaled.jpg","type":"image\/jpeg"}],"author":"Amabelle K\u00fcng","twitter_card":"summary_large_image","twitter_creator":"@poesiegalerie","twitter_site":"@poesiegalerie","twitter_misc":{"Verfasst von":"Amabelle K\u00fcng","Gesch\u00e4tzte Lesezeit":"3 Minuten"},"schema":{"@context":"https:\/\/schema.org","@graph":[{"@type":"Article","@id":"https:\/\/www.poesiegalerie.at\/wordpress\/2026\/05\/01\/gedichte-zum-welttag-der-poesie-teil-i\/#article","isPartOf":{"@id":"https:\/\/www.poesiegalerie.at\/wordpress\/2026\/05\/01\/gedichte-zum-welttag-der-poesie-teil-i\/"},"author":{"name":"Amabelle K\u00fcng","@id":"https:\/\/www.poesiegalerie.at\/wordpress\/#\/schema\/person\/26491478846b58135cab83779a6f85f6"},"headline":"Gedichte zum Welttag der Poesie: Teil I","datePublished":"2026-05-01T05:00:00+00:00","dateModified":"2026-04-29T14:48:09+00:00","mainEntityOfPage":{"@id":"https:\/\/www.poesiegalerie.at\/wordpress\/2026\/05\/01\/gedichte-zum-welttag-der-poesie-teil-i\/"},"wordCount":72,"publisher":{"@id":"https:\/\/www.poesiegalerie.at\/wordpress\/#organization"},"articleSection":["AUSGESTELLT","Gedicht von heute"],"inLanguage":"de-DE"},{"@type":"WebPage","@id":"https:\/\/www.poesiegalerie.at\/wordpress\/2026\/05\/01\/gedichte-zum-welttag-der-poesie-teil-i\/","url":"https:\/\/www.poesiegalerie.at\/wordpress\/2026\/05\/01\/gedichte-zum-welttag-der-poesie-teil-i\/","name":"Gedichte zum Welttag der Poesie: Teil I - Poesiegalerie","isPartOf":{"@id":"https:\/\/www.poesiegalerie.at\/wordpress\/#website"},"datePublished":"2026-05-01T05:00:00+00:00","dateModified":"2026-04-29T14:48:09+00:00","description":"6 Gedichte f\u00fcr den Welttag der Poesie am 21.3.2026","breadcrumb":{"@id":"https:\/\/www.poesiegalerie.at\/wordpress\/2026\/05\/01\/gedichte-zum-welttag-der-poesie-teil-i\/#breadcrumb"},"inLanguage":"de-DE","potentialAction":[{"@type":"ReadAction","target":["https:\/\/www.poesiegalerie.at\/wordpress\/2026\/05\/01\/gedichte-zum-welttag-der-poesie-teil-i\/"]}]},{"@type":"BreadcrumbList","@id":"https:\/\/www.poesiegalerie.at\/wordpress\/2026\/05\/01\/gedichte-zum-welttag-der-poesie-teil-i\/#breadcrumb","itemListElement":[{"@type":"ListItem","position":1,"name":"Startseite","item":"https:\/\/www.poesiegalerie.at\/wordpress\/"},{"@type":"ListItem","position":2,"name":"Gedichte zum Welttag der Poesie: Teil I"}]},{"@type":"WebSite","@id":"https:\/\/www.poesiegalerie.at\/wordpress\/#website","url":"https:\/\/www.poesiegalerie.at\/wordpress\/","name":"Poesiegalerie","description":"","publisher":{"@id":"https:\/\/www.poesiegalerie.at\/wordpress\/#organization"},"potentialAction":[{"@type":"SearchAction","target":{"@type":"EntryPoint","urlTemplate":"https:\/\/www.poesiegalerie.at\/wordpress\/?s={search_term_string}"},"query-input":"required name=search_term_string"}],"inLanguage":"de-DE"},{"@type":"Organization","@id":"https:\/\/www.poesiegalerie.at\/wordpress\/#organization","name":"Poesiegalerie","url":"https:\/\/www.poesiegalerie.at\/wordpress\/","logo":{"@type":"ImageObject","inLanguage":"de-DE","@id":"https:\/\/www.poesiegalerie.at\/wordpress\/#\/schema\/logo\/image\/","url":"https:\/\/www.poesiegalerie.at\/wordpress\/wp-content\/uploads\/2021\/01\/Logoquadrat-PG-1.png","contentUrl":"https:\/\/www.poesiegalerie.at\/wordpress\/wp-content\/uploads\/2021\/01\/Logoquadrat-PG-1.png","width":512,"height":512,"caption":"Poesiegalerie"},"image":{"@id":"https:\/\/www.poesiegalerie.at\/wordpress\/#\/schema\/logo\/image\/"},"sameAs":["https:\/\/facebook.com\/poesiegalerie","https:\/\/twitter.com\/poesiegalerie","https:\/\/instagram.com\/poesiegalerie","https:\/\/youtube.com\/channel\/UChHTsNTzMPzZpU8TfKP3dNQ"]},{"@type":"Person","@id":"https:\/\/www.poesiegalerie.at\/wordpress\/#\/schema\/person\/26491478846b58135cab83779a6f85f6","name":"Amabelle K\u00fcng","image":{"@type":"ImageObject","inLanguage":"de-DE","@id":"https:\/\/www.poesiegalerie.at\/wordpress\/#\/schema\/person\/image\/","url":"https:\/\/secure.gravatar.com\/avatar\/799dbeaa15cac8fc0d968a0e76435704?s=96&d=mm&r=g","contentUrl":"https:\/\/secure.gravatar.com\/avatar\/799dbeaa15cac8fc0d968a0e76435704?s=96&d=mm&r=g","caption":"Amabelle K\u00fcng"},"url":"https:\/\/www.poesiegalerie.at\/wordpress\/author\/amabelle-kueng\/"}]}},"_links":{"self":[{"href":"https:\/\/www.poesiegalerie.at\/wordpress\/wp-json\/wp\/v2\/posts\/24483"}],"collection":[{"href":"https:\/\/www.poesiegalerie.at\/wordpress\/wp-json\/wp\/v2\/posts"}],"about":[{"href":"https:\/\/www.poesiegalerie.at\/wordpress\/wp-json\/wp\/v2\/types\/post"}],"author":[{"embeddable":true,"href":"https:\/\/www.poesiegalerie.at\/wordpress\/wp-json\/wp\/v2\/users\/13"}],"replies":[{"embeddable":true,"href":"https:\/\/www.poesiegalerie.at\/wordpress\/wp-json\/wp\/v2\/comments?post=24483"}],"version-history":[{"count":4,"href":"https:\/\/www.poesiegalerie.at\/wordpress\/wp-json\/wp\/v2\/posts\/24483\/revisions"}],"predecessor-version":[{"id":24490,"href":"https:\/\/www.poesiegalerie.at\/wordpress\/wp-json\/wp\/v2\/posts\/24483\/revisions\/24490"}],"wp:featuredmedia":[{"embeddable":true,"href":"https:\/\/www.poesiegalerie.at\/wordpress\/wp-json\/wp\/v2\/media\/24487"}],"wp:attachment":[{"href":"https:\/\/www.poesiegalerie.at\/wordpress\/wp-json\/wp\/v2\/media?parent=24483"}],"wp:term":[{"taxonomy":"category","embeddable":true,"href":"https:\/\/www.poesiegalerie.at\/wordpress\/wp-json\/wp\/v2\/categories?post=24483"},{"taxonomy":"post_tag","embeddable":true,"href":"https:\/\/www.poesiegalerie.at\/wordpress\/wp-json\/wp\/v2\/tags?post=24483"},{"taxonomy":"thb-sponsors","embeddable":true,"href":"https:\/\/www.poesiegalerie.at\/wordpress\/wp-json\/wp\/v2\/thb-sponsors?post=24483"}],"curies":[{"name":"wp","href":"https:\/\/api.w.org\/{rel}","templated":true}]}}