{"id":24531,"date":"2026-08-28T07:00:00","date_gmt":"2026-08-28T05:00:00","guid":{"rendered":"https:\/\/www.poesiegalerie.at\/wordpress\/?p=24531"},"modified":"2026-08-13T13:27:13","modified_gmt":"2026-08-13T11:27:13","slug":"hermann-zunaechst-war-da-nur-ein-schimmer","status":"publish","type":"post","link":"https:\/\/www.poesiegalerie.at\/wordpress\/2026\/08\/28\/hermann-zunaechst-war-da-nur-ein-schimmer\/","title":{"rendered":"Zun\u00e4chst war da nur ein Schimmer"},"content":{"rendered":"\n<h3 class=\"wp-block-heading\"><strong><a href=\"https:\/\/www.poesiegalerie.at\/wordpress\/autor%e2%80%91innen-alte-seite\/hermann-wolfgang\/\" target=\"_blank\" rel=\"noreferrer noopener\">Wolfgang Hermann<\/a><\/strong><\/h3>\n\n\n\n<pre class=\"wp-block-verse\">Zun\u00e4chst war da nur ein Schimmer\nlangsam und unmerklich stiegen die gelben Kuppeln\n\u00fcber dem gro\u00dfen Wald\ndanach wuchs rasch die Schw\u00e4rze\nFenster f\u00fcr Fenster, Haus f\u00fcr Haus\nverdunkelten sich\nhohl starrten die Stra\u00dfen\nwer konnte versuchte den Wald zu erreichen\ndoch mitten im Lauf ersch\u00fctterte sie\nein innerer Blitz<\/pre>\n\n\n\n<div style=\"height:100px\" aria-hidden=\"true\" class=\"wp-block-spacer\"><\/div>\n\n\n\n<div class=\"wp-block-media-text is-stacked-on-mobile\" style=\"grid-template-columns:29% auto\"><figure class=\"wp-block-media-text__media\"><img decoding=\"async\" loading=\"lazy\" width=\"370\" height=\"523\" src=\"data:image\/gif;base64,R0lGODlhAQABAAAAACH5BAEKAAEALAAAAAABAAEAAAICTAEAOw==\" data-src=\"https:\/\/www.poesiegalerie.at\/wordpress\/wp-content\/uploads\/2026\/04\/Portrait-Wolfgang-Hermann.jpeg\" alt=\"\" class=\"wp-image-24351 size-full lazyload\" data-sizes=\"auto\" data-srcset=\"https:\/\/www.poesiegalerie.at\/wordpress\/wp-content\/uploads\/2026\/04\/Portrait-Wolfgang-Hermann.jpeg 370w, https:\/\/www.poesiegalerie.at\/wordpress\/wp-content\/uploads\/2026\/04\/Portrait-Wolfgang-Hermann-212x300.jpeg 212w, https:\/\/www.poesiegalerie.at\/wordpress\/wp-content\/uploads\/2026\/04\/Portrait-Wolfgang-Hermann-106x150.jpeg 106w, https:\/\/www.poesiegalerie.at\/wordpress\/wp-content\/uploads\/2026\/04\/Portrait-Wolfgang-Hermann-20x28.jpeg 20w, https:\/\/www.poesiegalerie.at\/wordpress\/wp-content\/uploads\/2026\/04\/Portrait-Wolfgang-Hermann-34x48.jpeg 34w\" sizes=\"(max-width: 370px) 100vw, 370px\" \/><\/figure><div class=\"wp-block-media-text__content\">\n<p class=\"has-medium-font-size\">Erscheint im neuen Gedichtband <em>Die schwarzen St\u00e4dte<\/em>, der im Fr\u00fchjahr 2027 bei Keiper<\/p>\n<\/div><\/div>\n","protected":false},"excerpt":{"rendered":"<p>Gedicht von heute: &#8222;Zun\u00e4chst war da nur ein Schimmer&#8220; von Wolfgang Hermann f\u00fcr die Poesiegalerie. Erscheint im neuen Gedichtband &#8222;Die schwarzen St\u00e4dte&#8220;.<\/p>\n","protected":false},"author":13,"featured_media":24351,"comment_status":"closed","ping_status":"closed","sticky":false,"template":"","format":"standard","meta":[],"categories":[105,280],"tags":[396],"thb-sponsors":[],"yoast_head":"<!-- This site is optimized with the Yoast SEO plugin v20.6 - https:\/\/yoast.com\/wordpress\/plugins\/seo\/ -->\n<title>Zun\u00e4chst war da nur ein Schimmer - Poesiegalerie<\/title>\n<meta name=\"description\" content=\"Gedicht von heute: &quot;Zun\u00e4chst war da nur ein Schimmer&quot; von Wolfgang Hermann f\u00fcr die Poesiegalerie. Erscheint im neuen Gedichtband &quot;Die schwarzen St\u00e4dte&quot;.\" \/>\n<meta name=\"robots\" content=\"index, follow, max-snippet:-1, max-image-preview:large, max-video-preview:-1\" \/>\n<link rel=\"canonical\" href=\"https:\/\/www.poesiegalerie.at\/wordpress\/2026\/08\/28\/hermann-zunaechst-war-da-nur-ein-schimmer\/\" \/>\n<meta property=\"og:locale\" content=\"de_DE\" \/>\n<meta property=\"og:type\" content=\"article\" \/>\n<meta property=\"og:title\" content=\"Zun\u00e4chst war da nur ein Schimmer - Poesiegalerie\" \/>\n<meta property=\"og:description\" content=\"Gedicht von heute: &quot;Zun\u00e4chst war da nur ein Schimmer&quot; von Wolfgang Hermann f\u00fcr die Poesiegalerie. Erscheint im neuen Gedichtband &quot;Die schwarzen St\u00e4dte&quot;.\" \/>\n<meta property=\"og:url\" content=\"https:\/\/www.poesiegalerie.at\/wordpress\/2026\/08\/28\/hermann-zunaechst-war-da-nur-ein-schimmer\/\" \/>\n<meta property=\"og:site_name\" content=\"Poesiegalerie\" \/>\n<meta property=\"article:publisher\" content=\"https:\/\/facebook.com\/poesiegalerie\" \/>\n<meta property=\"article:published_time\" content=\"2026-08-28T05:00:00+00:00\" \/>\n<meta property=\"article:modified_time\" content=\"2026-08-13T11:27:13+00:00\" \/>\n<meta property=\"og:image\" content=\"https:\/\/www.poesiegalerie.at\/wordpress\/wp-content\/uploads\/2026\/04\/Portrait-Wolfgang-Hermann.jpeg\" \/>\n\t<meta property=\"og:image:width\" content=\"370\" \/>\n\t<meta property=\"og:image:height\" content=\"523\" \/>\n\t<meta property=\"og:image:type\" content=\"image\/jpeg\" \/>\n<meta name=\"author\" content=\"Amabelle K\u00fcng\" \/>\n<meta name=\"twitter:card\" content=\"summary_large_image\" \/>\n<meta name=\"twitter:creator\" content=\"@poesiegalerie\" \/>\n<meta name=\"twitter:site\" content=\"@poesiegalerie\" \/>\n<meta name=\"twitter:label1\" content=\"Verfasst von\" \/>\n\t<meta name=\"twitter:data1\" content=\"Amabelle K\u00fcng\" \/>\n\t<meta name=\"twitter:label2\" content=\"Gesch\u00e4tzte Lesezeit\" \/>\n\t<meta name=\"twitter:data2\" content=\"1 Minute\" \/>\n<script type=\"application\/ld+json\" class=\"yoast-schema-graph\">{\"@context\":\"https:\/\/schema.org\",\"@graph\":[{\"@type\":\"Article\",\"@id\":\"https:\/\/www.poesiegalerie.at\/wordpress\/2026\/08\/28\/hermann-zunaechst-war-da-nur-ein-schimmer\/#article\",\"isPartOf\":{\"@id\":\"https:\/\/www.poesiegalerie.at\/wordpress\/2026\/08\/28\/hermann-zunaechst-war-da-nur-ein-schimmer\/\"},\"author\":{\"name\":\"Amabelle K\u00fcng\",\"@id\":\"https:\/\/www.poesiegalerie.at\/wordpress\/#\/schema\/person\/26491478846b58135cab83779a6f85f6\"},\"headline\":\"Zun\u00e4chst war da nur ein Schimmer\",\"datePublished\":\"2026-08-28T05:00:00+00:00\",\"dateModified\":\"2026-08-13T11:27:13+00:00\",\"mainEntityOfPage\":{\"@id\":\"https:\/\/www.poesiegalerie.at\/wordpress\/2026\/08\/28\/hermann-zunaechst-war-da-nur-ein-schimmer\/\"},\"wordCount\":23,\"publisher\":{\"@id\":\"https:\/\/www.poesiegalerie.at\/wordpress\/#organization\"},\"keywords\":[\"Wolfgang Hermann\"],\"articleSection\":[\"AUSGESTELLT\",\"Gedicht von heute\"],\"inLanguage\":\"de-DE\"},{\"@type\":\"WebPage\",\"@id\":\"https:\/\/www.poesiegalerie.at\/wordpress\/2026\/08\/28\/hermann-zunaechst-war-da-nur-ein-schimmer\/\",\"url\":\"https:\/\/www.poesiegalerie.at\/wordpress\/2026\/08\/28\/hermann-zunaechst-war-da-nur-ein-schimmer\/\",\"name\":\"Zun\u00e4chst war da nur ein Schimmer - Poesiegalerie\",\"isPartOf\":{\"@id\":\"https:\/\/www.poesiegalerie.at\/wordpress\/#website\"},\"datePublished\":\"2026-08-28T05:00:00+00:00\",\"dateModified\":\"2026-08-13T11:27:13+00:00\",\"description\":\"Gedicht von heute: \\\"Zun\u00e4chst war da nur ein Schimmer\\\" von Wolfgang Hermann f\u00fcr die Poesiegalerie. Erscheint im neuen Gedichtband \\\"Die schwarzen St\u00e4dte\\\".\",\"breadcrumb\":{\"@id\":\"https:\/\/www.poesiegalerie.at\/wordpress\/2026\/08\/28\/hermann-zunaechst-war-da-nur-ein-schimmer\/#breadcrumb\"},\"inLanguage\":\"de-DE\",\"potentialAction\":[{\"@type\":\"ReadAction\",\"target\":[\"https:\/\/www.poesiegalerie.at\/wordpress\/2026\/08\/28\/hermann-zunaechst-war-da-nur-ein-schimmer\/\"]}]},{\"@type\":\"BreadcrumbList\",\"@id\":\"https:\/\/www.poesiegalerie.at\/wordpress\/2026\/08\/28\/hermann-zunaechst-war-da-nur-ein-schimmer\/#breadcrumb\",\"itemListElement\":[{\"@type\":\"ListItem\",\"position\":1,\"name\":\"Startseite\",\"item\":\"https:\/\/www.poesiegalerie.at\/wordpress\/\"},{\"@type\":\"ListItem\",\"position\":2,\"name\":\"Zun\u00e4chst war da nur ein Schimmer\"}]},{\"@type\":\"WebSite\",\"@id\":\"https:\/\/www.poesiegalerie.at\/wordpress\/#website\",\"url\":\"https:\/\/www.poesiegalerie.at\/wordpress\/\",\"name\":\"Poesiegalerie\",\"description\":\"\",\"publisher\":{\"@id\":\"https:\/\/www.poesiegalerie.at\/wordpress\/#organization\"},\"potentialAction\":[{\"@type\":\"SearchAction\",\"target\":{\"@type\":\"EntryPoint\",\"urlTemplate\":\"https:\/\/www.poesiegalerie.at\/wordpress\/?s={search_term_string}\"},\"query-input\":\"required name=search_term_string\"}],\"inLanguage\":\"de-DE\"},{\"@type\":\"Organization\",\"@id\":\"https:\/\/www.poesiegalerie.at\/wordpress\/#organization\",\"name\":\"Poesiegalerie\",\"url\":\"https:\/\/www.poesiegalerie.at\/wordpress\/\",\"logo\":{\"@type\":\"ImageObject\",\"inLanguage\":\"de-DE\",\"@id\":\"https:\/\/www.poesiegalerie.at\/wordpress\/#\/schema\/logo\/image\/\",\"url\":\"https:\/\/www.poesiegalerie.at\/wordpress\/wp-content\/uploads\/2021\/01\/Logoquadrat-PG-1.png\",\"contentUrl\":\"https:\/\/www.poesiegalerie.at\/wordpress\/wp-content\/uploads\/2021\/01\/Logoquadrat-PG-1.png\",\"width\":512,\"height\":512,\"caption\":\"Poesiegalerie\"},\"image\":{\"@id\":\"https:\/\/www.poesiegalerie.at\/wordpress\/#\/schema\/logo\/image\/\"},\"sameAs\":[\"https:\/\/facebook.com\/poesiegalerie\",\"https:\/\/twitter.com\/poesiegalerie\",\"https:\/\/instagram.com\/poesiegalerie\",\"https:\/\/youtube.com\/channel\/UChHTsNTzMPzZpU8TfKP3dNQ\"]},{\"@type\":\"Person\",\"@id\":\"https:\/\/www.poesiegalerie.at\/wordpress\/#\/schema\/person\/26491478846b58135cab83779a6f85f6\",\"name\":\"Amabelle K\u00fcng\",\"image\":{\"@type\":\"ImageObject\",\"inLanguage\":\"de-DE\",\"@id\":\"https:\/\/www.poesiegalerie.at\/wordpress\/#\/schema\/person\/image\/\",\"url\":\"https:\/\/secure.gravatar.com\/avatar\/799dbeaa15cac8fc0d968a0e76435704?s=96&d=mm&r=g\",\"contentUrl\":\"https:\/\/secure.gravatar.com\/avatar\/799dbeaa15cac8fc0d968a0e76435704?s=96&d=mm&r=g\",\"caption\":\"Amabelle K\u00fcng\"},\"url\":\"https:\/\/www.poesiegalerie.at\/wordpress\/author\/amabelle-kueng\/\"}]}<\/script>\n<!-- \/ Yoast SEO plugin. -->","yoast_head_json":{"title":"Zun\u00e4chst war da nur ein Schimmer - Poesiegalerie","description":"Gedicht von heute: \"Zun\u00e4chst war da nur ein Schimmer\" von Wolfgang Hermann f\u00fcr die Poesiegalerie. Erscheint im neuen Gedichtband \"Die schwarzen St\u00e4dte\".","robots":{"index":"index","follow":"follow","max-snippet":"max-snippet:-1","max-image-preview":"max-image-preview:large","max-video-preview":"max-video-preview:-1"},"canonical":"https:\/\/www.poesiegalerie.at\/wordpress\/2026\/08\/28\/hermann-zunaechst-war-da-nur-ein-schimmer\/","og_locale":"de_DE","og_type":"article","og_title":"Zun\u00e4chst war da nur ein Schimmer - Poesiegalerie","og_description":"Gedicht von heute: \"Zun\u00e4chst war da nur ein Schimmer\" von Wolfgang Hermann f\u00fcr die Poesiegalerie. Erscheint im neuen Gedichtband \"Die schwarzen St\u00e4dte\".","og_url":"https:\/\/www.poesiegalerie.at\/wordpress\/2026\/08\/28\/hermann-zunaechst-war-da-nur-ein-schimmer\/","og_site_name":"Poesiegalerie","article_publisher":"https:\/\/facebook.com\/poesiegalerie","article_published_time":"2026-08-28T05:00:00+00:00","article_modified_time":"2026-08-13T11:27:13+00:00","og_image":[{"width":370,"height":523,"url":"https:\/\/www.poesiegalerie.at\/wordpress\/wp-content\/uploads\/2026\/04\/Portrait-Wolfgang-Hermann.jpeg","type":"image\/jpeg"}],"author":"Amabelle K\u00fcng","twitter_card":"summary_large_image","twitter_creator":"@poesiegalerie","twitter_site":"@poesiegalerie","twitter_misc":{"Verfasst von":"Amabelle K\u00fcng","Gesch\u00e4tzte Lesezeit":"1 Minute"},"schema":{"@context":"https:\/\/schema.org","@graph":[{"@type":"Article","@id":"https:\/\/www.poesiegalerie.at\/wordpress\/2026\/08\/28\/hermann-zunaechst-war-da-nur-ein-schimmer\/#article","isPartOf":{"@id":"https:\/\/www.poesiegalerie.at\/wordpress\/2026\/08\/28\/hermann-zunaechst-war-da-nur-ein-schimmer\/"},"author":{"name":"Amabelle K\u00fcng","@id":"https:\/\/www.poesiegalerie.at\/wordpress\/#\/schema\/person\/26491478846b58135cab83779a6f85f6"},"headline":"Zun\u00e4chst war da nur ein Schimmer","datePublished":"2026-08-28T05:00:00+00:00","dateModified":"2026-08-13T11:27:13+00:00","mainEntityOfPage":{"@id":"https:\/\/www.poesiegalerie.at\/wordpress\/2026\/08\/28\/hermann-zunaechst-war-da-nur-ein-schimmer\/"},"wordCount":23,"publisher":{"@id":"https:\/\/www.poesiegalerie.at\/wordpress\/#organization"},"keywords":["Wolfgang Hermann"],"articleSection":["AUSGESTELLT","Gedicht von heute"],"inLanguage":"de-DE"},{"@type":"WebPage","@id":"https:\/\/www.poesiegalerie.at\/wordpress\/2026\/08\/28\/hermann-zunaechst-war-da-nur-ein-schimmer\/","url":"https:\/\/www.poesiegalerie.at\/wordpress\/2026\/08\/28\/hermann-zunaechst-war-da-nur-ein-schimmer\/","name":"Zun\u00e4chst war da nur ein Schimmer - Poesiegalerie","isPartOf":{"@id":"https:\/\/www.poesiegalerie.at\/wordpress\/#website"},"datePublished":"2026-08-28T05:00:00+00:00","dateModified":"2026-08-13T11:27:13+00:00","description":"Gedicht von heute: \"Zun\u00e4chst war da nur ein Schimmer\" von Wolfgang Hermann f\u00fcr die Poesiegalerie. Erscheint im neuen Gedichtband \"Die schwarzen St\u00e4dte\".","breadcrumb":{"@id":"https:\/\/www.poesiegalerie.at\/wordpress\/2026\/08\/28\/hermann-zunaechst-war-da-nur-ein-schimmer\/#breadcrumb"},"inLanguage":"de-DE","potentialAction":[{"@type":"ReadAction","target":["https:\/\/www.poesiegalerie.at\/wordpress\/2026\/08\/28\/hermann-zunaechst-war-da-nur-ein-schimmer\/"]}]},{"@type":"BreadcrumbList","@id":"https:\/\/www.poesiegalerie.at\/wordpress\/2026\/08\/28\/hermann-zunaechst-war-da-nur-ein-schimmer\/#breadcrumb","itemListElement":[{"@type":"ListItem","position":1,"name":"Startseite","item":"https:\/\/www.poesiegalerie.at\/wordpress\/"},{"@type":"ListItem","position":2,"name":"Zun\u00e4chst war da nur ein Schimmer"}]},{"@type":"WebSite","@id":"https:\/\/www.poesiegalerie.at\/wordpress\/#website","url":"https:\/\/www.poesiegalerie.at\/wordpress\/","name":"Poesiegalerie","description":"","publisher":{"@id":"https:\/\/www.poesiegalerie.at\/wordpress\/#organization"},"potentialAction":[{"@type":"SearchAction","target":{"@type":"EntryPoint","urlTemplate":"https:\/\/www.poesiegalerie.at\/wordpress\/?s={search_term_string}"},"query-input":"required name=search_term_string"}],"inLanguage":"de-DE"},{"@type":"Organization","@id":"https:\/\/www.poesiegalerie.at\/wordpress\/#organization","name":"Poesiegalerie","url":"https:\/\/www.poesiegalerie.at\/wordpress\/","logo":{"@type":"ImageObject","inLanguage":"de-DE","@id":"https:\/\/www.poesiegalerie.at\/wordpress\/#\/schema\/logo\/image\/","url":"https:\/\/www.poesiegalerie.at\/wordpress\/wp-content\/uploads\/2021\/01\/Logoquadrat-PG-1.png","contentUrl":"https:\/\/www.poesiegalerie.at\/wordpress\/wp-content\/uploads\/2021\/01\/Logoquadrat-PG-1.png","width":512,"height":512,"caption":"Poesiegalerie"},"image":{"@id":"https:\/\/www.poesiegalerie.at\/wordpress\/#\/schema\/logo\/image\/"},"sameAs":["https:\/\/facebook.com\/poesiegalerie","https:\/\/twitter.com\/poesiegalerie","https:\/\/instagram.com\/poesiegalerie","https:\/\/youtube.com\/channel\/UChHTsNTzMPzZpU8TfKP3dNQ"]},{"@type":"Person","@id":"https:\/\/www.poesiegalerie.at\/wordpress\/#\/schema\/person\/26491478846b58135cab83779a6f85f6","name":"Amabelle K\u00fcng","image":{"@type":"ImageObject","inLanguage":"de-DE","@id":"https:\/\/www.poesiegalerie.at\/wordpress\/#\/schema\/person\/image\/","url":"https:\/\/secure.gravatar.com\/avatar\/799dbeaa15cac8fc0d968a0e76435704?s=96&d=mm&r=g","contentUrl":"https:\/\/secure.gravatar.com\/avatar\/799dbeaa15cac8fc0d968a0e76435704?s=96&d=mm&r=g","caption":"Amabelle K\u00fcng"},"url":"https:\/\/www.poesiegalerie.at\/wordpress\/author\/amabelle-kueng\/"}]}},"_links":{"self":[{"href":"https:\/\/www.poesiegalerie.at\/wordpress\/wp-json\/wp\/v2\/posts\/24531"}],"collection":[{"href":"https:\/\/www.poesiegalerie.at\/wordpress\/wp-json\/wp\/v2\/posts"}],"about":[{"href":"https:\/\/www.poesiegalerie.at\/wordpress\/wp-json\/wp\/v2\/types\/post"}],"author":[{"embeddable":true,"href":"https:\/\/www.poesiegalerie.at\/wordpress\/wp-json\/wp\/v2\/users\/13"}],"replies":[{"embeddable":true,"href":"https:\/\/www.poesiegalerie.at\/wordpress\/wp-json\/wp\/v2\/comments?post=24531"}],"version-history":[{"count":1,"href":"https:\/\/www.poesiegalerie.at\/wordpress\/wp-json\/wp\/v2\/posts\/24531\/revisions"}],"predecessor-version":[{"id":24532,"href":"https:\/\/www.poesiegalerie.at\/wordpress\/wp-json\/wp\/v2\/posts\/24531\/revisions\/24532"}],"wp:featuredmedia":[{"embeddable":true,"href":"https:\/\/www.poesiegalerie.at\/wordpress\/wp-json\/wp\/v2\/media\/24351"}],"wp:attachment":[{"href":"https:\/\/www.poesiegalerie.at\/wordpress\/wp-json\/wp\/v2\/media?parent=24531"}],"wp:term":[{"taxonomy":"category","embeddable":true,"href":"https:\/\/www.poesiegalerie.at\/wordpress\/wp-json\/wp\/v2\/categories?post=24531"},{"taxonomy":"post_tag","embeddable":true,"href":"https:\/\/www.poesiegalerie.at\/wordpress\/wp-json\/wp\/v2\/tags?post=24531"},{"taxonomy":"thb-sponsors","embeddable":true,"href":"https:\/\/www.poesiegalerie.at\/wordpress\/wp-json\/wp\/v2\/thb-sponsors?post=24531"}],"curies":[{"name":"wp","href":"https:\/\/api.w.org\/{rel}","templated":true}]}}