{"id":24912,"date":"2026-08-31T07:00:00","date_gmt":"2026-08-31T05:00:00","guid":{"rendered":"https:\/\/www.poesiegalerie.at\/wordpress\/?p=24912"},"modified":"2026-07-21T16:43:45","modified_gmt":"2026-07-21T14:43:45","slug":"pogacar-gedicht-sammler-von-sonntagen","status":"publish","type":"post","link":"https:\/\/www.poesiegalerie.at\/wordpress\/2026\/08\/31\/pogacar-gedicht-sammler-von-sonntagen\/","title":{"rendered":"SAMMLER VON SONNTAGEN"},"content":{"rendered":"\n<h3 class=\"wp-block-heading\"><strong><a href=\"https:\/\/www.poesiegalerie.at\/wordpress\/autor%e2%80%91innen-alte-seite\/pogacar-marko\/\" target=\"_blank\" rel=\"noreferrer noopener\">Marko Pogacar<\/a><\/strong><\/h3>\n\n\n\n<pre class=\"wp-block-verse\"><strong>SAMMLER VON SONNTAGEN<\/strong>\n\nIch trug den unendlichen Sonntag in meinem Herzen,\nwie einen verborgenen Fehler.\nmit jedem Schlag reifte die Zeit zu einem Gedicht:\nder Herbst kauerte sich in jede Ecke, schob seine H\u00e4nde in die Taschen,\nstopfte Kastanien in Spitzt\u00fcten aus alten Druckschriften. der Betrug der Bl\u00e4tter obsiegte.\ndie Kastanien, immer noch hei\u00df, dr\u00e4ngten dem hungrigen Rachen entgegen,\ndie Zeitungen warteten auf eine Kraft, st\u00e4rker als Wind, st\u00e4rker als Feuer.\nsie warteten auf die Hand, die sie anheben w\u00fcrde, als h\u00e4tte sich die Sehnsucht der Welt\ngesammelt, in gerade mal dreien von Dingen, die wir mit alten Zeitungen verbinden:\nZeitungen zusammenkn\u00fcllen und in den Schuh schieben, solange dort kein Fu\u00df ist,\nZeitungen zu H\u00fcten falten und an unbekannte Maler schicken.\ndann einen der H\u00fcte, vielleicht den gr\u00f6\u00dften, in ein Schiff verwandeln,\ndas ein unwirkliches Kind auf einem Bach schwimmen und in ein Land fahren l\u00e4sst,\nwo Gott nicht unendlich ist, sondern stumm. und wo es nichts gibt.\nwo es nichts gibt, au\u00dfer Sonntage.<\/pre>\n\n\n\n<div style=\"height:100px\" aria-hidden=\"true\" class=\"wp-block-spacer\"><\/div>\n\n\n\n<div class=\"wp-block-media-text is-stacked-on-mobile\" style=\"grid-template-columns:42% auto\"><figure class=\"wp-block-media-text__media\"><img decoding=\"async\" loading=\"lazy\" width=\"909\" height=\"800\" src=\"data:image\/gif;base64,R0lGODlhAQABAAAAACH5BAEKAAEALAAAAAABAAEAAAICTAEAOw==\" data-src=\"https:\/\/www.poesiegalerie.at\/wordpress\/wp-content\/uploads\/2026\/07\/Cover-Glossen-gegen-Gott-Marko-Pogacar.jpeg\" alt=\"\" class=\"wp-image-24913 size-full lazyload\" data-sizes=\"auto\" data-srcset=\"https:\/\/www.poesiegalerie.at\/wordpress\/wp-content\/uploads\/2026\/07\/Cover-Glossen-gegen-Gott-Marko-Pogacar.jpeg 909w, https:\/\/www.poesiegalerie.at\/wordpress\/wp-content\/uploads\/2026\/07\/Cover-Glossen-gegen-Gott-Marko-Pogacar-300x264.jpeg 300w, https:\/\/www.poesiegalerie.at\/wordpress\/wp-content\/uploads\/2026\/07\/Cover-Glossen-gegen-Gott-Marko-Pogacar-150x132.jpeg 150w, https:\/\/www.poesiegalerie.at\/wordpress\/wp-content\/uploads\/2026\/07\/Cover-Glossen-gegen-Gott-Marko-Pogacar-768x676.jpeg 768w, https:\/\/www.poesiegalerie.at\/wordpress\/wp-content\/uploads\/2026\/07\/Cover-Glossen-gegen-Gott-Marko-Pogacar-370x326.jpeg 370w, https:\/\/www.poesiegalerie.at\/wordpress\/wp-content\/uploads\/2026\/07\/Cover-Glossen-gegen-Gott-Marko-Pogacar-800x704.jpeg 800w, https:\/\/www.poesiegalerie.at\/wordpress\/wp-content\/uploads\/2026\/07\/Cover-Glossen-gegen-Gott-Marko-Pogacar-20x18.jpeg 20w, https:\/\/www.poesiegalerie.at\/wordpress\/wp-content\/uploads\/2026\/07\/Cover-Glossen-gegen-Gott-Marko-Pogacar-740x651.jpeg 740w, https:\/\/www.poesiegalerie.at\/wordpress\/wp-content\/uploads\/2026\/07\/Cover-Glossen-gegen-Gott-Marko-Pogacar-600x528.jpeg 600w, https:\/\/www.poesiegalerie.at\/wordpress\/wp-content\/uploads\/2026\/07\/Cover-Glossen-gegen-Gott-Marko-Pogacar-55x48.jpeg 55w\" sizes=\"(max-width: 909px) 100vw, 909px\" \/><\/figure><div class=\"wp-block-media-text__content\">\n<p class=\"has-medium-font-size\">Erschienen in: <em><a href=\"https:\/\/korrespondenzen.at\/glossen-gegen-gott\/\" target=\"_blank\" rel=\"noreferrer noopener\">Glossen gegen gott<\/a><\/em>, Aus dem Kroatischen von Alida Bremer, Edition Korrespondenzen, Wien, 2022.\u00a0<\/p>\n\n\n\n<p class=\"has-small-font-size\">Cover\u00a9 Edition Korrespondenzen<\/p>\n<\/div><\/div>\n","protected":false},"excerpt":{"rendered":"<p>Gedicht von heute: &#8222;SAMMLER VON SONNTAGEN&#8220; von Marko Pogacar f\u00fcr die Poesiegalerie. Erschienen in &#8222;Glossen gegen Gott&#8220;<\/p>\n","protected":false},"author":13,"featured_media":3332,"comment_status":"closed","ping_status":"closed","sticky":false,"template":"","format":"standard","meta":[],"categories":[105,280],"tags":[282],"thb-sponsors":[],"yoast_head":"<!-- This site is optimized with the Yoast SEO plugin v20.6 - https:\/\/yoast.com\/wordpress\/plugins\/seo\/ -->\n<title>SAMMLER VON SONNTAGEN - Poesiegalerie<\/title>\n<meta name=\"description\" content=\"Gedicht von heute: &quot;SAMMLER VON SONNTAGEN&quot; von Marko Pogacar f\u00fcr die Poesiegalerie. Erschienen in &quot;Glossen gegen Gott&quot;\" \/>\n<meta name=\"robots\" content=\"index, follow, max-snippet:-1, max-image-preview:large, max-video-preview:-1\" \/>\n<link rel=\"canonical\" href=\"https:\/\/www.poesiegalerie.at\/wordpress\/2026\/08\/31\/pogacar-gedicht-sammler-von-sonntagen\/\" \/>\n<meta property=\"og:locale\" content=\"de_DE\" \/>\n<meta property=\"og:type\" content=\"article\" \/>\n<meta property=\"og:title\" content=\"SAMMLER VON SONNTAGEN - Poesiegalerie\" \/>\n<meta property=\"og:description\" content=\"Gedicht von heute: &quot;SAMMLER VON SONNTAGEN&quot; von Marko Pogacar f\u00fcr die Poesiegalerie. Erschienen in &quot;Glossen gegen Gott&quot;\" \/>\n<meta property=\"og:url\" content=\"https:\/\/www.poesiegalerie.at\/wordpress\/2026\/08\/31\/pogacar-gedicht-sammler-von-sonntagen\/\" \/>\n<meta property=\"og:site_name\" content=\"Poesiegalerie\" \/>\n<meta property=\"article:publisher\" content=\"https:\/\/facebook.com\/poesiegalerie\" \/>\n<meta property=\"article:published_time\" content=\"2026-08-31T05:00:00+00:00\" \/>\n<meta property=\"article:modified_time\" content=\"2026-07-21T14:43:45+00:00\" \/>\n<meta property=\"og:image\" content=\"https:\/\/www.poesiegalerie.at\/wordpress\/wp-content\/uploads\/2020\/11\/Pogacar-Marko-Portraet-c-Dora-Held-scaled.jpg\" \/>\n\t<meta property=\"og:image:width\" content=\"1798\" \/>\n\t<meta property=\"og:image:height\" content=\"2560\" \/>\n\t<meta property=\"og:image:type\" content=\"image\/jpeg\" \/>\n<meta name=\"author\" content=\"Amabelle K\u00fcng\" \/>\n<meta name=\"twitter:card\" content=\"summary_large_image\" \/>\n<meta name=\"twitter:creator\" content=\"@poesiegalerie\" \/>\n<meta name=\"twitter:site\" content=\"@poesiegalerie\" \/>\n<meta name=\"twitter:label1\" content=\"Verfasst von\" \/>\n\t<meta name=\"twitter:data1\" content=\"Amabelle K\u00fcng\" \/>\n\t<meta name=\"twitter:label2\" content=\"Gesch\u00e4tzte Lesezeit\" \/>\n\t<meta name=\"twitter:data2\" content=\"2 Minuten\" \/>\n<script type=\"application\/ld+json\" class=\"yoast-schema-graph\">{\"@context\":\"https:\/\/schema.org\",\"@graph\":[{\"@type\":\"Article\",\"@id\":\"https:\/\/www.poesiegalerie.at\/wordpress\/2026\/08\/31\/pogacar-gedicht-sammler-von-sonntagen\/#article\",\"isPartOf\":{\"@id\":\"https:\/\/www.poesiegalerie.at\/wordpress\/2026\/08\/31\/pogacar-gedicht-sammler-von-sonntagen\/\"},\"author\":{\"name\":\"Amabelle K\u00fcng\",\"@id\":\"https:\/\/www.poesiegalerie.at\/wordpress\/#\/schema\/person\/26491478846b58135cab83779a6f85f6\"},\"headline\":\"SAMMLER VON SONNTAGEN\",\"datePublished\":\"2026-08-31T05:00:00+00:00\",\"dateModified\":\"2026-07-21T14:43:45+00:00\",\"mainEntityOfPage\":{\"@id\":\"https:\/\/www.poesiegalerie.at\/wordpress\/2026\/08\/31\/pogacar-gedicht-sammler-von-sonntagen\/\"},\"wordCount\":22,\"publisher\":{\"@id\":\"https:\/\/www.poesiegalerie.at\/wordpress\/#organization\"},\"keywords\":[\"Marko Poga\u010dar\"],\"articleSection\":[\"AUSGESTELLT\",\"Gedicht von heute\"],\"inLanguage\":\"de-DE\"},{\"@type\":\"WebPage\",\"@id\":\"https:\/\/www.poesiegalerie.at\/wordpress\/2026\/08\/31\/pogacar-gedicht-sammler-von-sonntagen\/\",\"url\":\"https:\/\/www.poesiegalerie.at\/wordpress\/2026\/08\/31\/pogacar-gedicht-sammler-von-sonntagen\/\",\"name\":\"SAMMLER VON SONNTAGEN - Poesiegalerie\",\"isPartOf\":{\"@id\":\"https:\/\/www.poesiegalerie.at\/wordpress\/#website\"},\"datePublished\":\"2026-08-31T05:00:00+00:00\",\"dateModified\":\"2026-07-21T14:43:45+00:00\",\"description\":\"Gedicht von heute: \\\"SAMMLER VON SONNTAGEN\\\" von Marko Pogacar f\u00fcr die Poesiegalerie. Erschienen in \\\"Glossen gegen Gott\\\"\",\"breadcrumb\":{\"@id\":\"https:\/\/www.poesiegalerie.at\/wordpress\/2026\/08\/31\/pogacar-gedicht-sammler-von-sonntagen\/#breadcrumb\"},\"inLanguage\":\"de-DE\",\"potentialAction\":[{\"@type\":\"ReadAction\",\"target\":[\"https:\/\/www.poesiegalerie.at\/wordpress\/2026\/08\/31\/pogacar-gedicht-sammler-von-sonntagen\/\"]}]},{\"@type\":\"BreadcrumbList\",\"@id\":\"https:\/\/www.poesiegalerie.at\/wordpress\/2026\/08\/31\/pogacar-gedicht-sammler-von-sonntagen\/#breadcrumb\",\"itemListElement\":[{\"@type\":\"ListItem\",\"position\":1,\"name\":\"Startseite\",\"item\":\"https:\/\/www.poesiegalerie.at\/wordpress\/\"},{\"@type\":\"ListItem\",\"position\":2,\"name\":\"SAMMLER VON SONNTAGEN\"}]},{\"@type\":\"WebSite\",\"@id\":\"https:\/\/www.poesiegalerie.at\/wordpress\/#website\",\"url\":\"https:\/\/www.poesiegalerie.at\/wordpress\/\",\"name\":\"Poesiegalerie\",\"description\":\"\",\"publisher\":{\"@id\":\"https:\/\/www.poesiegalerie.at\/wordpress\/#organization\"},\"potentialAction\":[{\"@type\":\"SearchAction\",\"target\":{\"@type\":\"EntryPoint\",\"urlTemplate\":\"https:\/\/www.poesiegalerie.at\/wordpress\/?s={search_term_string}\"},\"query-input\":\"required name=search_term_string\"}],\"inLanguage\":\"de-DE\"},{\"@type\":\"Organization\",\"@id\":\"https:\/\/www.poesiegalerie.at\/wordpress\/#organization\",\"name\":\"Poesiegalerie\",\"url\":\"https:\/\/www.poesiegalerie.at\/wordpress\/\",\"logo\":{\"@type\":\"ImageObject\",\"inLanguage\":\"de-DE\",\"@id\":\"https:\/\/www.poesiegalerie.at\/wordpress\/#\/schema\/logo\/image\/\",\"url\":\"https:\/\/www.poesiegalerie.at\/wordpress\/wp-content\/uploads\/2021\/01\/Logoquadrat-PG-1.png\",\"contentUrl\":\"https:\/\/www.poesiegalerie.at\/wordpress\/wp-content\/uploads\/2021\/01\/Logoquadrat-PG-1.png\",\"width\":512,\"height\":512,\"caption\":\"Poesiegalerie\"},\"image\":{\"@id\":\"https:\/\/www.poesiegalerie.at\/wordpress\/#\/schema\/logo\/image\/\"},\"sameAs\":[\"https:\/\/facebook.com\/poesiegalerie\",\"https:\/\/twitter.com\/poesiegalerie\",\"https:\/\/instagram.com\/poesiegalerie\",\"https:\/\/youtube.com\/channel\/UChHTsNTzMPzZpU8TfKP3dNQ\"]},{\"@type\":\"Person\",\"@id\":\"https:\/\/www.poesiegalerie.at\/wordpress\/#\/schema\/person\/26491478846b58135cab83779a6f85f6\",\"name\":\"Amabelle K\u00fcng\",\"image\":{\"@type\":\"ImageObject\",\"inLanguage\":\"de-DE\",\"@id\":\"https:\/\/www.poesiegalerie.at\/wordpress\/#\/schema\/person\/image\/\",\"url\":\"https:\/\/secure.gravatar.com\/avatar\/799dbeaa15cac8fc0d968a0e76435704?s=96&d=mm&r=g\",\"contentUrl\":\"https:\/\/secure.gravatar.com\/avatar\/799dbeaa15cac8fc0d968a0e76435704?s=96&d=mm&r=g\",\"caption\":\"Amabelle K\u00fcng\"},\"url\":\"https:\/\/www.poesiegalerie.at\/wordpress\/author\/amabelle-kueng\/\"}]}<\/script>\n<!-- \/ Yoast SEO plugin. -->","yoast_head_json":{"title":"SAMMLER VON SONNTAGEN - Poesiegalerie","description":"Gedicht von heute: \"SAMMLER VON SONNTAGEN\" von Marko Pogacar f\u00fcr die Poesiegalerie. Erschienen in \"Glossen gegen Gott\"","robots":{"index":"index","follow":"follow","max-snippet":"max-snippet:-1","max-image-preview":"max-image-preview:large","max-video-preview":"max-video-preview:-1"},"canonical":"https:\/\/www.poesiegalerie.at\/wordpress\/2026\/08\/31\/pogacar-gedicht-sammler-von-sonntagen\/","og_locale":"de_DE","og_type":"article","og_title":"SAMMLER VON SONNTAGEN - Poesiegalerie","og_description":"Gedicht von heute: \"SAMMLER VON SONNTAGEN\" von Marko Pogacar f\u00fcr die Poesiegalerie. Erschienen in \"Glossen gegen Gott\"","og_url":"https:\/\/www.poesiegalerie.at\/wordpress\/2026\/08\/31\/pogacar-gedicht-sammler-von-sonntagen\/","og_site_name":"Poesiegalerie","article_publisher":"https:\/\/facebook.com\/poesiegalerie","article_published_time":"2026-08-31T05:00:00+00:00","article_modified_time":"2026-07-21T14:43:45+00:00","og_image":[{"width":1798,"height":2560,"url":"https:\/\/www.poesiegalerie.at\/wordpress\/wp-content\/uploads\/2020\/11\/Pogacar-Marko-Portraet-c-Dora-Held-scaled.jpg","type":"image\/jpeg"}],"author":"Amabelle K\u00fcng","twitter_card":"summary_large_image","twitter_creator":"@poesiegalerie","twitter_site":"@poesiegalerie","twitter_misc":{"Verfasst von":"Amabelle K\u00fcng","Gesch\u00e4tzte Lesezeit":"2 Minuten"},"schema":{"@context":"https:\/\/schema.org","@graph":[{"@type":"Article","@id":"https:\/\/www.poesiegalerie.at\/wordpress\/2026\/08\/31\/pogacar-gedicht-sammler-von-sonntagen\/#article","isPartOf":{"@id":"https:\/\/www.poesiegalerie.at\/wordpress\/2026\/08\/31\/pogacar-gedicht-sammler-von-sonntagen\/"},"author":{"name":"Amabelle K\u00fcng","@id":"https:\/\/www.poesiegalerie.at\/wordpress\/#\/schema\/person\/26491478846b58135cab83779a6f85f6"},"headline":"SAMMLER VON SONNTAGEN","datePublished":"2026-08-31T05:00:00+00:00","dateModified":"2026-07-21T14:43:45+00:00","mainEntityOfPage":{"@id":"https:\/\/www.poesiegalerie.at\/wordpress\/2026\/08\/31\/pogacar-gedicht-sammler-von-sonntagen\/"},"wordCount":22,"publisher":{"@id":"https:\/\/www.poesiegalerie.at\/wordpress\/#organization"},"keywords":["Marko Poga\u010dar"],"articleSection":["AUSGESTELLT","Gedicht von heute"],"inLanguage":"de-DE"},{"@type":"WebPage","@id":"https:\/\/www.poesiegalerie.at\/wordpress\/2026\/08\/31\/pogacar-gedicht-sammler-von-sonntagen\/","url":"https:\/\/www.poesiegalerie.at\/wordpress\/2026\/08\/31\/pogacar-gedicht-sammler-von-sonntagen\/","name":"SAMMLER VON SONNTAGEN - Poesiegalerie","isPartOf":{"@id":"https:\/\/www.poesiegalerie.at\/wordpress\/#website"},"datePublished":"2026-08-31T05:00:00+00:00","dateModified":"2026-07-21T14:43:45+00:00","description":"Gedicht von heute: \"SAMMLER VON SONNTAGEN\" von Marko Pogacar f\u00fcr die Poesiegalerie. Erschienen in \"Glossen gegen Gott\"","breadcrumb":{"@id":"https:\/\/www.poesiegalerie.at\/wordpress\/2026\/08\/31\/pogacar-gedicht-sammler-von-sonntagen\/#breadcrumb"},"inLanguage":"de-DE","potentialAction":[{"@type":"ReadAction","target":["https:\/\/www.poesiegalerie.at\/wordpress\/2026\/08\/31\/pogacar-gedicht-sammler-von-sonntagen\/"]}]},{"@type":"BreadcrumbList","@id":"https:\/\/www.poesiegalerie.at\/wordpress\/2026\/08\/31\/pogacar-gedicht-sammler-von-sonntagen\/#breadcrumb","itemListElement":[{"@type":"ListItem","position":1,"name":"Startseite","item":"https:\/\/www.poesiegalerie.at\/wordpress\/"},{"@type":"ListItem","position":2,"name":"SAMMLER VON SONNTAGEN"}]},{"@type":"WebSite","@id":"https:\/\/www.poesiegalerie.at\/wordpress\/#website","url":"https:\/\/www.poesiegalerie.at\/wordpress\/","name":"Poesiegalerie","description":"","publisher":{"@id":"https:\/\/www.poesiegalerie.at\/wordpress\/#organization"},"potentialAction":[{"@type":"SearchAction","target":{"@type":"EntryPoint","urlTemplate":"https:\/\/www.poesiegalerie.at\/wordpress\/?s={search_term_string}"},"query-input":"required name=search_term_string"}],"inLanguage":"de-DE"},{"@type":"Organization","@id":"https:\/\/www.poesiegalerie.at\/wordpress\/#organization","name":"Poesiegalerie","url":"https:\/\/www.poesiegalerie.at\/wordpress\/","logo":{"@type":"ImageObject","inLanguage":"de-DE","@id":"https:\/\/www.poesiegalerie.at\/wordpress\/#\/schema\/logo\/image\/","url":"https:\/\/www.poesiegalerie.at\/wordpress\/wp-content\/uploads\/2021\/01\/Logoquadrat-PG-1.png","contentUrl":"https:\/\/www.poesiegalerie.at\/wordpress\/wp-content\/uploads\/2021\/01\/Logoquadrat-PG-1.png","width":512,"height":512,"caption":"Poesiegalerie"},"image":{"@id":"https:\/\/www.poesiegalerie.at\/wordpress\/#\/schema\/logo\/image\/"},"sameAs":["https:\/\/facebook.com\/poesiegalerie","https:\/\/twitter.com\/poesiegalerie","https:\/\/instagram.com\/poesiegalerie","https:\/\/youtube.com\/channel\/UChHTsNTzMPzZpU8TfKP3dNQ"]},{"@type":"Person","@id":"https:\/\/www.poesiegalerie.at\/wordpress\/#\/schema\/person\/26491478846b58135cab83779a6f85f6","name":"Amabelle K\u00fcng","image":{"@type":"ImageObject","inLanguage":"de-DE","@id":"https:\/\/www.poesiegalerie.at\/wordpress\/#\/schema\/person\/image\/","url":"https:\/\/secure.gravatar.com\/avatar\/799dbeaa15cac8fc0d968a0e76435704?s=96&d=mm&r=g","contentUrl":"https:\/\/secure.gravatar.com\/avatar\/799dbeaa15cac8fc0d968a0e76435704?s=96&d=mm&r=g","caption":"Amabelle K\u00fcng"},"url":"https:\/\/www.poesiegalerie.at\/wordpress\/author\/amabelle-kueng\/"}]}},"_links":{"self":[{"href":"https:\/\/www.poesiegalerie.at\/wordpress\/wp-json\/wp\/v2\/posts\/24912"}],"collection":[{"href":"https:\/\/www.poesiegalerie.at\/wordpress\/wp-json\/wp\/v2\/posts"}],"about":[{"href":"https:\/\/www.poesiegalerie.at\/wordpress\/wp-json\/wp\/v2\/types\/post"}],"author":[{"embeddable":true,"href":"https:\/\/www.poesiegalerie.at\/wordpress\/wp-json\/wp\/v2\/users\/13"}],"replies":[{"embeddable":true,"href":"https:\/\/www.poesiegalerie.at\/wordpress\/wp-json\/wp\/v2\/comments?post=24912"}],"version-history":[{"count":1,"href":"https:\/\/www.poesiegalerie.at\/wordpress\/wp-json\/wp\/v2\/posts\/24912\/revisions"}],"predecessor-version":[{"id":24914,"href":"https:\/\/www.poesiegalerie.at\/wordpress\/wp-json\/wp\/v2\/posts\/24912\/revisions\/24914"}],"wp:featuredmedia":[{"embeddable":true,"href":"https:\/\/www.poesiegalerie.at\/wordpress\/wp-json\/wp\/v2\/media\/3332"}],"wp:attachment":[{"href":"https:\/\/www.poesiegalerie.at\/wordpress\/wp-json\/wp\/v2\/media?parent=24912"}],"wp:term":[{"taxonomy":"category","embeddable":true,"href":"https:\/\/www.poesiegalerie.at\/wordpress\/wp-json\/wp\/v2\/categories?post=24912"},{"taxonomy":"post_tag","embeddable":true,"href":"https:\/\/www.poesiegalerie.at\/wordpress\/wp-json\/wp\/v2\/tags?post=24912"},{"taxonomy":"thb-sponsors","embeddable":true,"href":"https:\/\/www.poesiegalerie.at\/wordpress\/wp-json\/wp\/v2\/thb-sponsors?post=24912"}],"curies":[{"name":"wp","href":"https:\/\/api.w.org\/{rel}","templated":true}]}}