{"id":3166,"date":"2020-11-20T07:24:53","date_gmt":"2020-11-20T06:24:53","guid":{"rendered":"https:\/\/www.poesiegalerie.at\/wordpress\/?p=3166"},"modified":"2021-04-17T10:12:17","modified_gmt":"2021-04-17T08:12:17","slug":"raeume-erkunden","status":"publish","type":"post","link":"https:\/\/www.poesiegalerie.at\/wordpress\/2020\/11\/20\/raeume-erkunden\/","title":{"rendered":"R\u00e4ume erkunden"},"content":{"rendered":"\n<h4 class=\"custom-small-subtitle wp-block-heading\"><a href=\"https:\/\/www.poesiegalerie.at\/wordpress\/udo-kawasser\/\">A<\/a><a href=\"https:\/\/www.poesiegalerie.at\/wordpress\/peer-alexander\/\">lexander Peer<\/a> liest den Gedichtband <em>Orte sind<\/em> von <a href=\"https:\/\/www.poesiegalerie.at\/wordpress\/astrid-nischkauer\/\">Erika Wimmer Mazohl<\/a><\/h4>\n\n\n\n<hr class=\"wp-block-separator\"\/>\n\n\n\n<div class=\"wp-block-media-text alignwide has-media-on-the-right is-stacked-on-mobile\"><figure class=\"wp-block-media-text__media\"><img decoding=\"async\" loading=\"lazy\" width=\"634\" height=\"1024\" src=\"data:image\/gif;base64,R0lGODlhAQABAAAAACH5BAEKAAEALAAAAAABAAEAAAICTAEAOw==\" data-src=\"https:\/\/www.poesiegalerie.at\/wordpress\/wp-content\/uploads\/2020\/11\/Cover-Wimmer-Mazohl-Orte-sind-634x1024.jpg\" alt=\"\" class=\"wp-image-3157 size-full lazyload\" data-sizes=\"auto\" data-srcset=\"https:\/\/www.poesiegalerie.at\/wordpress\/wp-content\/uploads\/2020\/11\/Cover-Wimmer-Mazohl-Orte-sind-634x1024.jpg 634w, https:\/\/www.poesiegalerie.at\/wordpress\/wp-content\/uploads\/2020\/11\/Cover-Wimmer-Mazohl-Orte-sind-186x300.jpg 186w, https:\/\/www.poesiegalerie.at\/wordpress\/wp-content\/uploads\/2020\/11\/Cover-Wimmer-Mazohl-Orte-sind-93x150.jpg 93w, https:\/\/www.poesiegalerie.at\/wordpress\/wp-content\/uploads\/2020\/11\/Cover-Wimmer-Mazohl-Orte-sind-370x597.jpg 370w, https:\/\/www.poesiegalerie.at\/wordpress\/wp-content\/uploads\/2020\/11\/Cover-Wimmer-Mazohl-Orte-sind-185x299.jpg 185w, https:\/\/www.poesiegalerie.at\/wordpress\/wp-content\/uploads\/2020\/11\/Cover-Wimmer-Mazohl-Orte-sind-20x32.jpg 20w, https:\/\/www.poesiegalerie.at\/wordpress\/wp-content\/uploads\/2020\/11\/Cover-Wimmer-Mazohl-Orte-sind-400x646.jpg 400w, https:\/\/www.poesiegalerie.at\/wordpress\/wp-content\/uploads\/2020\/11\/Cover-Wimmer-Mazohl-Orte-sind-30x48.jpg 30w\" sizes=\"(max-width: 634px) 100vw, 634px\" \/><\/figure><div class=\"wp-block-media-text__content\">\n<p><em>Orte sind<\/em> ist eine Klammer f\u00fcr sehr verschiedene Betrachtungen des Ortsbegriffs. Zun\u00e4chst weisen die Kapitel dieses Bandes ganz unvereinbare Schwerpunkte auf. Innerlichkeit, St\u00e4dteportr\u00e4ts, Onomatopoetische Vermessungen, Referenzen auf Trakl, ein Klagelied auf die drohende Apokalypse, gefolgt von einem Umkreisen des Schweigens, das doch so unbeeindruckt bleibt, und schlie\u00dflich eine geographische Kr\u00e4uterkunde. Dennoch lassen sich Querverbindungen herauslesen aus diesem Konvolut. Vom Tatort K\u00f6rper bis zum Tatort Pflanze erstreckt sich die Bandbreite dieser Ortserkundungen. Das Buch beginnt mit buchst\u00e4blich selbstverst\u00e4ndlichen Texten. Sie entschl\u00fcsseln Befindlichkeit graduell unterschiedlich irritierter Ichs und beschreiben Ph\u00e4nomene der Scham. Dass diese Gedichte mitunter getragen sind von einer klaren politischen Aufgabe, f\u00e4llt gleich beim ersten auf.&nbsp;<\/p>\n\n\n\n<p><strong>Politisches Sprechen<\/strong><\/p>\n\n\n\n<p>\u201eMe too\u201c erz\u00e4hlt von \u00dcbergriffigkeit. Spannend ist dabei die formale Eigenart des doppelten Enjambements, nicht nur der Sprung am Zeilenende dient zur rhythmischen Struktur. Wimmer arbeitet hier mit einer Z\u00e4sur innerhalb der Zeilen. Ich bin versucht, diesen harten Bruch einerseits als Bruch einer allzu leicht dahinpl\u00e4tschernden Melodie zu verstehen, die das Aufnehmen der Information en passant erlaubt. Gerade durch die Irritation, dass der Leseduktus gest\u00f6rt ist, wird das einzelne Bild aufdringlicher. Man muss sich ihm zuwenden. Gleichzeitig interpretiere ich das Stakkato als Vermittlung des Schocks, der bei dieser Gewalt ausgel\u00f6st wird, und der zugleich die Erinnerung erschwert, aber auch einfriert und detailreich bewahrt.&nbsp;<\/p>\n<\/div><\/div>\n\n\n\n<div class=\"wp-block-group alignwide mb-30\"><div class=\"wp-block-group__inner-container is-layout-flow wp-block-group-is-layout-flow\">\n<p class=\"has-text-align-right\">\u00a9 Copyright Edition Laurin<\/p>\n<\/div><\/div>\n\n\n\n<p>Mit der popul\u00e4r gewordenen Formel \u201eje suis\u201c, um ein Bekenntnis f\u00fcr jemanden oder eine Sache zu deklarieren, arbeitet Wimmer in dem gleichlautenden Gedicht, um die Personalisierung der Dinge mit der Welt der Menschen zu verkn\u00fcpfen. Am Ende jedes Miniaturmonologs wird ein neuer Erz\u00e4hler benannt, der sogleich in der n\u00e4chsten Strophe die Litanei fortsetzt. Eindeutig ist das zugrunde liegende Thema dieses Gedichts, die Leiden erzwungener Migration. Wenn die H\u00e4rte sich ausspricht, sich gegen jegliches Mitgef\u00fchl wehrt und eben hart an der Panzerung arbeitet, denn f\u00e4llt ihr gewisserma\u00dfen gleich die Angst ins Wort. Mit diesem Bilderstaffellauf entsteht ein Chor, der lautstark auf eine zentrale gegenw\u00e4rtige Herausforderung der Zivilisation verweist.&nbsp;<\/p>\n\n\n\n<p><strong>Italien erfahren<\/strong><\/p>\n\n\n\n<p>\u201cOrtserfahren\u201d erweist sich Wimmer vor allem in Latium. Hier entstehen bilingual Stadtgeschichten. Es ist meist die Haptik, die die Gegenwart wortgetreu begreifbar macht. Sie wird in deutscher Sprache vermittelt. Als Gegenpol dient Italienisch, um Vergangenes zu benennen, vielleicht zu beschw\u00f6ren. Als Beispiel daf\u00fcr sei ein Auszug aus \u201cTarquinia\u201d zitiert:<\/p>\n\n\n\n<pre class=\"wp-block-verse\">wei\u00df Totenst\u00e4dte im Gr\u00fcnen \/&nbsp;e il fascino degli Etruschi&nbsp;\/ die Kammern bemalt geschm\u00fcckt \/ Sarkophagskulpturen aus Stein \/ geschaffen f\u00fcr die Reichsten im Stadtstaat \/ gestiftet von Aristokraten \/&nbsp;fantasie di vita e di morte&nbsp;&nbsp;<\/pre>\n\n\n\n<p>Wo, wenn nicht in Latium lebt die Antike so gr\u00fcndlich in unseren Alltag hinein?<\/p>\n\n\n\n<p>Orte sind aber auch Klangorte. Wimmer schafft gewisserma\u00dfen Registerkarten des Klangs f\u00fcr verschiedene historische Ereignisse. \u201cklack dum\u201d macht der Schlagbaum, w\u00e4hrend sich Hitler und Mussolini an der Grenze \u00fcber die Zukunft Europas unterhalten. In \u201cder klang des skalpells\u201d hei\u00dft es:<\/p>\n\n\n\n<pre class=\"wp-block-verse\">und lautlos \/ das quellen \/ des bluts \/\/ unter schreienden \/ lichtern \/ dem knistern von \/ nerven.\u201d<\/pre>\n\n\n\n<p>Es ist ein Moment der Entscheidung, den diese Klanggedichte festschreiben, der zwar stets auf ein konkretes Geschehen verweist, aber als universale Erfahrung wirkt.<\/p>\n\n\n\n<p><strong>Auf der F\u00e4hrte Trakls<\/strong><\/p>\n\n\n\n<p>Etwas heraus aus dem Buch f\u00e4llt die schwei\u00dftreibende Erkundung Indiens, nicht weil hier nicht ebenso ein Ort behandelt wird, sondern weil dieser Text am ehesten einem Prosast\u00fcck entspricht, das sich gekonnt und sinnlich dem Treiben der Stadt und auch der Ausbeutung von Frauen widmet. Formal wieder poetischer wenden sich die sogenannten \u201cEchor\u00e4ume\u201d Trakls Spuren zu, wandern \u00fcber den Mirabellplatz in Salzburg hinauf zur Burg und landen schlie\u00dflich in Hall in Tirol, wo der gro\u00dfz\u00fcgige Ludwig von Ficker dem so haltlosen Georg Trakl zur Seite stand. Es ist eine Referenz, die Eigenes sch\u00f6pft und dennoch \u2013 etwa in der Melodik oder der Wahl der Farbstimmungen \u2013 durchaus die literarische F\u00e4hrte Trakls aufnimmt und nicht nur als biografische Suche fungiert. Mit einer&nbsp;&nbsp;Dichotomie von Standbein und Spielball schafft Wimmer ein starkes Bild, das durch die Texte m\u00e4andert, um die schlotternde Existenz des fr\u00fch Verstorbenen klar zu schildern.&nbsp;<\/p>\n\n\n\n<p><strong>Klimawandel<\/strong> <strong>und Schweigen<\/strong><\/p>\n\n\n\n<p>Wie sehr der Klimawandel und die Verw\u00fcstungen, die aufgrund des globalen Temperaturanstiegs geduldig auf uns warten, zu einem Thema der Lyrik wird, zeigen viele Texte. So einpr\u00e4gsam wie in Wimmers Klagelied \u00fcber die Elemente \u201cwind wasser feuer erde\u201d ist die Stimme drohenden Untergangs selten. Fast harmlos klingt ein Wort wie Naturgewalt, wenn es darum geht die gravierenden D\u00fcrren, Fluten oder Feuersbr\u00fcnste zu beschreiben, die mit dem Wandel einhergehen m\u00f6gen. Auch hier vergisst Wimmer nicht, das Leid der Menschen zu vermitteln, die unversorgt und letztlich unvers\u00f6hnt zur\u00fcckbleiben. In den \u201cSzenarien des Schweigens\u201d scheint mir manchmal etwas an der Kraft des Einfalls verloren zu gehen. Dies geschieht durch Aufz\u00e4hlungen, die nicht st\u00e4rker ein Ph\u00e4nomen zu fassen suchen, sondern sich verlieren und die Lust am Lesen rauben. Dann aber leuchtet ein Bild wie dieses \u00fcber das Schweigen auf:<\/p>\n\n\n\n<pre class=\"wp-block-verse\">ich wei\u00df seinen Ort immer dann \/ wenn \/ ein Buch mir die Sprache verschl\u00e4gt<\/pre>\n\n\n\n<p>Es ist klar, dass dieses ersch\u00f6pfende Gebet dem gro\u00dfen Schweigen gewidmet ist. Aber das Buch endet nicht damit, sondern mit einem Herbarium, das wiederum eine Weltreise birgt. Dabei ist die Flora oft ein Tatort der Fortpflanzung und des Verderbens, wenn es vom Guajavebaum in Hawaii hei\u00dft:&nbsp;<\/p>\n\n\n\n<pre class=\"wp-block-verse\">\u201cein spinnenschnabel gez\u00fcckt \/ saugt den kolibri aus.\u201d&nbsp;<\/pre>\n\n\n\n<p>Also am Ende doch Schweigen. Wie k\u00f6nnte es auch anders sein.<\/p>\n\n\n\n<p><\/p>\n\n\n\n<p><strong><a href=\"https:\/\/www.poesiegalerie.at\/wordpress\/autor%e2%80%91innen\/wimmer-mazohl-erika\/\">Erika Wimmer Mazohl<\/a>: Orte sind, Edition Laurin, Innsbruck, 2019. 128 Seiten. Euro 17,90<\/strong><\/p>\n","protected":false},"excerpt":{"rendered":"<p>Alexander Peer liest Erika Wimmer Mazohls neuen Gedichtband &#8222;Orte sind&#8220; in der Edition Laurin.<\/p>\n","protected":false},"author":1,"featured_media":6423,"comment_status":"closed","ping_status":"closed","sticky":false,"template":"","format":"standard","meta":[],"categories":[107],"tags":[274,228],"thb-sponsors":[],"yoast_head":"<!-- This site is optimized with the Yoast SEO plugin v20.6 - https:\/\/yoast.com\/wordpress\/plugins\/seo\/ -->\n<title>R\u00e4ume erkunden - Poesiegalerie<\/title>\n<meta name=\"robots\" content=\"index, follow, max-snippet:-1, max-image-preview:large, max-video-preview:-1\" \/>\n<link rel=\"canonical\" href=\"https:\/\/www.poesiegalerie.at\/wordpress\/2020\/11\/20\/raeume-erkunden\/\" \/>\n<meta property=\"og:locale\" content=\"de_DE\" \/>\n<meta property=\"og:type\" content=\"article\" \/>\n<meta property=\"og:title\" content=\"R\u00e4ume erkunden - Poesiegalerie\" \/>\n<meta property=\"og:description\" content=\"Alexander Peer liest Erika Wimmer Mazohls neuen Gedichtband &quot;Orte sind&quot; in der Edition Laurin.\" \/>\n<meta property=\"og:url\" content=\"https:\/\/www.poesiegalerie.at\/wordpress\/2020\/11\/20\/raeume-erkunden\/\" \/>\n<meta property=\"og:site_name\" content=\"Poesiegalerie\" \/>\n<meta property=\"article:publisher\" content=\"https:\/\/facebook.com\/poesiegalerie\" \/>\n<meta property=\"article:published_time\" content=\"2020-11-20T06:24:53+00:00\" \/>\n<meta property=\"article:modified_time\" content=\"2021-04-17T08:12:17+00:00\" \/>\n<meta property=\"og:image\" content=\"https:\/\/www.poesiegalerie.at\/wordpress\/wp-content\/uploads\/2020\/11\/Cover-Wimmer-Mazohl-Orte-sind.jpg\" \/>\n\t<meta property=\"og:image:width\" content=\"1586\" \/>\n\t<meta property=\"og:image:height\" content=\"2560\" \/>\n\t<meta property=\"og:image:type\" content=\"image\/jpeg\" \/>\n<meta name=\"author\" content=\"ried\" \/>\n<meta name=\"twitter:card\" content=\"summary_large_image\" \/>\n<meta name=\"twitter:image\" content=\"https:\/\/www.poesiegalerie.at\/wordpress\/wp-content\/uploads\/2020\/11\/Cover-Wimmer-Mazohl-Orte-sind.jpg\" \/>\n<meta name=\"twitter:creator\" content=\"@poesiegalerie\" \/>\n<meta name=\"twitter:site\" content=\"@poesiegalerie\" \/>\n<meta name=\"twitter:label1\" content=\"Verfasst von\" \/>\n\t<meta name=\"twitter:data1\" content=\"ried\" \/>\n\t<meta name=\"twitter:label2\" content=\"Gesch\u00e4tzte Lesezeit\" \/>\n\t<meta name=\"twitter:data2\" content=\"5 Minuten\" \/>\n<script type=\"application\/ld+json\" class=\"yoast-schema-graph\">{\"@context\":\"https:\/\/schema.org\",\"@graph\":[{\"@type\":\"Article\",\"@id\":\"https:\/\/www.poesiegalerie.at\/wordpress\/2020\/11\/20\/raeume-erkunden\/#article\",\"isPartOf\":{\"@id\":\"https:\/\/www.poesiegalerie.at\/wordpress\/2020\/11\/20\/raeume-erkunden\/\"},\"author\":{\"name\":\"ried\",\"@id\":\"https:\/\/www.poesiegalerie.at\/wordpress\/#\/schema\/person\/0cc97ae77cc6a8f51d6aeb3d5836ea82\"},\"headline\":\"R\u00e4ume erkunden\",\"datePublished\":\"2020-11-20T06:24:53+00:00\",\"dateModified\":\"2021-04-17T08:12:17+00:00\",\"mainEntityOfPage\":{\"@id\":\"https:\/\/www.poesiegalerie.at\/wordpress\/2020\/11\/20\/raeume-erkunden\/\"},\"wordCount\":883,\"publisher\":{\"@id\":\"https:\/\/www.poesiegalerie.at\/wordpress\/#organization\"},\"keywords\":[\"Alexander Peer\",\"Erika Wimmer Mazohl\"],\"articleSection\":[\"BESPRECHUNGEN\"],\"inLanguage\":\"de-DE\"},{\"@type\":\"WebPage\",\"@id\":\"https:\/\/www.poesiegalerie.at\/wordpress\/2020\/11\/20\/raeume-erkunden\/\",\"url\":\"https:\/\/www.poesiegalerie.at\/wordpress\/2020\/11\/20\/raeume-erkunden\/\",\"name\":\"R\u00e4ume erkunden - Poesiegalerie\",\"isPartOf\":{\"@id\":\"https:\/\/www.poesiegalerie.at\/wordpress\/#website\"},\"datePublished\":\"2020-11-20T06:24:53+00:00\",\"dateModified\":\"2021-04-17T08:12:17+00:00\",\"breadcrumb\":{\"@id\":\"https:\/\/www.poesiegalerie.at\/wordpress\/2020\/11\/20\/raeume-erkunden\/#breadcrumb\"},\"inLanguage\":\"de-DE\",\"potentialAction\":[{\"@type\":\"ReadAction\",\"target\":[\"https:\/\/www.poesiegalerie.at\/wordpress\/2020\/11\/20\/raeume-erkunden\/\"]}]},{\"@type\":\"BreadcrumbList\",\"@id\":\"https:\/\/www.poesiegalerie.at\/wordpress\/2020\/11\/20\/raeume-erkunden\/#breadcrumb\",\"itemListElement\":[{\"@type\":\"ListItem\",\"position\":1,\"name\":\"Startseite\",\"item\":\"https:\/\/www.poesiegalerie.at\/wordpress\/\"},{\"@type\":\"ListItem\",\"position\":2,\"name\":\"R\u00e4ume erkunden\"}]},{\"@type\":\"WebSite\",\"@id\":\"https:\/\/www.poesiegalerie.at\/wordpress\/#website\",\"url\":\"https:\/\/www.poesiegalerie.at\/wordpress\/\",\"name\":\"Poesiegalerie\",\"description\":\"\",\"publisher\":{\"@id\":\"https:\/\/www.poesiegalerie.at\/wordpress\/#organization\"},\"potentialAction\":[{\"@type\":\"SearchAction\",\"target\":{\"@type\":\"EntryPoint\",\"urlTemplate\":\"https:\/\/www.poesiegalerie.at\/wordpress\/?s={search_term_string}\"},\"query-input\":\"required name=search_term_string\"}],\"inLanguage\":\"de-DE\"},{\"@type\":\"Organization\",\"@id\":\"https:\/\/www.poesiegalerie.at\/wordpress\/#organization\",\"name\":\"Poesiegalerie\",\"url\":\"https:\/\/www.poesiegalerie.at\/wordpress\/\",\"logo\":{\"@type\":\"ImageObject\",\"inLanguage\":\"de-DE\",\"@id\":\"https:\/\/www.poesiegalerie.at\/wordpress\/#\/schema\/logo\/image\/\",\"url\":\"https:\/\/www.poesiegalerie.at\/wordpress\/wp-content\/uploads\/2021\/01\/Logoquadrat-PG-1.png\",\"contentUrl\":\"https:\/\/www.poesiegalerie.at\/wordpress\/wp-content\/uploads\/2021\/01\/Logoquadrat-PG-1.png\",\"width\":512,\"height\":512,\"caption\":\"Poesiegalerie\"},\"image\":{\"@id\":\"https:\/\/www.poesiegalerie.at\/wordpress\/#\/schema\/logo\/image\/\"},\"sameAs\":[\"https:\/\/facebook.com\/poesiegalerie\",\"https:\/\/twitter.com\/poesiegalerie\",\"https:\/\/instagram.com\/poesiegalerie\",\"https:\/\/youtube.com\/channel\/UChHTsNTzMPzZpU8TfKP3dNQ\"]},{\"@type\":\"Person\",\"@id\":\"https:\/\/www.poesiegalerie.at\/wordpress\/#\/schema\/person\/0cc97ae77cc6a8f51d6aeb3d5836ea82\",\"name\":\"ried\",\"image\":{\"@type\":\"ImageObject\",\"inLanguage\":\"de-DE\",\"@id\":\"https:\/\/www.poesiegalerie.at\/wordpress\/#\/schema\/person\/image\/\",\"url\":\"https:\/\/secure.gravatar.com\/avatar\/fbcaf19fe4a175099f721f765e209713?s=96&d=mm&r=g\",\"contentUrl\":\"https:\/\/secure.gravatar.com\/avatar\/fbcaf19fe4a175099f721f765e209713?s=96&d=mm&r=g\",\"caption\":\"ried\"},\"url\":\"https:\/\/www.poesiegalerie.at\/wordpress\/author\/ried\/\"}]}<\/script>\n<!-- \/ Yoast SEO plugin. -->","yoast_head_json":{"title":"R\u00e4ume erkunden - Poesiegalerie","robots":{"index":"index","follow":"follow","max-snippet":"max-snippet:-1","max-image-preview":"max-image-preview:large","max-video-preview":"max-video-preview:-1"},"canonical":"https:\/\/www.poesiegalerie.at\/wordpress\/2020\/11\/20\/raeume-erkunden\/","og_locale":"de_DE","og_type":"article","og_title":"R\u00e4ume erkunden - Poesiegalerie","og_description":"Alexander Peer liest Erika Wimmer Mazohls neuen Gedichtband \"Orte sind\" in der Edition Laurin.","og_url":"https:\/\/www.poesiegalerie.at\/wordpress\/2020\/11\/20\/raeume-erkunden\/","og_site_name":"Poesiegalerie","article_publisher":"https:\/\/facebook.com\/poesiegalerie","article_published_time":"2020-11-20T06:24:53+00:00","article_modified_time":"2021-04-17T08:12:17+00:00","og_image":[{"width":1586,"height":2560,"url":"https:\/\/www.poesiegalerie.at\/wordpress\/wp-content\/uploads\/2020\/11\/Cover-Wimmer-Mazohl-Orte-sind.jpg","type":"image\/jpeg"}],"author":"ried","twitter_card":"summary_large_image","twitter_image":"https:\/\/www.poesiegalerie.at\/wordpress\/wp-content\/uploads\/2020\/11\/Cover-Wimmer-Mazohl-Orte-sind.jpg","twitter_creator":"@poesiegalerie","twitter_site":"@poesiegalerie","twitter_misc":{"Verfasst von":"ried","Gesch\u00e4tzte Lesezeit":"5 Minuten"},"schema":{"@context":"https:\/\/schema.org","@graph":[{"@type":"Article","@id":"https:\/\/www.poesiegalerie.at\/wordpress\/2020\/11\/20\/raeume-erkunden\/#article","isPartOf":{"@id":"https:\/\/www.poesiegalerie.at\/wordpress\/2020\/11\/20\/raeume-erkunden\/"},"author":{"name":"ried","@id":"https:\/\/www.poesiegalerie.at\/wordpress\/#\/schema\/person\/0cc97ae77cc6a8f51d6aeb3d5836ea82"},"headline":"R\u00e4ume erkunden","datePublished":"2020-11-20T06:24:53+00:00","dateModified":"2021-04-17T08:12:17+00:00","mainEntityOfPage":{"@id":"https:\/\/www.poesiegalerie.at\/wordpress\/2020\/11\/20\/raeume-erkunden\/"},"wordCount":883,"publisher":{"@id":"https:\/\/www.poesiegalerie.at\/wordpress\/#organization"},"keywords":["Alexander Peer","Erika Wimmer Mazohl"],"articleSection":["BESPRECHUNGEN"],"inLanguage":"de-DE"},{"@type":"WebPage","@id":"https:\/\/www.poesiegalerie.at\/wordpress\/2020\/11\/20\/raeume-erkunden\/","url":"https:\/\/www.poesiegalerie.at\/wordpress\/2020\/11\/20\/raeume-erkunden\/","name":"R\u00e4ume erkunden - Poesiegalerie","isPartOf":{"@id":"https:\/\/www.poesiegalerie.at\/wordpress\/#website"},"datePublished":"2020-11-20T06:24:53+00:00","dateModified":"2021-04-17T08:12:17+00:00","breadcrumb":{"@id":"https:\/\/www.poesiegalerie.at\/wordpress\/2020\/11\/20\/raeume-erkunden\/#breadcrumb"},"inLanguage":"de-DE","potentialAction":[{"@type":"ReadAction","target":["https:\/\/www.poesiegalerie.at\/wordpress\/2020\/11\/20\/raeume-erkunden\/"]}]},{"@type":"BreadcrumbList","@id":"https:\/\/www.poesiegalerie.at\/wordpress\/2020\/11\/20\/raeume-erkunden\/#breadcrumb","itemListElement":[{"@type":"ListItem","position":1,"name":"Startseite","item":"https:\/\/www.poesiegalerie.at\/wordpress\/"},{"@type":"ListItem","position":2,"name":"R\u00e4ume erkunden"}]},{"@type":"WebSite","@id":"https:\/\/www.poesiegalerie.at\/wordpress\/#website","url":"https:\/\/www.poesiegalerie.at\/wordpress\/","name":"Poesiegalerie","description":"","publisher":{"@id":"https:\/\/www.poesiegalerie.at\/wordpress\/#organization"},"potentialAction":[{"@type":"SearchAction","target":{"@type":"EntryPoint","urlTemplate":"https:\/\/www.poesiegalerie.at\/wordpress\/?s={search_term_string}"},"query-input":"required name=search_term_string"}],"inLanguage":"de-DE"},{"@type":"Organization","@id":"https:\/\/www.poesiegalerie.at\/wordpress\/#organization","name":"Poesiegalerie","url":"https:\/\/www.poesiegalerie.at\/wordpress\/","logo":{"@type":"ImageObject","inLanguage":"de-DE","@id":"https:\/\/www.poesiegalerie.at\/wordpress\/#\/schema\/logo\/image\/","url":"https:\/\/www.poesiegalerie.at\/wordpress\/wp-content\/uploads\/2021\/01\/Logoquadrat-PG-1.png","contentUrl":"https:\/\/www.poesiegalerie.at\/wordpress\/wp-content\/uploads\/2021\/01\/Logoquadrat-PG-1.png","width":512,"height":512,"caption":"Poesiegalerie"},"image":{"@id":"https:\/\/www.poesiegalerie.at\/wordpress\/#\/schema\/logo\/image\/"},"sameAs":["https:\/\/facebook.com\/poesiegalerie","https:\/\/twitter.com\/poesiegalerie","https:\/\/instagram.com\/poesiegalerie","https:\/\/youtube.com\/channel\/UChHTsNTzMPzZpU8TfKP3dNQ"]},{"@type":"Person","@id":"https:\/\/www.poesiegalerie.at\/wordpress\/#\/schema\/person\/0cc97ae77cc6a8f51d6aeb3d5836ea82","name":"ried","image":{"@type":"ImageObject","inLanguage":"de-DE","@id":"https:\/\/www.poesiegalerie.at\/wordpress\/#\/schema\/person\/image\/","url":"https:\/\/secure.gravatar.com\/avatar\/fbcaf19fe4a175099f721f765e209713?s=96&d=mm&r=g","contentUrl":"https:\/\/secure.gravatar.com\/avatar\/fbcaf19fe4a175099f721f765e209713?s=96&d=mm&r=g","caption":"ried"},"url":"https:\/\/www.poesiegalerie.at\/wordpress\/author\/ried\/"}]}},"_links":{"self":[{"href":"https:\/\/www.poesiegalerie.at\/wordpress\/wp-json\/wp\/v2\/posts\/3166"}],"collection":[{"href":"https:\/\/www.poesiegalerie.at\/wordpress\/wp-json\/wp\/v2\/posts"}],"about":[{"href":"https:\/\/www.poesiegalerie.at\/wordpress\/wp-json\/wp\/v2\/types\/post"}],"author":[{"embeddable":true,"href":"https:\/\/www.poesiegalerie.at\/wordpress\/wp-json\/wp\/v2\/users\/1"}],"replies":[{"embeddable":true,"href":"https:\/\/www.poesiegalerie.at\/wordpress\/wp-json\/wp\/v2\/comments?post=3166"}],"version-history":[{"count":4,"href":"https:\/\/www.poesiegalerie.at\/wordpress\/wp-json\/wp\/v2\/posts\/3166\/revisions"}],"predecessor-version":[{"id":6403,"href":"https:\/\/www.poesiegalerie.at\/wordpress\/wp-json\/wp\/v2\/posts\/3166\/revisions\/6403"}],"wp:featuredmedia":[{"embeddable":true,"href":"https:\/\/www.poesiegalerie.at\/wordpress\/wp-json\/wp\/v2\/media\/6423"}],"wp:attachment":[{"href":"https:\/\/www.poesiegalerie.at\/wordpress\/wp-json\/wp\/v2\/media?parent=3166"}],"wp:term":[{"taxonomy":"category","embeddable":true,"href":"https:\/\/www.poesiegalerie.at\/wordpress\/wp-json\/wp\/v2\/categories?post=3166"},{"taxonomy":"post_tag","embeddable":true,"href":"https:\/\/www.poesiegalerie.at\/wordpress\/wp-json\/wp\/v2\/tags?post=3166"},{"taxonomy":"thb-sponsors","embeddable":true,"href":"https:\/\/www.poesiegalerie.at\/wordpress\/wp-json\/wp\/v2\/thb-sponsors?post=3166"}],"curies":[{"name":"wp","href":"https:\/\/api.w.org\/{rel}","templated":true}]}}