{"id":4721,"date":"2021-02-09T19:56:44","date_gmt":"2021-02-09T18:56:44","guid":{"rendered":"https:\/\/www.poesiegalerie.at\/wordpress\/?p=4721"},"modified":"2021-02-13T15:38:30","modified_gmt":"2021-02-13T14:38:30","slug":"sinnlichkeitsspitzen","status":"publish","type":"post","link":"https:\/\/www.poesiegalerie.at\/wordpress\/2021\/02\/09\/sinnlichkeitsspitzen\/","title":{"rendered":"Sinnlichkeitsspitzen"},"content":{"rendered":"\n<h3 class=\"custom-small-subtitle wp-block-heading\"><a href=\"https:\/\/www.poesiegalerie.at\/wordpress\/autor%e2%80%91innen\/brandt-timo\/\" target=\"_blank\" rel=\"noreferrer noopener\">Timo Brandt<\/a> liest den Gedichtband <em>Echo<\/em> von <a href=\"https:\/\/www.poesiegalerie.at\/wordpress\/autor%e2%80%91innen\/perry-jonathan\/\" target=\"_blank\" rel=\"noreferrer noopener\">Jonathan Perry<\/a> in der neu gegr\u00fcndeten Edition Melos <\/h3>\n\n\n\n<hr class=\"wp-block-separator\"\/>\n\n\n\n<div class=\"wp-block-media-text alignwide has-media-on-the-right is-stacked-on-mobile\" style=\"grid-template-columns:auto 49%\"><figure class=\"wp-block-media-text__media\"><img decoding=\"async\" loading=\"lazy\" width=\"425\" height=\"599\" src=\"data:image\/gif;base64,R0lGODlhAQABAAAAACH5BAEKAAEALAAAAAABAAEAAAICTAEAOw==\" data-src=\"https:\/\/www.poesiegalerie.at\/wordpress\/wp-content\/uploads\/2021\/02\/Cover-Perry-Jonathan-Echo.jpg\" alt=\"\" class=\"wp-image-4722 size-full lazyload\" data-sizes=\"auto\" data-srcset=\"https:\/\/www.poesiegalerie.at\/wordpress\/wp-content\/uploads\/2021\/02\/Cover-Perry-Jonathan-Echo.jpg 425w, https:\/\/www.poesiegalerie.at\/wordpress\/wp-content\/uploads\/2021\/02\/Cover-Perry-Jonathan-Echo-213x300.jpg 213w, https:\/\/www.poesiegalerie.at\/wordpress\/wp-content\/uploads\/2021\/02\/Cover-Perry-Jonathan-Echo-106x150.jpg 106w, https:\/\/www.poesiegalerie.at\/wordpress\/wp-content\/uploads\/2021\/02\/Cover-Perry-Jonathan-Echo-370x521.jpg 370w, https:\/\/www.poesiegalerie.at\/wordpress\/wp-content\/uploads\/2021\/02\/Cover-Perry-Jonathan-Echo-185x261.jpg 185w, https:\/\/www.poesiegalerie.at\/wordpress\/wp-content\/uploads\/2021\/02\/Cover-Perry-Jonathan-Echo-20x28.jpg 20w, https:\/\/www.poesiegalerie.at\/wordpress\/wp-content\/uploads\/2021\/02\/Cover-Perry-Jonathan-Echo-400x564.jpg 400w, https:\/\/www.poesiegalerie.at\/wordpress\/wp-content\/uploads\/2021\/02\/Cover-Perry-Jonathan-Echo-34x48.jpg 34w\" sizes=\"(max-width: 425px) 100vw, 425px\" \/><\/figure><div class=\"wp-block-media-text__content\">\n<p class=\"has-drop-cap\">Einer der sch\u00f6nen Momente in Jonathan Perrys drittem Gedichtband (nach <em>Scherben<\/em>, Sisyphus, 2018, und <em>Mit einem Becher S\u00fc\u00dfholzlik\u00f6r<\/em>, edition sonne und mond, 2019) ereignet sich, bevor man \u00fcberhaupt zu den Gedichten vorgesto\u00dfen ist. Dort steht, als Widmung, aber gesetzt wie ein Gedicht:<\/p>\n\n\n\n<pre class=\"wp-block-verse has-text-align-center\">F\u00fcr S.,\nderen Namen\nman nur l\u00e4chelnd\nsagen kann<\/pre>\n\n\n\n<p>In diesem ersten Text, ganz gleich, ob man ihn als Gedicht liest oder nur als Widmung, spiegeln sich bereits gro\u00dfe Teile der Konzeption und des Charmes von Perrys Lyrik wider. Oft wirkt diese zun\u00e4chst wie die unbedenkliche Feier eines Augenblicks, einer Empfindung, einer Verbindung, birgt aber, wenn erneut gelesen, nicht selten ein Geheimnis; eine Unsch\u00e4rfe liegt darin, die das Feierliche nicht unbedingt konterkariert, aber der glatten Erfahrung der ersten Lekt\u00fcre eine gewisse Sch\u00e4rfe, etwas Spitzes verleiht.&nbsp;<\/p>\n<\/div><\/div>\n\n\n\n<div class=\"wp-block-group alignwide mb-30\"><div class=\"wp-block-group__inner-container is-layout-flow wp-block-group-is-layout-flow\">\n<p class=\"has-text-align-right\">\u00a9 Copyright Edition Melos<\/p>\n<\/div><\/div>\n\n\n\n<p>Im L\u00e4cheln bei der Aussprache des Namens stecken eine ganze Z\u00e4rtlichkeit, aber auch kleine Reste von Angst, Hoffnung, Frage, Wunsch, Verzweiflung, all jenen ambivalenteren Emotionen, die der Freude beigegeben und gerade in ihrer reinsten Form am gegenw\u00e4rtigsten sind. Perry verl\u00e4sst sich in vielen seinen Gedichten auf diese unterschwellige, melancholische Note. Er riskiert damit einiges. Da viele seiner Gedichte oberfl\u00e4chlich etwas sehr Zartes und Sanftes an sich haben, k\u00f6nnte manche\/r Leser*in diese scheinbare Ruhe mit Banalit\u00e4t oder Kitsch verwechseln. Auch ich habe bei dem einen oder anderen Gedicht meinen Unverh\u00e4ltnism\u00e4\u00dfiges-Pathos-Verdacht nicht ganz beiseiteschieben k\u00f6nnen, aber in den meisten F\u00e4llen enth\u00e4lt noch das sch\u00f6nste Bild bei Perry einen zwiesp\u00e4ltigeren Unterton.<\/p>\n\n\n\n<pre class=\"wp-block-verse\">Wenn sie erwachen,\ner in ihr,\nsie in ihm,\ndann wird die Leere\nzwischen ihnen\nzum K\u00f6rper eines\nSchmetterlings.<\/pre>\n\n\n\n<p>Thematisch f\u00e4llt in den Gedichten vor allem der Fokus auf Er-Sie-Beziehungen auf, die in den Gedichten verschiedenartig ausgeleuchtet werden. Es ist zu keinem Zeitpunkt klar, ob die einzelnen Ausschnitte immer zur selben Liebesgeschichte geh\u00f6ren, ob die Gedichte also auch aufeinander referieren oder eher eigenst\u00e4ndig sind. Ich neige dazu, eine \u00fcbergreifende Geschichte in die Texte hineinzulesen, kann aber keine stichhaltigen Beweise daf\u00fcr anf\u00fchren.&nbsp;<\/p>\n\n\n\n<p>Gerade in den Abschnitten, in denen die Beziehung, das Wechselspiel zwischen den beiden Personen, thematisiert wird, bekommen die ansonsten oberfl\u00e4chlich wie kleine Harmonien angeordneten Gedichte einen fragenden, ambivalenteren Anstrich. Es ist, als durchstie\u00dfe der Zwiespalt in diesen Texten die d\u00fcnnen Oberfl\u00e4chen, unter denen er sonst ruht.&nbsp;<\/p>\n\n\n\n<pre class=\"wp-block-verse\">Sie zogen in die Wohnung ein\nund nach einer Weile\nzogen sie aus.\n&nbsp;\nWohin gehen die T\u00f6ne\nim K\u00f6rper der Laute,\nwenn der Musikant\naufh\u00f6rt sie zu zupfen?<\/pre>\n\n\n\n<p>Sehr sch\u00f6n, wie auch manchmal eine kleine Wendung ausreicht, um die Ambivalenzen an die Oberfl\u00e4che zu holen. Im folgenden Gedichtausschnitt ist es das Wort \u201eimmerzu\u201c, bei dem ein Leerzeichen zwischen den Worten \u201eimmer\u201c und \u201ezu\u201c eine ganz andere Bedeutung zur Folge gehabt \u2013 eine Bedeutung, die dann aber nach dem Doppelpunkt dennoch zutage tritt:<\/p>\n\n\n\n<pre class=\"wp-block-verse\">In einer Welt ohne Wege\nwerden sie sich wiederfinden,\ndoch ihre Wege zueinander\nwachsen immerzu:\nEfeu, Akazien, dornige Str\u00e4ucher\nauf ihren Wegen.&nbsp;<\/pre>\n\n\n\n<p>Perrys Lyrik ist eine wunderbare Empfindungfeinstellung. Sie lehrt die Leser*innen, dass es kein wirkliches oben und unten gibt, sondern vor allem ein flirrendes Dazwischen, und auch die gr\u00f6\u00dfte Klarheit und Einfachheit nur ein Augenblick zwischen zweimal Blinzeln, zwei Sekunden, zwei Geschichten, zwei Gef\u00fchlen sind. Gleichwohl gibt es diese Augenblicke und Perry h\u00e4lt auch sie sehr sch\u00f6n fest.<\/p>\n\n\n\n<p>\u201eEcho\u201c ist der zweite Band einer neuen Reihe (Reihe vers libre) mit zeitgen\u00f6ssischer \u00f6sterreichischer Lyrik in der neugegr\u00fcndeten Edition Melos (herausgegeben wird sie von Alexandra Bernhardt; bis jetzt sind vier B\u00e4nde erschienen, im Fr\u00fchjahr sollen zwei weitere folgen; auch eine Reihe mit komischer Lyrik ist in Planung). Dort wird auch das Jahrbuch der \u00f6sterreichischen Lyrik 2021 erscheinen (ebenfalls herausgegeben von Alexandra Bernhardt).&nbsp;<\/p>\n\n\n\n<p>Das Buch ist sch\u00f6n schlicht gestaltet, einzig bem\u00e4ngeln will ich hier, dass es keine Seitenzahlen gibt \u2013 die sollten, und sei es nur als Zugest\u00e4ndnis an die armen Rezensent*innen, die sich Notizen machen, doch bitte in den Folgeb\u00e4nden nicht mehr fehlen.&nbsp;<\/p>\n\n\n\n<pre class=\"wp-block-verse\">Sie verbot ihm seine Melancholie,\nda lie\u00df er sie los,\nvom Br\u00fcckengel\u00e4nder in die Locken des Bergs\nverschwanden sie,\ndie Linien seiner H\u00e4nde.\n&nbsp;\nIn einem seiner Tr\u00e4ume,\nauf einem Leuchtturm,\nk\u00e4mmen sie\ndas Haar der See,\nentfernen sie die Schiffe.<\/pre>\n\n\n\n<p><strong><a href=\"https:\/\/www.poesiegalerie.at\/wordpress\/autor%e2%80%91innen\/perry-jonathan\/\">Jonathan Perry<\/a>: <em><a href=\"http:\/\/edition-melos.com\/jonathan-perry-echo-gedichte\/\" target=\"_blank\" rel=\"noreferrer noopener\">Echo<\/a><\/em>. Edition Melos, Wien, 2020. 56 Seiten. Euro 18,- <\/strong><\/p>\n","protected":false},"excerpt":{"rendered":"<p>Timo Brandt liest den neuen Gedichtband &#8222;Echo&#8220; von Jonathan Perry in der jungen Edition Melos.<\/p>\n","protected":false},"author":1,"featured_media":4723,"comment_status":"closed","ping_status":"closed","sticky":false,"template":"","format":"standard","meta":[],"categories":[107],"tags":[285,225],"thb-sponsors":[],"yoast_head":"<!-- This site is optimized with the Yoast SEO plugin v20.6 - https:\/\/yoast.com\/wordpress\/plugins\/seo\/ -->\n<title>Sinnlichkeitsspitzen - Poesiegalerie<\/title>\n<meta name=\"robots\" content=\"index, follow, max-snippet:-1, max-image-preview:large, max-video-preview:-1\" \/>\n<link rel=\"canonical\" href=\"https:\/\/www.poesiegalerie.at\/wordpress\/2021\/02\/09\/sinnlichkeitsspitzen\/\" \/>\n<meta property=\"og:locale\" content=\"de_DE\" \/>\n<meta property=\"og:type\" content=\"article\" \/>\n<meta property=\"og:title\" content=\"Sinnlichkeitsspitzen - Poesiegalerie\" \/>\n<meta property=\"og:description\" content=\"Timo Brandt liest den neuen Gedichtband &quot;Echo&quot; von Jonathan Perry in der jungen Edition Melos.\" \/>\n<meta property=\"og:url\" content=\"https:\/\/www.poesiegalerie.at\/wordpress\/2021\/02\/09\/sinnlichkeitsspitzen\/\" \/>\n<meta property=\"og:site_name\" content=\"Poesiegalerie\" \/>\n<meta property=\"article:publisher\" content=\"https:\/\/facebook.com\/poesiegalerie\" \/>\n<meta property=\"article:published_time\" content=\"2021-02-09T18:56:44+00:00\" \/>\n<meta property=\"article:modified_time\" content=\"2021-02-13T14:38:30+00:00\" \/>\n<meta property=\"og:image\" content=\"https:\/\/www.poesiegalerie.at\/wordpress\/wp-content\/uploads\/2021\/02\/Cover-Perry-Jonathan-Echo.jpg\" \/>\n\t<meta property=\"og:image:width\" content=\"425\" \/>\n\t<meta property=\"og:image:height\" content=\"599\" \/>\n\t<meta property=\"og:image:type\" content=\"image\/jpeg\" \/>\n<meta name=\"author\" content=\"ried\" \/>\n<meta name=\"twitter:card\" content=\"summary_large_image\" \/>\n<meta name=\"twitter:image\" content=\"https:\/\/www.poesiegalerie.at\/wordpress\/wp-content\/uploads\/2021\/02\/Cover-Perry-Jonathan-Echo.jpg\" \/>\n<meta name=\"twitter:creator\" content=\"@poesiegalerie\" \/>\n<meta name=\"twitter:site\" content=\"@poesiegalerie\" \/>\n<meta name=\"twitter:label1\" content=\"Verfasst von\" \/>\n\t<meta name=\"twitter:data1\" content=\"ried\" \/>\n\t<meta name=\"twitter:label2\" content=\"Gesch\u00e4tzte Lesezeit\" \/>\n\t<meta name=\"twitter:data2\" content=\"4 Minuten\" \/>\n<script type=\"application\/ld+json\" class=\"yoast-schema-graph\">{\"@context\":\"https:\/\/schema.org\",\"@graph\":[{\"@type\":\"Article\",\"@id\":\"https:\/\/www.poesiegalerie.at\/wordpress\/2021\/02\/09\/sinnlichkeitsspitzen\/#article\",\"isPartOf\":{\"@id\":\"https:\/\/www.poesiegalerie.at\/wordpress\/2021\/02\/09\/sinnlichkeitsspitzen\/\"},\"author\":{\"name\":\"ried\",\"@id\":\"https:\/\/www.poesiegalerie.at\/wordpress\/#\/schema\/person\/0cc97ae77cc6a8f51d6aeb3d5836ea82\"},\"headline\":\"Sinnlichkeitsspitzen\",\"datePublished\":\"2021-02-09T18:56:44+00:00\",\"dateModified\":\"2021-02-13T14:38:30+00:00\",\"mainEntityOfPage\":{\"@id\":\"https:\/\/www.poesiegalerie.at\/wordpress\/2021\/02\/09\/sinnlichkeitsspitzen\/\"},\"wordCount\":626,\"publisher\":{\"@id\":\"https:\/\/www.poesiegalerie.at\/wordpress\/#organization\"},\"keywords\":[\"Jonathan Perry\",\"Timo Brandt\"],\"articleSection\":[\"BESPRECHUNGEN\"],\"inLanguage\":\"de-DE\"},{\"@type\":\"WebPage\",\"@id\":\"https:\/\/www.poesiegalerie.at\/wordpress\/2021\/02\/09\/sinnlichkeitsspitzen\/\",\"url\":\"https:\/\/www.poesiegalerie.at\/wordpress\/2021\/02\/09\/sinnlichkeitsspitzen\/\",\"name\":\"Sinnlichkeitsspitzen - Poesiegalerie\",\"isPartOf\":{\"@id\":\"https:\/\/www.poesiegalerie.at\/wordpress\/#website\"},\"datePublished\":\"2021-02-09T18:56:44+00:00\",\"dateModified\":\"2021-02-13T14:38:30+00:00\",\"breadcrumb\":{\"@id\":\"https:\/\/www.poesiegalerie.at\/wordpress\/2021\/02\/09\/sinnlichkeitsspitzen\/#breadcrumb\"},\"inLanguage\":\"de-DE\",\"potentialAction\":[{\"@type\":\"ReadAction\",\"target\":[\"https:\/\/www.poesiegalerie.at\/wordpress\/2021\/02\/09\/sinnlichkeitsspitzen\/\"]}]},{\"@type\":\"BreadcrumbList\",\"@id\":\"https:\/\/www.poesiegalerie.at\/wordpress\/2021\/02\/09\/sinnlichkeitsspitzen\/#breadcrumb\",\"itemListElement\":[{\"@type\":\"ListItem\",\"position\":1,\"name\":\"Startseite\",\"item\":\"https:\/\/www.poesiegalerie.at\/wordpress\/\"},{\"@type\":\"ListItem\",\"position\":2,\"name\":\"Sinnlichkeitsspitzen\"}]},{\"@type\":\"WebSite\",\"@id\":\"https:\/\/www.poesiegalerie.at\/wordpress\/#website\",\"url\":\"https:\/\/www.poesiegalerie.at\/wordpress\/\",\"name\":\"Poesiegalerie\",\"description\":\"\",\"publisher\":{\"@id\":\"https:\/\/www.poesiegalerie.at\/wordpress\/#organization\"},\"potentialAction\":[{\"@type\":\"SearchAction\",\"target\":{\"@type\":\"EntryPoint\",\"urlTemplate\":\"https:\/\/www.poesiegalerie.at\/wordpress\/?s={search_term_string}\"},\"query-input\":\"required name=search_term_string\"}],\"inLanguage\":\"de-DE\"},{\"@type\":\"Organization\",\"@id\":\"https:\/\/www.poesiegalerie.at\/wordpress\/#organization\",\"name\":\"Poesiegalerie\",\"url\":\"https:\/\/www.poesiegalerie.at\/wordpress\/\",\"logo\":{\"@type\":\"ImageObject\",\"inLanguage\":\"de-DE\",\"@id\":\"https:\/\/www.poesiegalerie.at\/wordpress\/#\/schema\/logo\/image\/\",\"url\":\"https:\/\/www.poesiegalerie.at\/wordpress\/wp-content\/uploads\/2021\/01\/Logoquadrat-PG-1.png\",\"contentUrl\":\"https:\/\/www.poesiegalerie.at\/wordpress\/wp-content\/uploads\/2021\/01\/Logoquadrat-PG-1.png\",\"width\":512,\"height\":512,\"caption\":\"Poesiegalerie\"},\"image\":{\"@id\":\"https:\/\/www.poesiegalerie.at\/wordpress\/#\/schema\/logo\/image\/\"},\"sameAs\":[\"https:\/\/facebook.com\/poesiegalerie\",\"https:\/\/twitter.com\/poesiegalerie\",\"https:\/\/instagram.com\/poesiegalerie\",\"https:\/\/youtube.com\/channel\/UChHTsNTzMPzZpU8TfKP3dNQ\"]},{\"@type\":\"Person\",\"@id\":\"https:\/\/www.poesiegalerie.at\/wordpress\/#\/schema\/person\/0cc97ae77cc6a8f51d6aeb3d5836ea82\",\"name\":\"ried\",\"image\":{\"@type\":\"ImageObject\",\"inLanguage\":\"de-DE\",\"@id\":\"https:\/\/www.poesiegalerie.at\/wordpress\/#\/schema\/person\/image\/\",\"url\":\"https:\/\/secure.gravatar.com\/avatar\/fbcaf19fe4a175099f721f765e209713?s=96&d=mm&r=g\",\"contentUrl\":\"https:\/\/secure.gravatar.com\/avatar\/fbcaf19fe4a175099f721f765e209713?s=96&d=mm&r=g\",\"caption\":\"ried\"},\"url\":\"https:\/\/www.poesiegalerie.at\/wordpress\/author\/ried\/\"}]}<\/script>\n<!-- \/ Yoast SEO plugin. -->","yoast_head_json":{"title":"Sinnlichkeitsspitzen - Poesiegalerie","robots":{"index":"index","follow":"follow","max-snippet":"max-snippet:-1","max-image-preview":"max-image-preview:large","max-video-preview":"max-video-preview:-1"},"canonical":"https:\/\/www.poesiegalerie.at\/wordpress\/2021\/02\/09\/sinnlichkeitsspitzen\/","og_locale":"de_DE","og_type":"article","og_title":"Sinnlichkeitsspitzen - Poesiegalerie","og_description":"Timo Brandt liest den neuen Gedichtband \"Echo\" von Jonathan Perry in der jungen Edition Melos.","og_url":"https:\/\/www.poesiegalerie.at\/wordpress\/2021\/02\/09\/sinnlichkeitsspitzen\/","og_site_name":"Poesiegalerie","article_publisher":"https:\/\/facebook.com\/poesiegalerie","article_published_time":"2021-02-09T18:56:44+00:00","article_modified_time":"2021-02-13T14:38:30+00:00","og_image":[{"width":425,"height":599,"url":"https:\/\/www.poesiegalerie.at\/wordpress\/wp-content\/uploads\/2021\/02\/Cover-Perry-Jonathan-Echo.jpg","type":"image\/jpeg"}],"author":"ried","twitter_card":"summary_large_image","twitter_image":"https:\/\/www.poesiegalerie.at\/wordpress\/wp-content\/uploads\/2021\/02\/Cover-Perry-Jonathan-Echo.jpg","twitter_creator":"@poesiegalerie","twitter_site":"@poesiegalerie","twitter_misc":{"Verfasst von":"ried","Gesch\u00e4tzte Lesezeit":"4 Minuten"},"schema":{"@context":"https:\/\/schema.org","@graph":[{"@type":"Article","@id":"https:\/\/www.poesiegalerie.at\/wordpress\/2021\/02\/09\/sinnlichkeitsspitzen\/#article","isPartOf":{"@id":"https:\/\/www.poesiegalerie.at\/wordpress\/2021\/02\/09\/sinnlichkeitsspitzen\/"},"author":{"name":"ried","@id":"https:\/\/www.poesiegalerie.at\/wordpress\/#\/schema\/person\/0cc97ae77cc6a8f51d6aeb3d5836ea82"},"headline":"Sinnlichkeitsspitzen","datePublished":"2021-02-09T18:56:44+00:00","dateModified":"2021-02-13T14:38:30+00:00","mainEntityOfPage":{"@id":"https:\/\/www.poesiegalerie.at\/wordpress\/2021\/02\/09\/sinnlichkeitsspitzen\/"},"wordCount":626,"publisher":{"@id":"https:\/\/www.poesiegalerie.at\/wordpress\/#organization"},"keywords":["Jonathan Perry","Timo Brandt"],"articleSection":["BESPRECHUNGEN"],"inLanguage":"de-DE"},{"@type":"WebPage","@id":"https:\/\/www.poesiegalerie.at\/wordpress\/2021\/02\/09\/sinnlichkeitsspitzen\/","url":"https:\/\/www.poesiegalerie.at\/wordpress\/2021\/02\/09\/sinnlichkeitsspitzen\/","name":"Sinnlichkeitsspitzen - Poesiegalerie","isPartOf":{"@id":"https:\/\/www.poesiegalerie.at\/wordpress\/#website"},"datePublished":"2021-02-09T18:56:44+00:00","dateModified":"2021-02-13T14:38:30+00:00","breadcrumb":{"@id":"https:\/\/www.poesiegalerie.at\/wordpress\/2021\/02\/09\/sinnlichkeitsspitzen\/#breadcrumb"},"inLanguage":"de-DE","potentialAction":[{"@type":"ReadAction","target":["https:\/\/www.poesiegalerie.at\/wordpress\/2021\/02\/09\/sinnlichkeitsspitzen\/"]}]},{"@type":"BreadcrumbList","@id":"https:\/\/www.poesiegalerie.at\/wordpress\/2021\/02\/09\/sinnlichkeitsspitzen\/#breadcrumb","itemListElement":[{"@type":"ListItem","position":1,"name":"Startseite","item":"https:\/\/www.poesiegalerie.at\/wordpress\/"},{"@type":"ListItem","position":2,"name":"Sinnlichkeitsspitzen"}]},{"@type":"WebSite","@id":"https:\/\/www.poesiegalerie.at\/wordpress\/#website","url":"https:\/\/www.poesiegalerie.at\/wordpress\/","name":"Poesiegalerie","description":"","publisher":{"@id":"https:\/\/www.poesiegalerie.at\/wordpress\/#organization"},"potentialAction":[{"@type":"SearchAction","target":{"@type":"EntryPoint","urlTemplate":"https:\/\/www.poesiegalerie.at\/wordpress\/?s={search_term_string}"},"query-input":"required name=search_term_string"}],"inLanguage":"de-DE"},{"@type":"Organization","@id":"https:\/\/www.poesiegalerie.at\/wordpress\/#organization","name":"Poesiegalerie","url":"https:\/\/www.poesiegalerie.at\/wordpress\/","logo":{"@type":"ImageObject","inLanguage":"de-DE","@id":"https:\/\/www.poesiegalerie.at\/wordpress\/#\/schema\/logo\/image\/","url":"https:\/\/www.poesiegalerie.at\/wordpress\/wp-content\/uploads\/2021\/01\/Logoquadrat-PG-1.png","contentUrl":"https:\/\/www.poesiegalerie.at\/wordpress\/wp-content\/uploads\/2021\/01\/Logoquadrat-PG-1.png","width":512,"height":512,"caption":"Poesiegalerie"},"image":{"@id":"https:\/\/www.poesiegalerie.at\/wordpress\/#\/schema\/logo\/image\/"},"sameAs":["https:\/\/facebook.com\/poesiegalerie","https:\/\/twitter.com\/poesiegalerie","https:\/\/instagram.com\/poesiegalerie","https:\/\/youtube.com\/channel\/UChHTsNTzMPzZpU8TfKP3dNQ"]},{"@type":"Person","@id":"https:\/\/www.poesiegalerie.at\/wordpress\/#\/schema\/person\/0cc97ae77cc6a8f51d6aeb3d5836ea82","name":"ried","image":{"@type":"ImageObject","inLanguage":"de-DE","@id":"https:\/\/www.poesiegalerie.at\/wordpress\/#\/schema\/person\/image\/","url":"https:\/\/secure.gravatar.com\/avatar\/fbcaf19fe4a175099f721f765e209713?s=96&d=mm&r=g","contentUrl":"https:\/\/secure.gravatar.com\/avatar\/fbcaf19fe4a175099f721f765e209713?s=96&d=mm&r=g","caption":"ried"},"url":"https:\/\/www.poesiegalerie.at\/wordpress\/author\/ried\/"}]}},"_links":{"self":[{"href":"https:\/\/www.poesiegalerie.at\/wordpress\/wp-json\/wp\/v2\/posts\/4721"}],"collection":[{"href":"https:\/\/www.poesiegalerie.at\/wordpress\/wp-json\/wp\/v2\/posts"}],"about":[{"href":"https:\/\/www.poesiegalerie.at\/wordpress\/wp-json\/wp\/v2\/types\/post"}],"author":[{"embeddable":true,"href":"https:\/\/www.poesiegalerie.at\/wordpress\/wp-json\/wp\/v2\/users\/1"}],"replies":[{"embeddable":true,"href":"https:\/\/www.poesiegalerie.at\/wordpress\/wp-json\/wp\/v2\/comments?post=4721"}],"version-history":[{"count":7,"href":"https:\/\/www.poesiegalerie.at\/wordpress\/wp-json\/wp\/v2\/posts\/4721\/revisions"}],"predecessor-version":[{"id":5058,"href":"https:\/\/www.poesiegalerie.at\/wordpress\/wp-json\/wp\/v2\/posts\/4721\/revisions\/5058"}],"wp:featuredmedia":[{"embeddable":true,"href":"https:\/\/www.poesiegalerie.at\/wordpress\/wp-json\/wp\/v2\/media\/4723"}],"wp:attachment":[{"href":"https:\/\/www.poesiegalerie.at\/wordpress\/wp-json\/wp\/v2\/media?parent=4721"}],"wp:term":[{"taxonomy":"category","embeddable":true,"href":"https:\/\/www.poesiegalerie.at\/wordpress\/wp-json\/wp\/v2\/categories?post=4721"},{"taxonomy":"post_tag","embeddable":true,"href":"https:\/\/www.poesiegalerie.at\/wordpress\/wp-json\/wp\/v2\/tags?post=4721"},{"taxonomy":"thb-sponsors","embeddable":true,"href":"https:\/\/www.poesiegalerie.at\/wordpress\/wp-json\/wp\/v2\/thb-sponsors?post=4721"}],"curies":[{"name":"wp","href":"https:\/\/api.w.org\/{rel}","templated":true}]}}