{"id":6040,"date":"2021-03-22T11:43:29","date_gmt":"2021-03-22T10:43:29","guid":{"rendered":"https:\/\/www.poesiegalerie.at\/wordpress\/?p=6040"},"modified":"2021-04-15T22:44:22","modified_gmt":"2021-04-15T20:44:22","slug":"camelot-tintagoel-traum-und-wirklichkeit-2","status":"publish","type":"post","link":"https:\/\/www.poesiegalerie.at\/wordpress\/2021\/03\/22\/camelot-tintagoel-traum-und-wirklichkeit-2\/","title":{"rendered":"Camelot-Tintagoel. Traum und Wirklichkeit"},"content":{"rendered":"\n<h3 class=\"custom-small-subtitle wp-block-heading\"><a href=\"https:\/\/www.poesiegalerie.at\/wordpress\/udo-kawasser\/\">Stefan <\/a><a href=\"https:\/\/www.poesiegalerie.at\/wordpress\/autor%e2%80%91innen\/schmitzer-stefan-2\/\">Schmitzer<\/a> liest den Gedichtband <em>Das M\u00e4dchen Parzival <\/em>von<em> <\/em><a href=\"https:\/\/www.poesiegalerie.at\/wordpress\/autor%e2%80%91innen\/ballhausen-thomas\/\">Thomas Ballhausen<\/a><\/h3>\n\n\n\n<hr class=\"wp-block-separator\"\/>\n\n\n\n<div class=\"wp-block-media-text alignwide has-media-on-the-right is-stacked-on-mobile\" style=\"grid-template-columns:auto 44%\"><figure class=\"wp-block-media-text__media\"><img decoding=\"async\" loading=\"lazy\" width=\"366\" height=\"599\" src=\"data:image\/gif;base64,R0lGODlhAQABAAAAACH5BAEKAAEALAAAAAABAAEAAAICTAEAOw==\" data-src=\"https:\/\/www.poesiegalerie.at\/wordpress\/wp-content\/uploads\/2020\/07\/Cover_Ballhausen_Das-M\u00e4dchen-Parzival.jpg\" alt=\"\" class=\"wp-image-2051 size-full lazyload\" data-sizes=\"auto\" data-srcset=\"https:\/\/www.poesiegalerie.at\/wordpress\/wp-content\/uploads\/2020\/07\/Cover_Ballhausen_Das-M\u00e4dchen-Parzival.jpg 366w, https:\/\/www.poesiegalerie.at\/wordpress\/wp-content\/uploads\/2020\/07\/Cover_Ballhausen_Das-M\u00e4dchen-Parzival-183x300.jpg 183w, https:\/\/www.poesiegalerie.at\/wordpress\/wp-content\/uploads\/2020\/07\/Cover_Ballhausen_Das-M\u00e4dchen-Parzival-185x303.jpg 185w, https:\/\/www.poesiegalerie.at\/wordpress\/wp-content\/uploads\/2020\/07\/Cover_Ballhausen_Das-M\u00e4dchen-Parzival-20x33.jpg 20w, https:\/\/www.poesiegalerie.at\/wordpress\/wp-content\/uploads\/2020\/07\/Cover_Ballhausen_Das-M\u00e4dchen-Parzival-29x48.jpg 29w\" sizes=\"(max-width: 366px) 100vw, 366px\" \/><\/figure><div class=\"wp-block-media-text__content\">\n<p class=\"has-drop-cap\">Es gibt in Thomas Ballhausens Gedichtband &#8222;Das M\u00e4dchen Parzival&#8220; eine &#8222;behauptete&#8220; oder, sagen wir, \u00e4u\u00dferliche Struktur, die sich in den Kapitel\u00fcberschriften \u2013 &#8222;Karbon, Kartografie&#8220;, &#8222;Postantike&#8220;, &#8222;Das M\u00e4dchen Parzival&#8220;, &#8222;Genealogie&#8220;, &#8222;Instabile Elemente&#8220; \u2013, den Fotografien Chris Sauppers und \u00fcber die basalen Eigenschafen der einzelnen Gedichte vermittelt. Beginnen wir damit, diese nachzuzeichnen:<\/p>\n\n\n\n<p>Der erste Abschnitt, &#8222;Karbon, Kartografie&#8220;, tr\u00e4gt im Namen den Anspruch, das in weiterer Folge zu bespielende Feld zu umrei\u00dfen und seine&nbsp;<em>features&nbsp;<\/em>zu datieren. Die Gedichte selbst sind dann kurze, verr\u00e4tselte Liebestexte, denen das lyrische Ich, das Du-Objekt und der (je gegenw\u00e4rtig) unerreichte Sehnsuchtszustand &#8222;Wir&#8220; gemeinsam ist \u2026 aha! \u2013 &#8222;Minne&#8220;, S\u00e4kularmystik, als Ursprung&nbsp;<em>von&nbsp;<\/em>Lyrik,&nbsp;&nbsp;also zumindest&nbsp;<em>der nun folgenden<\/em>&nbsp;Lyrik \u2026 es gehe um den Abgrund zwischen verabsolutierter Liebe und ihren notwendig zu relativierenden Ausdrucksarten \u2026<\/p>\n\n\n\n<p>Abschnitt zwei, &#8222;Postantike&#8220;: klar, oder? \u2013 Nichts Neues seit Homer. Oder explizierter: Es bekomme die Problemstellung der Liebesmystik, der Abgrund zwischen&nbsp;<em>erleben&nbsp;<\/em>und&nbsp;<em>sagen<\/em>, eine L\u00f6sung verordnet, n\u00e4mlich das Fortwirken der &#8222;klassischen&#8220; Mythen und Tropen, mitsamt den Eigendynamiken, die so ein gesellschaftlich geteilter Bildvorrat haben kann.<\/p>\n<\/div><\/div>\n\n\n\n<div class=\"wp-block-group alignwide mb-30\"><div class=\"wp-block-group__inner-container is-layout-flow wp-block-group-is-layout-flow\">\n<p class=\"has-text-align-right\">\u00a9 Copyright Limbus<\/p>\n<\/div><\/div>\n\n\n\n<p>Die Texte unter diesem Rubrum behandeln selbstredend antike Stoffe, bis auf den ersten, und der hei\u00dft &#8222;Mein Leben als Hai&#8220; und verf\u00e4llt somit der Assoziation mit all den naheliegenden vorzeitlichen Verwandlungstropen. Das Du ist weiterhin pr\u00e4sent (zweimal im Nominativ, einmal im Dativ, einmal als Possessivpronomen), tritt aber als Thema zur\u00fcck hinter Dinge in der Welt, also in der dritten Person.<\/p>\n\n\n\n<p>Der titelgebende Abschnitt, &#8222;Das M\u00e4dchen Parzival&#8220;, umfasst ein einzelnes Langgedicht, das sich \u00fcber f\u00fcnfundzwanzig f\u00fcnfzeilige Strophen zieht, und liefert uns schon im Titel zwei programmatische Informationen: (a) Genderswap! (b) Nicht Wagner, sondern Wolfram; nicht Weihfestspiel, sondern Standes- und Realgeschichte; (sagen wir:) nicht Ostern, sondern Pfingsten \u2013 nicht &#8222;das Wunder&#8220;, sondern &#8222;die Kommunikation des Wunders&#8220;. Wenn das K\u00fcrzestepos eine Art fr\u00f6hliches Update zu dem Ritterroman des Eschenbachers sein soll, dann vergleichbar, sagen wir, einem Jazz-Trio-Arrangement nach dem Vorbild eines Power-Metal-Albums.<\/p>\n\n\n\n<p>Teil vier hei\u00dft &#8222;Genealogie&#8220; und schreibt zwei Ortsgeschichten \u2013 &#8222;Nach Camelot&#8220; und &#8222;Unweit Tintagel&#8220; \u2013 wobei Camelot den ideologischen Sitz von Macht markiert, und Tintagel das \u00fcberwunden Geglaubte, die Massentr\u00e4gheit der bl\u00f6den Wirtschaftsprosa \u2026 dort Schein, hier Sein; dort K\u00f6nigssitz, hier Handelshafen; Gold und Zinn. &#8222;Nach Camelot&#8220; f\u00fchrt uns ein atemloser, zweigeteilter Monolog betreffend V\u00e4ter, S\u00f6hne und Herrschaft; &#8222;unweit Tintagel&#8220; geht es dagegen, zauberisch, um das Fliegen (und wir fragen: \u2026von Flugzeugen? V\u00f6geln? Zauberern-als-V\u00f6geln? Piloten?)<\/p>\n\n\n\n<p>Der letzte Teil, &#8222;Instabile Elemente&#8220;, umfasst zwar mehr als einen Text, aber nur einen Zwischentitel: &#8222;Die Atlanten st\u00fctzen das Geb\u00e4lk&#8220;. N\u00e4mlich das Geb\u00e4lk &#8222;der Welt&#8220;, k\u00f6nnen wir uns denken, also: Hier gehe es nun um die, welche das alles schultern m\u00fcsste, was Ballhausen bis hierher gesagt hat \u2026 bzw. alles das, wovon seine Subjekte eben handeln; &#8222;Minne&#8220; , oder &#8222;Die Geschichte der Liebe im Mythos&#8220;, oder &#8222;\u2026in der Landschaft Britanniens als Traumzeit&#8220;. Atlanten st\u00fctzen das Geb\u00e4lk: Wie die Verdr\u00e4ngungsenergie im (lyrischen) Ich waltet, so haben die Staaten Ausgaben f\u00fcr ihre Polizeiapparate. Oder ihre Tafelrunden.<\/p>\n\n\n\n<p>Soweit die, siehe ganz oben, &#8222;behauptete Struktur&#8220; von &#8222;Das M\u00e4dchen Parzival&#8220;: Wir bereisen verschiedene historische und Erlebnis-Schichten, betreffend die Rezeption eines gemeinsamen Stoffes \u2013 Grundkenntnisse der Leserin werden belohnt, aber (dankenswerterweise) nicht vorausgesetzt: Ballhausens Neuinterpretation(en) der Story vom Narrenritter.<\/p>\n\n\n\n<p>Nun l\u00e4sst sich jedes einzelne Gedicht nat\u00fcrlich auch ganz f\u00fcr sich lesen, unabh\u00e4ngig von seinem Ort im gro\u00dfen Ganzen; doch die (anscheinend) \u00fcberdeterminierte Gesamtstruktur lenkt zumindest mich von allem dem ab, was z. B. in den beiden &#8222;Genealogie&#8220;-Texten des vierten Abschnitts wirklich&nbsp;<em>passiert<\/em>. Ich musste mich nachgerade zwingen, die Gedichte einzeln zu lesen, und nicht Zeile f\u00fcr Zeile immer zuerst als &#8222;Emanation&#8220; einer Position im Kraftfeld wahrzunehmen. Das ist schade, zumal, da ich nicht sicher bin, welches die genaue Ursache dieser Wirkung beim Lesen, dieser notorischen Abgelenktheit darstellt. Andererseits bedeutet diese leichte Ratlosigkeit auch, dass ich Ballhausens &#8222;Parzival&#8220;-Extravaganz wieder lesen werde. Bald.<\/p>\n\n\n\n<p><\/p>\n\n\n\n<p><strong>Thomas Ballhausen: <a href=\"https:\/\/www.limbusverlag.at\/index.php\/das-maedchen-parzival\">Das M\u00e4dchen Parzival.<\/a> Limbus, Innsbruck &#8211; Wien, 2020, 96 Seiten, Euro 15,- <\/strong><\/p>\n\n\n\n<p>.<\/p>\n","protected":false},"excerpt":{"rendered":"<p>Stefan Schmitzer liest den Gedichtband &#8222;Das M\u00e4dchen Parzival&#8220; von Thomas Ballhausen<\/p>\n","protected":false},"author":1,"featured_media":6401,"comment_status":"closed","ping_status":"closed","sticky":false,"template":"","format":"standard","meta":[],"categories":[107],"tags":[152,215],"thb-sponsors":[],"yoast_head":"<!-- This site is optimized with the Yoast SEO plugin v20.6 - https:\/\/yoast.com\/wordpress\/plugins\/seo\/ -->\n<title>Camelot-Tintagoel. Traum und Wirklichkeit - Poesiegalerie<\/title>\n<meta name=\"robots\" content=\"index, follow, max-snippet:-1, max-image-preview:large, max-video-preview:-1\" \/>\n<link rel=\"canonical\" href=\"https:\/\/www.poesiegalerie.at\/wordpress\/2021\/03\/22\/camelot-tintagoel-traum-und-wirklichkeit-2\/\" \/>\n<meta property=\"og:locale\" content=\"de_DE\" \/>\n<meta property=\"og:type\" content=\"article\" \/>\n<meta property=\"og:title\" content=\"Camelot-Tintagoel. Traum und Wirklichkeit - Poesiegalerie\" \/>\n<meta property=\"og:description\" content=\"Stefan Schmitzer liest den Gedichtband &quot;Das M\u00e4dchen Parzival&quot; von Thomas Ballhausen\" \/>\n<meta property=\"og:url\" content=\"https:\/\/www.poesiegalerie.at\/wordpress\/2021\/03\/22\/camelot-tintagoel-traum-und-wirklichkeit-2\/\" \/>\n<meta property=\"og:site_name\" content=\"Poesiegalerie\" \/>\n<meta property=\"article:publisher\" content=\"https:\/\/facebook.com\/poesiegalerie\" \/>\n<meta property=\"article:published_time\" content=\"2021-03-22T10:43:29+00:00\" \/>\n<meta property=\"article:modified_time\" content=\"2021-04-15T20:44:22+00:00\" \/>\n<meta name=\"author\" content=\"ried\" \/>\n<meta name=\"twitter:card\" content=\"summary_large_image\" \/>\n<meta name=\"twitter:creator\" content=\"@poesiegalerie\" \/>\n<meta name=\"twitter:site\" content=\"@poesiegalerie\" \/>\n<meta name=\"twitter:label1\" content=\"Verfasst von\" \/>\n\t<meta name=\"twitter:data1\" content=\"ried\" \/>\n\t<meta name=\"twitter:label2\" content=\"Gesch\u00e4tzte Lesezeit\" \/>\n\t<meta name=\"twitter:data2\" content=\"4 Minuten\" \/>\n<script type=\"application\/ld+json\" class=\"yoast-schema-graph\">{\"@context\":\"https:\/\/schema.org\",\"@graph\":[{\"@type\":\"Article\",\"@id\":\"https:\/\/www.poesiegalerie.at\/wordpress\/2021\/03\/22\/camelot-tintagoel-traum-und-wirklichkeit-2\/#article\",\"isPartOf\":{\"@id\":\"https:\/\/www.poesiegalerie.at\/wordpress\/2021\/03\/22\/camelot-tintagoel-traum-und-wirklichkeit-2\/\"},\"author\":{\"name\":\"ried\",\"@id\":\"https:\/\/www.poesiegalerie.at\/wordpress\/#\/schema\/person\/0cc97ae77cc6a8f51d6aeb3d5836ea82\"},\"headline\":\"Camelot-Tintagoel. Traum und Wirklichkeit\",\"datePublished\":\"2021-03-22T10:43:29+00:00\",\"dateModified\":\"2021-04-15T20:44:22+00:00\",\"mainEntityOfPage\":{\"@id\":\"https:\/\/www.poesiegalerie.at\/wordpress\/2021\/03\/22\/camelot-tintagoel-traum-und-wirklichkeit-2\/\"},\"wordCount\":701,\"publisher\":{\"@id\":\"https:\/\/www.poesiegalerie.at\/wordpress\/#organization\"},\"keywords\":[\"Stefan Schmitzer\",\"Thomas Ballhausen\"],\"articleSection\":[\"BESPRECHUNGEN\"],\"inLanguage\":\"de-DE\"},{\"@type\":\"WebPage\",\"@id\":\"https:\/\/www.poesiegalerie.at\/wordpress\/2021\/03\/22\/camelot-tintagoel-traum-und-wirklichkeit-2\/\",\"url\":\"https:\/\/www.poesiegalerie.at\/wordpress\/2021\/03\/22\/camelot-tintagoel-traum-und-wirklichkeit-2\/\",\"name\":\"Camelot-Tintagoel. Traum und Wirklichkeit - Poesiegalerie\",\"isPartOf\":{\"@id\":\"https:\/\/www.poesiegalerie.at\/wordpress\/#website\"},\"datePublished\":\"2021-03-22T10:43:29+00:00\",\"dateModified\":\"2021-04-15T20:44:22+00:00\",\"breadcrumb\":{\"@id\":\"https:\/\/www.poesiegalerie.at\/wordpress\/2021\/03\/22\/camelot-tintagoel-traum-und-wirklichkeit-2\/#breadcrumb\"},\"inLanguage\":\"de-DE\",\"potentialAction\":[{\"@type\":\"ReadAction\",\"target\":[\"https:\/\/www.poesiegalerie.at\/wordpress\/2021\/03\/22\/camelot-tintagoel-traum-und-wirklichkeit-2\/\"]}]},{\"@type\":\"BreadcrumbList\",\"@id\":\"https:\/\/www.poesiegalerie.at\/wordpress\/2021\/03\/22\/camelot-tintagoel-traum-und-wirklichkeit-2\/#breadcrumb\",\"itemListElement\":[{\"@type\":\"ListItem\",\"position\":1,\"name\":\"Startseite\",\"item\":\"https:\/\/www.poesiegalerie.at\/wordpress\/\"},{\"@type\":\"ListItem\",\"position\":2,\"name\":\"Camelot-Tintagoel. Traum und Wirklichkeit\"}]},{\"@type\":\"WebSite\",\"@id\":\"https:\/\/www.poesiegalerie.at\/wordpress\/#website\",\"url\":\"https:\/\/www.poesiegalerie.at\/wordpress\/\",\"name\":\"Poesiegalerie\",\"description\":\"\",\"publisher\":{\"@id\":\"https:\/\/www.poesiegalerie.at\/wordpress\/#organization\"},\"potentialAction\":[{\"@type\":\"SearchAction\",\"target\":{\"@type\":\"EntryPoint\",\"urlTemplate\":\"https:\/\/www.poesiegalerie.at\/wordpress\/?s={search_term_string}\"},\"query-input\":\"required name=search_term_string\"}],\"inLanguage\":\"de-DE\"},{\"@type\":\"Organization\",\"@id\":\"https:\/\/www.poesiegalerie.at\/wordpress\/#organization\",\"name\":\"Poesiegalerie\",\"url\":\"https:\/\/www.poesiegalerie.at\/wordpress\/\",\"logo\":{\"@type\":\"ImageObject\",\"inLanguage\":\"de-DE\",\"@id\":\"https:\/\/www.poesiegalerie.at\/wordpress\/#\/schema\/logo\/image\/\",\"url\":\"https:\/\/www.poesiegalerie.at\/wordpress\/wp-content\/uploads\/2021\/01\/Logoquadrat-PG-1.png\",\"contentUrl\":\"https:\/\/www.poesiegalerie.at\/wordpress\/wp-content\/uploads\/2021\/01\/Logoquadrat-PG-1.png\",\"width\":512,\"height\":512,\"caption\":\"Poesiegalerie\"},\"image\":{\"@id\":\"https:\/\/www.poesiegalerie.at\/wordpress\/#\/schema\/logo\/image\/\"},\"sameAs\":[\"https:\/\/facebook.com\/poesiegalerie\",\"https:\/\/twitter.com\/poesiegalerie\",\"https:\/\/instagram.com\/poesiegalerie\",\"https:\/\/youtube.com\/channel\/UChHTsNTzMPzZpU8TfKP3dNQ\"]},{\"@type\":\"Person\",\"@id\":\"https:\/\/www.poesiegalerie.at\/wordpress\/#\/schema\/person\/0cc97ae77cc6a8f51d6aeb3d5836ea82\",\"name\":\"ried\",\"image\":{\"@type\":\"ImageObject\",\"inLanguage\":\"de-DE\",\"@id\":\"https:\/\/www.poesiegalerie.at\/wordpress\/#\/schema\/person\/image\/\",\"url\":\"https:\/\/secure.gravatar.com\/avatar\/fbcaf19fe4a175099f721f765e209713?s=96&d=mm&r=g\",\"contentUrl\":\"https:\/\/secure.gravatar.com\/avatar\/fbcaf19fe4a175099f721f765e209713?s=96&d=mm&r=g\",\"caption\":\"ried\"},\"url\":\"https:\/\/www.poesiegalerie.at\/wordpress\/author\/ried\/\"}]}<\/script>\n<!-- \/ Yoast SEO plugin. -->","yoast_head_json":{"title":"Camelot-Tintagoel. Traum und Wirklichkeit - Poesiegalerie","robots":{"index":"index","follow":"follow","max-snippet":"max-snippet:-1","max-image-preview":"max-image-preview:large","max-video-preview":"max-video-preview:-1"},"canonical":"https:\/\/www.poesiegalerie.at\/wordpress\/2021\/03\/22\/camelot-tintagoel-traum-und-wirklichkeit-2\/","og_locale":"de_DE","og_type":"article","og_title":"Camelot-Tintagoel. Traum und Wirklichkeit - Poesiegalerie","og_description":"Stefan Schmitzer liest den Gedichtband \"Das M\u00e4dchen Parzival\" von Thomas Ballhausen","og_url":"https:\/\/www.poesiegalerie.at\/wordpress\/2021\/03\/22\/camelot-tintagoel-traum-und-wirklichkeit-2\/","og_site_name":"Poesiegalerie","article_publisher":"https:\/\/facebook.com\/poesiegalerie","article_published_time":"2021-03-22T10:43:29+00:00","article_modified_time":"2021-04-15T20:44:22+00:00","author":"ried","twitter_card":"summary_large_image","twitter_creator":"@poesiegalerie","twitter_site":"@poesiegalerie","twitter_misc":{"Verfasst von":"ried","Gesch\u00e4tzte Lesezeit":"4 Minuten"},"schema":{"@context":"https:\/\/schema.org","@graph":[{"@type":"Article","@id":"https:\/\/www.poesiegalerie.at\/wordpress\/2021\/03\/22\/camelot-tintagoel-traum-und-wirklichkeit-2\/#article","isPartOf":{"@id":"https:\/\/www.poesiegalerie.at\/wordpress\/2021\/03\/22\/camelot-tintagoel-traum-und-wirklichkeit-2\/"},"author":{"name":"ried","@id":"https:\/\/www.poesiegalerie.at\/wordpress\/#\/schema\/person\/0cc97ae77cc6a8f51d6aeb3d5836ea82"},"headline":"Camelot-Tintagoel. Traum und Wirklichkeit","datePublished":"2021-03-22T10:43:29+00:00","dateModified":"2021-04-15T20:44:22+00:00","mainEntityOfPage":{"@id":"https:\/\/www.poesiegalerie.at\/wordpress\/2021\/03\/22\/camelot-tintagoel-traum-und-wirklichkeit-2\/"},"wordCount":701,"publisher":{"@id":"https:\/\/www.poesiegalerie.at\/wordpress\/#organization"},"keywords":["Stefan Schmitzer","Thomas Ballhausen"],"articleSection":["BESPRECHUNGEN"],"inLanguage":"de-DE"},{"@type":"WebPage","@id":"https:\/\/www.poesiegalerie.at\/wordpress\/2021\/03\/22\/camelot-tintagoel-traum-und-wirklichkeit-2\/","url":"https:\/\/www.poesiegalerie.at\/wordpress\/2021\/03\/22\/camelot-tintagoel-traum-und-wirklichkeit-2\/","name":"Camelot-Tintagoel. Traum und Wirklichkeit - Poesiegalerie","isPartOf":{"@id":"https:\/\/www.poesiegalerie.at\/wordpress\/#website"},"datePublished":"2021-03-22T10:43:29+00:00","dateModified":"2021-04-15T20:44:22+00:00","breadcrumb":{"@id":"https:\/\/www.poesiegalerie.at\/wordpress\/2021\/03\/22\/camelot-tintagoel-traum-und-wirklichkeit-2\/#breadcrumb"},"inLanguage":"de-DE","potentialAction":[{"@type":"ReadAction","target":["https:\/\/www.poesiegalerie.at\/wordpress\/2021\/03\/22\/camelot-tintagoel-traum-und-wirklichkeit-2\/"]}]},{"@type":"BreadcrumbList","@id":"https:\/\/www.poesiegalerie.at\/wordpress\/2021\/03\/22\/camelot-tintagoel-traum-und-wirklichkeit-2\/#breadcrumb","itemListElement":[{"@type":"ListItem","position":1,"name":"Startseite","item":"https:\/\/www.poesiegalerie.at\/wordpress\/"},{"@type":"ListItem","position":2,"name":"Camelot-Tintagoel. Traum und Wirklichkeit"}]},{"@type":"WebSite","@id":"https:\/\/www.poesiegalerie.at\/wordpress\/#website","url":"https:\/\/www.poesiegalerie.at\/wordpress\/","name":"Poesiegalerie","description":"","publisher":{"@id":"https:\/\/www.poesiegalerie.at\/wordpress\/#organization"},"potentialAction":[{"@type":"SearchAction","target":{"@type":"EntryPoint","urlTemplate":"https:\/\/www.poesiegalerie.at\/wordpress\/?s={search_term_string}"},"query-input":"required name=search_term_string"}],"inLanguage":"de-DE"},{"@type":"Organization","@id":"https:\/\/www.poesiegalerie.at\/wordpress\/#organization","name":"Poesiegalerie","url":"https:\/\/www.poesiegalerie.at\/wordpress\/","logo":{"@type":"ImageObject","inLanguage":"de-DE","@id":"https:\/\/www.poesiegalerie.at\/wordpress\/#\/schema\/logo\/image\/","url":"https:\/\/www.poesiegalerie.at\/wordpress\/wp-content\/uploads\/2021\/01\/Logoquadrat-PG-1.png","contentUrl":"https:\/\/www.poesiegalerie.at\/wordpress\/wp-content\/uploads\/2021\/01\/Logoquadrat-PG-1.png","width":512,"height":512,"caption":"Poesiegalerie"},"image":{"@id":"https:\/\/www.poesiegalerie.at\/wordpress\/#\/schema\/logo\/image\/"},"sameAs":["https:\/\/facebook.com\/poesiegalerie","https:\/\/twitter.com\/poesiegalerie","https:\/\/instagram.com\/poesiegalerie","https:\/\/youtube.com\/channel\/UChHTsNTzMPzZpU8TfKP3dNQ"]},{"@type":"Person","@id":"https:\/\/www.poesiegalerie.at\/wordpress\/#\/schema\/person\/0cc97ae77cc6a8f51d6aeb3d5836ea82","name":"ried","image":{"@type":"ImageObject","inLanguage":"de-DE","@id":"https:\/\/www.poesiegalerie.at\/wordpress\/#\/schema\/person\/image\/","url":"https:\/\/secure.gravatar.com\/avatar\/fbcaf19fe4a175099f721f765e209713?s=96&d=mm&r=g","contentUrl":"https:\/\/secure.gravatar.com\/avatar\/fbcaf19fe4a175099f721f765e209713?s=96&d=mm&r=g","caption":"ried"},"url":"https:\/\/www.poesiegalerie.at\/wordpress\/author\/ried\/"}]}},"_links":{"self":[{"href":"https:\/\/www.poesiegalerie.at\/wordpress\/wp-json\/wp\/v2\/posts\/6040"}],"collection":[{"href":"https:\/\/www.poesiegalerie.at\/wordpress\/wp-json\/wp\/v2\/posts"}],"about":[{"href":"https:\/\/www.poesiegalerie.at\/wordpress\/wp-json\/wp\/v2\/types\/post"}],"author":[{"embeddable":true,"href":"https:\/\/www.poesiegalerie.at\/wordpress\/wp-json\/wp\/v2\/users\/1"}],"replies":[{"embeddable":true,"href":"https:\/\/www.poesiegalerie.at\/wordpress\/wp-json\/wp\/v2\/comments?post=6040"}],"version-history":[{"count":4,"href":"https:\/\/www.poesiegalerie.at\/wordpress\/wp-json\/wp\/v2\/posts\/6040\/revisions"}],"predecessor-version":[{"id":6402,"href":"https:\/\/www.poesiegalerie.at\/wordpress\/wp-json\/wp\/v2\/posts\/6040\/revisions\/6402"}],"wp:featuredmedia":[{"embeddable":true,"href":"https:\/\/www.poesiegalerie.at\/wordpress\/wp-json\/wp\/v2\/media\/6401"}],"wp:attachment":[{"href":"https:\/\/www.poesiegalerie.at\/wordpress\/wp-json\/wp\/v2\/media?parent=6040"}],"wp:term":[{"taxonomy":"category","embeddable":true,"href":"https:\/\/www.poesiegalerie.at\/wordpress\/wp-json\/wp\/v2\/categories?post=6040"},{"taxonomy":"post_tag","embeddable":true,"href":"https:\/\/www.poesiegalerie.at\/wordpress\/wp-json\/wp\/v2\/tags?post=6040"},{"taxonomy":"thb-sponsors","embeddable":true,"href":"https:\/\/www.poesiegalerie.at\/wordpress\/wp-json\/wp\/v2\/thb-sponsors?post=6040"}],"curies":[{"name":"wp","href":"https:\/\/api.w.org\/{rel}","templated":true}]}}