{"id":7387,"date":"2021-07-30T00:25:02","date_gmt":"2021-07-29T22:25:02","guid":{"rendered":"https:\/\/www.poesiegalerie.at\/wordpress\/?p=7387"},"modified":"2021-07-29T10:33:32","modified_gmt":"2021-07-29T08:33:32","slug":"slowly","status":"publish","type":"post","link":"https:\/\/www.poesiegalerie.at\/wordpress\/2021\/07\/30\/slowly\/","title":{"rendered":"slowly"},"content":{"rendered":"\n<h3 class=\"has-text-color wp-block-heading\" style=\"color:#888888\">Instagramlyrik<\/h3>\n\n\n\n<h3 class=\"custom-small-subtitle wp-block-heading\"><a href=\"https:\/\/www.poesiegalerie.at\/wordpress\/autor%e2%80%91innen\/krcmarova-rhea\/\" target=\"_blank\" rel=\"noreferrer noopener\">Rhea Kr\u010dm\u00e1\u0159ov\u00e1<\/a><\/h3>\n\n\n\n<pre class=\"wp-block-verse\">slowly \/ all iridescent evenings \/ recede \/ lock \/&nbsp; their fluttering mouths&nbsp; in&nbsp;\/ \na jar of snow and \/ wordbroth \/ lepidopteric eyes \/ lurk \/ in not quite ancient \/ \nprophecies \/ and the song of subways \/ will paint \/ a gleaming hush<\/pre>\n\n\n\n<p class=\"has-medium-font-size\">Mehr Instalyrik von <a href=\"https:\/\/www.poesiegalerie.at\/wordpress\/autor%e2%80%91innen\/krcmarova-rhea\/\" target=\"_blank\" rel=\"noreferrer noopener\">Rhea Kr\u010dm\u00e1\u0159ov\u00e1<\/a> gibt es <a href=\"https:\/\/www.instagram.com\/p\/CKZMScklvTh\/?igshid=dp27wz4vxone\" target=\"_blank\" rel=\"noreferrer noopener\">hier<\/a><\/p>\n","protected":false},"excerpt":{"rendered":"<p>Gedicht von heute:<br \/>\nRhea Kr\u010dm\u00e1\u0159ov\u00e1<br \/>\nInstagedicht &#8222;slowly&#8220;<\/p>\n","protected":false},"author":8,"featured_media":2686,"comment_status":"closed","ping_status":"closed","sticky":false,"template":"","format":"standard","meta":[],"categories":[105,280],"tags":[254],"thb-sponsors":[],"yoast_head":"<!-- This site is optimized with the Yoast SEO plugin v20.6 - https:\/\/yoast.com\/wordpress\/plugins\/seo\/ -->\n<title>slowly - Poesiegalerie<\/title>\n<meta name=\"robots\" content=\"index, follow, max-snippet:-1, max-image-preview:large, max-video-preview:-1\" \/>\n<link rel=\"canonical\" href=\"https:\/\/www.poesiegalerie.at\/wordpress\/2021\/07\/30\/slowly\/\" \/>\n<meta property=\"og:locale\" content=\"de_DE\" \/>\n<meta property=\"og:type\" content=\"article\" \/>\n<meta property=\"og:title\" content=\"slowly - Poesiegalerie\" \/>\n<meta property=\"og:description\" content=\"Gedicht von heute: Rhea Kr\u010dm\u00e1\u0159ov\u00e1 Instagedicht &quot;slowly&quot;\" \/>\n<meta property=\"og:url\" content=\"https:\/\/www.poesiegalerie.at\/wordpress\/2021\/07\/30\/slowly\/\" \/>\n<meta property=\"og:site_name\" content=\"Poesiegalerie\" \/>\n<meta property=\"article:publisher\" content=\"https:\/\/facebook.com\/poesiegalerie\" \/>\n<meta property=\"article:published_time\" content=\"2021-07-29T22:25:02+00:00\" \/>\n<meta property=\"article:modified_time\" content=\"2021-07-29T08:33:32+00:00\" \/>\n<meta property=\"og:image\" content=\"https:\/\/www.poesiegalerie.at\/wordpress\/wp-content\/uploads\/2020\/09\/Krcmarova-Rhea-Portraet-C-www.detailsinn.at-copy-Kopie.jpg\" \/>\n\t<meta property=\"og:image:width\" content=\"1015\" \/>\n\t<meta property=\"og:image:height\" content=\"1414\" \/>\n\t<meta property=\"og:image:type\" content=\"image\/jpeg\" \/>\n<meta name=\"author\" content=\"Bea Schmiedl\" \/>\n<meta name=\"twitter:card\" content=\"summary_large_image\" \/>\n<meta name=\"twitter:image\" content=\"https:\/\/www.poesiegalerie.at\/wordpress\/wp-content\/uploads\/2020\/09\/Krcmarova-Rhea-Portraet-C-www.detailsinn.at-copy-Kopie.jpg\" \/>\n<meta name=\"twitter:creator\" content=\"@poesiegalerie\" \/>\n<meta name=\"twitter:site\" content=\"@poesiegalerie\" \/>\n<meta name=\"twitter:label1\" content=\"Verfasst von\" \/>\n\t<meta name=\"twitter:data1\" content=\"Bea Schmiedl\" \/>\n\t<meta name=\"twitter:label2\" content=\"Gesch\u00e4tzte Lesezeit\" \/>\n\t<meta name=\"twitter:data2\" content=\"1 Minute\" \/>\n<script type=\"application\/ld+json\" class=\"yoast-schema-graph\">{\"@context\":\"https:\/\/schema.org\",\"@graph\":[{\"@type\":\"Article\",\"@id\":\"https:\/\/www.poesiegalerie.at\/wordpress\/2021\/07\/30\/slowly\/#article\",\"isPartOf\":{\"@id\":\"https:\/\/www.poesiegalerie.at\/wordpress\/2021\/07\/30\/slowly\/\"},\"author\":{\"name\":\"Bea Schmiedl\",\"@id\":\"https:\/\/www.poesiegalerie.at\/wordpress\/#\/schema\/person\/6ef77016eb76dba27a6d0fbb161a1734\"},\"headline\":\"slowly\",\"datePublished\":\"2021-07-29T22:25:02+00:00\",\"dateModified\":\"2021-07-29T08:33:32+00:00\",\"mainEntityOfPage\":{\"@id\":\"https:\/\/www.poesiegalerie.at\/wordpress\/2021\/07\/30\/slowly\/\"},\"wordCount\":16,\"publisher\":{\"@id\":\"https:\/\/www.poesiegalerie.at\/wordpress\/#organization\"},\"keywords\":[\"Rhea Kr\u010dm\u00e1\u0159ov\u00e1\"],\"articleSection\":[\"AUSGESTELLT\",\"Gedicht von heute\"],\"inLanguage\":\"de-DE\"},{\"@type\":\"WebPage\",\"@id\":\"https:\/\/www.poesiegalerie.at\/wordpress\/2021\/07\/30\/slowly\/\",\"url\":\"https:\/\/www.poesiegalerie.at\/wordpress\/2021\/07\/30\/slowly\/\",\"name\":\"slowly - Poesiegalerie\",\"isPartOf\":{\"@id\":\"https:\/\/www.poesiegalerie.at\/wordpress\/#website\"},\"datePublished\":\"2021-07-29T22:25:02+00:00\",\"dateModified\":\"2021-07-29T08:33:32+00:00\",\"breadcrumb\":{\"@id\":\"https:\/\/www.poesiegalerie.at\/wordpress\/2021\/07\/30\/slowly\/#breadcrumb\"},\"inLanguage\":\"de-DE\",\"potentialAction\":[{\"@type\":\"ReadAction\",\"target\":[\"https:\/\/www.poesiegalerie.at\/wordpress\/2021\/07\/30\/slowly\/\"]}]},{\"@type\":\"BreadcrumbList\",\"@id\":\"https:\/\/www.poesiegalerie.at\/wordpress\/2021\/07\/30\/slowly\/#breadcrumb\",\"itemListElement\":[{\"@type\":\"ListItem\",\"position\":1,\"name\":\"Startseite\",\"item\":\"https:\/\/www.poesiegalerie.at\/wordpress\/\"},{\"@type\":\"ListItem\",\"position\":2,\"name\":\"slowly\"}]},{\"@type\":\"WebSite\",\"@id\":\"https:\/\/www.poesiegalerie.at\/wordpress\/#website\",\"url\":\"https:\/\/www.poesiegalerie.at\/wordpress\/\",\"name\":\"Poesiegalerie\",\"description\":\"\",\"publisher\":{\"@id\":\"https:\/\/www.poesiegalerie.at\/wordpress\/#organization\"},\"potentialAction\":[{\"@type\":\"SearchAction\",\"target\":{\"@type\":\"EntryPoint\",\"urlTemplate\":\"https:\/\/www.poesiegalerie.at\/wordpress\/?s={search_term_string}\"},\"query-input\":\"required name=search_term_string\"}],\"inLanguage\":\"de-DE\"},{\"@type\":\"Organization\",\"@id\":\"https:\/\/www.poesiegalerie.at\/wordpress\/#organization\",\"name\":\"Poesiegalerie\",\"url\":\"https:\/\/www.poesiegalerie.at\/wordpress\/\",\"logo\":{\"@type\":\"ImageObject\",\"inLanguage\":\"de-DE\",\"@id\":\"https:\/\/www.poesiegalerie.at\/wordpress\/#\/schema\/logo\/image\/\",\"url\":\"https:\/\/www.poesiegalerie.at\/wordpress\/wp-content\/uploads\/2021\/01\/Logoquadrat-PG-1.png\",\"contentUrl\":\"https:\/\/www.poesiegalerie.at\/wordpress\/wp-content\/uploads\/2021\/01\/Logoquadrat-PG-1.png\",\"width\":512,\"height\":512,\"caption\":\"Poesiegalerie\"},\"image\":{\"@id\":\"https:\/\/www.poesiegalerie.at\/wordpress\/#\/schema\/logo\/image\/\"},\"sameAs\":[\"https:\/\/facebook.com\/poesiegalerie\",\"https:\/\/twitter.com\/poesiegalerie\",\"https:\/\/instagram.com\/poesiegalerie\",\"https:\/\/youtube.com\/channel\/UChHTsNTzMPzZpU8TfKP3dNQ\"]},{\"@type\":\"Person\",\"@id\":\"https:\/\/www.poesiegalerie.at\/wordpress\/#\/schema\/person\/6ef77016eb76dba27a6d0fbb161a1734\",\"name\":\"Bea Schmiedl\",\"image\":{\"@type\":\"ImageObject\",\"inLanguage\":\"de-DE\",\"@id\":\"https:\/\/www.poesiegalerie.at\/wordpress\/#\/schema\/person\/image\/\",\"url\":\"https:\/\/secure.gravatar.com\/avatar\/b34bd7b3e615fddcf8826bf5ce31c682?s=96&d=mm&r=g\",\"contentUrl\":\"https:\/\/secure.gravatar.com\/avatar\/b34bd7b3e615fddcf8826bf5ce31c682?s=96&d=mm&r=g\",\"caption\":\"Bea Schmiedl\"},\"url\":\"https:\/\/www.poesiegalerie.at\/wordpress\/author\/bea-schmiedl\/\"}]}<\/script>\n<!-- \/ Yoast SEO plugin. -->","yoast_head_json":{"title":"slowly - Poesiegalerie","robots":{"index":"index","follow":"follow","max-snippet":"max-snippet:-1","max-image-preview":"max-image-preview:large","max-video-preview":"max-video-preview:-1"},"canonical":"https:\/\/www.poesiegalerie.at\/wordpress\/2021\/07\/30\/slowly\/","og_locale":"de_DE","og_type":"article","og_title":"slowly - Poesiegalerie","og_description":"Gedicht von heute: Rhea Kr\u010dm\u00e1\u0159ov\u00e1 Instagedicht \"slowly\"","og_url":"https:\/\/www.poesiegalerie.at\/wordpress\/2021\/07\/30\/slowly\/","og_site_name":"Poesiegalerie","article_publisher":"https:\/\/facebook.com\/poesiegalerie","article_published_time":"2021-07-29T22:25:02+00:00","article_modified_time":"2021-07-29T08:33:32+00:00","og_image":[{"width":1015,"height":1414,"url":"https:\/\/www.poesiegalerie.at\/wordpress\/wp-content\/uploads\/2020\/09\/Krcmarova-Rhea-Portraet-C-www.detailsinn.at-copy-Kopie.jpg","type":"image\/jpeg"}],"author":"Bea Schmiedl","twitter_card":"summary_large_image","twitter_image":"https:\/\/www.poesiegalerie.at\/wordpress\/wp-content\/uploads\/2020\/09\/Krcmarova-Rhea-Portraet-C-www.detailsinn.at-copy-Kopie.jpg","twitter_creator":"@poesiegalerie","twitter_site":"@poesiegalerie","twitter_misc":{"Verfasst von":"Bea Schmiedl","Gesch\u00e4tzte Lesezeit":"1 Minute"},"schema":{"@context":"https:\/\/schema.org","@graph":[{"@type":"Article","@id":"https:\/\/www.poesiegalerie.at\/wordpress\/2021\/07\/30\/slowly\/#article","isPartOf":{"@id":"https:\/\/www.poesiegalerie.at\/wordpress\/2021\/07\/30\/slowly\/"},"author":{"name":"Bea Schmiedl","@id":"https:\/\/www.poesiegalerie.at\/wordpress\/#\/schema\/person\/6ef77016eb76dba27a6d0fbb161a1734"},"headline":"slowly","datePublished":"2021-07-29T22:25:02+00:00","dateModified":"2021-07-29T08:33:32+00:00","mainEntityOfPage":{"@id":"https:\/\/www.poesiegalerie.at\/wordpress\/2021\/07\/30\/slowly\/"},"wordCount":16,"publisher":{"@id":"https:\/\/www.poesiegalerie.at\/wordpress\/#organization"},"keywords":["Rhea Kr\u010dm\u00e1\u0159ov\u00e1"],"articleSection":["AUSGESTELLT","Gedicht von heute"],"inLanguage":"de-DE"},{"@type":"WebPage","@id":"https:\/\/www.poesiegalerie.at\/wordpress\/2021\/07\/30\/slowly\/","url":"https:\/\/www.poesiegalerie.at\/wordpress\/2021\/07\/30\/slowly\/","name":"slowly - Poesiegalerie","isPartOf":{"@id":"https:\/\/www.poesiegalerie.at\/wordpress\/#website"},"datePublished":"2021-07-29T22:25:02+00:00","dateModified":"2021-07-29T08:33:32+00:00","breadcrumb":{"@id":"https:\/\/www.poesiegalerie.at\/wordpress\/2021\/07\/30\/slowly\/#breadcrumb"},"inLanguage":"de-DE","potentialAction":[{"@type":"ReadAction","target":["https:\/\/www.poesiegalerie.at\/wordpress\/2021\/07\/30\/slowly\/"]}]},{"@type":"BreadcrumbList","@id":"https:\/\/www.poesiegalerie.at\/wordpress\/2021\/07\/30\/slowly\/#breadcrumb","itemListElement":[{"@type":"ListItem","position":1,"name":"Startseite","item":"https:\/\/www.poesiegalerie.at\/wordpress\/"},{"@type":"ListItem","position":2,"name":"slowly"}]},{"@type":"WebSite","@id":"https:\/\/www.poesiegalerie.at\/wordpress\/#website","url":"https:\/\/www.poesiegalerie.at\/wordpress\/","name":"Poesiegalerie","description":"","publisher":{"@id":"https:\/\/www.poesiegalerie.at\/wordpress\/#organization"},"potentialAction":[{"@type":"SearchAction","target":{"@type":"EntryPoint","urlTemplate":"https:\/\/www.poesiegalerie.at\/wordpress\/?s={search_term_string}"},"query-input":"required name=search_term_string"}],"inLanguage":"de-DE"},{"@type":"Organization","@id":"https:\/\/www.poesiegalerie.at\/wordpress\/#organization","name":"Poesiegalerie","url":"https:\/\/www.poesiegalerie.at\/wordpress\/","logo":{"@type":"ImageObject","inLanguage":"de-DE","@id":"https:\/\/www.poesiegalerie.at\/wordpress\/#\/schema\/logo\/image\/","url":"https:\/\/www.poesiegalerie.at\/wordpress\/wp-content\/uploads\/2021\/01\/Logoquadrat-PG-1.png","contentUrl":"https:\/\/www.poesiegalerie.at\/wordpress\/wp-content\/uploads\/2021\/01\/Logoquadrat-PG-1.png","width":512,"height":512,"caption":"Poesiegalerie"},"image":{"@id":"https:\/\/www.poesiegalerie.at\/wordpress\/#\/schema\/logo\/image\/"},"sameAs":["https:\/\/facebook.com\/poesiegalerie","https:\/\/twitter.com\/poesiegalerie","https:\/\/instagram.com\/poesiegalerie","https:\/\/youtube.com\/channel\/UChHTsNTzMPzZpU8TfKP3dNQ"]},{"@type":"Person","@id":"https:\/\/www.poesiegalerie.at\/wordpress\/#\/schema\/person\/6ef77016eb76dba27a6d0fbb161a1734","name":"Bea Schmiedl","image":{"@type":"ImageObject","inLanguage":"de-DE","@id":"https:\/\/www.poesiegalerie.at\/wordpress\/#\/schema\/person\/image\/","url":"https:\/\/secure.gravatar.com\/avatar\/b34bd7b3e615fddcf8826bf5ce31c682?s=96&d=mm&r=g","contentUrl":"https:\/\/secure.gravatar.com\/avatar\/b34bd7b3e615fddcf8826bf5ce31c682?s=96&d=mm&r=g","caption":"Bea Schmiedl"},"url":"https:\/\/www.poesiegalerie.at\/wordpress\/author\/bea-schmiedl\/"}]}},"_links":{"self":[{"href":"https:\/\/www.poesiegalerie.at\/wordpress\/wp-json\/wp\/v2\/posts\/7387"}],"collection":[{"href":"https:\/\/www.poesiegalerie.at\/wordpress\/wp-json\/wp\/v2\/posts"}],"about":[{"href":"https:\/\/www.poesiegalerie.at\/wordpress\/wp-json\/wp\/v2\/types\/post"}],"author":[{"embeddable":true,"href":"https:\/\/www.poesiegalerie.at\/wordpress\/wp-json\/wp\/v2\/users\/8"}],"replies":[{"embeddable":true,"href":"https:\/\/www.poesiegalerie.at\/wordpress\/wp-json\/wp\/v2\/comments?post=7387"}],"version-history":[{"count":6,"href":"https:\/\/www.poesiegalerie.at\/wordpress\/wp-json\/wp\/v2\/posts\/7387\/revisions"}],"predecessor-version":[{"id":7393,"href":"https:\/\/www.poesiegalerie.at\/wordpress\/wp-json\/wp\/v2\/posts\/7387\/revisions\/7393"}],"wp:featuredmedia":[{"embeddable":true,"href":"https:\/\/www.poesiegalerie.at\/wordpress\/wp-json\/wp\/v2\/media\/2686"}],"wp:attachment":[{"href":"https:\/\/www.poesiegalerie.at\/wordpress\/wp-json\/wp\/v2\/media?parent=7387"}],"wp:term":[{"taxonomy":"category","embeddable":true,"href":"https:\/\/www.poesiegalerie.at\/wordpress\/wp-json\/wp\/v2\/categories?post=7387"},{"taxonomy":"post_tag","embeddable":true,"href":"https:\/\/www.poesiegalerie.at\/wordpress\/wp-json\/wp\/v2\/tags?post=7387"},{"taxonomy":"thb-sponsors","embeddable":true,"href":"https:\/\/www.poesiegalerie.at\/wordpress\/wp-json\/wp\/v2\/thb-sponsors?post=7387"}],"curies":[{"name":"wp","href":"https:\/\/api.w.org\/{rel}","templated":true}]}}