{"id":7579,"date":"2021-08-29T00:25:51","date_gmt":"2021-08-28T22:25:51","guid":{"rendered":"https:\/\/www.poesiegalerie.at\/wordpress\/?p=7579"},"modified":"2021-08-28T20:37:20","modified_gmt":"2021-08-28T18:37:20","slug":"freilaufendes-geld-im-kopf","status":"publish","type":"post","link":"https:\/\/www.poesiegalerie.at\/wordpress\/2021\/08\/29\/freilaufendes-geld-im-kopf\/","title":{"rendered":"Freilaufendes Geld (im Kopf!)"},"content":{"rendered":"\n<h3 class=\"custom-small-subtitle wp-block-heading\"><a href=\"https:\/\/www.poesiegalerie.at\/wordpress\/autor%e2%80%91innen\/ganglbauer-petra\/\" target=\"_blank\" rel=\"noreferrer noopener\">Petra Ganglbauer<\/a><\/h3>\n\n\n\n<pre class=\"wp-block-verse\"><em>Freilaufendes <\/em>Geld <em>(im Kopf!)<\/em>\nAuf entleerten Feldern\nPapieren und unruhig, bei\u00dft alles\n<em>(Willkommen!) <\/em>weg.&nbsp;\nKein Platz f\u00fcr sie in dieser Sprache,&nbsp;\nZu klein\nDie W\u00f6rter f\u00fcr erwachsene M\u00e4nner,&nbsp;\nFrauen&nbsp;\nH\u00f6lzern, verh\u00e4ltnislos:\n<em>Nicht einmal M\u00e4rchen f\u00fcr Kinder!<\/em><\/pre>\n\n\n\n<div class=\"wp-block-media-text alignwide is-stacked-on-mobile\" style=\"grid-template-columns:23% auto\"><figure class=\"wp-block-media-text__media\"><img decoding=\"async\" loading=\"lazy\" width=\"306\" height=\"500\" src=\"data:image\/gif;base64,R0lGODlhAQABAAAAACH5BAEKAAEALAAAAAABAAEAAAICTAEAOw==\" data-src=\"https:\/\/www.poesiegalerie.at\/wordpress\/wp-content\/uploads\/2020\/12\/Cover-Ganglbauer-Gefeuerte-Saetze.jpg\" alt=\"\" class=\"wp-image-3388 size-full lazyload\" data-sizes=\"auto\" data-srcset=\"https:\/\/www.poesiegalerie.at\/wordpress\/wp-content\/uploads\/2020\/12\/Cover-Ganglbauer-Gefeuerte-Saetze.jpg 306w, https:\/\/www.poesiegalerie.at\/wordpress\/wp-content\/uploads\/2020\/12\/Cover-Ganglbauer-Gefeuerte-Saetze-184x300.jpg 184w, https:\/\/www.poesiegalerie.at\/wordpress\/wp-content\/uploads\/2020\/12\/Cover-Ganglbauer-Gefeuerte-Saetze-92x150.jpg 92w, https:\/\/www.poesiegalerie.at\/wordpress\/wp-content\/uploads\/2020\/12\/Cover-Ganglbauer-Gefeuerte-Saetze-185x302.jpg 185w, https:\/\/www.poesiegalerie.at\/wordpress\/wp-content\/uploads\/2020\/12\/Cover-Ganglbauer-Gefeuerte-Saetze-20x33.jpg 20w, https:\/\/www.poesiegalerie.at\/wordpress\/wp-content\/uploads\/2020\/12\/Cover-Ganglbauer-Gefeuerte-Saetze-29x48.jpg 29w\" sizes=\"(max-width: 306px) 100vw, 306px\" \/><\/figure><div class=\"wp-block-media-text__content\">\n<p class=\"has-medium-font-size\">Das Gedicht \u201eFreilaufendes Geld (im Kopf!)\u201c von <a href=\"https:\/\/www.poesiegalerie.at\/wordpress\/autor%e2%80%91innen\/ganglbauer-petra\/\" target=\"_blank\" rel=\"noreferrer noopener\">Petra Ganglbauer<\/a> erschien in: <em><a href=\"https:\/\/www.limbusverlag.at\/index.php\/gefeuerte-saetze\" target=\"_blank\" rel=\"noreferrer noopener\">Gefeuerte S<\/a><a href=\"https:\/\/www.limbusverlag.at\/index.php\/gefeuerte-saetze\">\u00e4tze<\/a><\/em>. Limbus Verlag, Innsbruck\/Wien 2019. 96 Seiten. Euro 15,-<\/p>\n<\/div><\/div>\n","protected":false},"excerpt":{"rendered":"<p>Gedicht von heute:<br \/>\nPetra Ganglbauer<br \/>\n&#8222;Freilaufendes Geld (im Kopf!)&#8220;<\/p>\n","protected":false},"author":8,"featured_media":2164,"comment_status":"closed","ping_status":"closed","sticky":false,"template":"","format":"standard","meta":[],"categories":[105,280],"tags":[183],"thb-sponsors":[],"yoast_head":"<!-- This site is optimized with the Yoast SEO plugin v20.6 - https:\/\/yoast.com\/wordpress\/plugins\/seo\/ -->\n<title>Freilaufendes Geld (im Kopf!) - Poesiegalerie<\/title>\n<meta name=\"robots\" content=\"index, follow, max-snippet:-1, max-image-preview:large, max-video-preview:-1\" \/>\n<link rel=\"canonical\" href=\"https:\/\/www.poesiegalerie.at\/wordpress\/2021\/08\/29\/freilaufendes-geld-im-kopf\/\" \/>\n<meta property=\"og:locale\" content=\"de_DE\" \/>\n<meta property=\"og:type\" content=\"article\" \/>\n<meta property=\"og:title\" content=\"Freilaufendes Geld (im Kopf!) - Poesiegalerie\" \/>\n<meta property=\"og:description\" content=\"Gedicht von heute: Petra Ganglbauer &quot;Freilaufendes Geld (im Kopf!)&quot;\" \/>\n<meta property=\"og:url\" content=\"https:\/\/www.poesiegalerie.at\/wordpress\/2021\/08\/29\/freilaufendes-geld-im-kopf\/\" \/>\n<meta property=\"og:site_name\" content=\"Poesiegalerie\" \/>\n<meta property=\"article:publisher\" content=\"https:\/\/facebook.com\/poesiegalerie\" \/>\n<meta property=\"article:published_time\" content=\"2021-08-28T22:25:51+00:00\" \/>\n<meta property=\"article:modified_time\" content=\"2021-08-28T18:37:20+00:00\" \/>\n<meta property=\"og:image\" content=\"https:\/\/www.poesiegalerie.at\/wordpress\/wp-content\/uploads\/2020\/07\/Ganglbauer-Petra-Portr\u00e4t-c-Autorin.jpg\" \/>\n\t<meta property=\"og:image:width\" content=\"1222\" \/>\n\t<meta property=\"og:image:height\" content=\"1757\" \/>\n\t<meta property=\"og:image:type\" content=\"image\/jpeg\" \/>\n<meta name=\"author\" content=\"Bea Schmiedl\" \/>\n<meta name=\"twitter:card\" content=\"summary_large_image\" \/>\n<meta name=\"twitter:image\" content=\"https:\/\/www.poesiegalerie.at\/wordpress\/wp-content\/uploads\/2020\/07\/Ganglbauer-Petra-Portr\u00e4t-c-Autorin.jpg\" \/>\n<meta name=\"twitter:creator\" content=\"@poesiegalerie\" \/>\n<meta name=\"twitter:site\" content=\"@poesiegalerie\" \/>\n<meta name=\"twitter:label1\" content=\"Verfasst von\" \/>\n\t<meta name=\"twitter:data1\" content=\"Bea Schmiedl\" \/>\n\t<meta name=\"twitter:label2\" content=\"Gesch\u00e4tzte Lesezeit\" \/>\n\t<meta name=\"twitter:data2\" content=\"1 Minute\" \/>\n<script type=\"application\/ld+json\" class=\"yoast-schema-graph\">{\"@context\":\"https:\/\/schema.org\",\"@graph\":[{\"@type\":\"Article\",\"@id\":\"https:\/\/www.poesiegalerie.at\/wordpress\/2021\/08\/29\/freilaufendes-geld-im-kopf\/#article\",\"isPartOf\":{\"@id\":\"https:\/\/www.poesiegalerie.at\/wordpress\/2021\/08\/29\/freilaufendes-geld-im-kopf\/\"},\"author\":{\"name\":\"Bea Schmiedl\",\"@id\":\"https:\/\/www.poesiegalerie.at\/wordpress\/#\/schema\/person\/6ef77016eb76dba27a6d0fbb161a1734\"},\"headline\":\"Freilaufendes Geld (im Kopf!)\",\"datePublished\":\"2021-08-28T22:25:51+00:00\",\"dateModified\":\"2021-08-28T18:37:20+00:00\",\"mainEntityOfPage\":{\"@id\":\"https:\/\/www.poesiegalerie.at\/wordpress\/2021\/08\/29\/freilaufendes-geld-im-kopf\/\"},\"wordCount\":26,\"publisher\":{\"@id\":\"https:\/\/www.poesiegalerie.at\/wordpress\/#organization\"},\"keywords\":[\"Petra Ganglbauer\"],\"articleSection\":[\"AUSGESTELLT\",\"Gedicht von heute\"],\"inLanguage\":\"de-DE\"},{\"@type\":\"WebPage\",\"@id\":\"https:\/\/www.poesiegalerie.at\/wordpress\/2021\/08\/29\/freilaufendes-geld-im-kopf\/\",\"url\":\"https:\/\/www.poesiegalerie.at\/wordpress\/2021\/08\/29\/freilaufendes-geld-im-kopf\/\",\"name\":\"Freilaufendes Geld (im Kopf!) - Poesiegalerie\",\"isPartOf\":{\"@id\":\"https:\/\/www.poesiegalerie.at\/wordpress\/#website\"},\"datePublished\":\"2021-08-28T22:25:51+00:00\",\"dateModified\":\"2021-08-28T18:37:20+00:00\",\"breadcrumb\":{\"@id\":\"https:\/\/www.poesiegalerie.at\/wordpress\/2021\/08\/29\/freilaufendes-geld-im-kopf\/#breadcrumb\"},\"inLanguage\":\"de-DE\",\"potentialAction\":[{\"@type\":\"ReadAction\",\"target\":[\"https:\/\/www.poesiegalerie.at\/wordpress\/2021\/08\/29\/freilaufendes-geld-im-kopf\/\"]}]},{\"@type\":\"BreadcrumbList\",\"@id\":\"https:\/\/www.poesiegalerie.at\/wordpress\/2021\/08\/29\/freilaufendes-geld-im-kopf\/#breadcrumb\",\"itemListElement\":[{\"@type\":\"ListItem\",\"position\":1,\"name\":\"Startseite\",\"item\":\"https:\/\/www.poesiegalerie.at\/wordpress\/\"},{\"@type\":\"ListItem\",\"position\":2,\"name\":\"Freilaufendes Geld (im Kopf!)\"}]},{\"@type\":\"WebSite\",\"@id\":\"https:\/\/www.poesiegalerie.at\/wordpress\/#website\",\"url\":\"https:\/\/www.poesiegalerie.at\/wordpress\/\",\"name\":\"Poesiegalerie\",\"description\":\"\",\"publisher\":{\"@id\":\"https:\/\/www.poesiegalerie.at\/wordpress\/#organization\"},\"potentialAction\":[{\"@type\":\"SearchAction\",\"target\":{\"@type\":\"EntryPoint\",\"urlTemplate\":\"https:\/\/www.poesiegalerie.at\/wordpress\/?s={search_term_string}\"},\"query-input\":\"required name=search_term_string\"}],\"inLanguage\":\"de-DE\"},{\"@type\":\"Organization\",\"@id\":\"https:\/\/www.poesiegalerie.at\/wordpress\/#organization\",\"name\":\"Poesiegalerie\",\"url\":\"https:\/\/www.poesiegalerie.at\/wordpress\/\",\"logo\":{\"@type\":\"ImageObject\",\"inLanguage\":\"de-DE\",\"@id\":\"https:\/\/www.poesiegalerie.at\/wordpress\/#\/schema\/logo\/image\/\",\"url\":\"https:\/\/www.poesiegalerie.at\/wordpress\/wp-content\/uploads\/2021\/01\/Logoquadrat-PG-1.png\",\"contentUrl\":\"https:\/\/www.poesiegalerie.at\/wordpress\/wp-content\/uploads\/2021\/01\/Logoquadrat-PG-1.png\",\"width\":512,\"height\":512,\"caption\":\"Poesiegalerie\"},\"image\":{\"@id\":\"https:\/\/www.poesiegalerie.at\/wordpress\/#\/schema\/logo\/image\/\"},\"sameAs\":[\"https:\/\/facebook.com\/poesiegalerie\",\"https:\/\/twitter.com\/poesiegalerie\",\"https:\/\/instagram.com\/poesiegalerie\",\"https:\/\/youtube.com\/channel\/UChHTsNTzMPzZpU8TfKP3dNQ\"]},{\"@type\":\"Person\",\"@id\":\"https:\/\/www.poesiegalerie.at\/wordpress\/#\/schema\/person\/6ef77016eb76dba27a6d0fbb161a1734\",\"name\":\"Bea Schmiedl\",\"image\":{\"@type\":\"ImageObject\",\"inLanguage\":\"de-DE\",\"@id\":\"https:\/\/www.poesiegalerie.at\/wordpress\/#\/schema\/person\/image\/\",\"url\":\"https:\/\/secure.gravatar.com\/avatar\/b34bd7b3e615fddcf8826bf5ce31c682?s=96&d=mm&r=g\",\"contentUrl\":\"https:\/\/secure.gravatar.com\/avatar\/b34bd7b3e615fddcf8826bf5ce31c682?s=96&d=mm&r=g\",\"caption\":\"Bea Schmiedl\"},\"url\":\"https:\/\/www.poesiegalerie.at\/wordpress\/author\/bea-schmiedl\/\"}]}<\/script>\n<!-- \/ Yoast SEO plugin. -->","yoast_head_json":{"title":"Freilaufendes Geld (im Kopf!) - Poesiegalerie","robots":{"index":"index","follow":"follow","max-snippet":"max-snippet:-1","max-image-preview":"max-image-preview:large","max-video-preview":"max-video-preview:-1"},"canonical":"https:\/\/www.poesiegalerie.at\/wordpress\/2021\/08\/29\/freilaufendes-geld-im-kopf\/","og_locale":"de_DE","og_type":"article","og_title":"Freilaufendes Geld (im Kopf!) - Poesiegalerie","og_description":"Gedicht von heute: Petra Ganglbauer \"Freilaufendes Geld (im Kopf!)\"","og_url":"https:\/\/www.poesiegalerie.at\/wordpress\/2021\/08\/29\/freilaufendes-geld-im-kopf\/","og_site_name":"Poesiegalerie","article_publisher":"https:\/\/facebook.com\/poesiegalerie","article_published_time":"2021-08-28T22:25:51+00:00","article_modified_time":"2021-08-28T18:37:20+00:00","og_image":[{"width":1222,"height":1757,"url":"https:\/\/www.poesiegalerie.at\/wordpress\/wp-content\/uploads\/2020\/07\/Ganglbauer-Petra-Portr\u00e4t-c-Autorin.jpg","type":"image\/jpeg"}],"author":"Bea Schmiedl","twitter_card":"summary_large_image","twitter_image":"https:\/\/www.poesiegalerie.at\/wordpress\/wp-content\/uploads\/2020\/07\/Ganglbauer-Petra-Portr\u00e4t-c-Autorin.jpg","twitter_creator":"@poesiegalerie","twitter_site":"@poesiegalerie","twitter_misc":{"Verfasst von":"Bea Schmiedl","Gesch\u00e4tzte Lesezeit":"1 Minute"},"schema":{"@context":"https:\/\/schema.org","@graph":[{"@type":"Article","@id":"https:\/\/www.poesiegalerie.at\/wordpress\/2021\/08\/29\/freilaufendes-geld-im-kopf\/#article","isPartOf":{"@id":"https:\/\/www.poesiegalerie.at\/wordpress\/2021\/08\/29\/freilaufendes-geld-im-kopf\/"},"author":{"name":"Bea Schmiedl","@id":"https:\/\/www.poesiegalerie.at\/wordpress\/#\/schema\/person\/6ef77016eb76dba27a6d0fbb161a1734"},"headline":"Freilaufendes Geld (im Kopf!)","datePublished":"2021-08-28T22:25:51+00:00","dateModified":"2021-08-28T18:37:20+00:00","mainEntityOfPage":{"@id":"https:\/\/www.poesiegalerie.at\/wordpress\/2021\/08\/29\/freilaufendes-geld-im-kopf\/"},"wordCount":26,"publisher":{"@id":"https:\/\/www.poesiegalerie.at\/wordpress\/#organization"},"keywords":["Petra Ganglbauer"],"articleSection":["AUSGESTELLT","Gedicht von heute"],"inLanguage":"de-DE"},{"@type":"WebPage","@id":"https:\/\/www.poesiegalerie.at\/wordpress\/2021\/08\/29\/freilaufendes-geld-im-kopf\/","url":"https:\/\/www.poesiegalerie.at\/wordpress\/2021\/08\/29\/freilaufendes-geld-im-kopf\/","name":"Freilaufendes Geld (im Kopf!) - Poesiegalerie","isPartOf":{"@id":"https:\/\/www.poesiegalerie.at\/wordpress\/#website"},"datePublished":"2021-08-28T22:25:51+00:00","dateModified":"2021-08-28T18:37:20+00:00","breadcrumb":{"@id":"https:\/\/www.poesiegalerie.at\/wordpress\/2021\/08\/29\/freilaufendes-geld-im-kopf\/#breadcrumb"},"inLanguage":"de-DE","potentialAction":[{"@type":"ReadAction","target":["https:\/\/www.poesiegalerie.at\/wordpress\/2021\/08\/29\/freilaufendes-geld-im-kopf\/"]}]},{"@type":"BreadcrumbList","@id":"https:\/\/www.poesiegalerie.at\/wordpress\/2021\/08\/29\/freilaufendes-geld-im-kopf\/#breadcrumb","itemListElement":[{"@type":"ListItem","position":1,"name":"Startseite","item":"https:\/\/www.poesiegalerie.at\/wordpress\/"},{"@type":"ListItem","position":2,"name":"Freilaufendes Geld (im Kopf!)"}]},{"@type":"WebSite","@id":"https:\/\/www.poesiegalerie.at\/wordpress\/#website","url":"https:\/\/www.poesiegalerie.at\/wordpress\/","name":"Poesiegalerie","description":"","publisher":{"@id":"https:\/\/www.poesiegalerie.at\/wordpress\/#organization"},"potentialAction":[{"@type":"SearchAction","target":{"@type":"EntryPoint","urlTemplate":"https:\/\/www.poesiegalerie.at\/wordpress\/?s={search_term_string}"},"query-input":"required name=search_term_string"}],"inLanguage":"de-DE"},{"@type":"Organization","@id":"https:\/\/www.poesiegalerie.at\/wordpress\/#organization","name":"Poesiegalerie","url":"https:\/\/www.poesiegalerie.at\/wordpress\/","logo":{"@type":"ImageObject","inLanguage":"de-DE","@id":"https:\/\/www.poesiegalerie.at\/wordpress\/#\/schema\/logo\/image\/","url":"https:\/\/www.poesiegalerie.at\/wordpress\/wp-content\/uploads\/2021\/01\/Logoquadrat-PG-1.png","contentUrl":"https:\/\/www.poesiegalerie.at\/wordpress\/wp-content\/uploads\/2021\/01\/Logoquadrat-PG-1.png","width":512,"height":512,"caption":"Poesiegalerie"},"image":{"@id":"https:\/\/www.poesiegalerie.at\/wordpress\/#\/schema\/logo\/image\/"},"sameAs":["https:\/\/facebook.com\/poesiegalerie","https:\/\/twitter.com\/poesiegalerie","https:\/\/instagram.com\/poesiegalerie","https:\/\/youtube.com\/channel\/UChHTsNTzMPzZpU8TfKP3dNQ"]},{"@type":"Person","@id":"https:\/\/www.poesiegalerie.at\/wordpress\/#\/schema\/person\/6ef77016eb76dba27a6d0fbb161a1734","name":"Bea Schmiedl","image":{"@type":"ImageObject","inLanguage":"de-DE","@id":"https:\/\/www.poesiegalerie.at\/wordpress\/#\/schema\/person\/image\/","url":"https:\/\/secure.gravatar.com\/avatar\/b34bd7b3e615fddcf8826bf5ce31c682?s=96&d=mm&r=g","contentUrl":"https:\/\/secure.gravatar.com\/avatar\/b34bd7b3e615fddcf8826bf5ce31c682?s=96&d=mm&r=g","caption":"Bea Schmiedl"},"url":"https:\/\/www.poesiegalerie.at\/wordpress\/author\/bea-schmiedl\/"}]}},"_links":{"self":[{"href":"https:\/\/www.poesiegalerie.at\/wordpress\/wp-json\/wp\/v2\/posts\/7579"}],"collection":[{"href":"https:\/\/www.poesiegalerie.at\/wordpress\/wp-json\/wp\/v2\/posts"}],"about":[{"href":"https:\/\/www.poesiegalerie.at\/wordpress\/wp-json\/wp\/v2\/types\/post"}],"author":[{"embeddable":true,"href":"https:\/\/www.poesiegalerie.at\/wordpress\/wp-json\/wp\/v2\/users\/8"}],"replies":[{"embeddable":true,"href":"https:\/\/www.poesiegalerie.at\/wordpress\/wp-json\/wp\/v2\/comments?post=7579"}],"version-history":[{"count":3,"href":"https:\/\/www.poesiegalerie.at\/wordpress\/wp-json\/wp\/v2\/posts\/7579\/revisions"}],"predecessor-version":[{"id":7582,"href":"https:\/\/www.poesiegalerie.at\/wordpress\/wp-json\/wp\/v2\/posts\/7579\/revisions\/7582"}],"wp:featuredmedia":[{"embeddable":true,"href":"https:\/\/www.poesiegalerie.at\/wordpress\/wp-json\/wp\/v2\/media\/2164"}],"wp:attachment":[{"href":"https:\/\/www.poesiegalerie.at\/wordpress\/wp-json\/wp\/v2\/media?parent=7579"}],"wp:term":[{"taxonomy":"category","embeddable":true,"href":"https:\/\/www.poesiegalerie.at\/wordpress\/wp-json\/wp\/v2\/categories?post=7579"},{"taxonomy":"post_tag","embeddable":true,"href":"https:\/\/www.poesiegalerie.at\/wordpress\/wp-json\/wp\/v2\/tags?post=7579"},{"taxonomy":"thb-sponsors","embeddable":true,"href":"https:\/\/www.poesiegalerie.at\/wordpress\/wp-json\/wp\/v2\/thb-sponsors?post=7579"}],"curies":[{"name":"wp","href":"https:\/\/api.w.org\/{rel}","templated":true}]}}