{"id":8113,"date":"2021-10-08T13:30:00","date_gmt":"2021-10-08T11:30:00","guid":{"rendered":"https:\/\/www.poesiegalerie.at\/wordpress\/?p=8113"},"modified":"2021-10-12T18:42:48","modified_gmt":"2021-10-12T16:42:48","slug":"der-poesiegalerie-erster-tag","status":"publish","type":"post","link":"https:\/\/www.poesiegalerie.at\/wordpress\/2021\/10\/08\/der-poesiegalerie-erster-tag\/","title":{"rendered":"Der vierten Poesiegalerie erster Tag"},"content":{"rendered":"\n<h3 class=\"has-text-color wp-block-heading\" style=\"color:#888888\"><em>\u00d6sterreich ist auch ein Kaspresskn\u00f6dl<\/em><\/h3>\n\n\n\n<h4 class=\"custom-small-subtitle wp-block-heading\">Von <a href=\"https:\/\/www.poesiegalerie.at\/wordpress\/autor%e2%80%91innen\/schmitzer-stefan-2\/\">Stefan Schmitzer<\/a> <\/h4>\n\n\n\n<hr class=\"wp-block-separator\"\/>\n\n\n\n<div class=\"wp-block-media-text alignwide has-media-on-the-right is-stacked-on-mobile\" style=\"grid-template-columns:auto 48%\"><figure class=\"wp-block-media-text__media\"><img decoding=\"async\" loading=\"lazy\" width=\"1024\" height=\"768\" src=\"data:image\/gif;base64,R0lGODlhAQABAAAAACH5BAEKAAEALAAAAAABAAEAAAICTAEAOw==\" data-src=\"https:\/\/www.poesiegalerie.at\/wordpress\/wp-content\/uploads\/2021\/10\/P1470879-1024x768.jpg\" alt=\"\" class=\"wp-image-8114 size-full lazyload\" data-sizes=\"auto\" data-srcset=\"https:\/\/www.poesiegalerie.at\/wordpress\/wp-content\/uploads\/2021\/10\/P1470879-1024x768.jpg 1024w, https:\/\/www.poesiegalerie.at\/wordpress\/wp-content\/uploads\/2021\/10\/P1470879-300x225.jpg 300w, https:\/\/www.poesiegalerie.at\/wordpress\/wp-content\/uploads\/2021\/10\/P1470879-150x113.jpg 150w, https:\/\/www.poesiegalerie.at\/wordpress\/wp-content\/uploads\/2021\/10\/P1470879-768x576.jpg 768w, https:\/\/www.poesiegalerie.at\/wordpress\/wp-content\/uploads\/2021\/10\/P1470879-370x278.jpg 370w, https:\/\/www.poesiegalerie.at\/wordpress\/wp-content\/uploads\/2021\/10\/P1470879-800x600.jpg 800w, https:\/\/www.poesiegalerie.at\/wordpress\/wp-content\/uploads\/2021\/10\/P1470879-20x15.jpg 20w, https:\/\/www.poesiegalerie.at\/wordpress\/wp-content\/uploads\/2021\/10\/P1470879-185x139.jpg 185w, https:\/\/www.poesiegalerie.at\/wordpress\/wp-content\/uploads\/2021\/10\/P1470879-740x555.jpg 740w, https:\/\/www.poesiegalerie.at\/wordpress\/wp-content\/uploads\/2021\/10\/P1470879-400x300.jpg 400w, https:\/\/www.poesiegalerie.at\/wordpress\/wp-content\/uploads\/2021\/10\/P1470879-64x48.jpg 64w\" sizes=\"(max-width: 1024px) 100vw, 1024px\" \/><\/figure><div class=\"wp-block-media-text__content\">\n<p class=\"has-drop-cap\">Achtzehn Uhr. Der Raum ist noch leer. Statt der St\u00fchle blo\u00df die Bodenmarkierungen.<\/p>\n\n\n\n<p><em>Jetzt gibt es eine Vernissage. Bitte die Masken tragen. Es wird eine Performance geben.<\/em><\/p>\n\n\n\n<p>Die Performance wird wohl die angek\u00fcndigte mit dem Titel <em>f\u00fcnf minuten in die zukunft<\/em> von <a href=\"https:\/\/www.poesiegalerie.at\/wordpress\/autor%e2%80%91innen\/piringer-joerg\/\">J\u00f6rg Piringer<\/a> sein und ein bissl versp\u00e4tet anfangen. Inzwischen unterhalten sich drei Kolleg*innen (Vallaster, Jotakin und Krcmarova) \u00fcber die M\u00f6glichkeiten der Instagrampoesie angesichts der Ausstellung \u2013 oder ist das am End&#8216; schon der Beginn der Performance im Geiste von Augusto Boals unsichtbarem Theater? <a href=\"https:\/\/www.poesiegalerie.at\/wordpress\/autor%e2%80%91innen\/krcmarova-rhea\/\">Rhea Krcmarova<\/a> erz\u00e4hlt Interessierten \u00fcber ihren Beitrag zur &#8222;transmedialen poesiegalerie. digital und analog&#8220;, kuratiert von <a href=\"https:\/\/www.poesiegalerie.at\/wordpress\/autor%e2%80%91innen\/vallaster-guenter\/\">G\u00fcnter Vallaster<\/a> \u2026<\/p>\n\n\n\n<p>\u2026 der 18:25 Uhr, nach der Er\u00f6ffnung durch <a href=\"https:\/\/www.poesiegalerie.at\/wordpress\/autor%e2%80%91innen\/kawasser-udo\/\">Udo Kawasser<\/a>, das inzwischen reichlicher anwesende Publikum durch die Exponate f\u00fchrt.<\/p>\n\n\n\n<p><em>Ich hatte schon ein Motto, aber das habe ich den Beitr\u00e4gern erst nachher gesagt.<\/em><\/p>\n<\/div><\/div>\n\n\n\n<div class=\"wp-block-group alignwide mb-30 is-layout-flow wp-block-group-is-layout-flow\"><div class=\"wp-block-group__inner-container\">\n<p class=\"has-text-align-right\">J\u00f6rg Piringer bei seiner Er\u00f6ffnungperformance \u00a9 Copyright Poesiegalerie<\/p>\n<\/div><\/div>\n\n\n\n<p>Es habe sich, trotzdem das Thema nicht sofort draufhin zwingt, die Typographie als gemeinsamer Gegenstand ergeben. Zu den Exponaten: <a href=\"https:\/\/www.poesiegalerie.at\/wordpress\/autor%e2%80%91innen\/krcmarova-rhea\/\">Rhea Krcmarovas<\/a> erw\u00e4hnte Stickarbeit &#8222;Menuett (f\u00fcr U.)&#8220;, zeigt N\u00e4hen-als-Schreiben. Ein Verspiktogramm von <a href=\"https:\/\/www.poesiegalerie.at\/wordpress\/autor%e2%80%91innen\/fekete-jozsef-jofo\/\">Jofo<\/a> und <a href=\"https:\/\/www.poesiegalerie.at\/wordpress\/autor%e2%80%91innen\/nagy-zsuka\/\">Zsuka Nagy<\/a> bildet gewisserma\u00dfen \u00fcbersetzte Graffititypografie ab. <a href=\"https:\/\/www.poesiegalerie.at\/wordpress\/autor%e2%80%91innen\/kitta-richard\/\">Richard Kitta<\/a> aus Kosice, &#8222;back to panic&#8220;, eine Arbeit mit Architekturbezug. <a href=\"https:\/\/www.poesiegalerie.at\/wordpress\/autor%e2%80%91innen\/fiedler-heike\/\">Heike Fiedler<\/a>, &#8222;n_chts&#8220;, ein Bildgedicht. In die dritte Dimension bewegen sich die Lettern, die <a href=\"https:\/\/www.poesiegalerie.at\/wordpress\/autor%e2%80%91innen\/piringer-joerg\/\">J\u00f6rg Piringer<\/a> direkt an der Wand angebracht hat. Die Arbeit von<a href=\"https:\/\/www.poesiegalerie.at\/wordpress\/autor%e2%80%91innen\/husarova-zuzana\/\"> Zuzana Hus\u00e1rov\u00e1<\/a> und <a href=\"https:\/\/www.poesiegalerie.at\/wordpress\/autor%e2%80%91innen\/corejova-maria\/\">M\u00e1ria \u010corejov\u00e1<\/a> hei\u00dft &#8222;dick picks&#8220;, provokante Posterpoesie. Von <a href=\"https:\/\/www.poesiegalerie.at\/wordpress\/autor%e2%80%91innen\/knotek-anatol\/\">Anatol Knotek<\/a> stammt eine typografische Transformation vom Wort &#8222;beautiful&#8220; zu &#8222;awful&#8220;, und von <a href=\"https:\/\/www.poesiegalerie.at\/wordpress\/autor%e2%80%91innen\/helmhart-wolfgang\/\">Wolfgang Helmhart<\/a> schlie\u00dflich, mit &#8222;\u00dcber dem See weht der Wind&#8220;, eine Auseinandersetzung mit automatischer \u00dcbersetzung \u2026 Einen Spieltisch \u2013 ein Spiel, auf einem Stehtisch vorbereitet \u2013 von <a href=\"https:\/\/www.poesiegalerie.at\/wordpress\/autor%e2%80%91innen\/united-queendoms\/\">&#8222;united queendoms&#8220;<\/a> gibt es auch; der wird in den n\u00e4chsten Tagen, sp\u00e4testens am Samstagabend, live zu bespielen sein. (Red.: Leider wird die Performance wegen pl\u00f6tzlicher Erkrankung von K\u00f6nigin Dystopia ausfallen m\u00fcssen.)<\/p>\n\n\n\n<figure class=\"wp-block-gallery columns-3 is-cropped wp-block-gallery-2 is-layout-flex wp-block-gallery-is-layout-flex\"><ul class=\"blocks-gallery-grid\"><li class=\"blocks-gallery-item\"><figure><img decoding=\"async\" loading=\"lazy\" width=\"1024\" height=\"768\" src=\"data:image\/gif;base64,R0lGODlhAQABAAAAACH5BAEKAAEALAAAAAABAAEAAAICTAEAOw==\" data-src=\"https:\/\/www.poesiegalerie.at\/wordpress\/wp-content\/uploads\/2021\/10\/rhea_krcmarova_exponat-1024x768.jpg\" alt=\"\" data-id=\"8121\" data-link=\"https:\/\/www.poesiegalerie.at\/wordpress\/?attachment_id=8121\" class=\"wp-image-8121 lazyload\" data-sizes=\"auto\" data-srcset=\"https:\/\/www.poesiegalerie.at\/wordpress\/wp-content\/uploads\/2021\/10\/rhea_krcmarova_exponat-1024x768.jpg 1024w, https:\/\/www.poesiegalerie.at\/wordpress\/wp-content\/uploads\/2021\/10\/rhea_krcmarova_exponat-300x225.jpg 300w, https:\/\/www.poesiegalerie.at\/wordpress\/wp-content\/uploads\/2021\/10\/rhea_krcmarova_exponat-150x113.jpg 150w, https:\/\/www.poesiegalerie.at\/wordpress\/wp-content\/uploads\/2021\/10\/rhea_krcmarova_exponat-768x576.jpg 768w, https:\/\/www.poesiegalerie.at\/wordpress\/wp-content\/uploads\/2021\/10\/rhea_krcmarova_exponat-370x278.jpg 370w, https:\/\/www.poesiegalerie.at\/wordpress\/wp-content\/uploads\/2021\/10\/rhea_krcmarova_exponat-800x600.jpg 800w, https:\/\/www.poesiegalerie.at\/wordpress\/wp-content\/uploads\/2021\/10\/rhea_krcmarova_exponat-20x15.jpg 20w, https:\/\/www.poesiegalerie.at\/wordpress\/wp-content\/uploads\/2021\/10\/rhea_krcmarova_exponat-185x139.jpg 185w, https:\/\/www.poesiegalerie.at\/wordpress\/wp-content\/uploads\/2021\/10\/rhea_krcmarova_exponat-740x555.jpg 740w, https:\/\/www.poesiegalerie.at\/wordpress\/wp-content\/uploads\/2021\/10\/rhea_krcmarova_exponat-400x300.jpg 400w, https:\/\/www.poesiegalerie.at\/wordpress\/wp-content\/uploads\/2021\/10\/rhea_krcmarova_exponat-64x48.jpg 64w\" sizes=\"(max-width: 1024px) 100vw, 1024px\" \/><figcaption class=\"blocks-gallery-item__caption\">Rhea Krcmarova<\/figcaption><\/figure><\/li><li class=\"blocks-gallery-item\"><figure><img decoding=\"async\" loading=\"lazy\" width=\"1024\" height=\"768\" src=\"data:image\/gif;base64,R0lGODlhAQABAAAAACH5BAEKAAEALAAAAAABAAEAAAICTAEAOw==\" data-src=\"https:\/\/www.poesiegalerie.at\/wordpress\/wp-content\/uploads\/2021\/10\/P1260770a-1024x768.jpg\" alt=\"\" data-id=\"8122\" data-link=\"https:\/\/www.poesiegalerie.at\/wordpress\/?attachment_id=8122\" class=\"wp-image-8122 lazyload\" data-sizes=\"auto\" data-srcset=\"https:\/\/www.poesiegalerie.at\/wordpress\/wp-content\/uploads\/2021\/10\/P1260770a-1024x768.jpg 1024w, https:\/\/www.poesiegalerie.at\/wordpress\/wp-content\/uploads\/2021\/10\/P1260770a-300x225.jpg 300w, https:\/\/www.poesiegalerie.at\/wordpress\/wp-content\/uploads\/2021\/10\/P1260770a-150x113.jpg 150w, https:\/\/www.poesiegalerie.at\/wordpress\/wp-content\/uploads\/2021\/10\/P1260770a-768x576.jpg 768w, https:\/\/www.poesiegalerie.at\/wordpress\/wp-content\/uploads\/2021\/10\/P1260770a-370x278.jpg 370w, https:\/\/www.poesiegalerie.at\/wordpress\/wp-content\/uploads\/2021\/10\/P1260770a-800x600.jpg 800w, https:\/\/www.poesiegalerie.at\/wordpress\/wp-content\/uploads\/2021\/10\/P1260770a-20x15.jpg 20w, https:\/\/www.poesiegalerie.at\/wordpress\/wp-content\/uploads\/2021\/10\/P1260770a-185x139.jpg 185w, https:\/\/www.poesiegalerie.at\/wordpress\/wp-content\/uploads\/2021\/10\/P1260770a-740x555.jpg 740w, https:\/\/www.poesiegalerie.at\/wordpress\/wp-content\/uploads\/2021\/10\/P1260770a-400x300.jpg 400w, https:\/\/www.poesiegalerie.at\/wordpress\/wp-content\/uploads\/2021\/10\/P1260770a-64x48.jpg 64w\" sizes=\"(max-width: 1024px) 100vw, 1024px\" \/><figcaption class=\"blocks-gallery-item__caption\">J\u00f6rg Piringer<\/figcaption><\/figure><\/li><li class=\"blocks-gallery-item\"><figure><img decoding=\"async\" loading=\"lazy\" width=\"1024\" height=\"768\" src=\"data:image\/gif;base64,R0lGODlhAQABAAAAACH5BAEKAAEALAAAAAABAAEAAAICTAEAOw==\" data-src=\"https:\/\/www.poesiegalerie.at\/wordpress\/wp-content\/uploads\/2021\/10\/IMG_20211007_124503-1-1024x768.jpg\" alt=\"\" data-id=\"8123\" data-full-url=\"https:\/\/www.poesiegalerie.at\/wordpress\/wp-content\/uploads\/2021\/10\/IMG_20211007_124503-1-scaled.jpg\" data-link=\"https:\/\/www.poesiegalerie.at\/wordpress\/?attachment_id=8123\" class=\"wp-image-8123 lazyload\" data-sizes=\"auto\" data-srcset=\"https:\/\/www.poesiegalerie.at\/wordpress\/wp-content\/uploads\/2021\/10\/IMG_20211007_124503-1-1024x768.jpg 1024w, https:\/\/www.poesiegalerie.at\/wordpress\/wp-content\/uploads\/2021\/10\/IMG_20211007_124503-1-300x225.jpg 300w, https:\/\/www.poesiegalerie.at\/wordpress\/wp-content\/uploads\/2021\/10\/IMG_20211007_124503-1-150x113.jpg 150w, https:\/\/www.poesiegalerie.at\/wordpress\/wp-content\/uploads\/2021\/10\/IMG_20211007_124503-1-768x576.jpg 768w, https:\/\/www.poesiegalerie.at\/wordpress\/wp-content\/uploads\/2021\/10\/IMG_20211007_124503-1-370x278.jpg 370w, https:\/\/www.poesiegalerie.at\/wordpress\/wp-content\/uploads\/2021\/10\/IMG_20211007_124503-1-800x600.jpg 800w, https:\/\/www.poesiegalerie.at\/wordpress\/wp-content\/uploads\/2021\/10\/IMG_20211007_124503-1-20x15.jpg 20w, https:\/\/www.poesiegalerie.at\/wordpress\/wp-content\/uploads\/2021\/10\/IMG_20211007_124503-1-185x139.jpg 185w, https:\/\/www.poesiegalerie.at\/wordpress\/wp-content\/uploads\/2021\/10\/IMG_20211007_124503-1-740x555.jpg 740w, https:\/\/www.poesiegalerie.at\/wordpress\/wp-content\/uploads\/2021\/10\/IMG_20211007_124503-1-400x300.jpg 400w, https:\/\/www.poesiegalerie.at\/wordpress\/wp-content\/uploads\/2021\/10\/IMG_20211007_124503-1-64x48.jpg 64w\" sizes=\"(max-width: 1024px) 100vw, 1024px\" \/><figcaption class=\"blocks-gallery-item__caption\">united queendoms<\/figcaption><\/figure><\/li><\/ul><figcaption class=\"blocks-gallery-caption\">\u00a9 G\u00fcnter Vallaster<\/figcaption><\/figure>\n\n\n\n<p>Und damit, 18:40 Uhr, \u00dcberleitung zum Rausstellen der Sessel, nebst lebhaftem Zwischenapplaus bei Vallasters Erw\u00e4hnung des <a href=\"https:\/\/www.poesiegalerie.at\/wordpress\/2021\/09\/30\/sacher-masoch-preis-2021-geht-an-poesiegalerie\/\">Sacher-Masoch-Preises<\/a> f\u00fcrs Projekt \u2013 und dann f\u00e4ngt auch schon <a href=\"https:\/\/www.poesiegalerie.at\/wordpress\/2021\/10\/09\/joerg-piringer-3\/\" target=\"_blank\" rel=\"noreferrer noopener\">J\u00f6rg Piringer<\/a> mit seiner Performance an: Verzerrte Stimmen. Vorahnungen von Audio-Loops. Wie es im Inneren eines automatischen Sprechaktger\u00e4ts sich anf\u00fchlen muss \u2026 <\/p>\n\n\n\n<pre class=\"wp-block-verse\">Hello World. Klammer Auf. Strichpunkt. Fang endlich an \u2026 (\u2026) Hallo Welt. Hallo hallo Welt. Wer f\u00e4llt auf. Wer f\u00e4llt auf die Schnauze auf? \u2026 Kommt mir das nur so vor, oder n\u00e4hert sich Piringers Arbeit \u00fcber die Jahre unvermuteterweise, still by way of Aleatorik, doch traditionellen Konzepten von Bedeutung und Textaussage an? In der anschlie\u00dfenden Pause f\u00e4llt auf, der Raum ist nun vollbesetzt, und die Corona-Ma\u00dfnahmen sind zu beachten.<\/pre>\n\n\n\n<p><strong>19:13 Uhr<\/strong>, und anscheinend noch immer kein R\u00fccktritt in der Bundespolitik (weil ja alles beim Stehen am Buffet aufs Handy schielt). Es geht jedenfalls mit <a href=\"https:\/\/www.poesiegalerie.at\/wordpress\/autor%e2%80%91innen\/travnicek-cornelia\/\" target=\"_blank\" rel=\"noreferrer noopener\">Cornelia Travnicek<\/a> und <a href=\"https:\/\/www.poesiegalerie.at\/wordpress\/autor%e2%80%91innen\/ruiss-gerhard\/\">Gerhard Ruiss <\/a>weiter, einmoderiert von <a href=\"https:\/\/www.poesiegalerie.at\/wordpress\/autor%e2%80%91innen\/vasik-monika-2\/\">Monika Vasik<\/a>.Travnicek er\u00f6ffnet den Reigen der &#8222;eigentlichen&#8220; Lesungen als \u00dcbersetzerin des Lyrikbandes &#8222;7 Arien f\u00fcr die K\u00fcche&#8220; des chinesischen Autors Wa Lan \u2026 Der sich seinerseits mit deutschsprachiger Lyrik besch\u00e4ftigt \u2013 das erste vorgelesene Gedicht bezieht sich auf Celan, Wissen um den Hallraum Totnauberg schwingt mit. Auch danach ist diese Dichtung der deutschsprachigen hermetischen Poesie nahe, aber zugleich moderner (direkter &#8222;politisch&#8220;) und scheinexotisch, weil als Bewegung auf einem uns nicht notwendig vetrauten kulturellen Ged\u00e4chtnishorizont zu denken. Man w\u00fcsste gern, wie viele Verwandlungen das Sprachspiel durchgemacht hat, das bei Travnicek als<\/p>\n\n\n\n<p><em>die Anbiedermaier<\/em><\/p>\n\n\n\n<p>erscheint.<\/p>\n\n\n\n<figure class=\"wp-block-gallery columns-2 is-cropped wp-block-gallery-4 is-layout-flex wp-block-gallery-is-layout-flex\"><ul class=\"blocks-gallery-grid\"><li class=\"blocks-gallery-item\"><figure><img decoding=\"async\" loading=\"lazy\" width=\"1024\" height=\"785\" src=\"data:image\/gif;base64,R0lGODlhAQABAAAAACH5BAEKAAEALAAAAAABAAEAAAICTAEAOw==\" data-src=\"https:\/\/www.poesiegalerie.at\/wordpress\/wp-content\/uploads\/2021\/10\/DSC_0586-1024x785.jpg\" alt=\"\" data-id=\"8379\" data-full-url=\"https:\/\/www.poesiegalerie.at\/wordpress\/wp-content\/uploads\/2021\/10\/DSC_0586.jpg\" data-link=\"https:\/\/www.poesiegalerie.at\/wordpress\/2021\/10\/08\/der-poesiegalerie-erster-tag\/dsc_0586\/\" class=\"wp-image-8379 lazyload\" data-sizes=\"auto\" data-srcset=\"https:\/\/www.poesiegalerie.at\/wordpress\/wp-content\/uploads\/2021\/10\/DSC_0586-1024x785.jpg 1024w, https:\/\/www.poesiegalerie.at\/wordpress\/wp-content\/uploads\/2021\/10\/DSC_0586-300x230.jpg 300w, https:\/\/www.poesiegalerie.at\/wordpress\/wp-content\/uploads\/2021\/10\/DSC_0586-150x115.jpg 150w, https:\/\/www.poesiegalerie.at\/wordpress\/wp-content\/uploads\/2021\/10\/DSC_0586-768x589.jpg 768w, https:\/\/www.poesiegalerie.at\/wordpress\/wp-content\/uploads\/2021\/10\/DSC_0586-370x284.jpg 370w, https:\/\/www.poesiegalerie.at\/wordpress\/wp-content\/uploads\/2021\/10\/DSC_0586-800x614.jpg 800w, https:\/\/www.poesiegalerie.at\/wordpress\/wp-content\/uploads\/2021\/10\/DSC_0586-20x15.jpg 20w, https:\/\/www.poesiegalerie.at\/wordpress\/wp-content\/uploads\/2021\/10\/DSC_0586-185x142.jpg 185w, https:\/\/www.poesiegalerie.at\/wordpress\/wp-content\/uploads\/2021\/10\/DSC_0586-740x568.jpg 740w, https:\/\/www.poesiegalerie.at\/wordpress\/wp-content\/uploads\/2021\/10\/DSC_0586-400x307.jpg 400w, https:\/\/www.poesiegalerie.at\/wordpress\/wp-content\/uploads\/2021\/10\/DSC_0586-63x48.jpg 63w\" sizes=\"(max-width: 1024px) 100vw, 1024px\" \/><figcaption class=\"blocks-gallery-item__caption\">Cornelia Travnicek<\/figcaption><\/figure><\/li><li class=\"blocks-gallery-item\"><figure><img decoding=\"async\" loading=\"lazy\" width=\"1024\" height=\"680\" src=\"data:image\/gif;base64,R0lGODlhAQABAAAAACH5BAEKAAEALAAAAAABAAEAAAICTAEAOw==\" data-src=\"https:\/\/www.poesiegalerie.at\/wordpress\/wp-content\/uploads\/2021\/10\/DSC_0597-1024x680.jpg\" alt=\"\" data-id=\"8380\" data-full-url=\"https:\/\/www.poesiegalerie.at\/wordpress\/wp-content\/uploads\/2021\/10\/DSC_0597-scaled.jpg\" data-link=\"https:\/\/www.poesiegalerie.at\/wordpress\/2021\/10\/08\/der-poesiegalerie-erster-tag\/dsc_0597\/\" class=\"wp-image-8380 lazyload\" data-sizes=\"auto\" data-srcset=\"https:\/\/www.poesiegalerie.at\/wordpress\/wp-content\/uploads\/2021\/10\/DSC_0597-1024x680.jpg 1024w, https:\/\/www.poesiegalerie.at\/wordpress\/wp-content\/uploads\/2021\/10\/DSC_0597-300x199.jpg 300w, https:\/\/www.poesiegalerie.at\/wordpress\/wp-content\/uploads\/2021\/10\/DSC_0597-150x100.jpg 150w, https:\/\/www.poesiegalerie.at\/wordpress\/wp-content\/uploads\/2021\/10\/DSC_0597-768x510.jpg 768w, https:\/\/www.poesiegalerie.at\/wordpress\/wp-content\/uploads\/2021\/10\/DSC_0597-370x246.jpg 370w, https:\/\/www.poesiegalerie.at\/wordpress\/wp-content\/uploads\/2021\/10\/DSC_0597-800x531.jpg 800w, https:\/\/www.poesiegalerie.at\/wordpress\/wp-content\/uploads\/2021\/10\/DSC_0597-20x13.jpg 20w, https:\/\/www.poesiegalerie.at\/wordpress\/wp-content\/uploads\/2021\/10\/DSC_0597-185x123.jpg 185w, https:\/\/www.poesiegalerie.at\/wordpress\/wp-content\/uploads\/2021\/10\/DSC_0597-740x491.jpg 740w, https:\/\/www.poesiegalerie.at\/wordpress\/wp-content\/uploads\/2021\/10\/DSC_0597-400x266.jpg 400w, https:\/\/www.poesiegalerie.at\/wordpress\/wp-content\/uploads\/2021\/10\/DSC_0597-72x48.jpg 72w\" sizes=\"(max-width: 1024px) 100vw, 1024px\" \/><figcaption class=\"blocks-gallery-item__caption\">Gerhard Ruiss<\/figcaption><\/figure><\/li><\/ul><\/figure>\n\n\n\n<p><strong>Um halb acht<\/strong>: (Kurz weiterhin nicht zur\u00fcckgetreten, Demo vor der \u00d6VP-Zentrale), weist <a href=\"https:\/\/www.poesiegalerie.at\/wordpress\/autor%e2%80%91innen\/vasik-monika-2\/\">Monika Vasik<\/a> auf die laufende Ausstellung im Literaturhaus zum allerersten \u00f6sterreichischen Schriftstellerkongress hin, um den alten Haudegen <a href=\"https:\/\/www.poesiegalerie.at\/wordpress\/autor%e2%80%91innen\/ruiss-gerhard\/\">Gerhard Ruiss<\/a> und sein neues Buch \u2013 &#8222;lieber, liebste, liebes, liebstes.&#8220; \u2013 einzuleiten. Ruiss&#8216; Gedichte funktionieren als mehr oder weniger paradoxe Iterationen zu Alltagsformulierungen, N\u00e4he und Distanz betreffend. Hei\u00dft das schon Aphorismus oder doch noch Taglied? \u2026 Und launigerweise schlie\u00dft Ruiss, anl\u00e4sslich der politischen Lage anderswo in Wien, mit einem 22 Jahre alten \u00e0 propos aus seiner Werkstatt:<\/p>\n\n\n\n<pre class=\"wp-block-verse\">Der Kanzler kommt als Erl\u00f6ser.\nDer Installateur kommt als Installateur.\n\nDer Kanzler geht als Kanzler.\nDer Installateur geht als Erl\u00f6ser.\n<\/pre>\n\n\n\n<div class=\"wp-block-media-text alignwide is-stacked-on-mobile\" style=\"grid-template-columns:48% auto\"><figure class=\"wp-block-media-text__media\"><img decoding=\"async\" loading=\"lazy\" width=\"1024\" height=\"705\" src=\"data:image\/gif;base64,R0lGODlhAQABAAAAACH5BAEKAAEALAAAAAABAAEAAAICTAEAOw==\" data-src=\"https:\/\/www.poesiegalerie.at\/wordpress\/wp-content\/uploads\/2021\/10\/P1470882-1024x705.jpg\" alt=\"\" class=\"wp-image-8115 size-full lazyload\" data-sizes=\"auto\" data-srcset=\"https:\/\/www.poesiegalerie.at\/wordpress\/wp-content\/uploads\/2021\/10\/P1470882-1024x705.jpg 1024w, https:\/\/www.poesiegalerie.at\/wordpress\/wp-content\/uploads\/2021\/10\/P1470882-300x207.jpg 300w, https:\/\/www.poesiegalerie.at\/wordpress\/wp-content\/uploads\/2021\/10\/P1470882-150x103.jpg 150w, https:\/\/www.poesiegalerie.at\/wordpress\/wp-content\/uploads\/2021\/10\/P1470882-768x529.jpg 768w, https:\/\/www.poesiegalerie.at\/wordpress\/wp-content\/uploads\/2021\/10\/P1470882-370x255.jpg 370w, https:\/\/www.poesiegalerie.at\/wordpress\/wp-content\/uploads\/2021\/10\/P1470882-800x551.jpg 800w, https:\/\/www.poesiegalerie.at\/wordpress\/wp-content\/uploads\/2021\/10\/P1470882-185x127.jpg 185w, https:\/\/www.poesiegalerie.at\/wordpress\/wp-content\/uploads\/2021\/10\/P1470882-740x510.jpg 740w, https:\/\/www.poesiegalerie.at\/wordpress\/wp-content\/uploads\/2021\/10\/P1470882-20x14.jpg 20w, https:\/\/www.poesiegalerie.at\/wordpress\/wp-content\/uploads\/2021\/10\/P1470882-400x275.jpg 400w, https:\/\/www.poesiegalerie.at\/wordpress\/wp-content\/uploads\/2021\/10\/P1470882-70x48.jpg 70w\" sizes=\"(max-width: 1024px) 100vw, 1024px\" \/><\/figure><div class=\"wp-block-media-text__content\">\n<p><strong>Zwanzig Uhr.<\/strong><\/p>\n\n\n\n<p>Nun Laure Gauthier mit ihrem \u00dcbersetzer, manuskripte-Herausgeber <a href=\"https:\/\/www.poesiegalerie.at\/wordpress\/unterweger-andreas\/\">Andreas Unterweger<\/a> \u2013 wobei nicht Gauthier franz\u00f6sisch, Unterweger deutsch liest, sondern beide mit sozusagen verteilten Stimmen auf Deutsch aus &#8222;kaspar aus stein&#8220;. Handelt es sich bei diesen Texten um hermetische, um Naturlyrik? Es gibt eine Auslassung in der Syntax der vorgelesenen Zeilen, und den Verweis auf eine konstante biographische Wirklichkeit als Ausgangspunkt. Am leichtesten ist das Ganze zu denken als eine Auseinandersetzung mit den franz\u00f6sisch-deutschen Sprachgrenzen, Zivilisations-, Geschichtsgrenzen innerhalb der individuellen Selbstsetzung (oder ist das blo\u00df die Vorliebe des Rezensenten f\u00fcr Kontext?). Eine sch\u00f6ne Metapher kommt vor, ungef\u00e4hr aus dem Ged\u00e4chtnis zitiert: Jemand zeichnet Bilder nach, die ihn\/sie gelehrt werden, und wei\u00df nicht, was er\/sie da in Wahrheit tut \u2013 schreiben. Noch weniger versteht er\/sie den Gehalt des Geschriebenen.<\/p>\n<\/div><\/div>\n\n\n\n<p>Nun tritt <a href=\"https:\/\/www.poesiegalerie.at\/wordpress\/autor%e2%80%91innen\/schoemann-paul\/\">Paul Sch\u00f6mann<\/a> auf, ein&nbsp;&nbsp;junger Autor, der k\u00fcrzlich in den manuskripten deb\u00fctiert hat. Kurze, dezent rhythmische Texte, Schlaglichter auf Alltage; Schag<em>lichter&nbsp;<\/em>im Wortsinn, denn Arten des Lichteinfalls sind h\u00e4ufig Teil der inszenierten Welt \u2013 sie und architektonische Details. Eine vom Textsubjekt abgesehen menschenleere, weite Welt unter einem weiten Himmel, dargestellt in k\u00fcnstlich gemachten Stillleben. Wir d\u00fcrfen gespannt sein, was der junge Dichter mit diesem, seinem distinkt kameraartigen Blick noch alles einfangen wird.<\/p>\n\n\n\n<p><strong>20:40 Uhr<\/strong>: Monika Vasik moderiert nach einer L\u00fcftungspause <a href=\"https:\/\/www.poesiegalerie.at\/wordpress\/autor%e2%80%91innen\/feimer-isabella\/\">Isabella Feimer<\/a> ein, die uns <em>auf einen Roadtrip durch die Amerikas<\/em> einl\u00e4dt. Erneut poetisch-Filmisches, aber diesmal traumartiger zu denken: Feimers<\/p>\n\n\n\n<pre class=\"wp-block-verse\">Engel \/ verwandeln sich in Kolibris<\/pre>\n\n\n\n<p>Das liegt freilich auch einfach dran, dass der in Frage stehende Text Hollywood schildert; der n\u00e4chste dann handelt von Las Vegas, dann einer \u00fcber diesen oder jenen Highway, \u00fcber die Mojavew\u00fcste: zeitgen\u00f6ssische Gedichte wie Postkarten. Wir k\u00f6nnten kritisch von Klischees reden, aber das scheint der Punkt dieser Gedichte zu sein: eine Reise an Orte, die mit nachkriegskulturellen Klischees \u00fcber und \u00fcber \u00fcberlagert sind, samt der Story dieser besonderen&nbsp;<em>Weite<\/em>&nbsp;Amerikas \u2013 und was macht eins dann in und mit der Wirklichkeit jener Orte? \u2026 (Schwierig wird das Konzept, wenn es neben den individuellen auch die gesellschaftlichen Wirklichkeiten der Gegenwart jener Orte zu meinen beginnt: Leitartikel in diesem Tonfall, so sexy sie klingen k\u00f6nnen, werden unterkomplex.)<\/p>\n\n\n\n<figure class=\"wp-block-gallery columns-2 is-cropped wp-block-gallery-6 is-layout-flex wp-block-gallery-is-layout-flex\"><ul class=\"blocks-gallery-grid\"><li class=\"blocks-gallery-item\"><figure><img decoding=\"async\" loading=\"lazy\" width=\"1024\" height=\"680\" src=\"data:image\/gif;base64,R0lGODlhAQABAAAAACH5BAEKAAEALAAAAAABAAEAAAICTAEAOw==\" data-src=\"https:\/\/www.poesiegalerie.at\/wordpress\/wp-content\/uploads\/2021\/10\/DSC_0722-1024x680.jpg\" alt=\"\" data-id=\"8381\" data-link=\"https:\/\/www.poesiegalerie.at\/wordpress\/2021\/10\/08\/der-poesiegalerie-erster-tag\/dsc_0722\/\" class=\"wp-image-8381 lazyload\" data-sizes=\"auto\" data-srcset=\"https:\/\/www.poesiegalerie.at\/wordpress\/wp-content\/uploads\/2021\/10\/DSC_0722-1024x680.jpg 1024w, https:\/\/www.poesiegalerie.at\/wordpress\/wp-content\/uploads\/2021\/10\/DSC_0722-300x199.jpg 300w, https:\/\/www.poesiegalerie.at\/wordpress\/wp-content\/uploads\/2021\/10\/DSC_0722-150x100.jpg 150w, https:\/\/www.poesiegalerie.at\/wordpress\/wp-content\/uploads\/2021\/10\/DSC_0722-768x510.jpg 768w, https:\/\/www.poesiegalerie.at\/wordpress\/wp-content\/uploads\/2021\/10\/DSC_0722-370x246.jpg 370w, https:\/\/www.poesiegalerie.at\/wordpress\/wp-content\/uploads\/2021\/10\/DSC_0722-800x531.jpg 800w, https:\/\/www.poesiegalerie.at\/wordpress\/wp-content\/uploads\/2021\/10\/DSC_0722-20x13.jpg 20w, https:\/\/www.poesiegalerie.at\/wordpress\/wp-content\/uploads\/2021\/10\/DSC_0722-185x123.jpg 185w, https:\/\/www.poesiegalerie.at\/wordpress\/wp-content\/uploads\/2021\/10\/DSC_0722-740x491.jpg 740w, https:\/\/www.poesiegalerie.at\/wordpress\/wp-content\/uploads\/2021\/10\/DSC_0722-400x266.jpg 400w, https:\/\/www.poesiegalerie.at\/wordpress\/wp-content\/uploads\/2021\/10\/DSC_0722-72x48.jpg 72w\" sizes=\"(max-width: 1024px) 100vw, 1024px\" \/><figcaption class=\"blocks-gallery-item__caption\">Paul Sch\u00f6mann<br>\u00a9 Poesiegalerie<\/figcaption><\/figure><\/li><li class=\"blocks-gallery-item\"><figure><img decoding=\"async\" loading=\"lazy\" width=\"1024\" height=\"772\" src=\"data:image\/gif;base64,R0lGODlhAQABAAAAACH5BAEKAAEALAAAAAABAAEAAAICTAEAOw==\" data-src=\"https:\/\/www.poesiegalerie.at\/wordpress\/wp-content\/uploads\/2021\/10\/DSC_0760-1024x772.jpg\" alt=\"\" data-id=\"8382\" data-full-url=\"https:\/\/www.poesiegalerie.at\/wordpress\/wp-content\/uploads\/2021\/10\/DSC_0760-scaled.jpg\" data-link=\"https:\/\/www.poesiegalerie.at\/wordpress\/2021\/10\/08\/der-poesiegalerie-erster-tag\/dsc_0760\/\" class=\"wp-image-8382 lazyload\" data-sizes=\"auto\" data-srcset=\"https:\/\/www.poesiegalerie.at\/wordpress\/wp-content\/uploads\/2021\/10\/DSC_0760-1024x772.jpg 1024w, https:\/\/www.poesiegalerie.at\/wordpress\/wp-content\/uploads\/2021\/10\/DSC_0760-300x226.jpg 300w, https:\/\/www.poesiegalerie.at\/wordpress\/wp-content\/uploads\/2021\/10\/DSC_0760-150x113.jpg 150w, https:\/\/www.poesiegalerie.at\/wordpress\/wp-content\/uploads\/2021\/10\/DSC_0760-768x579.jpg 768w, https:\/\/www.poesiegalerie.at\/wordpress\/wp-content\/uploads\/2021\/10\/DSC_0760-370x279.jpg 370w, https:\/\/www.poesiegalerie.at\/wordpress\/wp-content\/uploads\/2021\/10\/DSC_0760-800x603.jpg 800w, https:\/\/www.poesiegalerie.at\/wordpress\/wp-content\/uploads\/2021\/10\/DSC_0760-20x15.jpg 20w, https:\/\/www.poesiegalerie.at\/wordpress\/wp-content\/uploads\/2021\/10\/DSC_0760-185x140.jpg 185w, https:\/\/www.poesiegalerie.at\/wordpress\/wp-content\/uploads\/2021\/10\/DSC_0760-740x558.jpg 740w, https:\/\/www.poesiegalerie.at\/wordpress\/wp-content\/uploads\/2021\/10\/DSC_0760-400x302.jpg 400w, https:\/\/www.poesiegalerie.at\/wordpress\/wp-content\/uploads\/2021\/10\/DSC_0760-64x48.jpg 64w\" sizes=\"(max-width: 1024px) 100vw, 1024px\" \/><figcaption class=\"blocks-gallery-item__caption\">Isabella Feimer<br>\u00a9 Poesiegalerie<\/figcaption><\/figure><\/li><\/ul><\/figure>\n\n\n\n<p>Gegen neun <a href=\"https:\/\/www.poesiegalerie.at\/wordpress\/autor%e2%80%91innen\/peer-alexander\/\">Alexander Peer<\/a> mit der&nbsp;<em>sneak preview<\/em>&nbsp;aus einem Buch, das am siebten Dezember versp\u00e4tet bei Limbus erscheinen wird \u2013 eine eigent\u00fcmliche Mischung aus literarischem Anspielungsreichtum, Weinkennerei und Nostalgie; vorgetragen mit einem ernsthaften Gestus, der anachronistisch wirken k\u00f6nnte:<\/p>\n\n\n\n<pre class=\"wp-block-verse\">Rostende R\u00e4der an Waldwegen (\u2026)<\/pre>\n\n\n\n<p><a href=\"https:\/\/www.poesiegalerie.at\/wordpress\/autor%e2%80%91innen\/schwaner-birgit\/\">Birgit Schwaner,<\/a> 21:20 Uhr, 25 Minuten dem Programmplan hinterher, mit ihrem Buch &#8222;Jackls Mondflug&#8220; und einem Podium-Portr\u00e4tb\u00e4ndchen. Schwaners Listentexte leben vom Abgrund zwischen dem Vollst\u00e4ndigkeitsanspruch von Listen \u2013 wo eine Liste, da ein System \u2013 und der Beliebigkeit der tats\u00e4chlichen Listeneintr\u00e4ge, die ein vorhandenes, aber (f\u00fcr uns) nicht verstehbares System unterstellen. So h\u00f6ren wir scheinhaft barocke Listen, betreffend beispielsweise &#8222;Typen von Bettlern&#8220;. Vergleichbare Verfahren wendet Schwaner dann auch auf reale Dokumentarbest\u00e4nde an, etwa Werkzeugkataloge des neunzehnten Jahrhunderts.<\/p>\n\n\n\n<figure class=\"wp-block-gallery columns-2 is-cropped wp-block-gallery-8 is-layout-flex wp-block-gallery-is-layout-flex\"><ul class=\"blocks-gallery-grid\"><li class=\"blocks-gallery-item\"><figure><img decoding=\"async\" loading=\"lazy\" width=\"1024\" height=\"680\" src=\"data:image\/gif;base64,R0lGODlhAQABAAAAACH5BAEKAAEALAAAAAABAAEAAAICTAEAOw==\" data-src=\"https:\/\/www.poesiegalerie.at\/wordpress\/wp-content\/uploads\/2021\/10\/DSC_0832-1024x680.jpg\" alt=\"\" data-id=\"8383\" data-full-url=\"https:\/\/www.poesiegalerie.at\/wordpress\/wp-content\/uploads\/2021\/10\/DSC_0832-scaled.jpg\" data-link=\"https:\/\/www.poesiegalerie.at\/wordpress\/2021\/10\/08\/der-poesiegalerie-erster-tag\/dsc_0832\/\" class=\"wp-image-8383 lazyload\" data-sizes=\"auto\" data-srcset=\"https:\/\/www.poesiegalerie.at\/wordpress\/wp-content\/uploads\/2021\/10\/DSC_0832-1024x680.jpg 1024w, https:\/\/www.poesiegalerie.at\/wordpress\/wp-content\/uploads\/2021\/10\/DSC_0832-300x199.jpg 300w, https:\/\/www.poesiegalerie.at\/wordpress\/wp-content\/uploads\/2021\/10\/DSC_0832-150x100.jpg 150w, https:\/\/www.poesiegalerie.at\/wordpress\/wp-content\/uploads\/2021\/10\/DSC_0832-768x510.jpg 768w, https:\/\/www.poesiegalerie.at\/wordpress\/wp-content\/uploads\/2021\/10\/DSC_0832-370x246.jpg 370w, https:\/\/www.poesiegalerie.at\/wordpress\/wp-content\/uploads\/2021\/10\/DSC_0832-800x531.jpg 800w, https:\/\/www.poesiegalerie.at\/wordpress\/wp-content\/uploads\/2021\/10\/DSC_0832-20x13.jpg 20w, https:\/\/www.poesiegalerie.at\/wordpress\/wp-content\/uploads\/2021\/10\/DSC_0832-185x123.jpg 185w, https:\/\/www.poesiegalerie.at\/wordpress\/wp-content\/uploads\/2021\/10\/DSC_0832-740x491.jpg 740w, https:\/\/www.poesiegalerie.at\/wordpress\/wp-content\/uploads\/2021\/10\/DSC_0832-400x266.jpg 400w, https:\/\/www.poesiegalerie.at\/wordpress\/wp-content\/uploads\/2021\/10\/DSC_0832-72x48.jpg 72w\" sizes=\"(max-width: 1024px) 100vw, 1024px\" \/><figcaption class=\"blocks-gallery-item__caption\">Birgit Schwaner<\/figcaption><\/figure><\/li><li class=\"blocks-gallery-item\"><figure><img decoding=\"async\" loading=\"lazy\" width=\"984\" height=\"1024\" src=\"data:image\/gif;base64,R0lGODlhAQABAAAAACH5BAEKAAEALAAAAAABAAEAAAICTAEAOw==\" data-src=\"https:\/\/www.poesiegalerie.at\/wordpress\/wp-content\/uploads\/2021\/10\/DSC_0890-984x1024.jpg\" alt=\"\" data-id=\"8386\" data-full-url=\"https:\/\/www.poesiegalerie.at\/wordpress\/wp-content\/uploads\/2021\/10\/DSC_0890.jpg\" data-link=\"https:\/\/www.poesiegalerie.at\/wordpress\/2021\/10\/08\/der-poesiegalerie-erster-tag\/dsc_0890\/\" class=\"wp-image-8386 lazyload\" data-sizes=\"auto\" data-srcset=\"https:\/\/www.poesiegalerie.at\/wordpress\/wp-content\/uploads\/2021\/10\/DSC_0890-984x1024.jpg 984w, https:\/\/www.poesiegalerie.at\/wordpress\/wp-content\/uploads\/2021\/10\/DSC_0890-288x300.jpg 288w, https:\/\/www.poesiegalerie.at\/wordpress\/wp-content\/uploads\/2021\/10\/DSC_0890-144x150.jpg 144w, https:\/\/www.poesiegalerie.at\/wordpress\/wp-content\/uploads\/2021\/10\/DSC_0890-768x799.jpg 768w, https:\/\/www.poesiegalerie.at\/wordpress\/wp-content\/uploads\/2021\/10\/DSC_0890-370x385.jpg 370w, https:\/\/www.poesiegalerie.at\/wordpress\/wp-content\/uploads\/2021\/10\/DSC_0890-800x833.jpg 800w, https:\/\/www.poesiegalerie.at\/wordpress\/wp-content\/uploads\/2021\/10\/DSC_0890-20x21.jpg 20w, https:\/\/www.poesiegalerie.at\/wordpress\/wp-content\/uploads\/2021\/10\/DSC_0890-185x193.jpg 185w, https:\/\/www.poesiegalerie.at\/wordpress\/wp-content\/uploads\/2021\/10\/DSC_0890-740x770.jpg 740w, https:\/\/www.poesiegalerie.at\/wordpress\/wp-content\/uploads\/2021\/10\/DSC_0890-400x416.jpg 400w, https:\/\/www.poesiegalerie.at\/wordpress\/wp-content\/uploads\/2021\/10\/DSC_0890-46x48.jpg 46w\" sizes=\"(max-width: 984px) 100vw, 984px\" \/><figcaption class=\"blocks-gallery-item__caption\">Timo Brandt<\/figcaption><\/figure><\/li><\/ul><\/figure>\n\n\n\n<p>Nun, knapp dreiviertel zehn, <a href=\"https:\/\/www.poesiegalerie.at\/wordpress\/autor%e2%80%91innen\/hinterleitner-michaela\/\">Michaela Hinterleitner,<\/a> die aus ihrem Buch &#8222;Der R\u00e4uber der Meere&#8220; liest (und, wie sie sagt, auch das Magazin &#8222;Die Nestbeschmutzerin&#8220; mithat). Sie bringt heiter gestimmte Schilderungsanarchie; den zun\u00e4chst unspektakul\u00e4r heimelig erscheinenden Gehalten steht eine augenscheinliche Formulierlust gegen\u00fcber, die uns alles Abgebildete geradezu exotisch macht \u2013 zuerst den Hinterhof in Ottakring, dann das Meer.<\/p>\n\n\n\n<p><strong>22:05 Uhr<\/strong>: Anmoderation <a href=\"https:\/\/www.poesiegalerie.at\/wordpress\/autor%e2%80%91innen\/brandt-timo\/\">Timo Brandt <\/a>ein, &#8222;Nicht die Hymnen die ihr sucht&#8220;, und die Show ist nur noch zwanzig Minuten &#8222;hinten&#8220; \u2013 wobei allerdings, tragischerweise, das Bier aus ist. Brandt liest Gedichte, haarscharf an der unmittelbaren Verstehbar-, Bedeutsamkeit vorbei; hermetisch, das auch, ja, aber es geht da nicht ums &#8222;nah am Schweigen Siedeln&#8220;, sondern den Spa\u00df, zwischen dokumentarischem Sprechen und spielerischem Sprechen NICHT zu vermitteln:<\/p>\n\n\n\n<pre class=\"wp-block-verse\">Die Gedichte sind nicht wahr. \nDoch alles andere ist gelogen.\n<\/pre>\n\n\n\n<p><a href=\"https:\/\/www.poesiegalerie.at\/wordpress\/autor%e2%80%91innen\/kraus-rudolf\/\">Rudolf Kraus<\/a>, langj\u00e4hriger Autor des Verlagshauses Hernals, liest aus seinem Podium-Portr\u00e4tband. Sprachspiele, auf Verst\u00e4ndlichbleiben durchwegs ausgerichtet, weniger unfreundlich gesagt: auf die Pointe. Das ist mitunter landschaftlich, mitunter durchaus aphoristisch-gesellschaftskritisch, kann auch beides zugleich sein; mitunter, wenn es introspektiv wird, werden die Pointen kinderbuchhaft phantastisch \u2026 interessant sind einige Stellen, wo Kraus auf das Erf\u00fcllen der selbstgesetzten Muster pfeift, und aber der Grundtenor der Ehrlichkeit aufrecht erhalten bleibt, der seine Texte durchzieht.<\/p>\n\n\n\n<figure class=\"wp-block-gallery columns-2 is-cropped wp-block-gallery-10 is-layout-flex wp-block-gallery-is-layout-flex\"><ul class=\"blocks-gallery-grid\"><li class=\"blocks-gallery-item\"><figure><img decoding=\"async\" loading=\"lazy\" width=\"680\" height=\"1024\" src=\"data:image\/gif;base64,R0lGODlhAQABAAAAACH5BAEKAAEALAAAAAABAAEAAAICTAEAOw==\" data-src=\"https:\/\/www.poesiegalerie.at\/wordpress\/wp-content\/uploads\/2021\/10\/DSC_0931-680x1024.jpg\" alt=\"\" data-id=\"8387\" data-link=\"https:\/\/www.poesiegalerie.at\/wordpress\/2021\/10\/08\/der-poesiegalerie-erster-tag\/dsc_0931\/\" class=\"wp-image-8387 lazyload\" data-sizes=\"auto\" data-srcset=\"https:\/\/www.poesiegalerie.at\/wordpress\/wp-content\/uploads\/2021\/10\/DSC_0931-680x1024.jpg 680w, https:\/\/www.poesiegalerie.at\/wordpress\/wp-content\/uploads\/2021\/10\/DSC_0931-199x300.jpg 199w, https:\/\/www.poesiegalerie.at\/wordpress\/wp-content\/uploads\/2021\/10\/DSC_0931-100x150.jpg 100w, https:\/\/www.poesiegalerie.at\/wordpress\/wp-content\/uploads\/2021\/10\/DSC_0931-370x557.jpg 370w, https:\/\/www.poesiegalerie.at\/wordpress\/wp-content\/uploads\/2021\/10\/DSC_0931-185x279.jpg 185w, https:\/\/www.poesiegalerie.at\/wordpress\/wp-content\/uploads\/2021\/10\/DSC_0931-20x30.jpg 20w, https:\/\/www.poesiegalerie.at\/wordpress\/wp-content\/uploads\/2021\/10\/DSC_0931-400x602.jpg 400w, https:\/\/www.poesiegalerie.at\/wordpress\/wp-content\/uploads\/2021\/10\/DSC_0931-32x48.jpg 32w\" sizes=\"(max-width: 680px) 100vw, 680px\" \/><figcaption class=\"blocks-gallery-item__caption\">Rudolf Kraus<\/figcaption><\/figure><\/li><li class=\"blocks-gallery-item\"><figure><img decoding=\"async\" loading=\"lazy\" width=\"1024\" height=\"1024\" src=\"data:image\/gif;base64,R0lGODlhAQABAAAAACH5BAEKAAEALAAAAAABAAEAAAICTAEAOw==\" data-src=\"https:\/\/www.poesiegalerie.at\/wordpress\/wp-content\/uploads\/2021\/10\/DSC_0956-1024x1024.jpg\" alt=\"\" data-id=\"8391\" data-full-url=\"https:\/\/www.poesiegalerie.at\/wordpress\/wp-content\/uploads\/2021\/10\/DSC_0956.jpg\" data-link=\"https:\/\/www.poesiegalerie.at\/wordpress\/2021\/10\/08\/der-poesiegalerie-erster-tag\/dsc_0956\/\" class=\"wp-image-8391 lazyload\" data-sizes=\"auto\" data-srcset=\"https:\/\/www.poesiegalerie.at\/wordpress\/wp-content\/uploads\/2021\/10\/DSC_0956-1024x1024.jpg 1024w, https:\/\/www.poesiegalerie.at\/wordpress\/wp-content\/uploads\/2021\/10\/DSC_0956-300x300.jpg 300w, https:\/\/www.poesiegalerie.at\/wordpress\/wp-content\/uploads\/2021\/10\/DSC_0956-150x150.jpg 150w, https:\/\/www.poesiegalerie.at\/wordpress\/wp-content\/uploads\/2021\/10\/DSC_0956-768x767.jpg 768w, https:\/\/www.poesiegalerie.at\/wordpress\/wp-content\/uploads\/2021\/10\/DSC_0956-180x180.jpg 180w, https:\/\/www.poesiegalerie.at\/wordpress\/wp-content\/uploads\/2021\/10\/DSC_0956-90x90.jpg 90w, https:\/\/www.poesiegalerie.at\/wordpress\/wp-content\/uploads\/2021\/10\/DSC_0956-370x369.jpg 370w, https:\/\/www.poesiegalerie.at\/wordpress\/wp-content\/uploads\/2021\/10\/DSC_0956-800x799.jpg 800w, https:\/\/www.poesiegalerie.at\/wordpress\/wp-content\/uploads\/2021\/10\/DSC_0956-20x20.jpg 20w, https:\/\/www.poesiegalerie.at\/wordpress\/wp-content\/uploads\/2021\/10\/DSC_0956-185x185.jpg 185w, https:\/\/www.poesiegalerie.at\/wordpress\/wp-content\/uploads\/2021\/10\/DSC_0956-740x739.jpg 740w, https:\/\/www.poesiegalerie.at\/wordpress\/wp-content\/uploads\/2021\/10\/DSC_0956-400x399.jpg 400w, https:\/\/www.poesiegalerie.at\/wordpress\/wp-content\/uploads\/2021\/10\/DSC_0956-48x48.jpg 48w\" sizes=\"(max-width: 1024px) 100vw, 1024px\" \/><figcaption class=\"blocks-gallery-item__caption\">Martin Kubaczek<\/figcaption><\/figure><\/li><li class=\"blocks-gallery-item\"><figure><img decoding=\"async\" loading=\"lazy\" width=\"1024\" height=\"705\" src=\"data:image\/gif;base64,R0lGODlhAQABAAAAACH5BAEKAAEALAAAAAABAAEAAAICTAEAOw==\" data-src=\"https:\/\/www.poesiegalerie.at\/wordpress\/wp-content\/uploads\/2021\/10\/DSC_0947-1-1024x705.jpg\" alt=\"\" data-id=\"8390\" data-link=\"https:\/\/www.poesiegalerie.at\/wordpress\/2021\/10\/08\/der-poesiegalerie-erster-tag\/dsc_0947-1\/\" class=\"wp-image-8390 lazyload\" data-sizes=\"auto\" data-srcset=\"https:\/\/www.poesiegalerie.at\/wordpress\/wp-content\/uploads\/2021\/10\/DSC_0947-1-1024x705.jpg 1024w, https:\/\/www.poesiegalerie.at\/wordpress\/wp-content\/uploads\/2021\/10\/DSC_0947-1-300x207.jpg 300w, https:\/\/www.poesiegalerie.at\/wordpress\/wp-content\/uploads\/2021\/10\/DSC_0947-1-150x103.jpg 150w, https:\/\/www.poesiegalerie.at\/wordpress\/wp-content\/uploads\/2021\/10\/DSC_0947-1-768x529.jpg 768w, https:\/\/www.poesiegalerie.at\/wordpress\/wp-content\/uploads\/2021\/10\/DSC_0947-1-370x255.jpg 370w, https:\/\/www.poesiegalerie.at\/wordpress\/wp-content\/uploads\/2021\/10\/DSC_0947-1-800x551.jpg 800w, https:\/\/www.poesiegalerie.at\/wordpress\/wp-content\/uploads\/2021\/10\/DSC_0947-1-185x127.jpg 185w, https:\/\/www.poesiegalerie.at\/wordpress\/wp-content\/uploads\/2021\/10\/DSC_0947-1-740x510.jpg 740w, https:\/\/www.poesiegalerie.at\/wordpress\/wp-content\/uploads\/2021\/10\/DSC_0947-1-20x14.jpg 20w, https:\/\/www.poesiegalerie.at\/wordpress\/wp-content\/uploads\/2021\/10\/DSC_0947-1-400x275.jpg 400w, https:\/\/www.poesiegalerie.at\/wordpress\/wp-content\/uploads\/2021\/10\/DSC_0947-1-70x48.jpg 70w\" sizes=\"(max-width: 1024px) 100vw, 1024px\" \/><figcaption class=\"blocks-gallery-item__caption\">Kubaczek vor Projektion der Illustrationen von Rosemarie Hebenstreit<\/figcaption><\/figure><\/li><\/ul><\/figure>\n\n\n\n<p>Dreiviertel Elf, <a href=\"https:\/\/www.poesiegalerie.at\/wordpress\/autor%e2%80%91innen\/kubaczek-martin\/\">Martin Kubaczek<\/a>, &#8222;Die S\u00fcsze einer Frucht. Pflanzenikonen&#8220;. Die Lesung aus dem Band mit Texten um die Pflanzen-Scherenschnitte von Rosemarie Hebenstreit herum erfolgt mittels Projektion der Bilder an die Stirnwand des Raums. Kubaczeks Texte sind zugleich dokumentarisch und sinnlich, im Klang der Stimme des Autors desorientierend. Was gibt Nichts-als-die-Wirklichkeit an Poetischem her? \u2026 die Inszenierung entlegenen Vokabulars als Stilmittel, eingesetzt zur Abwechslung um des Klangs willen, also zur Verfremdung und nicht zwecks der Autorit\u00e4t des Lexikons. (Auch, sozusagen um die Hecke, w\u00e4chst uns die Erinnerung an, dass es da neuere Diskussionen \u00fcber die genaue Definition von&nbsp;<em>nature writing&nbsp;<\/em>gebe, in die sich Kubaczeks Arbeit, je nachdem, einschreiben k\u00f6nnte oder nicht.)<\/p>\n\n\n\n<div class=\"wp-block-media-text alignwide is-stacked-on-mobile\" style=\"grid-template-columns:44% auto\"><figure class=\"wp-block-media-text__media\"><img decoding=\"async\" loading=\"lazy\" width=\"1024\" height=\"768\" src=\"data:image\/gif;base64,R0lGODlhAQABAAAAACH5BAEKAAEALAAAAAABAAEAAAICTAEAOw==\" data-src=\"https:\/\/www.poesiegalerie.at\/wordpress\/wp-content\/uploads\/2021\/10\/P1470885-1024x768.jpg\" alt=\"\" class=\"wp-image-8116 size-full lazyload\" data-sizes=\"auto\" data-srcset=\"https:\/\/www.poesiegalerie.at\/wordpress\/wp-content\/uploads\/2021\/10\/P1470885-1024x768.jpg 1024w, https:\/\/www.poesiegalerie.at\/wordpress\/wp-content\/uploads\/2021\/10\/P1470885-300x225.jpg 300w, https:\/\/www.poesiegalerie.at\/wordpress\/wp-content\/uploads\/2021\/10\/P1470885-150x113.jpg 150w, https:\/\/www.poesiegalerie.at\/wordpress\/wp-content\/uploads\/2021\/10\/P1470885-768x576.jpg 768w, https:\/\/www.poesiegalerie.at\/wordpress\/wp-content\/uploads\/2021\/10\/P1470885-370x278.jpg 370w, https:\/\/www.poesiegalerie.at\/wordpress\/wp-content\/uploads\/2021\/10\/P1470885-800x600.jpg 800w, https:\/\/www.poesiegalerie.at\/wordpress\/wp-content\/uploads\/2021\/10\/P1470885-20x15.jpg 20w, https:\/\/www.poesiegalerie.at\/wordpress\/wp-content\/uploads\/2021\/10\/P1470885-185x139.jpg 185w, https:\/\/www.poesiegalerie.at\/wordpress\/wp-content\/uploads\/2021\/10\/P1470885-740x555.jpg 740w, https:\/\/www.poesiegalerie.at\/wordpress\/wp-content\/uploads\/2021\/10\/P1470885-400x300.jpg 400w, https:\/\/www.poesiegalerie.at\/wordpress\/wp-content\/uploads\/2021\/10\/P1470885-64x48.jpg 64w\" sizes=\"(max-width: 1024px) 100vw, 1024px\" \/><\/figure><div class=\"wp-block-media-text__content\">\n<p class=\"has-normal-font-size\"><a href=\"https:\/\/www.poesiegalerie.at\/wordpress\/autor%e2%80%91innen\/teissl-christian\/\">Christian Teissl<\/a> \u2013 und jetzt ist es 23:00 Uhr \u2013 tritt an, um Werke von <a href=\"https:\/\/www.poesiegalerie.at\/wordpress\/autor%e2%80%91innen\/gesswein-alfred\/\">Alfred Gesswein<\/a> zu pr\u00e4sentieren, die er als &#8222;literarischer Arch\u00e4ologe&#8220; wiederentdeckt und herausgegeben hat. Diese erscheinen uns als literarische Zeitzeugnisse von ca. demjenigen \u00d6sterreich, das Friedensreich Hundertwasser und den radikal\u00f6kologischen Stephansplatzpropheten WaLuLiSo hervorgebracht hat. Scheinnaiv setzte Gesswein allerhand Pastorales gegen &#8222;den Beton&#8220;, mit genug Detailreichtum beiderseits der Demarkationslinie, um nicht ins blo\u00df Didaktische abzudriften. Verse also von einiger Verve, die uns zugleich notwendig altvaterisch erscheinen m\u00fcssen \u2013 Teissel trifft diese Doppeltheit genau.<\/p>\n\n\n\n<p>\u2026 Zehn vor halb Zw\u00f6lf. Schwunderscheinungen im Raum. Die R\u00e4nge zun\u00e4chst geleert; ein Kommen und Gehen; Auftrittsapplaus f\u00fcr <a href=\"https:\/\/www.poesiegalerie.at\/wordpress\/autor%e2%80%91innen\/ballhausen-thomas\/\">Thomas Ballhausen <\/a>\u2026<\/p>\n<\/div><\/div>\n\n\n\n<p>der aus einem teilweise essayistischen, teilweise lyrischen Projekt vortr\u00e4gt, ausgehend von einer prinzipiellen \u00d6ffnung des Himmels zum ganz Anderen, zu den Aliens hin, die uns samt unseren Verschrobenheiten hinwegverstrahlen k\u00f6nnten\/sollten\/wollten \u2026 ein&nbsp;&nbsp;Projekt, dessen Name ich nicht rechtzeitig notiere (Auf Nachfrage handelt es sich um&nbsp;\u201eTransient. Lyrical Essay\u201c), und dessen physische Kopie ich auf dem B\u00fcchertisch grade nicht finde \u2026 Oder sind die Ansprechpartner des reflektierenden Subjekts im gro\u00dfen Jenseits nicht die Aliens, sondern die transhumanen (cyborgenen?) Intelligenzen einer sich selbst realisierenden Zukunft? Sind die bedrohlich? Freundlich? \u2026 Wir h\u00f6ren Ankn\u00fcpfungspunkte an Ballhauses &#8222;<a href=\"https:\/\/www.poesiegalerie.at\/wordpress\/2021\/03\/22\/camelot-tintagoel-traum-und-wirklichkeit-2\/\">M\u00e4dchen Parzifal<\/a>&#8222;; und zwar dort, wo Leute in diesem wie in jenem Textkosmos in deutlich nichtverstandenen Weltgehegen unterwegs sind: einmal vor-, und einmal nachvern\u00fcnftig.<\/p>\n\n\n\n<figure class=\"wp-block-gallery columns-2 is-cropped wp-block-gallery-12 is-layout-flex wp-block-gallery-is-layout-flex\"><ul class=\"blocks-gallery-grid\"><li class=\"blocks-gallery-item\"><figure><img decoding=\"async\" loading=\"lazy\" width=\"1024\" height=\"768\" src=\"data:image\/gif;base64,R0lGODlhAQABAAAAACH5BAEKAAEALAAAAAABAAEAAAICTAEAOw==\" data-src=\"https:\/\/www.poesiegalerie.at\/wordpress\/wp-content\/uploads\/2021\/10\/P1470898-1024x768.jpg\" alt=\"\" data-id=\"8117\" data-full-url=\"https:\/\/www.poesiegalerie.at\/wordpress\/wp-content\/uploads\/2021\/10\/P1470898-scaled.jpg\" data-link=\"https:\/\/www.poesiegalerie.at\/wordpress\/?attachment_id=8117\" class=\"wp-image-8117 lazyload\" data-sizes=\"auto\" data-srcset=\"https:\/\/www.poesiegalerie.at\/wordpress\/wp-content\/uploads\/2021\/10\/P1470898-1024x768.jpg 1024w, https:\/\/www.poesiegalerie.at\/wordpress\/wp-content\/uploads\/2021\/10\/P1470898-300x225.jpg 300w, https:\/\/www.poesiegalerie.at\/wordpress\/wp-content\/uploads\/2021\/10\/P1470898-150x113.jpg 150w, https:\/\/www.poesiegalerie.at\/wordpress\/wp-content\/uploads\/2021\/10\/P1470898-768x576.jpg 768w, https:\/\/www.poesiegalerie.at\/wordpress\/wp-content\/uploads\/2021\/10\/P1470898-370x278.jpg 370w, https:\/\/www.poesiegalerie.at\/wordpress\/wp-content\/uploads\/2021\/10\/P1470898-800x600.jpg 800w, https:\/\/www.poesiegalerie.at\/wordpress\/wp-content\/uploads\/2021\/10\/P1470898-20x15.jpg 20w, https:\/\/www.poesiegalerie.at\/wordpress\/wp-content\/uploads\/2021\/10\/P1470898-185x139.jpg 185w, https:\/\/www.poesiegalerie.at\/wordpress\/wp-content\/uploads\/2021\/10\/P1470898-740x555.jpg 740w, https:\/\/www.poesiegalerie.at\/wordpress\/wp-content\/uploads\/2021\/10\/P1470898-400x300.jpg 400w, https:\/\/www.poesiegalerie.at\/wordpress\/wp-content\/uploads\/2021\/10\/P1470898-64x48.jpg 64w\" sizes=\"(max-width: 1024px) 100vw, 1024px\" \/><figcaption class=\"blocks-gallery-item__caption\">Thomas Ballhausen<\/figcaption><\/figure><\/li><li class=\"blocks-gallery-item\"><figure><img decoding=\"async\" loading=\"lazy\" width=\"1024\" height=\"768\" src=\"data:image\/gif;base64,R0lGODlhAQABAAAAACH5BAEKAAEALAAAAAABAAEAAAICTAEAOw==\" data-src=\"https:\/\/www.poesiegalerie.at\/wordpress\/wp-content\/uploads\/2021\/10\/P1470901-1024x768.jpg\" alt=\"\" data-id=\"8118\" data-full-url=\"https:\/\/www.poesiegalerie.at\/wordpress\/wp-content\/uploads\/2021\/10\/P1470901-scaled.jpg\" data-link=\"https:\/\/www.poesiegalerie.at\/wordpress\/?attachment_id=8118\" class=\"wp-image-8118 lazyload\" data-sizes=\"auto\" data-srcset=\"https:\/\/www.poesiegalerie.at\/wordpress\/wp-content\/uploads\/2021\/10\/P1470901-1024x768.jpg 1024w, https:\/\/www.poesiegalerie.at\/wordpress\/wp-content\/uploads\/2021\/10\/P1470901-300x225.jpg 300w, https:\/\/www.poesiegalerie.at\/wordpress\/wp-content\/uploads\/2021\/10\/P1470901-150x113.jpg 150w, https:\/\/www.poesiegalerie.at\/wordpress\/wp-content\/uploads\/2021\/10\/P1470901-768x576.jpg 768w, https:\/\/www.poesiegalerie.at\/wordpress\/wp-content\/uploads\/2021\/10\/P1470901-370x278.jpg 370w, https:\/\/www.poesiegalerie.at\/wordpress\/wp-content\/uploads\/2021\/10\/P1470901-800x600.jpg 800w, https:\/\/www.poesiegalerie.at\/wordpress\/wp-content\/uploads\/2021\/10\/P1470901-20x15.jpg 20w, https:\/\/www.poesiegalerie.at\/wordpress\/wp-content\/uploads\/2021\/10\/P1470901-185x139.jpg 185w, https:\/\/www.poesiegalerie.at\/wordpress\/wp-content\/uploads\/2021\/10\/P1470901-740x555.jpg 740w, https:\/\/www.poesiegalerie.at\/wordpress\/wp-content\/uploads\/2021\/10\/P1470901-400x300.jpg 400w, https:\/\/www.poesiegalerie.at\/wordpress\/wp-content\/uploads\/2021\/10\/P1470901-64x48.jpg 64w\" sizes=\"(max-width: 1024px) 100vw, 1024px\" \/><figcaption class=\"blocks-gallery-item__caption\">Peter Clar &amp; Markus K\u00f6hle<\/figcaption><\/figure><\/li><\/ul><figcaption class=\"blocks-gallery-caption\"> \u00a9 Poesiegalerie<\/figcaption><\/figure>\n\n\n\n<p>Zuletzt <a href=\"https:\/\/www.poesiegalerie.at\/wordpress\/autor%e2%80%91innen\/clar-peter\/\">Peter Clar<\/a> und <a href=\"https:\/\/www.poesiegalerie.at\/wordpress\/autor%e2%80%91innen\/koehle-markus\/\">Markus K\u00f6hle<\/a>, die aus zwei ihrer &#8222;Jahres&#8220;b\u00fcchlein lesen \u2013 Korrespondenzspielvorlagen, die im Einzelnen so komplex wie f\u00fcr den Unterhaltungswert des kongenialen Vortrags egal sind: im Prinzip bekommen wir es mit dialogisch angeordneten Tagebuchfetzen zu tun, mit gezielt reichhaltigen, entlegenen Vokabularien und unter Zur\u00fcckweisung der M\u00f6glichkeit von Reflexion angesichts der so viel interessanteren blanken Eindr\u00fccke! Der eine sitzt z. B. in Bad Ischl, der andere in Indien, das gleicht sich ab und an, da springt, f\u00fcr die Uhrzeit \u00fcberraschend, der Schm\u00e4h.<\/p>\n\n\n\n<p><em>Wenn das Projekt fertig sein wird, werden wir f\u00fcr jede Stunde des Jahres so etwas geschrieben haben.<\/em><\/p>\n\n\n\n<pre class=\"wp-block-verse\">\u00d6sterreich ist auch ein Kaspresskn\u00f6dl.<\/pre>\n\n\n\n<p>Jetzt ist es Mitternacht. Tag 1 der&nbsp;<em>poesiegalerie&nbsp;<\/em>2021 ist rum; war fein besucht.<\/p>\n\n\n\n<figure class=\"wp-block-gallery columns-2 is-cropped wp-block-gallery-14 is-layout-flex wp-block-gallery-is-layout-flex\"><ul class=\"blocks-gallery-grid\"><li class=\"blocks-gallery-item\"><figure><img decoding=\"async\" loading=\"lazy\" width=\"1024\" height=\"672\" src=\"data:image\/gif;base64,R0lGODlhAQABAAAAACH5BAEKAAEALAAAAAABAAEAAAICTAEAOw==\" data-src=\"https:\/\/www.poesiegalerie.at\/wordpress\/wp-content\/uploads\/2021\/10\/DSC_0747-1024x672.jpg\" alt=\"\" data-id=\"8392\" data-link=\"https:\/\/www.poesiegalerie.at\/wordpress\/2021\/10\/08\/der-poesiegalerie-erster-tag\/dsc_0747\/\" class=\"wp-image-8392 lazyload\" data-sizes=\"auto\" data-srcset=\"https:\/\/www.poesiegalerie.at\/wordpress\/wp-content\/uploads\/2021\/10\/DSC_0747-1024x672.jpg 1024w, https:\/\/www.poesiegalerie.at\/wordpress\/wp-content\/uploads\/2021\/10\/DSC_0747-300x197.jpg 300w, https:\/\/www.poesiegalerie.at\/wordpress\/wp-content\/uploads\/2021\/10\/DSC_0747-150x99.jpg 150w, https:\/\/www.poesiegalerie.at\/wordpress\/wp-content\/uploads\/2021\/10\/DSC_0747-768x504.jpg 768w, https:\/\/www.poesiegalerie.at\/wordpress\/wp-content\/uploads\/2021\/10\/DSC_0747-370x243.jpg 370w, https:\/\/www.poesiegalerie.at\/wordpress\/wp-content\/uploads\/2021\/10\/DSC_0747-800x525.jpg 800w, https:\/\/www.poesiegalerie.at\/wordpress\/wp-content\/uploads\/2021\/10\/DSC_0747-20x13.jpg 20w, https:\/\/www.poesiegalerie.at\/wordpress\/wp-content\/uploads\/2021\/10\/DSC_0747-185x121.jpg 185w, https:\/\/www.poesiegalerie.at\/wordpress\/wp-content\/uploads\/2021\/10\/DSC_0747-740x486.jpg 740w, https:\/\/www.poesiegalerie.at\/wordpress\/wp-content\/uploads\/2021\/10\/DSC_0747-400x263.jpg 400w, https:\/\/www.poesiegalerie.at\/wordpress\/wp-content\/uploads\/2021\/10\/DSC_0747-73x48.jpg 73w\" sizes=\"(max-width: 1024px) 100vw, 1024px\" \/><figcaption class=\"blocks-gallery-item__caption\">Verlagsleute unter sich (Evelyn Bubich, Adrian Kasnitz, Erwin Uhrmann), dahinter: Paul Sch\u00f6mann<\/figcaption><\/figure><\/li><li class=\"blocks-gallery-item\"><figure><img decoding=\"async\" loading=\"lazy\" width=\"751\" height=\"1024\" src=\"data:image\/gif;base64,R0lGODlhAQABAAAAACH5BAEKAAEALAAAAAABAAEAAAICTAEAOw==\" data-src=\"https:\/\/www.poesiegalerie.at\/wordpress\/wp-content\/uploads\/2021\/10\/DSC_0823-751x1024.jpg\" alt=\"\" data-id=\"8393\" data-link=\"https:\/\/www.poesiegalerie.at\/wordpress\/2021\/10\/08\/der-poesiegalerie-erster-tag\/dsc_0823\/\" class=\"wp-image-8393 lazyload\" data-sizes=\"auto\" data-srcset=\"https:\/\/www.poesiegalerie.at\/wordpress\/wp-content\/uploads\/2021\/10\/DSC_0823-751x1024.jpg 751w, https:\/\/www.poesiegalerie.at\/wordpress\/wp-content\/uploads\/2021\/10\/DSC_0823-220x300.jpg 220w, https:\/\/www.poesiegalerie.at\/wordpress\/wp-content\/uploads\/2021\/10\/DSC_0823-110x150.jpg 110w, https:\/\/www.poesiegalerie.at\/wordpress\/wp-content\/uploads\/2021\/10\/DSC_0823-370x504.jpg 370w, https:\/\/www.poesiegalerie.at\/wordpress\/wp-content\/uploads\/2021\/10\/DSC_0823-185x252.jpg 185w, https:\/\/www.poesiegalerie.at\/wordpress\/wp-content\/uploads\/2021\/10\/DSC_0823-740x1008.jpg 740w, https:\/\/www.poesiegalerie.at\/wordpress\/wp-content\/uploads\/2021\/10\/DSC_0823-20x27.jpg 20w, https:\/\/www.poesiegalerie.at\/wordpress\/wp-content\/uploads\/2021\/10\/DSC_0823-400x545.jpg 400w, https:\/\/www.poesiegalerie.at\/wordpress\/wp-content\/uploads\/2021\/10\/DSC_0823-35x48.jpg 35w\" sizes=\"(max-width: 751px) 100vw, 751px\" \/><figcaption class=\"blocks-gallery-item__caption\">Poesie &amp; Wein <\/figcaption><\/figure><\/li><li class=\"blocks-gallery-item\"><figure><img decoding=\"async\" loading=\"lazy\" width=\"1024\" height=\"569\" src=\"data:image\/gif;base64,R0lGODlhAQABAAAAACH5BAEKAAEALAAAAAABAAEAAAICTAEAOw==\" data-src=\"https:\/\/www.poesiegalerie.at\/wordpress\/wp-content\/uploads\/2021\/10\/DSC_0824-1024x569.jpg\" alt=\"\" data-id=\"8394\" data-full-url=\"https:\/\/www.poesiegalerie.at\/wordpress\/wp-content\/uploads\/2021\/10\/DSC_0824-scaled.jpg\" data-link=\"https:\/\/www.poesiegalerie.at\/wordpress\/2021\/10\/08\/der-poesiegalerie-erster-tag\/dsc_0824\/\" class=\"wp-image-8394 lazyload\" data-sizes=\"auto\" data-srcset=\"https:\/\/www.poesiegalerie.at\/wordpress\/wp-content\/uploads\/2021\/10\/DSC_0824-1024x569.jpg 1024w, https:\/\/www.poesiegalerie.at\/wordpress\/wp-content\/uploads\/2021\/10\/DSC_0824-300x167.jpg 300w, https:\/\/www.poesiegalerie.at\/wordpress\/wp-content\/uploads\/2021\/10\/DSC_0824-150x83.jpg 150w, https:\/\/www.poesiegalerie.at\/wordpress\/wp-content\/uploads\/2021\/10\/DSC_0824-768x427.jpg 768w, https:\/\/www.poesiegalerie.at\/wordpress\/wp-content\/uploads\/2021\/10\/DSC_0824-370x206.jpg 370w, https:\/\/www.poesiegalerie.at\/wordpress\/wp-content\/uploads\/2021\/10\/DSC_0824-800x445.jpg 800w, https:\/\/www.poesiegalerie.at\/wordpress\/wp-content\/uploads\/2021\/10\/DSC_0824-20x11.jpg 20w, https:\/\/www.poesiegalerie.at\/wordpress\/wp-content\/uploads\/2021\/10\/DSC_0824-185x103.jpg 185w, https:\/\/www.poesiegalerie.at\/wordpress\/wp-content\/uploads\/2021\/10\/DSC_0824-740x411.jpg 740w, https:\/\/www.poesiegalerie.at\/wordpress\/wp-content\/uploads\/2021\/10\/DSC_0824-400x222.jpg 400w, https:\/\/www.poesiegalerie.at\/wordpress\/wp-content\/uploads\/2021\/10\/DSC_0824-86x48.jpg 86w\" sizes=\"(max-width: 1024px) 100vw, 1024px\" \/><figcaption class=\"blocks-gallery-item__caption\">Timo Brandt, Stefan Schmitzer, Monika Vasik links im Gespr\u00e4ch<\/figcaption><\/figure><\/li><\/ul><\/figure>\n","protected":false},"excerpt":{"rendered":"<p>Stefan Schmitzer res\u00fcmiert den ersten Tag der Poesiegalerie 2021<\/p>\n","protected":false},"author":1,"featured_media":8127,"comment_status":"closed","ping_status":"closed","sticky":false,"template":"","format":"standard","meta":[],"categories":[129,405],"tags":[274,387,397,278,196,303,351,241,164,399,376,205,391,420,163,263,185,216,418,161,254,324,292,152,225,146,266,415,392,322],"thb-sponsors":[],"yoast_head":"<!-- This site is optimized with the Yoast SEO plugin v20.6 - https:\/\/yoast.com\/wordpress\/plugins\/seo\/ -->\n<title>Der vierten Poesiegalerie erster Tag - Poesiegalerie<\/title>\n<meta name=\"robots\" content=\"index, follow, max-snippet:-1, max-image-preview:large, max-video-preview:-1\" \/>\n<link rel=\"canonical\" href=\"https:\/\/www.poesiegalerie.at\/wordpress\/2021\/10\/08\/der-poesiegalerie-erster-tag\/\" \/>\n<meta property=\"og:locale\" content=\"de_DE\" \/>\n<meta property=\"og:type\" content=\"article\" \/>\n<meta property=\"og:title\" content=\"Der vierten Poesiegalerie erster Tag - Poesiegalerie\" \/>\n<meta property=\"og:description\" content=\"Stefan Schmitzer res\u00fcmiert den ersten Tag der Poesiegalerie 2021\" \/>\n<meta property=\"og:url\" content=\"https:\/\/www.poesiegalerie.at\/wordpress\/2021\/10\/08\/der-poesiegalerie-erster-tag\/\" \/>\n<meta property=\"og:site_name\" content=\"Poesiegalerie\" \/>\n<meta property=\"article:publisher\" content=\"https:\/\/facebook.com\/poesiegalerie\" \/>\n<meta property=\"article:published_time\" content=\"2021-10-08T11:30:00+00:00\" \/>\n<meta property=\"article:modified_time\" content=\"2021-10-12T16:42:48+00:00\" \/>\n<meta property=\"og:image\" content=\"https:\/\/www.poesiegalerie.at\/wordpress\/wp-content\/uploads\/2021\/10\/PG-Tag-1-1024x576.png\" \/>\n\t<meta property=\"og:image:width\" content=\"1024\" \/>\n\t<meta property=\"og:image:height\" content=\"576\" \/>\n\t<meta property=\"og:image:type\" content=\"image\/png\" \/>\n<meta name=\"author\" content=\"ried\" \/>\n<meta name=\"twitter:card\" content=\"summary_large_image\" \/>\n<meta name=\"twitter:creator\" content=\"@poesiegalerie\" \/>\n<meta name=\"twitter:site\" content=\"@poesiegalerie\" \/>\n<meta name=\"twitter:label1\" content=\"Verfasst von\" \/>\n\t<meta name=\"twitter:data1\" content=\"ried\" \/>\n\t<meta name=\"twitter:label2\" content=\"Gesch\u00e4tzte Lesezeit\" \/>\n\t<meta name=\"twitter:data2\" content=\"13 Minuten\" \/>\n<script type=\"application\/ld+json\" class=\"yoast-schema-graph\">{\"@context\":\"https:\/\/schema.org\",\"@graph\":[{\"@type\":\"Article\",\"@id\":\"https:\/\/www.poesiegalerie.at\/wordpress\/2021\/10\/08\/der-poesiegalerie-erster-tag\/#article\",\"isPartOf\":{\"@id\":\"https:\/\/www.poesiegalerie.at\/wordpress\/2021\/10\/08\/der-poesiegalerie-erster-tag\/\"},\"author\":{\"name\":\"ried\",\"@id\":\"https:\/\/www.poesiegalerie.at\/wordpress\/#\/schema\/person\/0cc97ae77cc6a8f51d6aeb3d5836ea82\"},\"headline\":\"Der vierten Poesiegalerie erster Tag\",\"datePublished\":\"2021-10-08T11:30:00+00:00\",\"dateModified\":\"2021-10-12T16:42:48+00:00\",\"mainEntityOfPage\":{\"@id\":\"https:\/\/www.poesiegalerie.at\/wordpress\/2021\/10\/08\/der-poesiegalerie-erster-tag\/\"},\"wordCount\":1839,\"publisher\":{\"@id\":\"https:\/\/www.poesiegalerie.at\/wordpress\/#organization\"},\"keywords\":[\"Alexander Peer\",\"Alfred Gesswein\",\"Anatol Knotek\",\"Andreas Unterweger\",\"Birgit Schwaner\",\"Christian Teissl\",\"Cornelia Travnicek\",\"Gerhard Ruiss\",\"G\u00fcnter Vallaster\",\"Heike Fiedler\",\"Isabella Feimer\",\"J\u00f6rg Piringer\",\"J\u00f3zsef Fekete (Jofo)\",\"M\u00e1ria \u010corejov\u00e1\",\"Markus K\u00f6hle\",\"Martin Kubaczek\",\"Michaela Hinterleitner\",\"Monika Vasik\",\"Paul Sch\u00f6mann\",\"Peter Clar\",\"Rhea Kr\u010dm\u00e1\u0159ov\u00e1\",\"Richard Kitta\",\"Rudolf Kraus\",\"Stefan Schmitzer\",\"Timo Brandt\",\"Udo Kawasser\",\"united queendoms\",\"Wolfgang Helmhart\",\"Zsuka Nagy\",\"Zuzana Hus\u00e1rov\u00e1\"],\"articleSection\":[\"POESIEGALERIE\",\"Poesiegalerie 2021\"],\"inLanguage\":\"de-DE\"},{\"@type\":\"WebPage\",\"@id\":\"https:\/\/www.poesiegalerie.at\/wordpress\/2021\/10\/08\/der-poesiegalerie-erster-tag\/\",\"url\":\"https:\/\/www.poesiegalerie.at\/wordpress\/2021\/10\/08\/der-poesiegalerie-erster-tag\/\",\"name\":\"Der vierten Poesiegalerie erster Tag - Poesiegalerie\",\"isPartOf\":{\"@id\":\"https:\/\/www.poesiegalerie.at\/wordpress\/#website\"},\"datePublished\":\"2021-10-08T11:30:00+00:00\",\"dateModified\":\"2021-10-12T16:42:48+00:00\",\"breadcrumb\":{\"@id\":\"https:\/\/www.poesiegalerie.at\/wordpress\/2021\/10\/08\/der-poesiegalerie-erster-tag\/#breadcrumb\"},\"inLanguage\":\"de-DE\",\"potentialAction\":[{\"@type\":\"ReadAction\",\"target\":[\"https:\/\/www.poesiegalerie.at\/wordpress\/2021\/10\/08\/der-poesiegalerie-erster-tag\/\"]}]},{\"@type\":\"BreadcrumbList\",\"@id\":\"https:\/\/www.poesiegalerie.at\/wordpress\/2021\/10\/08\/der-poesiegalerie-erster-tag\/#breadcrumb\",\"itemListElement\":[{\"@type\":\"ListItem\",\"position\":1,\"name\":\"Startseite\",\"item\":\"https:\/\/www.poesiegalerie.at\/wordpress\/\"},{\"@type\":\"ListItem\",\"position\":2,\"name\":\"Der vierten Poesiegalerie erster Tag\"}]},{\"@type\":\"WebSite\",\"@id\":\"https:\/\/www.poesiegalerie.at\/wordpress\/#website\",\"url\":\"https:\/\/www.poesiegalerie.at\/wordpress\/\",\"name\":\"Poesiegalerie\",\"description\":\"\",\"publisher\":{\"@id\":\"https:\/\/www.poesiegalerie.at\/wordpress\/#organization\"},\"potentialAction\":[{\"@type\":\"SearchAction\",\"target\":{\"@type\":\"EntryPoint\",\"urlTemplate\":\"https:\/\/www.poesiegalerie.at\/wordpress\/?s={search_term_string}\"},\"query-input\":\"required name=search_term_string\"}],\"inLanguage\":\"de-DE\"},{\"@type\":\"Organization\",\"@id\":\"https:\/\/www.poesiegalerie.at\/wordpress\/#organization\",\"name\":\"Poesiegalerie\",\"url\":\"https:\/\/www.poesiegalerie.at\/wordpress\/\",\"logo\":{\"@type\":\"ImageObject\",\"inLanguage\":\"de-DE\",\"@id\":\"https:\/\/www.poesiegalerie.at\/wordpress\/#\/schema\/logo\/image\/\",\"url\":\"https:\/\/www.poesiegalerie.at\/wordpress\/wp-content\/uploads\/2021\/01\/Logoquadrat-PG-1.png\",\"contentUrl\":\"https:\/\/www.poesiegalerie.at\/wordpress\/wp-content\/uploads\/2021\/01\/Logoquadrat-PG-1.png\",\"width\":512,\"height\":512,\"caption\":\"Poesiegalerie\"},\"image\":{\"@id\":\"https:\/\/www.poesiegalerie.at\/wordpress\/#\/schema\/logo\/image\/\"},\"sameAs\":[\"https:\/\/facebook.com\/poesiegalerie\",\"https:\/\/twitter.com\/poesiegalerie\",\"https:\/\/instagram.com\/poesiegalerie\",\"https:\/\/youtube.com\/channel\/UChHTsNTzMPzZpU8TfKP3dNQ\"]},{\"@type\":\"Person\",\"@id\":\"https:\/\/www.poesiegalerie.at\/wordpress\/#\/schema\/person\/0cc97ae77cc6a8f51d6aeb3d5836ea82\",\"name\":\"ried\",\"image\":{\"@type\":\"ImageObject\",\"inLanguage\":\"de-DE\",\"@id\":\"https:\/\/www.poesiegalerie.at\/wordpress\/#\/schema\/person\/image\/\",\"url\":\"https:\/\/secure.gravatar.com\/avatar\/fbcaf19fe4a175099f721f765e209713?s=96&d=mm&r=g\",\"contentUrl\":\"https:\/\/secure.gravatar.com\/avatar\/fbcaf19fe4a175099f721f765e209713?s=96&d=mm&r=g\",\"caption\":\"ried\"},\"url\":\"https:\/\/www.poesiegalerie.at\/wordpress\/author\/ried\/\"}]}<\/script>\n<!-- \/ Yoast SEO plugin. -->","yoast_head_json":{"title":"Der vierten Poesiegalerie erster Tag - Poesiegalerie","robots":{"index":"index","follow":"follow","max-snippet":"max-snippet:-1","max-image-preview":"max-image-preview:large","max-video-preview":"max-video-preview:-1"},"canonical":"https:\/\/www.poesiegalerie.at\/wordpress\/2021\/10\/08\/der-poesiegalerie-erster-tag\/","og_locale":"de_DE","og_type":"article","og_title":"Der vierten Poesiegalerie erster Tag - Poesiegalerie","og_description":"Stefan Schmitzer res\u00fcmiert den ersten Tag der Poesiegalerie 2021","og_url":"https:\/\/www.poesiegalerie.at\/wordpress\/2021\/10\/08\/der-poesiegalerie-erster-tag\/","og_site_name":"Poesiegalerie","article_publisher":"https:\/\/facebook.com\/poesiegalerie","article_published_time":"2021-10-08T11:30:00+00:00","article_modified_time":"2021-10-12T16:42:48+00:00","og_image":[{"width":1024,"height":576,"url":"https:\/\/www.poesiegalerie.at\/wordpress\/wp-content\/uploads\/2021\/10\/PG-Tag-1-1024x576.png","type":"image\/png"}],"author":"ried","twitter_card":"summary_large_image","twitter_creator":"@poesiegalerie","twitter_site":"@poesiegalerie","twitter_misc":{"Verfasst von":"ried","Gesch\u00e4tzte Lesezeit":"13 Minuten"},"schema":{"@context":"https:\/\/schema.org","@graph":[{"@type":"Article","@id":"https:\/\/www.poesiegalerie.at\/wordpress\/2021\/10\/08\/der-poesiegalerie-erster-tag\/#article","isPartOf":{"@id":"https:\/\/www.poesiegalerie.at\/wordpress\/2021\/10\/08\/der-poesiegalerie-erster-tag\/"},"author":{"name":"ried","@id":"https:\/\/www.poesiegalerie.at\/wordpress\/#\/schema\/person\/0cc97ae77cc6a8f51d6aeb3d5836ea82"},"headline":"Der vierten Poesiegalerie erster Tag","datePublished":"2021-10-08T11:30:00+00:00","dateModified":"2021-10-12T16:42:48+00:00","mainEntityOfPage":{"@id":"https:\/\/www.poesiegalerie.at\/wordpress\/2021\/10\/08\/der-poesiegalerie-erster-tag\/"},"wordCount":1839,"publisher":{"@id":"https:\/\/www.poesiegalerie.at\/wordpress\/#organization"},"keywords":["Alexander Peer","Alfred Gesswein","Anatol Knotek","Andreas Unterweger","Birgit Schwaner","Christian Teissl","Cornelia Travnicek","Gerhard Ruiss","G\u00fcnter Vallaster","Heike Fiedler","Isabella Feimer","J\u00f6rg Piringer","J\u00f3zsef Fekete (Jofo)","M\u00e1ria \u010corejov\u00e1","Markus K\u00f6hle","Martin Kubaczek","Michaela Hinterleitner","Monika Vasik","Paul Sch\u00f6mann","Peter Clar","Rhea Kr\u010dm\u00e1\u0159ov\u00e1","Richard Kitta","Rudolf Kraus","Stefan Schmitzer","Timo Brandt","Udo Kawasser","united queendoms","Wolfgang Helmhart","Zsuka Nagy","Zuzana Hus\u00e1rov\u00e1"],"articleSection":["POESIEGALERIE","Poesiegalerie 2021"],"inLanguage":"de-DE"},{"@type":"WebPage","@id":"https:\/\/www.poesiegalerie.at\/wordpress\/2021\/10\/08\/der-poesiegalerie-erster-tag\/","url":"https:\/\/www.poesiegalerie.at\/wordpress\/2021\/10\/08\/der-poesiegalerie-erster-tag\/","name":"Der vierten Poesiegalerie erster Tag - Poesiegalerie","isPartOf":{"@id":"https:\/\/www.poesiegalerie.at\/wordpress\/#website"},"datePublished":"2021-10-08T11:30:00+00:00","dateModified":"2021-10-12T16:42:48+00:00","breadcrumb":{"@id":"https:\/\/www.poesiegalerie.at\/wordpress\/2021\/10\/08\/der-poesiegalerie-erster-tag\/#breadcrumb"},"inLanguage":"de-DE","potentialAction":[{"@type":"ReadAction","target":["https:\/\/www.poesiegalerie.at\/wordpress\/2021\/10\/08\/der-poesiegalerie-erster-tag\/"]}]},{"@type":"BreadcrumbList","@id":"https:\/\/www.poesiegalerie.at\/wordpress\/2021\/10\/08\/der-poesiegalerie-erster-tag\/#breadcrumb","itemListElement":[{"@type":"ListItem","position":1,"name":"Startseite","item":"https:\/\/www.poesiegalerie.at\/wordpress\/"},{"@type":"ListItem","position":2,"name":"Der vierten Poesiegalerie erster Tag"}]},{"@type":"WebSite","@id":"https:\/\/www.poesiegalerie.at\/wordpress\/#website","url":"https:\/\/www.poesiegalerie.at\/wordpress\/","name":"Poesiegalerie","description":"","publisher":{"@id":"https:\/\/www.poesiegalerie.at\/wordpress\/#organization"},"potentialAction":[{"@type":"SearchAction","target":{"@type":"EntryPoint","urlTemplate":"https:\/\/www.poesiegalerie.at\/wordpress\/?s={search_term_string}"},"query-input":"required name=search_term_string"}],"inLanguage":"de-DE"},{"@type":"Organization","@id":"https:\/\/www.poesiegalerie.at\/wordpress\/#organization","name":"Poesiegalerie","url":"https:\/\/www.poesiegalerie.at\/wordpress\/","logo":{"@type":"ImageObject","inLanguage":"de-DE","@id":"https:\/\/www.poesiegalerie.at\/wordpress\/#\/schema\/logo\/image\/","url":"https:\/\/www.poesiegalerie.at\/wordpress\/wp-content\/uploads\/2021\/01\/Logoquadrat-PG-1.png","contentUrl":"https:\/\/www.poesiegalerie.at\/wordpress\/wp-content\/uploads\/2021\/01\/Logoquadrat-PG-1.png","width":512,"height":512,"caption":"Poesiegalerie"},"image":{"@id":"https:\/\/www.poesiegalerie.at\/wordpress\/#\/schema\/logo\/image\/"},"sameAs":["https:\/\/facebook.com\/poesiegalerie","https:\/\/twitter.com\/poesiegalerie","https:\/\/instagram.com\/poesiegalerie","https:\/\/youtube.com\/channel\/UChHTsNTzMPzZpU8TfKP3dNQ"]},{"@type":"Person","@id":"https:\/\/www.poesiegalerie.at\/wordpress\/#\/schema\/person\/0cc97ae77cc6a8f51d6aeb3d5836ea82","name":"ried","image":{"@type":"ImageObject","inLanguage":"de-DE","@id":"https:\/\/www.poesiegalerie.at\/wordpress\/#\/schema\/person\/image\/","url":"https:\/\/secure.gravatar.com\/avatar\/fbcaf19fe4a175099f721f765e209713?s=96&d=mm&r=g","contentUrl":"https:\/\/secure.gravatar.com\/avatar\/fbcaf19fe4a175099f721f765e209713?s=96&d=mm&r=g","caption":"ried"},"url":"https:\/\/www.poesiegalerie.at\/wordpress\/author\/ried\/"}]}},"_links":{"self":[{"href":"https:\/\/www.poesiegalerie.at\/wordpress\/wp-json\/wp\/v2\/posts\/8113"}],"collection":[{"href":"https:\/\/www.poesiegalerie.at\/wordpress\/wp-json\/wp\/v2\/posts"}],"about":[{"href":"https:\/\/www.poesiegalerie.at\/wordpress\/wp-json\/wp\/v2\/types\/post"}],"author":[{"embeddable":true,"href":"https:\/\/www.poesiegalerie.at\/wordpress\/wp-json\/wp\/v2\/users\/1"}],"replies":[{"embeddable":true,"href":"https:\/\/www.poesiegalerie.at\/wordpress\/wp-json\/wp\/v2\/comments?post=8113"}],"version-history":[{"count":8,"href":"https:\/\/www.poesiegalerie.at\/wordpress\/wp-json\/wp\/v2\/posts\/8113\/revisions"}],"predecessor-version":[{"id":8526,"href":"https:\/\/www.poesiegalerie.at\/wordpress\/wp-json\/wp\/v2\/posts\/8113\/revisions\/8526"}],"wp:featuredmedia":[{"embeddable":true,"href":"https:\/\/www.poesiegalerie.at\/wordpress\/wp-json\/wp\/v2\/media\/8127"}],"wp:attachment":[{"href":"https:\/\/www.poesiegalerie.at\/wordpress\/wp-json\/wp\/v2\/media?parent=8113"}],"wp:term":[{"taxonomy":"category","embeddable":true,"href":"https:\/\/www.poesiegalerie.at\/wordpress\/wp-json\/wp\/v2\/categories?post=8113"},{"taxonomy":"post_tag","embeddable":true,"href":"https:\/\/www.poesiegalerie.at\/wordpress\/wp-json\/wp\/v2\/tags?post=8113"},{"taxonomy":"thb-sponsors","embeddable":true,"href":"https:\/\/www.poesiegalerie.at\/wordpress\/wp-json\/wp\/v2\/thb-sponsors?post=8113"}],"curies":[{"name":"wp","href":"https:\/\/api.w.org\/{rel}","templated":true}]}}