{"id":9118,"date":"2021-12-30T00:25:29","date_gmt":"2021-12-29T23:25:29","guid":{"rendered":"https:\/\/www.poesiegalerie.at\/wordpress\/?p=9118"},"modified":"2025-09-24T22:46:26","modified_gmt":"2025-09-24T20:46:26","slug":"nie-wieder-nie-wieder","status":"publish","type":"post","link":"https:\/\/www.poesiegalerie.at\/wordpress\/2021\/12\/30\/nie-wieder-nie-wieder\/","title":{"rendered":"Nie wieder! Nie wieder!"},"content":{"rendered":"\n<h3 class=\"wp-block-heading custom-small-subtitle\"><a href=\"https:\/\/www.poesiegalerie.at\/wordpress\/autor%e2%80%91innen-alte-seite\/kronabitter-erika\/\" target=\"_blank\" rel=\"noreferrer noopener\">Erika Kronabitter<\/a><\/h3>\n\n\n\n<pre class=\"wp-block-verse\"><strong>nie wieder<\/strong>\n\nnie wieder nie wieder\nnie wieder nie wieder\nnie wieder nie wieder\nnie wieder nie wieder\nnie nie nie nie nie mehr<\/pre>\n\n\n\n<figure class=\"wp-block-image size-full is-resized\"><a href=\"https:\/\/www.poesiegalerie.at\/wordpress\/wp-content\/uploads\/2021\/12\/Kronabitter-Gedicht-des-Tages.jpg\" class=\"mfp-image\"><img decoding=\"async\" loading=\"lazy\" src=\"data:image\/gif;base64,R0lGODlhAQABAAAAACH5BAEKAAEALAAAAAABAAEAAAICTAEAOw==\" data-src=\"https:\/\/www.poesiegalerie.at\/wordpress\/wp-content\/uploads\/2021\/12\/Kronabitter-Gedicht-des-Tages.jpg\" alt=\"\" class=\"wp-image-9119 lazyload\" width=\"477\" height=\"478\" data-sizes=\"auto\" data-srcset=\"https:\/\/www.poesiegalerie.at\/wordpress\/wp-content\/uploads\/2021\/12\/Kronabitter-Gedicht-des-Tages.jpg 961w, https:\/\/www.poesiegalerie.at\/wordpress\/wp-content\/uploads\/2021\/12\/Kronabitter-Gedicht-des-Tages-300x300.jpg 300w, https:\/\/www.poesiegalerie.at\/wordpress\/wp-content\/uploads\/2021\/12\/Kronabitter-Gedicht-des-Tages-150x150.jpg 150w, https:\/\/www.poesiegalerie.at\/wordpress\/wp-content\/uploads\/2021\/12\/Kronabitter-Gedicht-des-Tages-180x180.jpg 180w, https:\/\/www.poesiegalerie.at\/wordpress\/wp-content\/uploads\/2021\/12\/Kronabitter-Gedicht-des-Tages-90x90.jpg 90w, https:\/\/www.poesiegalerie.at\/wordpress\/wp-content\/uploads\/2021\/12\/Kronabitter-Gedicht-des-Tages-370x371.jpg 370w, https:\/\/www.poesiegalerie.at\/wordpress\/wp-content\/uploads\/2021\/12\/Kronabitter-Gedicht-des-Tages-20x20.jpg 20w, https:\/\/www.poesiegalerie.at\/wordpress\/wp-content\/uploads\/2021\/12\/Kronabitter-Gedicht-des-Tages-185x186.jpg 185w, https:\/\/www.poesiegalerie.at\/wordpress\/wp-content\/uploads\/2021\/12\/Kronabitter-Gedicht-des-Tages-400x401.jpg 400w, https:\/\/www.poesiegalerie.at\/wordpress\/wp-content\/uploads\/2021\/12\/Kronabitter-Gedicht-des-Tages-48x48.jpg 48w\" sizes=\"(max-width: 477px) 100vw, 477px\" \/><\/a><figcaption class=\"wp-element-caption\">Titel: Nie wieder! Nie wieder!<br>Collage auf Leinwand<br>30&#215;30 cm<br>Entstehungsjahr 2020<\/figcaption><\/figure>\n\n\n\n<p><strong>Zum Bild:<\/strong><\/p>\n\n\n\n<p>Der Besuch in Mauthausen vor vielen Jahren, die Bilder und Erinnerungsst\u00fccke haben einen tiefen Schmerz, eine gro\u00dfe Traurigkeit hinterlassen. Unb\u00e4ndige Wut. Alle m\u00fcssen an diesen Ort der Erinnerung, diese Texte lesen, damit dies nie wieder passiert. Dachte ich. Denke ich immer noch. Iakovo Kambanelli versetzt mich wieder nach Mauthausen. Er beschreibt in seinem Buch den unertr\u00e4glichen Zynismus, die ungeheure Rohheit der Nazis. Und er schreibt von den Liedern der russischen Gefangenen.<br>Meine Collage stellt den Versuch dar, \u201eNie wieder\u201c zu manifestieren. Das Heraustreten aus dem Krieg, \u00dcberwinden des Stacheldrahtzaunes, des Leides und der Unmenschlichkeit. Die \u00dcberlebenden, die Nachkommen &#8211; wir sind es, die dieses \u201eNie wieder\u201c verteidigen, besch\u00fctzen m\u00fcssen, wir nehmen das \u201eNie wieder\u201c in unsere Mitte. Wir m\u00fcssen wachsam sein, das Menschsein an sich, freies Denken und selbstbestimmtes Leben verteidigen. Aus dem Stacheldrahtzaun wachsen Bl\u00e4ttergirlanden. Die bunten Schuhe stehen f\u00fcr die Gegenwart, f\u00fcr die Kraft und f\u00fcr den Mut, neuer Gewalt, L\u00fcgen, Hassreden und totalit\u00e4ren Regierungen entgegen zu treten.<\/p>\n\n\n\n<p>Erika Kronabitter, 2021<\/p>\n\n\n\n<div class=\"wp-block-media-text alignwide is-stacked-on-mobile\" style=\"grid-template-columns:30% auto\"><figure class=\"wp-block-media-text__media\"><img decoding=\"async\" loading=\"lazy\" width=\"292\" height=\"499\" src=\"data:image\/gif;base64,R0lGODlhAQABAAAAACH5BAEKAAEALAAAAAABAAEAAAICTAEAOw==\" data-src=\"https:\/\/www.poesiegalerie.at\/wordpress\/wp-content\/uploads\/2021\/12\/Cover-Kronabitter-aller-anfang.jpg\" alt=\"\" class=\"wp-image-9120 size-full lazyload\" data-sizes=\"auto\" data-srcset=\"https:\/\/www.poesiegalerie.at\/wordpress\/wp-content\/uploads\/2021\/12\/Cover-Kronabitter-aller-anfang.jpg 292w, https:\/\/www.poesiegalerie.at\/wordpress\/wp-content\/uploads\/2021\/12\/Cover-Kronabitter-aller-anfang-176x300.jpg 176w, https:\/\/www.poesiegalerie.at\/wordpress\/wp-content\/uploads\/2021\/12\/Cover-Kronabitter-aller-anfang-88x150.jpg 88w, https:\/\/www.poesiegalerie.at\/wordpress\/wp-content\/uploads\/2021\/12\/Cover-Kronabitter-aller-anfang-185x316.jpg 185w, https:\/\/www.poesiegalerie.at\/wordpress\/wp-content\/uploads\/2021\/12\/Cover-Kronabitter-aller-anfang-20x34.jpg 20w, https:\/\/www.poesiegalerie.at\/wordpress\/wp-content\/uploads\/2021\/12\/Cover-Kronabitter-aller-anfang-28x48.jpg 28w\" sizes=\"(max-width: 292px) 100vw, 292px\" \/><\/figure><div class=\"wp-block-media-text__content\">\n<p class=\"has-medium-font-size\">Zuletzt erschien von <a href=\"https:\/\/www.poesiegalerie.at\/wordpress\/autor%e2%80%91innen-alte-seite\/kronabitter-erika\/\" target=\"_blank\" rel=\"noreferrer noopener\">Erika Kronabitter<\/a>: <em><a href=\"https:\/\/www.dfw.at\/2\/kronanfang.htm\" target=\"_blank\" rel=\"noreferrer noopener\">aller anfang ist leicht<\/a>.<\/em> Mit Bildern von <a href=\"https:\/\/www.poesiegalerie.at\/wordpress\/autor%e2%80%91innen-alte-seite\/kilic-ilse\/\" target=\"_blank\" rel=\"noreferrer noopener\">Ilse Kilic<\/a> &amp; <a href=\"https:\/\/www.poesiegalerie.at\/wordpress\/autor%e2%80%91innen-alte-seite\/widhalm-fritz\/\" target=\"_blank\" rel=\"noreferrer noopener\">Fritz Widhalm.<\/a> wohnzimmers buntes lyrikheft 17. Das fr\u00f6hliche Wohnzimmer, Wien 2019. 24 Seiten. Euro 3,50<\/p>\n<\/div><\/div>\n","protected":false},"excerpt":{"rendered":"<p>Gedicht von heute:<br \/>\nErika Kronabitter<br \/>\n&#8222;Nie wieder! Nie wieder!&#8220;<\/p>\n","protected":false},"author":8,"featured_media":2132,"comment_status":"closed","ping_status":"closed","sticky":false,"template":"","format":"standard","meta":[],"categories":[105,280,154],"tags":[202],"thb-sponsors":[],"yoast_head":"<!-- This site is optimized with the Yoast SEO plugin v20.6 - https:\/\/yoast.com\/wordpress\/plugins\/seo\/ -->\n<title>Nie wieder! Nie wieder! - Poesiegalerie<\/title>\n<meta name=\"robots\" content=\"index, follow, max-snippet:-1, max-image-preview:large, max-video-preview:-1\" \/>\n<link rel=\"canonical\" href=\"https:\/\/www.poesiegalerie.at\/wordpress\/2021\/12\/30\/nie-wieder-nie-wieder\/\" \/>\n<meta property=\"og:locale\" content=\"de_DE\" \/>\n<meta property=\"og:type\" content=\"article\" \/>\n<meta property=\"og:title\" content=\"Nie wieder! Nie wieder! - Poesiegalerie\" \/>\n<meta property=\"og:description\" content=\"Gedicht von heute: Erika Kronabitter &quot;Nie wieder! Nie wieder!&quot;\" \/>\n<meta property=\"og:url\" content=\"https:\/\/www.poesiegalerie.at\/wordpress\/2021\/12\/30\/nie-wieder-nie-wieder\/\" \/>\n<meta property=\"og:site_name\" content=\"Poesiegalerie\" \/>\n<meta property=\"article:publisher\" content=\"https:\/\/facebook.com\/poesiegalerie\" \/>\n<meta property=\"article:published_time\" content=\"2021-12-29T23:25:29+00:00\" \/>\n<meta property=\"article:modified_time\" content=\"2025-09-24T20:46:26+00:00\" \/>\n<meta property=\"og:image\" content=\"https:\/\/www.poesiegalerie.at\/wordpress\/wp-content\/uploads\/2020\/07\/foto-kronabitter-by-petra-rainer-2016.jpg\" \/>\n\t<meta property=\"og:image:width\" content=\"739\" \/>\n\t<meta property=\"og:image:height\" content=\"1098\" \/>\n\t<meta property=\"og:image:type\" content=\"image\/jpeg\" \/>\n<meta name=\"author\" content=\"Bea Schmiedl\" \/>\n<meta name=\"twitter:card\" content=\"summary_large_image\" \/>\n<meta name=\"twitter:image\" content=\"https:\/\/www.poesiegalerie.at\/wordpress\/wp-content\/uploads\/2020\/07\/foto-kronabitter-by-petra-rainer-2016.jpg\" \/>\n<meta name=\"twitter:creator\" content=\"@poesiegalerie\" \/>\n<meta name=\"twitter:site\" content=\"@poesiegalerie\" \/>\n<meta name=\"twitter:label1\" content=\"Verfasst von\" \/>\n\t<meta name=\"twitter:data1\" content=\"Bea Schmiedl\" \/>\n\t<meta name=\"twitter:label2\" content=\"Gesch\u00e4tzte Lesezeit\" \/>\n\t<meta name=\"twitter:data2\" content=\"2 Minuten\" \/>\n<script type=\"application\/ld+json\" class=\"yoast-schema-graph\">{\"@context\":\"https:\/\/schema.org\",\"@graph\":[{\"@type\":\"Article\",\"@id\":\"https:\/\/www.poesiegalerie.at\/wordpress\/2021\/12\/30\/nie-wieder-nie-wieder\/#article\",\"isPartOf\":{\"@id\":\"https:\/\/www.poesiegalerie.at\/wordpress\/2021\/12\/30\/nie-wieder-nie-wieder\/\"},\"author\":{\"name\":\"Bea Schmiedl\",\"@id\":\"https:\/\/www.poesiegalerie.at\/wordpress\/#\/schema\/person\/6ef77016eb76dba27a6d0fbb161a1734\"},\"headline\":\"Nie wieder! Nie wieder!\",\"datePublished\":\"2021-12-29T23:25:29+00:00\",\"dateModified\":\"2025-09-24T20:46:26+00:00\",\"mainEntityOfPage\":{\"@id\":\"https:\/\/www.poesiegalerie.at\/wordpress\/2021\/12\/30\/nie-wieder-nie-wieder\/\"},\"wordCount\":221,\"publisher\":{\"@id\":\"https:\/\/www.poesiegalerie.at\/wordpress\/#organization\"},\"keywords\":[\"Erika Kronabitter\"],\"articleSection\":[\"AUSGESTELLT\",\"Gedicht von heute\",\"Transmediale Poesiegalerie\"],\"inLanguage\":\"de-DE\"},{\"@type\":\"WebPage\",\"@id\":\"https:\/\/www.poesiegalerie.at\/wordpress\/2021\/12\/30\/nie-wieder-nie-wieder\/\",\"url\":\"https:\/\/www.poesiegalerie.at\/wordpress\/2021\/12\/30\/nie-wieder-nie-wieder\/\",\"name\":\"Nie wieder! Nie wieder! - Poesiegalerie\",\"isPartOf\":{\"@id\":\"https:\/\/www.poesiegalerie.at\/wordpress\/#website\"},\"datePublished\":\"2021-12-29T23:25:29+00:00\",\"dateModified\":\"2025-09-24T20:46:26+00:00\",\"breadcrumb\":{\"@id\":\"https:\/\/www.poesiegalerie.at\/wordpress\/2021\/12\/30\/nie-wieder-nie-wieder\/#breadcrumb\"},\"inLanguage\":\"de-DE\",\"potentialAction\":[{\"@type\":\"ReadAction\",\"target\":[\"https:\/\/www.poesiegalerie.at\/wordpress\/2021\/12\/30\/nie-wieder-nie-wieder\/\"]}]},{\"@type\":\"BreadcrumbList\",\"@id\":\"https:\/\/www.poesiegalerie.at\/wordpress\/2021\/12\/30\/nie-wieder-nie-wieder\/#breadcrumb\",\"itemListElement\":[{\"@type\":\"ListItem\",\"position\":1,\"name\":\"Startseite\",\"item\":\"https:\/\/www.poesiegalerie.at\/wordpress\/\"},{\"@type\":\"ListItem\",\"position\":2,\"name\":\"Nie wieder! Nie wieder!\"}]},{\"@type\":\"WebSite\",\"@id\":\"https:\/\/www.poesiegalerie.at\/wordpress\/#website\",\"url\":\"https:\/\/www.poesiegalerie.at\/wordpress\/\",\"name\":\"Poesiegalerie\",\"description\":\"\",\"publisher\":{\"@id\":\"https:\/\/www.poesiegalerie.at\/wordpress\/#organization\"},\"potentialAction\":[{\"@type\":\"SearchAction\",\"target\":{\"@type\":\"EntryPoint\",\"urlTemplate\":\"https:\/\/www.poesiegalerie.at\/wordpress\/?s={search_term_string}\"},\"query-input\":\"required name=search_term_string\"}],\"inLanguage\":\"de-DE\"},{\"@type\":\"Organization\",\"@id\":\"https:\/\/www.poesiegalerie.at\/wordpress\/#organization\",\"name\":\"Poesiegalerie\",\"url\":\"https:\/\/www.poesiegalerie.at\/wordpress\/\",\"logo\":{\"@type\":\"ImageObject\",\"inLanguage\":\"de-DE\",\"@id\":\"https:\/\/www.poesiegalerie.at\/wordpress\/#\/schema\/logo\/image\/\",\"url\":\"https:\/\/www.poesiegalerie.at\/wordpress\/wp-content\/uploads\/2021\/01\/Logoquadrat-PG-1.png\",\"contentUrl\":\"https:\/\/www.poesiegalerie.at\/wordpress\/wp-content\/uploads\/2021\/01\/Logoquadrat-PG-1.png\",\"width\":512,\"height\":512,\"caption\":\"Poesiegalerie\"},\"image\":{\"@id\":\"https:\/\/www.poesiegalerie.at\/wordpress\/#\/schema\/logo\/image\/\"},\"sameAs\":[\"https:\/\/facebook.com\/poesiegalerie\",\"https:\/\/twitter.com\/poesiegalerie\",\"https:\/\/instagram.com\/poesiegalerie\",\"https:\/\/youtube.com\/channel\/UChHTsNTzMPzZpU8TfKP3dNQ\"]},{\"@type\":\"Person\",\"@id\":\"https:\/\/www.poesiegalerie.at\/wordpress\/#\/schema\/person\/6ef77016eb76dba27a6d0fbb161a1734\",\"name\":\"Bea Schmiedl\",\"image\":{\"@type\":\"ImageObject\",\"inLanguage\":\"de-DE\",\"@id\":\"https:\/\/www.poesiegalerie.at\/wordpress\/#\/schema\/person\/image\/\",\"url\":\"https:\/\/secure.gravatar.com\/avatar\/b34bd7b3e615fddcf8826bf5ce31c682?s=96&d=mm&r=g\",\"contentUrl\":\"https:\/\/secure.gravatar.com\/avatar\/b34bd7b3e615fddcf8826bf5ce31c682?s=96&d=mm&r=g\",\"caption\":\"Bea Schmiedl\"},\"url\":\"https:\/\/www.poesiegalerie.at\/wordpress\/author\/bea-schmiedl\/\"}]}<\/script>\n<!-- \/ Yoast SEO plugin. -->","yoast_head_json":{"title":"Nie wieder! Nie wieder! - Poesiegalerie","robots":{"index":"index","follow":"follow","max-snippet":"max-snippet:-1","max-image-preview":"max-image-preview:large","max-video-preview":"max-video-preview:-1"},"canonical":"https:\/\/www.poesiegalerie.at\/wordpress\/2021\/12\/30\/nie-wieder-nie-wieder\/","og_locale":"de_DE","og_type":"article","og_title":"Nie wieder! Nie wieder! - Poesiegalerie","og_description":"Gedicht von heute: Erika Kronabitter \"Nie wieder! Nie wieder!\"","og_url":"https:\/\/www.poesiegalerie.at\/wordpress\/2021\/12\/30\/nie-wieder-nie-wieder\/","og_site_name":"Poesiegalerie","article_publisher":"https:\/\/facebook.com\/poesiegalerie","article_published_time":"2021-12-29T23:25:29+00:00","article_modified_time":"2025-09-24T20:46:26+00:00","og_image":[{"width":739,"height":1098,"url":"https:\/\/www.poesiegalerie.at\/wordpress\/wp-content\/uploads\/2020\/07\/foto-kronabitter-by-petra-rainer-2016.jpg","type":"image\/jpeg"}],"author":"Bea Schmiedl","twitter_card":"summary_large_image","twitter_image":"https:\/\/www.poesiegalerie.at\/wordpress\/wp-content\/uploads\/2020\/07\/foto-kronabitter-by-petra-rainer-2016.jpg","twitter_creator":"@poesiegalerie","twitter_site":"@poesiegalerie","twitter_misc":{"Verfasst von":"Bea Schmiedl","Gesch\u00e4tzte Lesezeit":"2 Minuten"},"schema":{"@context":"https:\/\/schema.org","@graph":[{"@type":"Article","@id":"https:\/\/www.poesiegalerie.at\/wordpress\/2021\/12\/30\/nie-wieder-nie-wieder\/#article","isPartOf":{"@id":"https:\/\/www.poesiegalerie.at\/wordpress\/2021\/12\/30\/nie-wieder-nie-wieder\/"},"author":{"name":"Bea Schmiedl","@id":"https:\/\/www.poesiegalerie.at\/wordpress\/#\/schema\/person\/6ef77016eb76dba27a6d0fbb161a1734"},"headline":"Nie wieder! Nie wieder!","datePublished":"2021-12-29T23:25:29+00:00","dateModified":"2025-09-24T20:46:26+00:00","mainEntityOfPage":{"@id":"https:\/\/www.poesiegalerie.at\/wordpress\/2021\/12\/30\/nie-wieder-nie-wieder\/"},"wordCount":221,"publisher":{"@id":"https:\/\/www.poesiegalerie.at\/wordpress\/#organization"},"keywords":["Erika Kronabitter"],"articleSection":["AUSGESTELLT","Gedicht von heute","Transmediale Poesiegalerie"],"inLanguage":"de-DE"},{"@type":"WebPage","@id":"https:\/\/www.poesiegalerie.at\/wordpress\/2021\/12\/30\/nie-wieder-nie-wieder\/","url":"https:\/\/www.poesiegalerie.at\/wordpress\/2021\/12\/30\/nie-wieder-nie-wieder\/","name":"Nie wieder! Nie wieder! - Poesiegalerie","isPartOf":{"@id":"https:\/\/www.poesiegalerie.at\/wordpress\/#website"},"datePublished":"2021-12-29T23:25:29+00:00","dateModified":"2025-09-24T20:46:26+00:00","breadcrumb":{"@id":"https:\/\/www.poesiegalerie.at\/wordpress\/2021\/12\/30\/nie-wieder-nie-wieder\/#breadcrumb"},"inLanguage":"de-DE","potentialAction":[{"@type":"ReadAction","target":["https:\/\/www.poesiegalerie.at\/wordpress\/2021\/12\/30\/nie-wieder-nie-wieder\/"]}]},{"@type":"BreadcrumbList","@id":"https:\/\/www.poesiegalerie.at\/wordpress\/2021\/12\/30\/nie-wieder-nie-wieder\/#breadcrumb","itemListElement":[{"@type":"ListItem","position":1,"name":"Startseite","item":"https:\/\/www.poesiegalerie.at\/wordpress\/"},{"@type":"ListItem","position":2,"name":"Nie wieder! Nie wieder!"}]},{"@type":"WebSite","@id":"https:\/\/www.poesiegalerie.at\/wordpress\/#website","url":"https:\/\/www.poesiegalerie.at\/wordpress\/","name":"Poesiegalerie","description":"","publisher":{"@id":"https:\/\/www.poesiegalerie.at\/wordpress\/#organization"},"potentialAction":[{"@type":"SearchAction","target":{"@type":"EntryPoint","urlTemplate":"https:\/\/www.poesiegalerie.at\/wordpress\/?s={search_term_string}"},"query-input":"required name=search_term_string"}],"inLanguage":"de-DE"},{"@type":"Organization","@id":"https:\/\/www.poesiegalerie.at\/wordpress\/#organization","name":"Poesiegalerie","url":"https:\/\/www.poesiegalerie.at\/wordpress\/","logo":{"@type":"ImageObject","inLanguage":"de-DE","@id":"https:\/\/www.poesiegalerie.at\/wordpress\/#\/schema\/logo\/image\/","url":"https:\/\/www.poesiegalerie.at\/wordpress\/wp-content\/uploads\/2021\/01\/Logoquadrat-PG-1.png","contentUrl":"https:\/\/www.poesiegalerie.at\/wordpress\/wp-content\/uploads\/2021\/01\/Logoquadrat-PG-1.png","width":512,"height":512,"caption":"Poesiegalerie"},"image":{"@id":"https:\/\/www.poesiegalerie.at\/wordpress\/#\/schema\/logo\/image\/"},"sameAs":["https:\/\/facebook.com\/poesiegalerie","https:\/\/twitter.com\/poesiegalerie","https:\/\/instagram.com\/poesiegalerie","https:\/\/youtube.com\/channel\/UChHTsNTzMPzZpU8TfKP3dNQ"]},{"@type":"Person","@id":"https:\/\/www.poesiegalerie.at\/wordpress\/#\/schema\/person\/6ef77016eb76dba27a6d0fbb161a1734","name":"Bea Schmiedl","image":{"@type":"ImageObject","inLanguage":"de-DE","@id":"https:\/\/www.poesiegalerie.at\/wordpress\/#\/schema\/person\/image\/","url":"https:\/\/secure.gravatar.com\/avatar\/b34bd7b3e615fddcf8826bf5ce31c682?s=96&d=mm&r=g","contentUrl":"https:\/\/secure.gravatar.com\/avatar\/b34bd7b3e615fddcf8826bf5ce31c682?s=96&d=mm&r=g","caption":"Bea Schmiedl"},"url":"https:\/\/www.poesiegalerie.at\/wordpress\/author\/bea-schmiedl\/"}]}},"_links":{"self":[{"href":"https:\/\/www.poesiegalerie.at\/wordpress\/wp-json\/wp\/v2\/posts\/9118"}],"collection":[{"href":"https:\/\/www.poesiegalerie.at\/wordpress\/wp-json\/wp\/v2\/posts"}],"about":[{"href":"https:\/\/www.poesiegalerie.at\/wordpress\/wp-json\/wp\/v2\/types\/post"}],"author":[{"embeddable":true,"href":"https:\/\/www.poesiegalerie.at\/wordpress\/wp-json\/wp\/v2\/users\/8"}],"replies":[{"embeddable":true,"href":"https:\/\/www.poesiegalerie.at\/wordpress\/wp-json\/wp\/v2\/comments?post=9118"}],"version-history":[{"count":5,"href":"https:\/\/www.poesiegalerie.at\/wordpress\/wp-json\/wp\/v2\/posts\/9118\/revisions"}],"predecessor-version":[{"id":22657,"href":"https:\/\/www.poesiegalerie.at\/wordpress\/wp-json\/wp\/v2\/posts\/9118\/revisions\/22657"}],"wp:featuredmedia":[{"embeddable":true,"href":"https:\/\/www.poesiegalerie.at\/wordpress\/wp-json\/wp\/v2\/media\/2132"}],"wp:attachment":[{"href":"https:\/\/www.poesiegalerie.at\/wordpress\/wp-json\/wp\/v2\/media?parent=9118"}],"wp:term":[{"taxonomy":"category","embeddable":true,"href":"https:\/\/www.poesiegalerie.at\/wordpress\/wp-json\/wp\/v2\/categories?post=9118"},{"taxonomy":"post_tag","embeddable":true,"href":"https:\/\/www.poesiegalerie.at\/wordpress\/wp-json\/wp\/v2\/tags?post=9118"},{"taxonomy":"thb-sponsors","embeddable":true,"href":"https:\/\/www.poesiegalerie.at\/wordpress\/wp-json\/wp\/v2\/thb-sponsors?post=9118"}],"curies":[{"name":"wp","href":"https:\/\/api.w.org\/{rel}","templated":true}]}}